{"id":434,"date":"2015-07-30T08:13:15","date_gmt":"2015-07-30T06:13:15","guid":{"rendered":"https:\/\/bukkleader.hu\/old\/new\/?p=434"},"modified":"2015-09-23T08:15:45","modified_gmt":"2015-09-23T06:15:45","slug":"mvh-ellenorzesekkel-kapcsolatos-elnoki-level","status":"publish","type":"post","link":"https:\/\/bukkleader.hu\/old\/mvh-ellenorzesekkel-kapcsolatos-elnoki-level\/","title":{"rendered":"MVH ellen\u0151rz\u00e9sekkel kapcsolatos eln\u00f6ki lev\u00e9l"},"content":{"rendered":"<p style=\"text-align: justify;\">Az MVH \u00fcgyfelein\u00e9l folytatott EMVA beruh\u00e1z\u00e1sos <strong>helysz\u00edni vizsg\u00e1latok eredm\u00e9nyes \u00e9s z\u00f6kken\u0151mentes v\u00e9grehajt\u00e1sa az elk\u00f6vetkez\u0151 h\u00f3napokban m\u00e9g hangs\u00falyosabb lesz<\/strong>.<!--more-->\u00a0Az ellen\u0151rz\u00e9sekkel kapcsolatos t\u00e9vhitek eloszlat\u00e1sa \u00e9rdek\u00e9ben \u00e9s a m\u00e9g hat\u00e9konyabb t\u00e1j\u00e9koztat\u00e1s \u00e9rdek\u00e9ben <strong>egy r\u00f6vid \u00f6sszefoglal\u00f3 anyagot \u00e1ll\u00edtott \u00f6ssze az MVH illet\u00e9kes f\u0151oszt\u00e1lya<\/strong>. A lev\u00e9l egy r\u00f6vid kivonata mindazon inform\u00e1ci\u00f3knak amely megtal\u00e1lhat\u00f3k az MVH honlapj\u00e1n. A Dr. Gyuricza Csaba Eln\u00f6k \u00far \u00e1ltal jegyzett lev\u00e9l\u00a0<a href=\"https:\/\/bukkleader.hu\/old\/downloads\/mvh_elnoki_level.pdf\" target=\"_blank\">let\u00f6lthet\u0151 itt&gt;&gt;<\/a><\/p>\n<div class=\"sharedaddy sd-sharing-enabled\"><div class=\"robots-nocontent sd-block sd-social sd-social-icon sd-sharing\"><h3 class=\"sd-title\">Share this:<\/h3><div class=\"sd-content\"><ul><li class=\"share-facebook\"><a rel=\"nofollow noopener noreferrer\" data-shared=\"sharing-facebook-434\" class=\"share-facebook sd-button share-icon no-text\" href=\"https:\/\/bukkleader.hu\/old\/mvh-ellenorzesekkel-kapcsolatos-elnoki-level\/?share=facebook\" target=\"_blank\" title=\"Click to share on Facebook\"><span><\/span><span class=\"sharing-screen-reader-text\">Click to share on Facebook (Opens in new window)<\/span><\/a><\/li><li class=\"share-twitter\"><a rel=\"nofollow noopener noreferrer\" data-shared=\"sharing-twitter-434\" class=\"share-twitter sd-button share-icon no-text\" href=\"https:\/\/bukkleader.hu\/old\/mvh-ellenorzesekkel-kapcsolatos-elnoki-level\/?share=twitter\" target=\"_blank\" title=\"Click to share on Twitter\"><span><\/span><span class=\"sharing-screen-reader-text\">Click to share on Twitter (Opens in new window)<\/span><\/a><\/li><li class=\"share-print\"><a rel=\"nofollow noopener noreferrer\" data-shared=\"\" class=\"share-print sd-button share-icon no-text\" href=\"https:\/\/bukkleader.hu\/old\/mvh-ellenorzesekkel-kapcsolatos-elnoki-level\/\" target=\"_blank\" title=\"Click to print\"><span><\/span><span class=\"sharing-screen-reader-text\">Click to print (Opens in new window)<\/span><\/a><\/li><li class=\"share-email\"><a rel=\"nofollow noopener noreferrer\" data-shared=\"\" class=\"share-email sd-button share-icon no-text\" href=\"https:\/\/bukkleader.hu\/old\/mvh-ellenorzesekkel-kapcsolatos-elnoki-level\/?share=email\" target=\"_blank\" title=\"Click to email this to a friend\"><span><\/span><span class=\"sharing-screen-reader-text\">Click to email this to a friend (Opens in new window)<\/span><\/a><\/li><li class=\"share-end\"><\/li><\/ul><\/div><\/div><\/div>","protected":false},"excerpt":{"rendered":"<p>Az MVH \u00fcgyfelein\u00e9l folytatott EMVA beruh\u00e1z\u00e1sos helysz\u00edni vizsg\u00e1latok eredm\u00e9nyes \u00e9s z\u00f6kken\u0151mentes v\u00e9grehajt\u00e1sa az elk\u00f6vetkez\u0151 h\u00f3napokban m\u00e9g hangs\u00falyosabb lesz.<\/p>\n<div class=\"sharedaddy sd-sharing-enabled\"><div class=\"robots-nocontent sd-block sd-social sd-social-icon sd-sharing\"><h3 class=\"sd-title\">Share this:<\/h3><div class=\"sd-content\"><ul><li class=\"share-facebook\"><a rel=\"nofollow noopener noreferrer\" data-shared=\"sharing-facebook-434\" class=\"share-facebook sd-button share-icon no-text\" href=\"https:\/\/bukkleader.hu\/old\/mvh-ellenorzesekkel-kapcsolatos-elnoki-level\/?share=facebook\" target=\"_blank\" title=\"Click to share on Facebook\"><span><\/span><span class=\"sharing-screen-reader-text\">Click to share on Facebook (Opens in new window)<\/span><\/a><\/li><li class=\"share-twitter\"><a rel=\"nofollow noopener noreferrer\" data-shared=\"sharing-twitter-434\" class=\"share-twitter sd-button share-icon no-text\" href=\"https:\/\/bukkleader.hu\/old\/mvh-ellenorzesekkel-kapcsolatos-elnoki-level\/?share=twitter\" target=\"_blank\" title=\"Click to share on Twitter\"><span><\/span><span class=\"sharing-screen-reader-text\">Click to share on Twitter (Opens in new window)<\/span><\/a><\/li><li class=\"share-print\"><a rel=\"nofollow noopener noreferrer\" data-shared=\"\" class=\"share-print sd-button share-icon no-text\" href=\"https:\/\/bukkleader.hu\/old\/mvh-ellenorzesekkel-kapcsolatos-elnoki-level\/\" target=\"_blank\" title=\"Click to print\"><span><\/span><span class=\"sharing-screen-reader-text\">Click to print (Opens in new window)<\/span><\/a><\/li><li class=\"share-email\"><a rel=\"nofollow noopener noreferrer\" data-shared=\"\" class=\"share-email sd-button share-icon no-text\" href=\"https:\/\/bukkleader.hu\/old\/mvh-ellenorzesekkel-kapcsolatos-elnoki-level\/?share=email\" target=\"_blank\" title=\"Click to email this to a friend\"><span><\/span><span class=\"sharing-screen-reader-text\">Click to email this to a friend (Opens in new window)<\/span><\/a><\/li><li class=\"share-end\"><\/li><\/ul><\/div><\/div><\/div>","protected":false},"author":1,"featured_media":262,"comment_status":"open","ping_status":"closed","sticky":false,"template":"","format":"standard","meta":{"_bbp_topic_count":0,"_bbp_reply_count":0,"_bbp_total_topic_count":0,"_bbp_total_reply_count":0,"_bbp_voice_count":0,"_bbp_anonymous_reply_count":0,"_bbp_topic_count_hidden":0,"_bbp_reply_count_hidden":0,"_bbp_forum_subforum_count":0,"spay_email":"","jetpack_publicize_message":"","jetpack_is_tweetstorm":false,"jetpack_publicize_feature_enabled":true},"categories":[1],"tags":[],"jetpack_featured_media_url":"https:\/\/bukkleader.hu\/old\/wp-content\/uploads\/2015\/09\/mvh-logo-w.jpg","jetpack_publicize_connections":[],"jetpack_sharing_enabled":true,"jetpack-related-posts":[{"id":225,"url":"https:\/\/bukkleader.hu\/old\/mvh-ertesites\/","url_meta":{"origin":434,"position":0},"title":"MVH \u00e9rtes\u00edt\u00e9s &#8211; enged\u00e9lyek beny\u00fajt\u00e1si hat\u00e1rideje 2015.09.30.","date":"2015-09-22","format":false,"excerpt":"Tisztelt P\u00e1ly\u00e1z\u00f3! Felh\u00edvjuk sz\u00edves figyelm\u00e9t, hogy az EMVA-b\u00f3l t\u00e1rsfinansz\u00edrozott beruh\u00e1z\u00e1si jogc\u00edmek eset\u00e9n a j\u00f3v\u00e1hagyott, enged\u00e9lyk\u00f6teles tev\u00e9kenys\u00e9ghez kapcsol\u00f3d\u00f3 beruh\u00e1z\u00e1sokhoz sz\u00fcks\u00e9ges joger\u0151s enged\u00e9lyeket (haszn\u00e1latbav\u00e9teli enged\u00e9ly, m\u0171k\u00f6d\u00e9si enged\u00e9ly, egy\u00e9b, a jogszab\u00e1ly \u00e1ltal k\u00f6telez\u0151en beny\u00fajtand\u00f3 enged\u00e9ly) \u00e9s min\u0151s\u00edt\u00e9st igazol\u00f3 dokumentumokat (falusi sz\u00e1ll\u00e1shelyek 4 napraforg\u00f3s min\u0151s\u00edt\u00e9se, lovas szolg\u00e1ltat\u00f3k 3 patk\u00f3s min\u0151s\u00edt\u00e9se) 2015. szeptember 30-ig be\u2026","rel":"","context":"In &quot;H\u00edreink, k\u00f6zlem\u00e9nyeink&quot;","img":{"alt_text":"mhv-logo","src":"https:\/\/i2.wp.com\/bukkleader.hu\/old\/wp-content\/uploads\/2015\/09\/mvh-logo-w.jpg?resize=350%2C200&ssl=1","width":350,"height":200},"classes":[]},{"id":315,"url":"https:\/\/bukkleader.hu\/old\/indul-a-leader-iii-tamogatasi-idoszaka\/","url_meta":{"origin":434,"position":1},"title":"Indul a LEADER III. t\u00e1mogat\u00e1si id\u0151szaka","date":"2013-03-26","format":false,"excerpt":"A Vid\u00e9kfejleszt\u00e9si Miniszt\u00e9rium harmadszor is megnyitja a LEADER Program p\u00e1ly\u00e1zat\u00e1t. A p\u00e1ly\u00e1z\u00f3k a LEADER k\u00f6z\u00f6ss\u00e9gi vagy v\u00e1llalkoz\u00e1si c\u00e9l\u00fa helyi fejleszt\u00e9seikhez 2013. m\u00e1just\u00f3l a forr\u00e1s kimer\u00fcl\u00e9s\u00e9ig, de legk\u00e9s\u0151bb 2013. \u0151sz\u00e9igegyszer\u0171bb felt\u00e9telekkel ig\u00e9nyelhetnek t\u00e1mogat\u00e1st.A rendelkez\u00e9sre \u00e1ll\u00f3 forr\u00e1sok hat\u00e9kony felhaszn\u00e1l\u00e1sa \u00e9rdek\u00e9ben a t\u00e1rca egyszer\u0171s\u00edtette \u00e9s gyors\u00edtotta a p\u00e1ly\u00e1zati elj\u00e1r\u00e1st. Az egyszer\u0171s\u00edt\u00e9ssel megsz\u0171ntek a\u2026","rel":"","context":"In &quot;H\u00edreink, k\u00f6zlem\u00e9nyeink&quot;","img":{"alt_text":"bukk-leader-logo-w","src":"https:\/\/i2.wp.com\/bukkleader.hu\/old\/wp-content\/uploads\/2015\/09\/bukk-leader-logo-w.jpg?resize=350%2C200&ssl=1","width":350,"height":200},"classes":[]},{"id":263,"url":"https:\/\/bukkleader.hu\/old\/megjelentek-az-emva-iii-mvh-kozlemenyek\/","url_meta":{"origin":434,"position":2},"title":"Megjelentek az EMVA III. MVH k\u00f6zlem\u00e9nyek","date":"2012-10-30","format":false,"excerpt":"Megjelentek az EMVA III. Falumeg\u00faj\u00edt\u00e1s \u00e9s \u2013fejleszt\u00e9s jogc\u00edmre vonatkoz\u00f3 MVH k\u00f6zlem\u00e9nyekMegjelent a 156\/2012. (X. 05.) MVH k\u00f6zlem\u00e9ny az Eur\u00f3pai Mez\u0151gazdas\u00e1gi Vid\u00e9kfejleszt\u00e9si Alapb\u00f3l a falumeg\u00faj\u00edt\u00e1sra \u00e9s -fejleszt\u00e9sre LEADER Helyi Akci\u00f3csoportok k\u00f6zrem\u0171k\u00f6d\u00e9s\u00e9vel 2012-t\u0151l ig\u00e9nybe vehet\u0151 t\u00e1mogat\u00e1sok r\u00e9szletes felt\u00e9teleir\u0151l, valamint az azt m\u00f3dos\u00edt\u00f3 162\/2012. (X. 19.) sz\u00e1m\u00fa MVH K\u00f6zlem\u00e9ny. A k\u00f6zlem\u00e9nyek a r\u00e9szletes\u2026","rel":"","context":"In &quot;H\u00edreink, k\u00f6zlem\u00e9nyeink&quot;","img":{"alt_text":"mhv-logo","src":"https:\/\/i2.wp.com\/bukkleader.hu\/old\/wp-content\/uploads\/2015\/09\/mvh-logo-w.jpg?resize=350%2C200&ssl=1","width":350,"height":200},"classes":[]},{"id":202,"url":"https:\/\/bukkleader.hu\/old\/mvh-kozlemeny\/","url_meta":{"origin":434,"position":3},"title":"MVH k\u00f6zlem\u00e9ny","date":"2012-08-01","format":false,"excerpt":"Megjelent a LEADER p\u00e1ly\u00e1zatok elsz\u00e1mol\u00e1s\u00e1ra vonatkoz\u00f3 MVH k\u00f6zlem\u00e9nyMegjelent a 107\/2012. (VII. 20.) sz\u00e1m\u00fa MVH K\u00f6zlem\u00e9ny az Eur\u00f3pai Mez\u0151gazdas\u00e1gi Vid\u00e9kfejleszt\u00e9si Alapb\u00f3l a Helyi Vid\u00e9kfejleszt\u00e9si Strat\u00e9gi\u00e1k LEADER fejezet\u00e9nek v\u00e9grehajt\u00e1s\u00e1hoz ny\u00fajtand\u00f3 t\u00e1mogat\u00e1s kifizet\u00e9s\u00e9nek ig\u00e9nyl\u00e9s\u00e9r\u0151l.A k\u00f6zlem\u00e9ny \u00e9s mell\u00e9kleteinek let\u00f6lt\u00e9se >>\u00a0 A k\u00f6zlem\u00e9ny m\u00f3dos\u00edt\u00e1s\u00e1nak let\u00f6lt\u00e9se >>","rel":"","context":"In &quot;H\u00edreink, k\u00f6zlem\u00e9nyeink&quot;","img":{"alt_text":"","src":"","width":0,"height":0},"classes":[]},{"id":239,"url":"https:\/\/bukkleader.hu\/old\/megjelent-a-1422012-mvh-kozlemeny\/","url_meta":{"origin":434,"position":4},"title":"Megjelent a 142\/2012. MVH k\u00f6zlem\u00e9ny","date":"2012-09-19","format":false,"excerpt":"Kedvezm\u00e9nyezettek figyelm\u00e9be: Megjelent a 142\/2012. MVH k\u00f6zlem\u00e9nyMegjelent a 142\/2012. (IX. 05.) sz\u00e1m\u00fa MVH k\u00f6zlem\u00e9ny az egyes EMVA-b\u00f3l finansz\u00edrozott int\u00e9zked\u00e9sek vonatkoz\u00e1s\u00e1ban megjelent MVH k\u00f6zlem\u00e9nyek m\u00f3dos\u00edt\u00e1s\u00e1r\u00f3l. Let\u00f6lt\u00e9s >>","rel":"","context":"In &quot;H\u00edreink, k\u00f6zlem\u00e9nyeink&quot;","img":{"alt_text":"mhv-logo","src":"https:\/\/i2.wp.com\/bukkleader.hu\/old\/wp-content\/uploads\/2015\/09\/mvh-logo-w.jpg?resize=350%2C200&ssl=1","width":350,"height":200},"classes":[]},{"id":371,"url":"https:\/\/bukkleader.hu\/old\/kifizetesi-kerelem-benyujtasi-idoszak-2014-februar-01-2014-majus-31\/","url_meta":{"origin":434,"position":5},"title":"Kifizet\u00e9si k\u00e9relem beny\u00fajt\u00e1si id\u0151szak: 2014. febru\u00e1r 01. \u2013 2014. m\u00e1jus 31.","date":"2014-02-28","format":false,"excerpt":"A HACS illet\u00e9kess\u00e9gi k\u00f6r\u00e9be tartoz\u00f3, t\u00e1mogatott int\u00e9zked\u00e9sek vonatkoz\u00e1s\u00e1ban a 2014. febru\u00e1r 01. \u2013 2014. m\u00e1jus 31. id\u0151szakban beny\u00fajthat\u00f3k a megval\u00f3s\u00edtott vagy megval\u00f3s\u00edt\u00e1s alatt \u00e1ll\u00f3 projektek kifizet\u00e9si k\u00e9relmei, az al\u00e1bbi el\u0151\u00edr\u00e1sok alapj\u00e1n:A Helyi Vid\u00e9kfejleszt\u00e9si Strat\u00e9gi\u00e1k LEADER fejezet\u00e9nek v\u00e9grehajt\u00e1s\u00e1hoz ny\u00fajtand\u00f3 t\u00e1mogat\u00e1s: 13\/2014. (I.22.) sz\u00e1m\u00fa MVH K\u00f6zlem\u00e9ny >>A turisztikai tev\u00e9kenys\u00e9gek \u00f6szt\u00f6nz\u00e9s\u00e9hez ny\u00fajtand\u00f3 t\u00e1mogat\u00e1s:\u2026","rel":"","context":"In &quot;H\u00edreink, k\u00f6zlem\u00e9nyeink&quot;","img":{"alt_text":"felki\u00e1llt\u00f3 jel","src":"https:\/\/i0.wp.com\/bukkleader.hu\/old\/wp-content\/uploads\/2012\/06\/felkialto-jel384w.jpg?resize=350%2C200&ssl=1","width":350,"height":200},"classes":[]}],"_links":{"self":[{"href":"https:\/\/bukkleader.hu\/old\/wp-json\/wp\/v2\/posts\/434"}],"collection":[{"href":"https:\/\/bukkleader.hu\/old\/wp-json\/wp\/v2\/posts"}],"about":[{"href":"https:\/\/bukkleader.hu\/old\/wp-json\/wp\/v2\/types\/post"}],"author":[{"embeddable":true,"href":"https:\/\/bukkleader.hu\/old\/wp-json\/wp\/v2\/users\/1"}],"replies":[{"embeddable":true,"href":"https:\/\/bukkleader.hu\/old\/wp-json\/wp\/v2\/comments?post=434"}],"version-history":[{"count":1,"href":"https:\/\/bukkleader.hu\/old\/wp-json\/wp\/v2\/posts\/434\/revisions"}],"predecessor-version":[{"id":435,"href":"https:\/\/bukkleader.hu\/old\/wp-json\/wp\/v2\/posts\/434\/revisions\/435"}],"wp:featuredmedia":[{"embeddable":true,"href":"https:\/\/bukkleader.hu\/old\/wp-json\/wp\/v2\/media\/262"}],"wp:attachment":[{"href":"https:\/\/bukkleader.hu\/old\/wp-json\/wp\/v2\/media?parent=434"}],"wp:term":[{"taxonomy":"category","embeddable":true,"href":"https:\/\/bukkleader.hu\/old\/wp-json\/wp\/v2\/categories?post=434"},{"taxonomy":"post_tag","embeddable":true,"href":"https:\/\/bukkleader.hu\/old\/wp-json\/wp\/v2\/tags?post=434"}],"curies":[{"name":"wp","href":"https:\/\/api.w.org\/{rel}","templated":true}]}}