{"id":432,"date":"2015-06-05T08:08:55","date_gmt":"2015-06-05T06:08:55","guid":{"rendered":"https:\/\/bukkleader.hu\/old\/new\/?p=432"},"modified":"2015-09-23T08:12:39","modified_gmt":"2015-09-23T06:12:39","slug":"meghivo-a-bukk-tersegi-leader-egyesulet-kozgyulesere","status":"publish","type":"post","link":"https:\/\/bukkleader.hu\/old\/meghivo-a-bukk-tersegi-leader-egyesulet-kozgyulesere\/","title":{"rendered":"Megh\u00edv\u00f3 a B\u00fckk-T\u00e9rs\u00e9gi LEADER Egyes\u00fclet k\u00f6zgy\u0171l\u00e9s\u00e9re"},"content":{"rendered":"<p class=\"style6\"><strong>FIGYELEM! T\u00e1j\u00e9koztatjuk a LEADER HACS Tagokat, hogy a 2015. j\u00fanius 18-ra \u00f6sszeh\u00edvott k\u00f6zgy\u0171l\u00e9s ELMARAD, a k\u00f6zgy\u0171l\u00e9s \u00faj id\u0151pontra, 2015. j\u00fanius 29-re ker\u00fcl \u00f6sszeh\u00edv\u00e1sra.<\/strong><!--more--><\/p>\n<p class=\"style6\"><strong> A v\u00e1ltoztat\u00e1sr\u00f3l a Tags\u00e1got e-mailben \u00e9rtes\u00edtett\u00fck. A 2015. j\u00fanius 29-i k\u00f6zgy\u0171l\u00e9s <a class=\"style14\" href=\"https:\/\/bukkleader.hu\/old\/downloads\/kozgyules_meghivo_06_29.pdf\" target=\"_blank\">megh\u00edv\u00f3j\u00e1nak let\u00f6lt\u00e9se &gt;&gt;<\/a><\/strong><\/p>\n<p class=\"style6\"><a class=\"style212\" href=\"https:\/\/bukkleader.hu\/old\/downloads\/btle_koltsegvetes_2015.pdf\" target=\"_blank\">Az Egyes\u00fclet 2015.01. &#8211; 2015.10. havi id\u0151szakra vonatkoz\u00f3 k\u00f6lts\u00e9gvet\u00e9si terv\u00e9nek let\u00f6lt\u00e9se &gt;&gt;<\/a><\/p>\n<p class=\"style6\">A B\u00fckk-T\u00e9rs\u00e9gi LEADER Egyes\u00fclet \u00e9rtes\u00edti a tags\u00e1got, hogy az egyes\u00fclet <strong>2015. j\u00fanius 18-\u00e1n k\u00f6zgy\u0171l\u00e9st tart<\/strong>. A k\u00f6zgy\u0171l\u00e9s helysz\u00edne: <strong>B\u00fckkaranyos, Cs\u00e1sz\u00e1r P\u00e9ter M\u0171vel\u0151d\u00e9si H\u00e1z<\/strong>. K\u00e9rj\u00fck, hogy a k\u00f6zgy\u0171l\u00e9sen r\u00e9sztvenni k\u00edv\u00e1n\u00f3 tagjaink a r\u00e9szv\u00e9teli sz\u00e1nd\u00e9kukat a <a href=\"mailto:hacs@bukkleader.hu\">hacs@bukkleader.hu<\/a> e-mail c\u00edmen jelezni sz\u00edveskedjenek. A k\u00f6zgy\u0171l\u00e9si\u00a0<a href=\"https:\/\/bukkleader.hu\/old\/downloads\/kozgyules_meghivo_06_29.pdf\" target=\"_blank\">megh\u00edv\u00f3 let\u00f6lt\u00e9se &gt;&gt;<\/a><\/p>\n<div class=\"sharedaddy sd-sharing-enabled\"><div class=\"robots-nocontent sd-block sd-social sd-social-icon sd-sharing\"><h3 class=\"sd-title\">Share this:<\/h3><div class=\"sd-content\"><ul><li class=\"share-facebook\"><a rel=\"nofollow noopener noreferrer\" data-shared=\"sharing-facebook-432\" class=\"share-facebook sd-button share-icon no-text\" href=\"https:\/\/bukkleader.hu\/old\/meghivo-a-bukk-tersegi-leader-egyesulet-kozgyulesere\/?share=facebook\" target=\"_blank\" title=\"Click to share on Facebook\"><span><\/span><span class=\"sharing-screen-reader-text\">Click to share on Facebook (Opens in new window)<\/span><\/a><\/li><li class=\"share-twitter\"><a rel=\"nofollow noopener noreferrer\" data-shared=\"sharing-twitter-432\" class=\"share-twitter sd-button share-icon no-text\" href=\"https:\/\/bukkleader.hu\/old\/meghivo-a-bukk-tersegi-leader-egyesulet-kozgyulesere\/?share=twitter\" target=\"_blank\" title=\"Click to share on Twitter\"><span><\/span><span class=\"sharing-screen-reader-text\">Click to share on Twitter (Opens in new window)<\/span><\/a><\/li><li class=\"share-print\"><a rel=\"nofollow noopener noreferrer\" data-shared=\"\" class=\"share-print sd-button share-icon no-text\" href=\"https:\/\/bukkleader.hu\/old\/meghivo-a-bukk-tersegi-leader-egyesulet-kozgyulesere\/\" target=\"_blank\" title=\"Click to print\"><span><\/span><span class=\"sharing-screen-reader-text\">Click to print (Opens in new window)<\/span><\/a><\/li><li class=\"share-email\"><a rel=\"nofollow noopener noreferrer\" data-shared=\"\" class=\"share-email sd-button share-icon no-text\" href=\"https:\/\/bukkleader.hu\/old\/meghivo-a-bukk-tersegi-leader-egyesulet-kozgyulesere\/?share=email\" target=\"_blank\" title=\"Click to email this to a friend\"><span><\/span><span class=\"sharing-screen-reader-text\">Click to email this to a friend (Opens in new window)<\/span><\/a><\/li><li class=\"share-end\"><\/li><\/ul><\/div><\/div><\/div>","protected":false},"excerpt":{"rendered":"<p>FIGYELEM! T\u00e1j\u00e9koztatjuk a LEADER HACS Tagokat, hogy a 2015. j\u00fanius 18-ra \u00f6sszeh\u00edvott k\u00f6zgy\u0171l\u00e9s ELMARAD, a k\u00f6zgy\u0171l\u00e9s \u00faj id\u0151pontra, 2015. j\u00fanius 29-re ker\u00fcl \u00f6sszeh\u00edv\u00e1sra.<\/p>\n<div class=\"sharedaddy sd-sharing-enabled\"><div class=\"robots-nocontent sd-block sd-social sd-social-icon sd-sharing\"><h3 class=\"sd-title\">Share this:<\/h3><div class=\"sd-content\"><ul><li class=\"share-facebook\"><a rel=\"nofollow noopener noreferrer\" data-shared=\"sharing-facebook-432\" class=\"share-facebook sd-button share-icon no-text\" href=\"https:\/\/bukkleader.hu\/old\/meghivo-a-bukk-tersegi-leader-egyesulet-kozgyulesere\/?share=facebook\" target=\"_blank\" title=\"Click to share on Facebook\"><span><\/span><span class=\"sharing-screen-reader-text\">Click to share on Facebook (Opens in new window)<\/span><\/a><\/li><li class=\"share-twitter\"><a rel=\"nofollow noopener noreferrer\" data-shared=\"sharing-twitter-432\" class=\"share-twitter sd-button share-icon no-text\" href=\"https:\/\/bukkleader.hu\/old\/meghivo-a-bukk-tersegi-leader-egyesulet-kozgyulesere\/?share=twitter\" target=\"_blank\" title=\"Click to share on Twitter\"><span><\/span><span class=\"sharing-screen-reader-text\">Click to share on Twitter (Opens in new window)<\/span><\/a><\/li><li class=\"share-print\"><a rel=\"nofollow noopener noreferrer\" data-shared=\"\" class=\"share-print sd-button share-icon no-text\" href=\"https:\/\/bukkleader.hu\/old\/meghivo-a-bukk-tersegi-leader-egyesulet-kozgyulesere\/\" target=\"_blank\" title=\"Click to print\"><span><\/span><span class=\"sharing-screen-reader-text\">Click to print (Opens in new window)<\/span><\/a><\/li><li class=\"share-email\"><a rel=\"nofollow noopener noreferrer\" data-shared=\"\" class=\"share-email sd-button share-icon no-text\" href=\"https:\/\/bukkleader.hu\/old\/meghivo-a-bukk-tersegi-leader-egyesulet-kozgyulesere\/?share=email\" target=\"_blank\" title=\"Click to email this to a friend\"><span><\/span><span class=\"sharing-screen-reader-text\">Click to email this to a friend (Opens in new window)<\/span><\/a><\/li><li class=\"share-end\"><\/li><\/ul><\/div><\/div><\/div>","protected":false},"author":1,"featured_media":229,"comment_status":"open","ping_status":"closed","sticky":false,"template":"","format":"standard","meta":{"_bbp_topic_count":0,"_bbp_reply_count":0,"_bbp_total_topic_count":0,"_bbp_total_reply_count":0,"_bbp_voice_count":0,"_bbp_anonymous_reply_count":0,"_bbp_topic_count_hidden":0,"_bbp_reply_count_hidden":0,"_bbp_forum_subforum_count":0,"spay_email":"","jetpack_publicize_message":"","jetpack_is_tweetstorm":false,"jetpack_publicize_feature_enabled":true},"categories":[1],"tags":[],"jetpack_featured_media_url":"https:\/\/bukkleader.hu\/old\/wp-content\/uploads\/2012\/06\/felkialto-jel384w.jpg","jetpack_publicize_connections":[],"jetpack_sharing_enabled":true,"jetpack-related-posts":[{"id":369,"url":"https:\/\/bukkleader.hu\/old\/kozgyulest-tart-a-bukk-tersegi-leader-egyesulet\/","url_meta":{"origin":432,"position":0},"title":"K\u00f6zgy\u0171l\u00e9st tart a B\u00fckk-T\u00e9rs\u00e9gi LEADER Egyes\u00fclet","date":"2014-01-31","format":false,"excerpt":"T\u00e1j\u00e9koztatjuk a tisztelt HACS tagokat, hogy a B\u00fckk-T\u00e9rs\u00e9gi LEADER Egyes\u00fclet a soron k\u00f6vetkez\u0151 k\u00f6zgy\u0171l\u00e9s\u00e9t 2014. janu\u00e1r 31-\u00e9n, 14:00 \u00f3rai kezdettel Ny\u00e9kl\u00e1dh\u00e1z\u00e1n, a Furmann Imre M\u0171vel\u0151d\u00e9si H\u00e1zban (Kossuth u. 56.) tartja meg.\u00a0A k\u00f6zgy\u0171l\u00e9s tervezett napirendje:1. Besz\u00e1mol\u00f3 a 2013\/2. f\u00e9l\u00e9vi LEADER t\u00e1mogat\u00e1si id\u0151szak eredm\u00e9nyeir\u0151l. (20 perc)2. Az Egyes\u00fclet Alapszab\u00e1ly\u00e1nak m\u00f3dos\u00edt\u00e1sa az \u00faj\u2026","rel":"","context":"In &quot;H\u00edreink, k\u00f6zlem\u00e9nyeink&quot;","img":{"alt_text":"bukk-leader-logo-w","src":"https:\/\/i2.wp.com\/bukkleader.hu\/old\/wp-content\/uploads\/2015\/09\/bukk-leader-logo-w.jpg?resize=350%2C200&ssl=1","width":350,"height":200},"classes":[]},{"id":430,"url":"https:\/\/bukkleader.hu\/old\/letolthetok-a-2015-majus-29-i-kozgyulesunkon-elhangzott-eloadasok-prezentacioi\/","url_meta":{"origin":432,"position":1},"title":"Let\u00f6lthet\u0151k a 2015. m\u00e1jus 29-i k\u00f6zgy\u0171l\u00e9s\u00fcnk\u00f6n elhangzott el\u0151ad\u00e1sok prezent\u00e1ci\u00f3i","date":"2015-06-01","format":false,"excerpt":"Tagjaink k\u00e9r\u00e9s\u00e9re az al\u00e1bbiakban k\u00f6zz\u00e9tessz\u00fck a B\u00fckk-T\u00e9rs\u00e9gi LEADER Egyes\u00fclet\u00fcnk 2015. m\u00e1jus 29-i k\u00f6zgy\u0171l\u00e9s\u00e9n elhangzott el\u0151ad\u00e1sok prezent\u00e1ci\u00f3it:1. napirendi pont: \"Besz\u00e1mol\u00f3 a k\u00f6z\u00f6ss\u00e9g 2014-ben v\u00e9gzett vid\u00e9kfejleszt\u00e9si munk\u00e1j\u00e1r\u00f3l\" - el\u0151ad\u00f3: Dr. Nagy J\u00f3zsef eln\u00f6k. A prezent\u00e1ci\u00f3 let\u00f6lt\u00e9se >>3. napirendi pont: \"A LEADER k\u00f6z\u00f6ss\u00e9g\u00fcnk 2015. \u00e9vi tervez\u00e9s\u00e9nek lehet\u0151s\u00e9gei\" - el\u0151ad\u00f3: Dr. Nagy J\u00f3zsef eln\u00f6k.\u2026","rel":"","context":"In &quot;H\u00edreink, k\u00f6zlem\u00e9nyeink&quot;","img":{"alt_text":"bukk-leader-logo-w","src":"https:\/\/i2.wp.com\/bukkleader.hu\/old\/wp-content\/uploads\/2015\/09\/bukk-leader-logo-w.jpg?resize=350%2C200&ssl=1","width":350,"height":200},"classes":[]},{"id":5945,"url":"https:\/\/bukkleader.hu\/old\/meghivo-kozgyulesre-bocs-2021-06-10\/","url_meta":{"origin":432,"position":2},"title":"Megh\u00edv\u00f3 K\u00f6zgy\u0171l\u00e9sre \u2013 B\u0151cs, 2021.06.10.","date":"2021-06-02","format":false,"excerpt":"A B\u00fckk-T\u00e9rs\u00e9gi LEADER Egyes\u00fclet tisztelettel megh\u00edvja tagjait 2021. j\u00fanius 10-\u00e9n B\u0151cs\u00f6n 15 \u00f3rakor kezd\u0151d\u0151 k\u00f6zgy\u0171l\u00e9s\u00e9re, a mell\u00e9kelt megh\u00edv\u00f3 szerint (a megh\u00edv\u00f3 PDF-ben let\u00f6lthet\u0151 itt):","rel":"","context":"In &quot;H\u00edreink, k\u00f6zlem\u00e9nyeink&quot;","img":{"alt_text":"bukk-leader-logo-w","src":"https:\/\/i2.wp.com\/bukkleader.hu\/old\/wp-content\/uploads\/2015\/09\/bukk-leader-logo-w.jpg?resize=350%2C200&ssl=1","width":350,"height":200},"classes":[]},{"id":299,"url":"https:\/\/bukkleader.hu\/old\/letolthetok-a-hacs-2013-januar-24-i-kozgyulesen-elhangzott-eloadasok-bemutatoi\/","url_meta":{"origin":432,"position":3},"title":"Let\u00f6lthet\u0151k a HACS 2013. janu\u00e1r 24-i k\u00f6zgy\u0171l\u00e9s\u00e9n elhangzott el\u0151ad\u00e1sok bemutat\u00f3i","date":"2013-01-30","format":false,"excerpt":"Az al\u00e1bbiakban linkeken let\u00f6lthet\u0151k a B\u00fckk-T\u00e9rs\u00e9gi LEADER Egyes\u00fclet 2013. janu\u00e1r 24-i k\u00f6zgy\u0171l\u00e9s\u00e9n\u00a0(megh\u00edv\u00f3, napirendi pontok >>) elhangzott el\u0151ad\u00e1sok bemutat\u00f3i:A B\u00fckk-T\u00e9rs\u00e9gi LEADER Egyes\u00fclet 2012. \u00e1prilis 26. \u2013 2012. december 31. k\u00f6z\u00f6tt el\u00e9rt eredm\u00e9nyei (T\u00f3th J. S\u00e1ndor szakmai aleln\u00f6k) -Let\u00f6lt\u00e9s >>T\u00e1j\u00e9koztat\u00f3 az EMVA III-IV. p\u00e1ly\u00e1zatok megval\u00f3s\u00edt\u00e1s\u00e1ra vonatkoz\u00f3 el\u0151\u00edr\u00e1sokr\u00f3l (Hajdu Istv\u00e1n munkaszervezet vezet\u0151) -\u2026","rel":"","context":"In &quot;H\u00edreink, k\u00f6zlem\u00e9nyeink&quot;","img":{"alt_text":"bukk-leader-logo-w","src":"https:\/\/i2.wp.com\/bukkleader.hu\/old\/wp-content\/uploads\/2015\/09\/bukk-leader-logo-w.jpg?resize=350%2C200&ssl=1","width":350,"height":200},"classes":[]},{"id":420,"url":"https:\/\/bukkleader.hu\/old\/letolthetok-a-2015-januar-30-i-kozgyulesunkon-tartott-eloadasok-prezentacioi\/","url_meta":{"origin":432,"position":4},"title":"Let\u00f6lthet\u0151k a 2015. janu\u00e1r 30-i k\u00f6zgy\u0171l\u00e9s\u00fcnk\u00f6n tartott el\u0151ad\u00e1sok prezent\u00e1ci\u00f3i","date":"2015-02-15","format":false,"excerpt":"Az al\u00e1bbiakban let\u00f6lthet\u0151k a B\u00fckk-T\u00e9rs\u00e9gi LEADER Egyes\u00fclet 2015. janu\u00e1r 30-i, Tibolddar\u00f3con megtartott (megism\u00e9telt) k\u00f6zgy\u0171l\u00e9s\u00e9n elhangzott el\u0151ad\u00e1sok prezent\u00e1ci\u00f3i, a k\u00f6zgy\u0171l\u00e9si napirendi pontok szerint:Besz\u00e1mol\u00f3 a 2014\/2. f\u00e9l\u00e9v eredm\u00e9nyeir\u0151l. Dr. Nagy J\u00f3zsef el\u0151ad\u00e1s\u00e1nak let\u00f6lt\u00e9se >>P\u00e1ly\u00e1zati \u00e9s egy\u00fcttm\u0171k\u00f6d\u00e9si lehet\u0151s\u00e9gek a 2014-2020 t\u00e1mogat\u00e1si id\u0151szakban.T\u00e1j\u00e9koztat\u00f3 a LEADER program folytat\u00e1s\u00e1r\u00f3l a 2014.12.10-i, budapesti Fejleszt\u00e9spolitikai F\u00f3rumon elhangzottak alapj\u00e1n.\u2026","rel":"","context":"In &quot;H\u00edreink, k\u00f6zlem\u00e9nyeink&quot;","img":{"alt_text":"bukk-leader-logo-w","src":"https:\/\/i2.wp.com\/bukkleader.hu\/old\/wp-content\/uploads\/2015\/09\/bukk-leader-logo-w.jpg?resize=350%2C200&ssl=1","width":350,"height":200},"classes":[]},{"id":108,"url":"https:\/\/bukkleader.hu\/old\/2013-aprilis-01-2013-junius-30-idoszak\/","url_meta":{"origin":432,"position":5},"title":"2013. \u00e1prilis 01. &#8211; 2013. j\u00fanius 30. id\u0151szak","date":"2013-07-01","format":false,"excerpt":"A B\u00fckk-T\u00e9rs\u00e9gi LEADER Egyes\u00fclet munkaszervezet\u00e9nek legfontosabb feladatai a 2013.03.01. \u2013 06.30. id\u0151szakban a HACS-hoz be\u00e9rkezett EMVA III. falumeg\u00faj\u00edt\u00e1s \u00e9s \u2013fejleszt\u00e9s p\u00e1ly\u00e1zatok rangsor\u00e1nak kialak\u00edt\u00e1sa \u00e9s t\u00e1mogat\u00e1si hat\u00e1rozataik ki\u00e1ll\u00edt\u00e1sa, a LEADER III. t\u00e1mogat\u00e1si id\u0151szak\u00e1nak el\u0151k\u00e9sz\u00edt\u00e9se, a HVS fel\u00fclvizsg\u00e1lata \u00e9s a LEADER el\u0151p\u00e1ly\u00e1zatok befogad\u00e1sa, a p\u00e1ly\u00e1zatok \u00fcgyint\u00e9z\u00e9s\u00e9nek megkezd\u00e9se voltak.Az EMVA III. falumeg\u00faj\u00edt\u00e1s \u00e9s\u2026","rel":"","context":"In &quot;Munkabesz\u00e1mol\u00f3k&quot;","img":{"alt_text":"","src":"","width":0,"height":0},"classes":[]}],"_links":{"self":[{"href":"https:\/\/bukkleader.hu\/old\/wp-json\/wp\/v2\/posts\/432"}],"collection":[{"href":"https:\/\/bukkleader.hu\/old\/wp-json\/wp\/v2\/posts"}],"about":[{"href":"https:\/\/bukkleader.hu\/old\/wp-json\/wp\/v2\/types\/post"}],"author":[{"embeddable":true,"href":"https:\/\/bukkleader.hu\/old\/wp-json\/wp\/v2\/users\/1"}],"replies":[{"embeddable":true,"href":"https:\/\/bukkleader.hu\/old\/wp-json\/wp\/v2\/comments?post=432"}],"version-history":[{"count":1,"href":"https:\/\/bukkleader.hu\/old\/wp-json\/wp\/v2\/posts\/432\/revisions"}],"predecessor-version":[{"id":433,"href":"https:\/\/bukkleader.hu\/old\/wp-json\/wp\/v2\/posts\/432\/revisions\/433"}],"wp:featuredmedia":[{"embeddable":true,"href":"https:\/\/bukkleader.hu\/old\/wp-json\/wp\/v2\/media\/229"}],"wp:attachment":[{"href":"https:\/\/bukkleader.hu\/old\/wp-json\/wp\/v2\/media?parent=432"}],"wp:term":[{"taxonomy":"category","embeddable":true,"href":"https:\/\/bukkleader.hu\/old\/wp-json\/wp\/v2\/categories?post=432"},{"taxonomy":"post_tag","embeddable":true,"href":"https:\/\/bukkleader.hu\/old\/wp-json\/wp\/v2\/tags?post=432"}],"curies":[{"name":"wp","href":"https:\/\/api.w.org\/{rel}","templated":true}]}}