{"id":428,"date":"2015-05-22T08:01:57","date_gmt":"2015-05-22T06:01:57","guid":{"rendered":"https:\/\/bukkleader.hu\/old\/new\/?p=428"},"modified":"2015-09-23T08:04:36","modified_gmt":"2015-09-23T06:04:36","slug":"letoltheto-a-bukk-tersegi-leader-egyesulet-2014-evi-eves-gazdalkodasi-beszamoloja","status":"publish","type":"post","link":"https:\/\/bukkleader.hu\/old\/letoltheto-a-bukk-tersegi-leader-egyesulet-2014-evi-eves-gazdalkodasi-beszamoloja\/","title":{"rendered":"Let\u00f6lthet\u0151 a B\u00fckk-T\u00e9rs\u00e9gi LEADER Egyes\u00fclet 2014. \u00e9vi \u00e9ves gazd\u00e1lkod\u00e1si besz\u00e1mol\u00f3ja"},"content":{"rendered":"<p style=\"text-align: justify;\">Tags\u00e1gunk r\u00e9sz\u00e9re az al\u00e1bbiakban k\u00f6zz\u00e9tessz\u00fck a B\u00fckk-T\u00e9rs\u00e9gi LEADER Egyes\u00fclet 2014. \u00e9vi egyszer\u0171s\u00edtett \u00e9ves gazd\u00e1lkod\u00e1si besz\u00e1mol\u00f3j\u00e1t. <!--more-->\u00a0Az egyszer\u0171s\u00edtett \u00e9ves besz\u00e1mol\u00f3 a 2014. december 31-i fordul\u00f3napra elk\u00e9sz\u00edtett m\u00e9rlegb\u0151l &#8211; melyben az eszk\u00f6z\u00f6k \u00e9s forr\u00e1sok egyez\u0151 v\u00e9g\u00f6sszege <strong>67.365 eFt<\/strong>, a m\u00e9rleg szerinti eredm\u00e9nye <strong>50 eFt (nyeres\u00e9g)<\/strong> &#8211; melyb\u0151l az alaptev\u00e9kenys\u00e9g eredm\u00e9nye <strong>&#8211; 668 eFt<\/strong> (vesztes\u00e9g), a v\u00e1llalkoz\u00e1si tev\u00e9kenys\u00e9g eredm\u00e9nye <strong>718 eFt (nyeres\u00e9g)<\/strong>-, \u00e9s az ezen id\u0151pontra vonatkoz\u00f3 eredm\u00e9nykimutat\u00e1sb\u00f3l, valamint a sz\u00e1mviteli politika meghat\u00e1roz\u00f3 elemeit \u00e9s az egy\u00e9b magyar\u00e1z\u00f3 inform\u00e1ci\u00f3kat tartalmaz\u00f3 kieg\u00e9sz\u00edt\u0151 mell\u00e9kletb\u0151l \u00e1ll. Tov\u00e1bb\u00e1 a besz\u00e1mol\u00f3hoz csatol\u00e1sra ker\u00fclt a f\u00fcggetlen k\u00f6nyvvizsg\u00e1l\u00f3i jelent\u00e9s.\u00a0<a href=\"https:\/\/bukkleader.hu\/old\/downloads\/2014_beszamolo.zip\" target=\"_blank\">A 2014. \u00e9vi egyszer\u0171s\u00edtett \u00e9ves besz\u00e1mol\u00f3 \u00e9s a k\u00f6nyvvizsg\u00e1l\u00f3i jelent\u00e9s let\u00f6lt\u00e9se &gt;&gt;<\/a><\/p>\n<div class=\"sharedaddy sd-sharing-enabled\"><div class=\"robots-nocontent sd-block sd-social sd-social-icon sd-sharing\"><h3 class=\"sd-title\">Share this:<\/h3><div class=\"sd-content\"><ul><li class=\"share-facebook\"><a rel=\"nofollow noopener noreferrer\" data-shared=\"sharing-facebook-428\" class=\"share-facebook sd-button share-icon no-text\" href=\"https:\/\/bukkleader.hu\/old\/letoltheto-a-bukk-tersegi-leader-egyesulet-2014-evi-eves-gazdalkodasi-beszamoloja\/?share=facebook\" target=\"_blank\" title=\"Click to share on Facebook\"><span><\/span><span class=\"sharing-screen-reader-text\">Click to share on Facebook (Opens in new window)<\/span><\/a><\/li><li class=\"share-twitter\"><a rel=\"nofollow noopener noreferrer\" data-shared=\"sharing-twitter-428\" class=\"share-twitter sd-button share-icon no-text\" href=\"https:\/\/bukkleader.hu\/old\/letoltheto-a-bukk-tersegi-leader-egyesulet-2014-evi-eves-gazdalkodasi-beszamoloja\/?share=twitter\" target=\"_blank\" title=\"Click to share on Twitter\"><span><\/span><span class=\"sharing-screen-reader-text\">Click to share on Twitter (Opens in new window)<\/span><\/a><\/li><li class=\"share-print\"><a rel=\"nofollow noopener noreferrer\" data-shared=\"\" class=\"share-print sd-button share-icon no-text\" href=\"https:\/\/bukkleader.hu\/old\/letoltheto-a-bukk-tersegi-leader-egyesulet-2014-evi-eves-gazdalkodasi-beszamoloja\/\" target=\"_blank\" title=\"Click to print\"><span><\/span><span class=\"sharing-screen-reader-text\">Click to print (Opens in new window)<\/span><\/a><\/li><li class=\"share-email\"><a rel=\"nofollow noopener noreferrer\" data-shared=\"\" class=\"share-email sd-button share-icon no-text\" href=\"https:\/\/bukkleader.hu\/old\/letoltheto-a-bukk-tersegi-leader-egyesulet-2014-evi-eves-gazdalkodasi-beszamoloja\/?share=email\" target=\"_blank\" title=\"Click to email this to a friend\"><span><\/span><span class=\"sharing-screen-reader-text\">Click to email this to a friend (Opens in new window)<\/span><\/a><\/li><li class=\"share-end\"><\/li><\/ul><\/div><\/div><\/div>","protected":false},"excerpt":{"rendered":"<p>Tags\u00e1gunk r\u00e9sz\u00e9re az al\u00e1bbiakban k\u00f6zz\u00e9tessz\u00fck a B\u00fckk-T\u00e9rs\u00e9gi LEADER Egyes\u00fclet 2014. \u00e9vi egyszer\u0171s\u00edtett \u00e9ves gazd\u00e1lkod\u00e1si besz\u00e1mol\u00f3j\u00e1t.<\/p>\n<div class=\"sharedaddy sd-sharing-enabled\"><div class=\"robots-nocontent sd-block sd-social sd-social-icon sd-sharing\"><h3 class=\"sd-title\">Share this:<\/h3><div class=\"sd-content\"><ul><li class=\"share-facebook\"><a rel=\"nofollow noopener noreferrer\" data-shared=\"sharing-facebook-428\" class=\"share-facebook sd-button share-icon no-text\" href=\"https:\/\/bukkleader.hu\/old\/letoltheto-a-bukk-tersegi-leader-egyesulet-2014-evi-eves-gazdalkodasi-beszamoloja\/?share=facebook\" target=\"_blank\" title=\"Click to share on Facebook\"><span><\/span><span class=\"sharing-screen-reader-text\">Click to share on Facebook (Opens in new window)<\/span><\/a><\/li><li class=\"share-twitter\"><a rel=\"nofollow noopener noreferrer\" data-shared=\"sharing-twitter-428\" class=\"share-twitter sd-button share-icon no-text\" href=\"https:\/\/bukkleader.hu\/old\/letoltheto-a-bukk-tersegi-leader-egyesulet-2014-evi-eves-gazdalkodasi-beszamoloja\/?share=twitter\" target=\"_blank\" title=\"Click to share on Twitter\"><span><\/span><span class=\"sharing-screen-reader-text\">Click to share on Twitter (Opens in new window)<\/span><\/a><\/li><li class=\"share-print\"><a rel=\"nofollow noopener noreferrer\" data-shared=\"\" class=\"share-print sd-button share-icon no-text\" href=\"https:\/\/bukkleader.hu\/old\/letoltheto-a-bukk-tersegi-leader-egyesulet-2014-evi-eves-gazdalkodasi-beszamoloja\/\" target=\"_blank\" title=\"Click to print\"><span><\/span><span class=\"sharing-screen-reader-text\">Click to print (Opens in new window)<\/span><\/a><\/li><li class=\"share-email\"><a rel=\"nofollow noopener noreferrer\" data-shared=\"\" class=\"share-email sd-button share-icon no-text\" href=\"https:\/\/bukkleader.hu\/old\/letoltheto-a-bukk-tersegi-leader-egyesulet-2014-evi-eves-gazdalkodasi-beszamoloja\/?share=email\" target=\"_blank\" title=\"Click to email this to a friend\"><span><\/span><span class=\"sharing-screen-reader-text\">Click to email this to a friend (Opens in new window)<\/span><\/a><\/li><li class=\"share-end\"><\/li><\/ul><\/div><\/div><\/div>","protected":false},"author":1,"featured_media":291,"comment_status":"open","ping_status":"closed","sticky":false,"template":"","format":"standard","meta":{"_bbp_topic_count":0,"_bbp_reply_count":0,"_bbp_total_topic_count":0,"_bbp_total_reply_count":0,"_bbp_voice_count":0,"_bbp_anonymous_reply_count":0,"_bbp_topic_count_hidden":0,"_bbp_reply_count_hidden":0,"_bbp_forum_subforum_count":0,"spay_email":"","jetpack_publicize_message":"","jetpack_is_tweetstorm":false,"jetpack_publicize_feature_enabled":true},"categories":[1],"tags":[],"jetpack_featured_media_url":"https:\/\/bukkleader.hu\/old\/wp-content\/uploads\/2015\/09\/bukk-leader-logo-w.jpg","jetpack_publicize_connections":[],"jetpack_sharing_enabled":true,"jetpack-related-posts":[{"id":369,"url":"https:\/\/bukkleader.hu\/old\/kozgyulest-tart-a-bukk-tersegi-leader-egyesulet\/","url_meta":{"origin":428,"position":0},"title":"K\u00f6zgy\u0171l\u00e9st tart a B\u00fckk-T\u00e9rs\u00e9gi LEADER Egyes\u00fclet","date":"2014-01-31","format":false,"excerpt":"T\u00e1j\u00e9koztatjuk a tisztelt HACS tagokat, hogy a B\u00fckk-T\u00e9rs\u00e9gi LEADER Egyes\u00fclet a soron k\u00f6vetkez\u0151 k\u00f6zgy\u0171l\u00e9s\u00e9t 2014. janu\u00e1r 31-\u00e9n, 14:00 \u00f3rai kezdettel Ny\u00e9kl\u00e1dh\u00e1z\u00e1n, a Furmann Imre M\u0171vel\u0151d\u00e9si H\u00e1zban (Kossuth u. 56.) tartja meg.\u00a0A k\u00f6zgy\u0171l\u00e9s tervezett napirendje:1. Besz\u00e1mol\u00f3 a 2013\/2. f\u00e9l\u00e9vi LEADER t\u00e1mogat\u00e1si id\u0151szak eredm\u00e9nyeir\u0151l. (20 perc)2. Az Egyes\u00fclet Alapszab\u00e1ly\u00e1nak m\u00f3dos\u00edt\u00e1sa az \u00faj\u2026","rel":"","context":"In &quot;H\u00edreink, k\u00f6zlem\u00e9nyeink&quot;","img":{"alt_text":"bukk-leader-logo-w","src":"https:\/\/i2.wp.com\/bukkleader.hu\/old\/wp-content\/uploads\/2015\/09\/bukk-leader-logo-w.jpg?resize=350%2C200&ssl=1","width":350,"height":200},"classes":[]},{"id":420,"url":"https:\/\/bukkleader.hu\/old\/letolthetok-a-2015-januar-30-i-kozgyulesunkon-tartott-eloadasok-prezentacioi\/","url_meta":{"origin":428,"position":1},"title":"Let\u00f6lthet\u0151k a 2015. janu\u00e1r 30-i k\u00f6zgy\u0171l\u00e9s\u00fcnk\u00f6n tartott el\u0151ad\u00e1sok prezent\u00e1ci\u00f3i","date":"2015-02-15","format":false,"excerpt":"Az al\u00e1bbiakban let\u00f6lthet\u0151k a B\u00fckk-T\u00e9rs\u00e9gi LEADER Egyes\u00fclet 2015. janu\u00e1r 30-i, Tibolddar\u00f3con megtartott (megism\u00e9telt) k\u00f6zgy\u0171l\u00e9s\u00e9n elhangzott el\u0151ad\u00e1sok prezent\u00e1ci\u00f3i, a k\u00f6zgy\u0171l\u00e9si napirendi pontok szerint:Besz\u00e1mol\u00f3 a 2014\/2. f\u00e9l\u00e9v eredm\u00e9nyeir\u0151l. Dr. Nagy J\u00f3zsef el\u0151ad\u00e1s\u00e1nak let\u00f6lt\u00e9se >>P\u00e1ly\u00e1zati \u00e9s egy\u00fcttm\u0171k\u00f6d\u00e9si lehet\u0151s\u00e9gek a 2014-2020 t\u00e1mogat\u00e1si id\u0151szakban.T\u00e1j\u00e9koztat\u00f3 a LEADER program folytat\u00e1s\u00e1r\u00f3l a 2014.12.10-i, budapesti Fejleszt\u00e9spolitikai F\u00f3rumon elhangzottak alapj\u00e1n.\u2026","rel":"","context":"In &quot;H\u00edreink, k\u00f6zlem\u00e9nyeink&quot;","img":{"alt_text":"bukk-leader-logo-w","src":"https:\/\/i2.wp.com\/bukkleader.hu\/old\/wp-content\/uploads\/2015\/09\/bukk-leader-logo-w.jpg?resize=350%2C200&ssl=1","width":350,"height":200},"classes":[]},{"id":430,"url":"https:\/\/bukkleader.hu\/old\/letolthetok-a-2015-majus-29-i-kozgyulesunkon-elhangzott-eloadasok-prezentacioi\/","url_meta":{"origin":428,"position":2},"title":"Let\u00f6lthet\u0151k a 2015. m\u00e1jus 29-i k\u00f6zgy\u0171l\u00e9s\u00fcnk\u00f6n elhangzott el\u0151ad\u00e1sok prezent\u00e1ci\u00f3i","date":"2015-06-01","format":false,"excerpt":"Tagjaink k\u00e9r\u00e9s\u00e9re az al\u00e1bbiakban k\u00f6zz\u00e9tessz\u00fck a B\u00fckk-T\u00e9rs\u00e9gi LEADER Egyes\u00fclet\u00fcnk 2015. m\u00e1jus 29-i k\u00f6zgy\u0171l\u00e9s\u00e9n elhangzott el\u0151ad\u00e1sok prezent\u00e1ci\u00f3it:1. napirendi pont: \"Besz\u00e1mol\u00f3 a k\u00f6z\u00f6ss\u00e9g 2014-ben v\u00e9gzett vid\u00e9kfejleszt\u00e9si munk\u00e1j\u00e1r\u00f3l\" - el\u0151ad\u00f3: Dr. Nagy J\u00f3zsef eln\u00f6k. A prezent\u00e1ci\u00f3 let\u00f6lt\u00e9se >>3. napirendi pont: \"A LEADER k\u00f6z\u00f6ss\u00e9g\u00fcnk 2015. \u00e9vi tervez\u00e9s\u00e9nek lehet\u0151s\u00e9gei\" - el\u0151ad\u00f3: Dr. Nagy J\u00f3zsef eln\u00f6k.\u2026","rel":"","context":"In &quot;H\u00edreink, k\u00f6zlem\u00e9nyeink&quot;","img":{"alt_text":"bukk-leader-logo-w","src":"https:\/\/i2.wp.com\/bukkleader.hu\/old\/wp-content\/uploads\/2015\/09\/bukk-leader-logo-w.jpg?resize=350%2C200&ssl=1","width":350,"height":200},"classes":[]},{"id":112,"url":"https:\/\/bukkleader.hu\/old\/2013-oktober-01-2013-december-31-idoszak\/","url_meta":{"origin":428,"position":3},"title":"2013. okt\u00f3ber 01. &#8211; 2013. december 31. id\u0151szak","date":"2014-01-02","format":false,"excerpt":"A B\u00fckk-T\u00e9rs\u00e9gi LEADER Egyes\u00fclet munkaszervezet\u00e9nek legfontosabb feladatai a 2013.10.01. \u2013 12.31. id\u0151szakban a 2013. \u00e9vben beny\u00fajtott LEADER p\u00e1ly\u00e1zatok v\u00e9gs\u0151 t\u00e1mogat\u00e1si rangsorainak \u00f6ssze\u00e1ll\u00edt\u00e1sa, a p\u00e1ly\u00e1z\u00f3k tan\u00e1csol\u00e1sa a turisztikai p\u00e1ly\u00e1zataik el\u0151k\u00e9sz\u00edt\u00e9s\u00e9hez, a LEADER t\u00e9rs\u00e9gek k\u00f6z\u00f6tti egy\u00fcttm\u0171k\u00f6d\u00e9si p\u00e1ly\u00e1zatok beny\u00fajt\u00e1sa \u00e9s a 2014-2020 id\u0151szaki \u00faj Vid\u00e9kfejleszt\u00e9si Program megval\u00f3s\u00edt\u00e1s\u00e1nak el\u0151k\u00e9sz\u00edt\u00e9se voltak. Tov\u00e1bb\u00e1 a HACS a\u2026","rel":"","context":"In &quot;Munkabesz\u00e1mol\u00f3k&quot;","img":{"alt_text":"","src":"","width":0,"height":0},"classes":[]},{"id":379,"url":"https:\/\/bukkleader.hu\/old\/figyelem-jogszabaly-modositasok\/","url_meta":{"origin":428,"position":4},"title":"FIGYELEM! Jogszab\u00e1ly m\u00f3dos\u00edt\u00e1sok","date":"2014-04-07","format":false,"excerpt":"2014. \u00e1prilis 03-ai d\u00e1tummal megjelent a Magyar K\u00f6zl\u00f6ny 2014. \u00e9vi 50. sz\u00e1m\u00e1ban az agr\u00e1r-szaktan\u00e1csad\u00e1ssal kapcsolatos \u00e9s az Eur\u00f3pai Mez\u0151gazdas\u00e1gi Vid\u00e9kfejleszt\u00e9si Alapb\u00f3l finansz\u00edrozott egyes agr\u00e1rt\u00e1mogat\u00e1si t\u00e1rgy\u00fa miniszteri rendeletek m\u00f3dos\u00edt\u00e1s\u00e1r\u00f3l sz\u00f3l\u00f3 32\/2014. (IV. 3.) VM rendelet, amely t\u00f6bbek k\u00f6z\u00f6tt tartalmazza: az Eur\u00f3pai Mez\u0151gazdas\u00e1gi Vid\u00e9kfejleszt\u00e9si Alapb\u00f3l a Helyi Vid\u00e9kfejleszt\u00e9si Strat\u00e9gi\u00e1k LEADER fejezet\u00e9nek v\u00e9grehajt\u00e1s\u00e1hoz\u2026","rel":"","context":"In &quot;H\u00edreink, k\u00f6zlem\u00e9nyeink&quot;","img":{"alt_text":"paragrafus","src":"https:\/\/i0.wp.com\/bukkleader.hu\/old\/wp-content\/uploads\/2012\/06\/paragrafus384w.jpg?resize=350%2C200&ssl=1","width":350,"height":200},"classes":[]},{"id":2044,"url":"https:\/\/bukkleader.hu\/old\/eves-szakmai-beszamolo-2018-januar-1-2018-december-31-idoszak-tevekenysegerol\/","url_meta":{"origin":428,"position":5},"title":"\u00c9ves szakmai besz\u00e1mol\u00f3 2018. janu\u00e1r 1. \u2013 2018. december 31.  id\u0151szak tev\u00e9kenys\u00e9g\u00e9r\u0151l.","date":"2019-05-28","format":false,"excerpt":"\u00c9ves szakmai besz\u00e1mol\u00f3 2018. janu\u00e1r 1. \u2013 2018. december 31. id\u0151szak tev\u00e9kenys\u00e9g\u00e9r\u0151l. Megtekinthet\u0151 itt >>","rel":"","context":"In &quot;2018&quot;","img":{"alt_text":"","src":"","width":0,"height":0},"classes":[]}],"_links":{"self":[{"href":"https:\/\/bukkleader.hu\/old\/wp-json\/wp\/v2\/posts\/428"}],"collection":[{"href":"https:\/\/bukkleader.hu\/old\/wp-json\/wp\/v2\/posts"}],"about":[{"href":"https:\/\/bukkleader.hu\/old\/wp-json\/wp\/v2\/types\/post"}],"author":[{"embeddable":true,"href":"https:\/\/bukkleader.hu\/old\/wp-json\/wp\/v2\/users\/1"}],"replies":[{"embeddable":true,"href":"https:\/\/bukkleader.hu\/old\/wp-json\/wp\/v2\/comments?post=428"}],"version-history":[{"count":1,"href":"https:\/\/bukkleader.hu\/old\/wp-json\/wp\/v2\/posts\/428\/revisions"}],"predecessor-version":[{"id":429,"href":"https:\/\/bukkleader.hu\/old\/wp-json\/wp\/v2\/posts\/428\/revisions\/429"}],"wp:featuredmedia":[{"embeddable":true,"href":"https:\/\/bukkleader.hu\/old\/wp-json\/wp\/v2\/media\/291"}],"wp:attachment":[{"href":"https:\/\/bukkleader.hu\/old\/wp-json\/wp\/v2\/media?parent=428"}],"wp:term":[{"taxonomy":"category","embeddable":true,"href":"https:\/\/bukkleader.hu\/old\/wp-json\/wp\/v2\/categories?post=428"},{"taxonomy":"post_tag","embeddable":true,"href":"https:\/\/bukkleader.hu\/old\/wp-json\/wp\/v2\/tags?post=428"}],"curies":[{"name":"wp","href":"https:\/\/api.w.org\/{rel}","templated":true}]}}