{"id":424,"date":"2015-03-31T07:46:14","date_gmt":"2015-03-31T05:46:14","guid":{"rendered":"https:\/\/bukkleader.hu\/old\/new\/?p=424"},"modified":"2015-09-23T08:01:04","modified_gmt":"2015-09-23T06:01:04","slug":"szaguldas-a-szel-erejebol-nyert-villamos-energiaval","status":"publish","type":"post","link":"https:\/\/bukkleader.hu\/old\/szaguldas-a-szel-erejebol-nyert-villamos-energiaval\/","title":{"rendered":"Sz\u00e1guld\u00e1s a sz\u00e9l erej\u00e9b\u0151l nyert villamos energi\u00e1val"},"content":{"rendered":"<p class=\"style6\" style=\"text-align: justify;\">&#8220;Sikeres volt B\u00fckkaranyoson a sz\u00e9ler\u0151m\u0171 rendszer\u00e9re kapcsolt villanyaut\u00f3 gyorst\u00f6lt\u0151 berendez\u00e9s m\u0171szaki f\u0151pr\u00f3b\u00e1ja. Az egyen\u00e1ram\u00fa CHAdeMO rendszer\u0171 csatlakoz\u00f3n kereszt\u00fcl <strong>alig t\u00f6bb mint egy \u00f3ra alatt \u201ef\u00fajta tele\u201d a n\u00e9ha viharos erej\u0171 sz\u00e9l a Tesla Model S villanyaut\u00f3 akkumul\u00e1tor\u00e1t<\/strong>. <\/p>\n<p class=\"style6\" style=\"text-align: justify;\"><!--more--><\/p>\n<p class=\"style6\" style=\"text-align: justify;\">\u00a0\u201eA B\u00fckkaranyos k\u00f6zpont\u00fa, 42 telep\u00fcl\u00e9st csoportos\u00edt\u00f3 B\u00fckk-T\u00e9rs\u00e9gi LEADER (kor\u00e1bban B\u00dcKK \u2013 MAK LEADER) vid\u00e9kfejleszt\u00e9si k\u00f6z\u00f6ss\u00e9g ma \u00faj, hazai rekordot \u00e1ll\u00edthatott fel\u201d &#8211; mondta tr\u00e9f\u00e1san Sebesty\u00e9n Istv\u00e1n, a Magyar Villanyaut\u00f3 Klub f\u0151titk\u00e1ra, aki a Magyar Rekord Egyes\u00fclet eln\u00f6kek\u00e9nt is ismert szem\u00e9lyis\u00e9g. \u00cdgy nem csoda, ha neki mindenr\u0151l a rendk\u00edv\u00fcli emberi teljes\u00edtm\u00e9nyek jutnak esz\u00e9be.<br \/>Teljesen jogosan. Villanyaut\u00f3j\u00e1val 2015. m\u00e1rcius 31-\u00e9n, kedden, 14 \u00f3rakor \u00e9rkezett meg a f\u0151v\u00e1rosb\u00f3l \u00e9s leparkolt a B\u00fckkaranyos hat\u00e1r\u00e1ban, a sz\u00e9ler\u0151m\u0171 t\u00f6v\u00e9ben kialak\u00edtott, a B\u00fckk-hegys\u00e9gre n\u00e9z\u0151, fantasztikus panor\u00e1m\u00e1j\u00fa parkol\u00f3ban elhelyezett 50 kW-os egyen\u00e1ram\u00fa, ABB gyorst\u00f6lt\u0151 oszlopn\u00e1l. Az\u00e9rt \u00e9rkezett, hogy els\u0151k\u00e9nt az orsz\u00e1gban B\u00fckkaranyoson t\u00f6rt\u00e9njen meg az a ma m\u00e9g csod\u00e1nak sz\u00e1m\u00edt\u00f3 dolog, &#8211; ami ak\u00e1r rekord is lehetne,- hogy egy Tesla aut\u00f3 egy 225 kW maxim\u00e1lis teljes\u00edtm\u00e9ny\u0171 h\u00e1l\u00f3zatra csatlakozott sz\u00e9ler\u0151m\u0171 rendszerb\u0151l vegye fel az \u00fatja folytat\u00e1s\u00e1hoz sz\u00fcks\u00e9ges mintegy 60 kWh villamos energi\u00e1t.<\/p>\n<p class=\"style6\" style=\"text-align: center;\"><img data-attachment-id=\"425\" data-permalink=\"https:\/\/bukkleader.hu\/old\/szaguldas-a-szel-erejebol-nyert-villamos-energiaval\/tesla_foto\/\" data-orig-file=\"https:\/\/bukkleader.hu\/old\/wp-content\/uploads\/2015\/09\/tesla_foto.jpg\" data-orig-size=\"640,480\" data-comments-opened=\"1\" data-image-meta=\"{&quot;aperture&quot;:&quot;0&quot;,&quot;credit&quot;:&quot;&quot;,&quot;camera&quot;:&quot;&quot;,&quot;caption&quot;:&quot;&quot;,&quot;created_timestamp&quot;:&quot;0&quot;,&quot;copyright&quot;:&quot;&quot;,&quot;focal_length&quot;:&quot;0&quot;,&quot;iso&quot;:&quot;0&quot;,&quot;shutter_speed&quot;:&quot;0&quot;,&quot;title&quot;:&quot;&quot;,&quot;orientation&quot;:&quot;0&quot;}\" data-image-title=\"tesla_foto\" data-image-description=\"\" data-image-caption=\"\" data-medium-file=\"https:\/\/bukkleader.hu\/old\/wp-content\/uploads\/2015\/09\/tesla_foto-300x225.jpg\" data-large-file=\"https:\/\/bukkleader.hu\/old\/wp-content\/uploads\/2015\/09\/tesla_foto.jpg\" loading=\"lazy\" class=\"aligncenter size-full wp-image-425\" src=\"https:\/\/bukkleader.hu\/old\/wp-content\/uploads\/2015\/09\/tesla_foto.jpg\" alt=\"Tesla\" width=\"640\" height=\"480\" srcset=\"https:\/\/bukkleader.hu\/old\/wp-content\/uploads\/2015\/09\/tesla_foto.jpg 640w, https:\/\/bukkleader.hu\/old\/wp-content\/uploads\/2015\/09\/tesla_foto-300x225.jpg 300w\" sizes=\"(max-width: 640px) 100vw, 640px\" \/><\/p>\n<p class=\"style6\" style=\"text-align: justify;\">A viharos sz\u00e9lben izgalmas percek k\u00f6vetkeztek. A Tesla r\u00e1csatlakozott az ABB gyorst\u00f6lt\u0151re, a t\u00f6lt\u0151t \u00e9s a j\u00e1rm\u0171vet a gy\u00e1rt\u00f3 hollandiai k\u00f6zpontja az interneten kereszt\u00fcl t\u00e1vel\u00e9r\u00e9sben azonos\u00edtotta, majd a jelenl\u00e9v\u0151 m\u0171szaki csapat elv\u00e9gezte az utols\u00f3 ellen\u0151rz\u00e9seket \u00e9s elindulhatott az els\u0151 gyorst\u00f6lt\u00e9s.<br \/>Az a gyorst\u00f6lt\u00e9s, amelynek villamos energia ell\u00e1t\u00e1s\u00e1ba &#8211; el\u0151sz\u00f6r Magyarorsz\u00e1gon &#8211; egy sz\u00e9ler\u0151m\u0171 rendszere is bedolgozott.<br \/>\u201eA berendez\u00e9st \u00fczemeltet\u0151 LEADER Egyes\u00fclet \u00e9s a MOBIL-ESCO c\u00e9g k\u00f6z\u00f6sen kifejlesztett, csal\u00e1dokra, v\u00e1llalkoz\u00e1sokra, telep\u00fcl\u00e9sekre m\u00e9retezett rendszere az al\u00e1bbi lehets\u00e9ges elemekb\u0151l \u00e1ll \u00f6ssze: <br \/>M\u00e9rlegk\u00f6ri k\u00f6zpontb\u00f3l t\u00e1vir\u00e1ny\u00edtott, t\u00e1vfel\u00fcgyelt sz\u00e9ler\u0151m\u0171 vagy m\u00e1s meg\u00fajul\u00f3 energiaforr\u00e1st hasznos\u00edt\u00f3 berendez\u00e9s &#8211; akkumul\u00e1tor &#8211; t\u00f6lt\u0151\u00e1llom\u00e1s &#8211; villanyaut\u00f3 &#8211; m\u00e9r\u0151\u00f3ra, transzform\u00e1tor, k\u00f6zc\u00e9l\u00fa villamos h\u00e1l\u00f3zatra csatlakoz\u00e1s vagy sziget \u00fczemm\u00f3d.\u201d &#8211; mondja Dr. Nagy J\u00f3zsef Ph.D. a LEADER Egyes\u00fclet eln\u00f6ke, a Debreceni Egyetem Kihelyezett Tansz\u00e9k\u00e9nek valamint az MTA Energiatudom\u00e1nyi K\u00f6zpont Kihelyezett Laborat\u00f3rium\u00e1nak a vezet\u0151je.<br \/>\u201eEzzel egy nagy \u00e1lmunk val\u00f3sult meg, hiszen vid\u00e9ken, k\u00fclter\u00fcleten, meg\u00fajul\u00f3 energiaforr\u00e1s hasznos\u00edt\u00e1s\u00e1val, gyorsan, k\u00e1ros anyag kibocs\u00e1jt\u00e1s n\u00e9lk\u00fcl tudjuk kiszolg\u00e1lni azokat, akik szennyez\u00e9st\u0151l mentesen, a bels\u0151 \u00e9g\u00e9s\u0171 g\u00e9pkocsikhoz k\u00e9pest \u00f6t\u00f6d-heted \u00e1ron akarj\u00e1k \u00fczemeltetni elektromos szem\u00e9ly-, \u00e9s teherg\u00e9pj\u00e1rm\u0171veiket, aut\u00f3buszukat.<br \/>A verseny eld\u0151lt, az \u00e1t\u00e1ll\u00e1s viharos gyorsas\u00e1g\u00fa lesz, hiszen az akkumul\u00e1torok \u00e9s a villanyaut\u00f3k \u00e9lettartama, a benn\u00fck t\u00e1rolhat\u00f3 energia s\u0171r\u0171s\u00e9ge, a biztons\u00e1gos, k\u00f6rnyezetk\u00edm\u00e9l\u0151 haszn\u00e1latuk, a cs\u00f6kken\u0151 \u00e1rak, a 10-20 perces gyorst\u00f6lt\u00e9sek, az egy t\u00f6lt\u00e9ssel megtehet\u0151 utak hossz\u00e1nak n\u00f6veked\u00e9se, a saj\u00e1t villamos energi\u00e1t termel\u0151, t\u00e1rol\u00f3, okos villamos h\u00e1l\u00f3zatba t\u00f6m\u00f6r\u00fcl\u0151 kistermel\u0151k \u00e9s fogyaszt\u00f3k m\u00e9rlegk\u00f6ri sz\u00f6vetkezet\u00e9nek \u00e1ramt\u0151zsd\u00e9n t\u00f6rt\u00e9n\u0151 megjelen\u00e9s\u00e9nek lehet\u0151s\u00e9ge \u00faj korszakot nyitott sz\u00e1munkra. Mi, a perif\u00e9ri\u00e1n \u00e9l\u0151k is bel\u00e9phet\u00fcnk a XXI. sz\u00e1zad legnagyobb \u00fczlet\u00e9be, a Nap, a sz\u00e9l, a v\u00edz, a biomassza, mint meg\u00fajul\u00f3 energiaforr\u00e1sok villamos energetikai hasznos\u00edt\u00e1s\u00e1ba.\u201d &#8211; h\u00fazta al\u00e1 a nap jelent\u0151s\u00e9g\u00e9t Dr. Nagy J\u00f3zsef.<br \/>A m\u0171szaki f\u0151pr\u00f3b\u00e1ra megjelent kis csapat &#8211; k\u00f6zt\u00fck a m\u00e1r szint\u00e9n villanyaut\u00f3z\u00f3 Nagy Lajos polg\u00e1rmester \u00e9s Nagy Roland, a t\u00f6lt\u0151\u00e1llom\u00e1s tulajdonosa &#8211; a viharos, es\u0151s sz\u00e9lben \u00e1tf\u00e1zva, de b\u00fcszk\u00e9n hagyta el a MOBIL-ESCO rendszer\u0171, z\u00f6ldenergi\u00e1t termel\u0151 helysz\u00ednt. Rem\u00e9lj\u00fck, ezek ut\u00e1n a tal\u00e1lkoz\u00e1sok m\u00e1r a mindennapok r\u00e9szeiv\u00e9 v\u00e1lnak.\u00a0 A CHAdeMO szabv\u00e1nnyal rendelkez\u0151 ABB egyen\u00e1ram\u00fa gyorst\u00f6lt\u0151h\u00f6z egyre gyakrabban fognak \u00e9rkezni a villanyaut\u00f3sok, hogy f\u00e9l \u00f3r\u00e1ra gy\u00f6ny\u00f6rk\u00f6djenek a b\u00fckki t\u00e1jban \u00e9s k\u00f6zben a sz\u00e9l erej\u00e9vel felt\u00f6lts\u00e9k elektromos j\u00e1rm\u0171veiket.<\/p>\n<p class=\"style6\" style=\"text-align: justify;\">J\u00f3 utat m\u00e1r ma is a szelek sz\u00e1rny\u00e1n, j\u00f6v\u0151 aut\u00f3sai!<\/p>\n<p class=\"style6\" style=\"text-align: justify;\">B\u00fckk-T\u00e9rs\u00e9gi LEADER Egyes\u00fclet<\/p>\n<p class=\"style6\">\u00a0<\/p>\n<div class=\"sharedaddy sd-sharing-enabled\"><div class=\"robots-nocontent sd-block sd-social sd-social-icon sd-sharing\"><h3 class=\"sd-title\">Share this:<\/h3><div class=\"sd-content\"><ul><li class=\"share-facebook\"><a rel=\"nofollow noopener noreferrer\" data-shared=\"sharing-facebook-424\" class=\"share-facebook sd-button share-icon no-text\" href=\"https:\/\/bukkleader.hu\/old\/szaguldas-a-szel-erejebol-nyert-villamos-energiaval\/?share=facebook\" target=\"_blank\" title=\"Click to share on Facebook\"><span><\/span><span class=\"sharing-screen-reader-text\">Click to share on Facebook (Opens in new window)<\/span><\/a><\/li><li class=\"share-twitter\"><a rel=\"nofollow noopener noreferrer\" data-shared=\"sharing-twitter-424\" class=\"share-twitter sd-button share-icon no-text\" href=\"https:\/\/bukkleader.hu\/old\/szaguldas-a-szel-erejebol-nyert-villamos-energiaval\/?share=twitter\" target=\"_blank\" title=\"Click to share on Twitter\"><span><\/span><span class=\"sharing-screen-reader-text\">Click to share on Twitter (Opens in new window)<\/span><\/a><\/li><li class=\"share-print\"><a rel=\"nofollow noopener noreferrer\" data-shared=\"\" class=\"share-print sd-button share-icon no-text\" href=\"https:\/\/bukkleader.hu\/old\/szaguldas-a-szel-erejebol-nyert-villamos-energiaval\/\" target=\"_blank\" title=\"Click to print\"><span><\/span><span class=\"sharing-screen-reader-text\">Click to print (Opens in new window)<\/span><\/a><\/li><li class=\"share-email\"><a rel=\"nofollow noopener noreferrer\" data-shared=\"\" class=\"share-email sd-button share-icon no-text\" href=\"https:\/\/bukkleader.hu\/old\/szaguldas-a-szel-erejebol-nyert-villamos-energiaval\/?share=email\" target=\"_blank\" title=\"Click to email this to a friend\"><span><\/span><span class=\"sharing-screen-reader-text\">Click to email this to a friend (Opens in new window)<\/span><\/a><\/li><li class=\"share-end\"><\/li><\/ul><\/div><\/div><\/div>","protected":false},"excerpt":{"rendered":"<p>&#8220;Sikeres volt B\u00fckkaranyoson a sz\u00e9ler\u0151m\u0171 rendszer\u00e9re kapcsolt villanyaut\u00f3 gyorst\u00f6lt\u0151 berendez\u00e9s m\u0171szaki f\u0151pr\u00f3b\u00e1ja. Az egyen\u00e1ram\u00fa CHAdeMO rendszer\u0171 csatlakoz\u00f3n kereszt\u00fcl alig t\u00f6bb mint egy \u00f3ra alatt \u201ef\u00fajta tele\u201d a n\u00e9ha viharos erej\u0171 sz\u00e9l a Tesla Model S villanyaut\u00f3 akkumul\u00e1tor\u00e1t.<\/p>\n<div class=\"sharedaddy sd-sharing-enabled\"><div class=\"robots-nocontent sd-block sd-social sd-social-icon sd-sharing\"><h3 class=\"sd-title\">Share this:<\/h3><div class=\"sd-content\"><ul><li class=\"share-facebook\"><a rel=\"nofollow noopener noreferrer\" data-shared=\"sharing-facebook-424\" class=\"share-facebook sd-button share-icon no-text\" href=\"https:\/\/bukkleader.hu\/old\/szaguldas-a-szel-erejebol-nyert-villamos-energiaval\/?share=facebook\" target=\"_blank\" title=\"Click to share on Facebook\"><span><\/span><span class=\"sharing-screen-reader-text\">Click to share on Facebook (Opens in new window)<\/span><\/a><\/li><li class=\"share-twitter\"><a rel=\"nofollow noopener noreferrer\" data-shared=\"sharing-twitter-424\" class=\"share-twitter sd-button share-icon no-text\" href=\"https:\/\/bukkleader.hu\/old\/szaguldas-a-szel-erejebol-nyert-villamos-energiaval\/?share=twitter\" target=\"_blank\" title=\"Click to share on Twitter\"><span><\/span><span class=\"sharing-screen-reader-text\">Click to share on Twitter (Opens in new window)<\/span><\/a><\/li><li class=\"share-print\"><a rel=\"nofollow noopener noreferrer\" data-shared=\"\" class=\"share-print sd-button share-icon no-text\" href=\"https:\/\/bukkleader.hu\/old\/szaguldas-a-szel-erejebol-nyert-villamos-energiaval\/\" target=\"_blank\" title=\"Click to print\"><span><\/span><span class=\"sharing-screen-reader-text\">Click to print (Opens in new window)<\/span><\/a><\/li><li class=\"share-email\"><a rel=\"nofollow noopener noreferrer\" data-shared=\"\" class=\"share-email sd-button share-icon no-text\" href=\"https:\/\/bukkleader.hu\/old\/szaguldas-a-szel-erejebol-nyert-villamos-energiaval\/?share=email\" target=\"_blank\" title=\"Click to email this to a friend\"><span><\/span><span class=\"sharing-screen-reader-text\">Click to email this to a friend (Opens in new window)<\/span><\/a><\/li><li class=\"share-end\"><\/li><\/ul><\/div><\/div><\/div>","protected":false},"author":1,"featured_media":426,"comment_status":"open","ping_status":"closed","sticky":false,"template":"","format":"standard","meta":{"_bbp_topic_count":0,"_bbp_reply_count":0,"_bbp_total_topic_count":0,"_bbp_total_reply_count":0,"_bbp_voice_count":0,"_bbp_anonymous_reply_count":0,"_bbp_topic_count_hidden":0,"_bbp_reply_count_hidden":0,"_bbp_forum_subforum_count":0,"spay_email":"","jetpack_publicize_message":"","jetpack_is_tweetstorm":false,"jetpack_publicize_feature_enabled":true},"categories":[1],"tags":[],"jetpack_featured_media_url":"https:\/\/bukkleader.hu\/old\/wp-content\/uploads\/2015\/09\/ChargePoint-polemount-clean-w.jpg","jetpack_publicize_connections":[],"jetpack_sharing_enabled":true,"jetpack-related-posts":[{"id":8622,"url":"https:\/\/bukkleader.hu\/old\/meghivo-a-bukk-tersegi-leader-egyesulet-szakmai-forumara-bukkaranyos-2021-12-06\/","url_meta":{"origin":424,"position":0},"title":"Megh\u00edv\u00f3 a B\u00fckk-T\u00e9rs\u00e9gi LEADER Egyes\u00fclet Szakmai F\u00f3rum\u00e1ra &#8211; B\u00fckkaranyos, 2021.12.06","date":"2021-11-26","format":false,"excerpt":"A B\u00fckk-T\u00e9rs\u00e9gi LEADER Egyes\u00fclet szeretettel megh\u00edvja \u00d6n\u00f6ket 2021. 12. 06-\u00e1n B\u00fckkaranyoson tartand\u00f3 szakmai f\u00f3rum\u00e1ra. A megh\u00edv\u00f3 pdf-ben let\u00f6lthet\u0151 itt.","rel":"","context":"In &quot;H\u00edreink, k\u00f6zlem\u00e9nyeink&quot;","img":{"alt_text":"","src":"https:\/\/i2.wp.com\/bukkleader.hu\/old\/wp-content\/uploads\/2021\/12\/MhvBks.jpg?resize=350%2C200&ssl=1","width":350,"height":200},"classes":[]},{"id":504,"url":"https:\/\/bukkleader.hu\/old\/meghivo-helyi-fejlesztesi-strategia-tervezesi-forumra-bukkaranyos\/","url_meta":{"origin":424,"position":1},"title":"Megh\u00edv\u00f3 Helyi Fejleszt\u00e9si Strat\u00e9gia tervez\u00e9si f\u00f3rumra \u2013 B\u00fckkaranyos","date":"2015-10-26","format":false,"excerpt":"A B\u00fckk-T\u00e9rs\u00e9gi LEADER Egyes\u00fclet Helyi Fejleszt\u00e9si Strat\u00e9gia tervez\u00e9si f\u00f3rumot tart B\u00fckkaranyoson, a mell\u00e9kelt megh\u00edv\u00f3 szerint.Minden \u00e9rdekl\u0151d\u0151t v\u00e1runk!Megh\u00edv\u00f3 let\u00f6lt\u00e9se itt>>","rel":"","context":"In &quot;H\u00edreink, k\u00f6zlem\u00e9nyeink&quot;","img":{"alt_text":"bukkaranyos-cimerrel-w","src":"https:\/\/i0.wp.com\/bukkleader.hu\/old\/wp-content\/uploads\/2015\/10\/bukkaranyos-cimerrel-w.jpg?resize=350%2C200&ssl=1","width":350,"height":200},"classes":[]},{"id":8799,"url":"https:\/\/bukkleader.hu\/old\/bukk-tersegi-leader-egyesulet-szakmai-forum-bukkaranyos-2022-05-11\/","url_meta":{"origin":424,"position":2},"title":"B\u00fckk-T\u00e9rs\u00e9gi LEADER Egyes\u00fclet Szakmai F\u00f3rum B\u00fckkaranyos, 2022.05.11.","date":"2022-05-10","format":false,"excerpt":"A B\u00fckk-T\u00e9rs\u00e9gi LEADER Egyes\u00fclet tisztelettel megh\u00edvja \u00d6n\u00f6ket Szakmai F\u00f3rum\u00e1ra. A megh\u00edv\u00f3 pdf-ben let\u00f6lthet\u0151 itt.","rel":"","context":"In &quot;H\u00edreink, k\u00f6zlem\u00e9nyeink&quot;","img":{"alt_text":"","src":"https:\/\/i1.wp.com\/bukkleader.hu\/old\/wp-content\/uploads\/2022\/05\/Mhvszf.jpg?resize=350%2C200&ssl=1","width":350,"height":200},"classes":[]},{"id":394,"url":"https:\/\/bukkleader.hu\/old\/leader-e-garazs-atadasa-bukkaranyoson\/","url_meta":{"origin":424,"position":3},"title":"LEADER &#8220;e-gar\u00e1zs&#8221; \u00e1tad\u00e1sa B\u00fckkaranyoson","date":"2014-07-30","format":false,"excerpt":"\"J\u00falius 4-\u00e9n, p\u00e9nteken d\u00e9lel\u0151tt adt\u00e1k \u00e1t B\u00fckkaranyoson a 12,7 milli\u00f3 forintos p\u00e1ly\u00e1zatb\u00f3l megval\u00f3s\u00edtott elektromos j\u00e1rm\u0171vek t\u00f6lt\u00e9s\u00e9re alkalmas \u00e1llom\u00e1st. A megval\u00f3sult beruh\u00e1z\u00e1s nem az els\u0151 ezen a k\u00f6rny\u00e9ken, de a b\u00fckkaranyosi az els\u0151 olyan \u00d6nkorm\u00e1nyzat az orsz\u00e1gban, amely elektromos aut\u00f3t haszn\u00e1l a munk\u00e1j\u00e1hoz.\"Az Aranyosi H\u00edrmond\u00f3 \u00fajs\u00e1gban megjelent teljes cikk let\u00f6lt\u00e9se >>","rel":"","context":"In &quot;H\u00edreink, k\u00f6zlem\u00e9nyeink&quot;","img":{"alt_text":"elektromos-auto-w","src":"https:\/\/i0.wp.com\/bukkleader.hu\/old\/wp-content\/uploads\/2015\/09\/elektromos-auto-w.jpg?resize=350%2C200&ssl=1","width":350,"height":200},"classes":[]},{"id":8679,"url":"https:\/\/bukkleader.hu\/old\/leader-tematikus-kozpont-rendezvenye-bukkaranyos-2022-02-07\/","url_meta":{"origin":424,"position":4},"title":"LEADER TEMATIKUS K\u00d6ZPONT rendezv\u00e9nye &#8211; B\u00fckkaranyos, 2022.02.07.","date":"2022-02-07","format":false,"excerpt":"A B\u00fckki Lovas Postakocsi Egyes\u00fclet tisztelettel megh\u00edvja \u00d6n\u00f6ket a \u201eNem motoriz\u00e1lt turizmus fejleszt\u00e9se a B\u00fckk-Miskolc T\u00e9rs\u00e9gi LEADER Egyes\u00fclet ter\u00fclet\u00e9n\u201d megnevez\u00e9s\u0171 rendezv\u00e9ny\u00e9re. A megh\u00edv\u00f3 pdf-ben let\u00f6lthet\u0151 itt.","rel":"","context":"In &quot;H\u00edreink, k\u00f6zlem\u00e9nyeink&quot;","img":{"alt_text":"","src":"https:\/\/i0.wp.com\/bukkleader.hu\/old\/wp-content\/uploads\/2019\/08\/huszarok.jpg?resize=350%2C200&ssl=1","width":350,"height":200},"classes":[]},{"id":1395,"url":"https:\/\/bukkleader.hu\/old\/tajekoztato-forum-helyi-felhivasokrol-bukkaranyos\/","url_meta":{"origin":424,"position":5},"title":"T\u00e1j\u00e9koztat\u00f3 F\u00f3rum a helyi felh\u00edv\u00e1sokr\u00f3l &#8211; B\u00fckkaranyos","date":"2017-11-14","format":false,"excerpt":"T\u00e1j\u00e9koztat\u00f3 F\u00f3rum B\u00fckkaranyoson a helyi felh\u00edv\u00e1sokr\u00f3l! A B\u00fckk-T\u00e9rs\u00e9gi LEADER Egyes\u00fclet t\u00e1j\u00e9koztat\u00f3 f\u00f3rumot tart 2017.11.30-\u00e1n B\u00fckkaranyoson a megjelent helyi felh\u00edv\u00e1sokr\u00f3l a mell\u00e9kelt megh\u00edv\u00f3 szerint.\u00a0 Megh\u00edv\u00f3 >>","rel":"","context":"In &quot;H\u00edreink, k\u00f6zlem\u00e9nyeink&quot;","img":{"alt_text":"","src":"https:\/\/i2.wp.com\/bukkleader.hu\/old\/wp-content\/uploads\/2017\/11\/B\u00fckkaranyos-2.jpg?resize=350%2C200&ssl=1","width":350,"height":200},"classes":[]}],"_links":{"self":[{"href":"https:\/\/bukkleader.hu\/old\/wp-json\/wp\/v2\/posts\/424"}],"collection":[{"href":"https:\/\/bukkleader.hu\/old\/wp-json\/wp\/v2\/posts"}],"about":[{"href":"https:\/\/bukkleader.hu\/old\/wp-json\/wp\/v2\/types\/post"}],"author":[{"embeddable":true,"href":"https:\/\/bukkleader.hu\/old\/wp-json\/wp\/v2\/users\/1"}],"replies":[{"embeddable":true,"href":"https:\/\/bukkleader.hu\/old\/wp-json\/wp\/v2\/comments?post=424"}],"version-history":[{"count":1,"href":"https:\/\/bukkleader.hu\/old\/wp-json\/wp\/v2\/posts\/424\/revisions"}],"predecessor-version":[{"id":427,"href":"https:\/\/bukkleader.hu\/old\/wp-json\/wp\/v2\/posts\/424\/revisions\/427"}],"wp:featuredmedia":[{"embeddable":true,"href":"https:\/\/bukkleader.hu\/old\/wp-json\/wp\/v2\/media\/426"}],"wp:attachment":[{"href":"https:\/\/bukkleader.hu\/old\/wp-json\/wp\/v2\/media?parent=424"}],"wp:term":[{"taxonomy":"category","embeddable":true,"href":"https:\/\/bukkleader.hu\/old\/wp-json\/wp\/v2\/categories?post=424"},{"taxonomy":"post_tag","embeddable":true,"href":"https:\/\/bukkleader.hu\/old\/wp-json\/wp\/v2\/tags?post=424"}],"curies":[{"name":"wp","href":"https:\/\/api.w.org\/{rel}","templated":true}]}}