{"id":422,"date":"2015-03-31T07:41:44","date_gmt":"2015-03-31T05:41:44","guid":{"rendered":"https:\/\/bukkleader.hu\/old\/new\/?p=422"},"modified":"2015-09-23T07:44:36","modified_gmt":"2015-09-23T05:44:36","slug":"felvetel-mezogazdasagi-mernok-dualis-alapkepzesi-programra","status":"publish","type":"post","link":"https:\/\/bukkleader.hu\/old\/felvetel-mezogazdasagi-mernok-dualis-alapkepzesi-programra\/","title":{"rendered":"Felv\u00e9tel mez\u0151gazdas\u00e1gi m\u00e9rn\u00f6k du\u00e1lis alapk\u00e9pz\u00e9si programra"},"content":{"rendered":"<p class=\"style6\" style=\"text-align: justify;\">A B\u00fckk-T\u00e9rs\u00e9gi LEADER Egyes\u00fclet, \u00fagy is, mint a Debreceni Egyetem Mez\u0151gazdas\u00e1g-, \u00c9lelmiszertudom\u00e1nyi \u00e9s K\u00f6rnyezetgazd\u00e1lkod\u00e1si Kar\u00e1nak (DE-M\u00c9K)<strong> Meg\u00fajul\u00f3 Energiaforr\u00e1s Kihelyezett Tansz\u00e9ke felv\u00e9telt hirdet mez\u0151gazdas\u00e1gi m\u00e9rn\u00f6k du\u00e1lis alapk\u00e9pz\u00e9si programra<\/strong>. <!--more-->Gyakorlati k\u00e9pz\u0151hely: B\u00fckk-T\u00e9rs\u00e9gi LEADER Egyes\u00fclet, kor\u00e1bban B\u00dcKK-MAK LEADER Nonprofit Kft.<\/p>\n<p class=\"style6\" style=\"text-align: justify;\">A munkav\u00e9gz\u00e9s telephelye: 3554 B\u00fckkaranyos, Nagy-ferenczi tanya, mint a B\u00fckk-T\u00e9rs\u00e9gi LEADER K\u00f6z\u00f6ss\u00e9g Munkaszervezeti K\u00f6zpontja \u00e9s ter\u00fclete.<\/p>\n<p class=\"style6\" style=\"text-align: justify;\">Jelentkez\u00e9si hat\u00e1rid\u0151: 2015. \u00e1prilis 15.<\/p>\n<p class=\"style6\"><a href=\"https:\/\/bukkleader.hu\/old\/downloads\/hirdetmeny_btle.doc\" target=\"_blank\">A BTLE hirdetm\u00e9ny\u00e9nek let\u00f6lt\u00e9se &gt;&gt;<\/a><\/p>\n<div class=\"sharedaddy sd-sharing-enabled\"><div class=\"robots-nocontent sd-block sd-social sd-social-icon sd-sharing\"><h3 class=\"sd-title\">Share this:<\/h3><div class=\"sd-content\"><ul><li class=\"share-facebook\"><a rel=\"nofollow noopener noreferrer\" data-shared=\"sharing-facebook-422\" class=\"share-facebook sd-button share-icon no-text\" href=\"https:\/\/bukkleader.hu\/old\/felvetel-mezogazdasagi-mernok-dualis-alapkepzesi-programra\/?share=facebook\" target=\"_blank\" title=\"Click to share on Facebook\"><span><\/span><span class=\"sharing-screen-reader-text\">Click to share on Facebook (Opens in new window)<\/span><\/a><\/li><li class=\"share-twitter\"><a rel=\"nofollow noopener noreferrer\" data-shared=\"sharing-twitter-422\" class=\"share-twitter sd-button share-icon no-text\" href=\"https:\/\/bukkleader.hu\/old\/felvetel-mezogazdasagi-mernok-dualis-alapkepzesi-programra\/?share=twitter\" target=\"_blank\" title=\"Click to share on Twitter\"><span><\/span><span class=\"sharing-screen-reader-text\">Click to share on Twitter (Opens in new window)<\/span><\/a><\/li><li class=\"share-print\"><a rel=\"nofollow noopener noreferrer\" data-shared=\"\" class=\"share-print sd-button share-icon no-text\" href=\"https:\/\/bukkleader.hu\/old\/felvetel-mezogazdasagi-mernok-dualis-alapkepzesi-programra\/\" target=\"_blank\" title=\"Click to print\"><span><\/span><span class=\"sharing-screen-reader-text\">Click to print (Opens in new window)<\/span><\/a><\/li><li class=\"share-email\"><a rel=\"nofollow noopener noreferrer\" data-shared=\"\" class=\"share-email sd-button share-icon no-text\" href=\"https:\/\/bukkleader.hu\/old\/felvetel-mezogazdasagi-mernok-dualis-alapkepzesi-programra\/?share=email\" target=\"_blank\" title=\"Click to email this to a friend\"><span><\/span><span class=\"sharing-screen-reader-text\">Click to email this to a friend (Opens in new window)<\/span><\/a><\/li><li class=\"share-end\"><\/li><\/ul><\/div><\/div><\/div>","protected":false},"excerpt":{"rendered":"<p>A B\u00fckk-T\u00e9rs\u00e9gi LEADER Egyes\u00fclet, \u00fagy is, mint a Debreceni Egyetem Mez\u0151gazdas\u00e1g-, \u00c9lelmiszertudom\u00e1nyi \u00e9s K\u00f6rnyezetgazd\u00e1lkod\u00e1si Kar\u00e1nak (DE-M\u00c9K) Meg\u00fajul\u00f3 Energiaforr\u00e1s Kihelyezett Tansz\u00e9ke felv\u00e9telt hirdet mez\u0151gazdas\u00e1gi m\u00e9rn\u00f6k du\u00e1lis alapk\u00e9pz\u00e9si programra.<\/p>\n<div class=\"sharedaddy sd-sharing-enabled\"><div class=\"robots-nocontent sd-block sd-social sd-social-icon sd-sharing\"><h3 class=\"sd-title\">Share this:<\/h3><div class=\"sd-content\"><ul><li class=\"share-facebook\"><a rel=\"nofollow noopener noreferrer\" data-shared=\"sharing-facebook-422\" class=\"share-facebook sd-button share-icon no-text\" href=\"https:\/\/bukkleader.hu\/old\/felvetel-mezogazdasagi-mernok-dualis-alapkepzesi-programra\/?share=facebook\" target=\"_blank\" title=\"Click to share on Facebook\"><span><\/span><span class=\"sharing-screen-reader-text\">Click to share on Facebook (Opens in new window)<\/span><\/a><\/li><li class=\"share-twitter\"><a rel=\"nofollow noopener noreferrer\" data-shared=\"sharing-twitter-422\" class=\"share-twitter sd-button share-icon no-text\" href=\"https:\/\/bukkleader.hu\/old\/felvetel-mezogazdasagi-mernok-dualis-alapkepzesi-programra\/?share=twitter\" target=\"_blank\" title=\"Click to share on Twitter\"><span><\/span><span class=\"sharing-screen-reader-text\">Click to share on Twitter (Opens in new window)<\/span><\/a><\/li><li class=\"share-print\"><a rel=\"nofollow noopener noreferrer\" data-shared=\"\" class=\"share-print sd-button share-icon no-text\" href=\"https:\/\/bukkleader.hu\/old\/felvetel-mezogazdasagi-mernok-dualis-alapkepzesi-programra\/\" target=\"_blank\" title=\"Click to print\"><span><\/span><span class=\"sharing-screen-reader-text\">Click to print (Opens in new window)<\/span><\/a><\/li><li class=\"share-email\"><a rel=\"nofollow noopener noreferrer\" data-shared=\"\" class=\"share-email sd-button share-icon no-text\" href=\"https:\/\/bukkleader.hu\/old\/felvetel-mezogazdasagi-mernok-dualis-alapkepzesi-programra\/?share=email\" target=\"_blank\" title=\"Click to email this to a friend\"><span><\/span><span class=\"sharing-screen-reader-text\">Click to email this to a friend (Opens in new window)<\/span><\/a><\/li><li class=\"share-end\"><\/li><\/ul><\/div><\/div><\/div>","protected":false},"author":1,"featured_media":129,"comment_status":"open","ping_status":"closed","sticky":false,"template":"","format":"standard","meta":{"_bbp_topic_count":0,"_bbp_reply_count":0,"_bbp_total_topic_count":0,"_bbp_total_reply_count":0,"_bbp_voice_count":0,"_bbp_anonymous_reply_count":0,"_bbp_topic_count_hidden":0,"_bbp_reply_count_hidden":0,"_bbp_forum_subforum_count":0,"spay_email":"","jetpack_publicize_message":"","jetpack_is_tweetstorm":false,"jetpack_publicize_feature_enabled":true},"categories":[1],"tags":[],"jetpack_featured_media_url":"https:\/\/bukkleader.hu\/old\/wp-content\/uploads\/2015\/08\/384-9-debreceni-egyetem-logo.jpg","jetpack_publicize_connections":[],"jetpack_sharing_enabled":true,"jetpack-related-posts":[{"id":787,"url":"https:\/\/bukkleader.hu\/old\/hirdetmeny-felvetel-mezogazdasagi-mernok-alapkepzesi-programra\/","url_meta":{"origin":422,"position":0},"title":"Felv\u00e9teli hirdetm\u00e9ny! LEADER du\u00e1lis mez\u0151gazdas\u00e1gi m\u00e9rn\u00f6k alapk\u00e9pz\u00e9si programra","date":"2016-01-20","format":false,"excerpt":"HIRDETM\u00c9NY! Felv\u00e9tel LEADER du\u00e1lis mez\u0151gazdas\u00e1gi m\u00e9rn\u00f6k alapk\u00e9pz\u00e9si programra\u00a0Hirdetm\u00e9ny let\u00f6lt\u00e9se itt >>LEADER mez\u0151gazdas\u00e1gi m\u00e9rn\u00f6k 2016.","rel":"","context":"In &quot;H\u00edreink, k\u00f6zlem\u00e9nyeink&quot;","img":{"alt_text":"","src":"https:\/\/i2.wp.com\/bukkleader.hu\/old\/wp-content\/uploads\/2016\/01\/dualis-21.jpeg?resize=350%2C200&ssl=1","width":350,"height":200},"classes":[]},{"id":418,"url":"https:\/\/bukkleader.hu\/old\/egyetemi-dualis-kepzes-gyakorlati-kepzese-indulhat-a-bukk-tersegi-leader-egyesuletnel\/","url_meta":{"origin":422,"position":1},"title":"Egyetemi du\u00e1lis k\u00e9pz\u00e9s gyakorlati k\u00e9pz\u00e9se indulhat a B\u00fckk-T\u00e9rs\u00e9gi LEADER Egyes\u00fcletn\u00e9l","date":"2015-02-11","format":false,"excerpt":"A B\u00fckk-T\u00e9rs\u00e9gi LEADER Egyes\u00fclet \u00fagy is, mint a Debreceni Egyetem Mez\u0151gazdas\u00e1g-, \u00c9lelmiszertudom\u00e1nyi \u00e9s K\u00f6rnyezetgazd\u00e1lkod\u00e1si Kar\u00e1nak (DE-M\u00c9K) Meg\u00fajul\u00f3 Energiaforr\u00e1s Kihelyezett Tansz\u00e9ke egy\u00fcttm\u0171k\u00f6d\u00e9si meg\u00e1llapod\u00e1st k\u00f6t\u00f6tt a Debreceni Egyetemmel du\u00e1lis k\u00e9pz\u00e9s gyakorlati k\u00e9pz\u00e9s\u00e9nek biztos\u00edt\u00e1s\u00e1r\u00f3l.A meg\u00e1llapod\u00e1s beny\u00fajt\u00e1sra ker\u00fclt a Du\u00e1lis K\u00e9pz\u00e9si Tan\u00e1cshoz, mely azt elfogadta \u2013 a du\u00e1lis k\u00e9pz\u00e9s gyakorlati k\u00e9pz\u00e9s\u00e9nek ind\u00edt\u00e1sa a ter\u00fclet\u00fcnk\u00f6n\u2026","rel":"","context":"In &quot;H\u00edreink, k\u00f6zlem\u00e9nyeink&quot;","img":{"alt_text":"Debreceni Egyetem","src":"https:\/\/i1.wp.com\/bukkleader.hu\/old\/wp-content\/uploads\/2015\/08\/384-9-debreceni-egyetem-logo.jpg?resize=350%2C200&ssl=1","width":350,"height":200},"classes":[]},{"id":469,"url":"https:\/\/bukkleader.hu\/old\/tervezesi-terulet-jovahagyas\/","url_meta":{"origin":422,"position":2},"title":"Tervez\u00e9si ter\u00fclet j\u00f3v\u00e1hagy\u00e1s","date":"2015-10-09","format":false,"excerpt":"Az Eur\u00f3pai Mez\u0151gazdas\u00e1gi Vid\u00e9kfejleszt\u00e9si Alap t\u00e1rsfinansz\u00edroz\u00e1s\u00e1ban megval\u00f3sul\u00f3 Vid\u00e9kfejleszt\u00e9si Program Ir\u00e1ny\u00edt\u00f3 Hat\u00f3s\u00e1ga 2015. szeptember 25-\u00e9n j\u00f3v\u00e1hagyta a B\u00fckk-T\u00e9rs\u00e9gi LEADER Egyes\u00fclet illet\u00e9kess\u00e9gi ter\u00fclet\u00e9t, a 2014 -2020 k\u00f6z\u00f6tti programoz\u00e1si id\u0151szakra.A dokumentum olvas\u00e1sa itt:\u00a0IH_tervez\u00e9si_ter\u00fclet_j\u00f3v\u00e1hagy\u00e1s itt >>\u00a0","rel":"","context":"In &quot;H\u00edreink, k\u00f6zlem\u00e9nyeink&quot;","img":{"alt_text":"Magyarorsz\u00e1g Korm\u00e1nya","src":"https:\/\/i1.wp.com\/bukkleader.hu\/old\/wp-content\/uploads\/2015\/10\/kormany-w.jpg?resize=350%2C200&ssl=1","width":350,"height":200},"classes":[]},{"id":308,"url":"https:\/\/bukkleader.hu\/old\/az-emva-iv-leader-program-harmadik-benyujtasi-korenek-koncepcioja\/","url_meta":{"origin":422,"position":3},"title":"Az EMVA IV. LEADER Program harmadik beny\u00fajt\u00e1si k\u00f6r\u00e9nek koncepci\u00f3ja","date":"2013-02-19","format":false,"excerpt":"2013. tavasz\u00e1t\u00f3l, a Dar\u00e1nyi Ign\u00e1c Terv \u2013 \u00daj Magyarorsz\u00e1g Vid\u00e9kfejleszt\u00e9si Program keret\u00e9ben \u00fajabb EMVA IV. - LEADER vid\u00e9kfejleszt\u00e9si t\u00e1mogat\u00e1sok elnyer\u00e9s\u00e9re ny\u00edlnak lehet\u0151s\u00e9gek.A B\u00fckk-T\u00e9rs\u00e9gi LEADER Egyes\u00fclet ter\u00fclet\u00e9r\u0151l a Helyi Vid\u00e9kfejleszt\u00e9si Strat\u00e9gia k\u00f6z\u00f6s fel\u00fclvizsg\u00e1lata sor\u00e1n kialak\u00edtand\u00f3 LEADER c\u00e9lter\u00fcletekre ny\u00fajthat\u00f3k be p\u00e1ly\u00e1zatok. A program v\u00e9grehajt\u00e1s\u00e1ban az Ir\u00e1ny\u00edt\u00f3 Hat\u00f3s\u00e1g el\u0151zetes t\u00e1j\u00e9koztat\u00e1sa szerint az al\u00e1bbi\u2026","rel":"","context":"In &quot;H\u00edreink, k\u00f6zlem\u00e9nyeink&quot;","img":{"alt_text":"bukk-leader-logo-w","src":"https:\/\/i2.wp.com\/bukkleader.hu\/old\/wp-content\/uploads\/2015\/09\/bukk-leader-logo-w.jpg?resize=350%2C200&ssl=1","width":350,"height":200},"classes":[]},{"id":1307,"url":"https:\/\/bukkleader.hu\/old\/vitassuk-meg-jovonket-konferencia-bukkaranyoson\/","url_meta":{"origin":422,"position":4},"title":"\u201eVitassuk meg a j\u00f6v\u0151nket\u201d konferencia &#8211; B\u00fckkaranyoson","date":"2017-03-28","format":false,"excerpt":"A Fidelitas Mez\u0151gazdas\u00e1gi \u00e9s Vid\u00e9kfejleszt\u00e9si Kabinet valamint a Fenntarthat\u00f3 Fejl\u0151d\u00e9s Kabinet szervez\u00e9s\u00e9ben a \"Vitassuk meg a J\u00f6v\u0151nket\" c\u00edm\u0171 konferencia egyik kerekasztal besz\u00e9lget\u00e9s\u00e9t B\u00fckkaranyoson, a B\u00fckk-T\u00e9rs\u00e9gi LEADER Egyes\u00fclet sz\u00e9khely\u00e9n tartj\u00e1k. A rendezv\u00e9ny egyik el\u0151ad\u00f3ja Dr. Nagy J\u00f3zsef PhD a vid\u00e9kfejleszt\u00e9si k\u00f6z\u00f6ss\u00e9g eln\u00f6ke, akit a szervez\u0151k felk\u00e9rtek hogy sz\u00e1moljon be a B\u00fckk-T\u00e9rs\u00e9gi\u2026","rel":"","context":"In &quot;H\u00edreink, k\u00f6zlem\u00e9nyeink&quot;","img":{"alt_text":"","src":"https:\/\/i2.wp.com\/bukkleader.hu\/old\/wp-content\/uploads\/2017\/03\/t\u00f6lt\u0151-baranyos.jpg?resize=350%2C200&ssl=1","width":350,"height":200},"classes":[]},{"id":398,"url":"https:\/\/bukkleader.hu\/old\/figyelem-tobb-emva-jogcimrendelet-modositasra-kerult\/","url_meta":{"origin":422,"position":5},"title":"Figyelem! T\u00f6bb EMVA jogc\u00edmrendelet m\u00f3dos\u00edt\u00e1sra ker\u00fclt","date":"2014-09-23","format":false,"excerpt":"2014. szeptember 15-\u00e9n megjelent az 1\/2014. (IX. 15.) MVM\u00a0rendelet Az Eur\u00f3pai Mez\u0151gazdas\u00e1gi Vid\u00e9kfejleszt\u00e9si Alapb\u00f3l finansz\u00edrozott egyes agr\u00e1rt\u00e1mogat\u00e1si t\u00e1rgy\u00fa miniszteri rendeletek m\u00f3dos\u00edt\u00e1s\u00e1r\u00f3l. A rendelet t\u00f6bbek k\u00f6z\u00f6tt tartalmazza:\u00a0A\u00a0LEADER Helyi Akci\u00f3csoportok feladat ell\u00e1t\u00e1s\u00e1hoz az\u00a0Eur\u00f3pai Mez\u0151gazdas\u00e1gi Vid\u00e9kfejleszt\u00e9si Alapb\u00f3l ny\u00fajtand\u00f3 vid\u00e9kfejleszt\u00e9si t\u00e1mogat\u00e1s r\u00e9szletes felt\u00e9teleir\u0151l sz\u00f3l\u00f330\/2012. (III. 24.) VM\u00a0rendelet m\u00f3dos\u00edt\u00e1s\u00e1t, az\u00a0Eur\u00f3pai Mez\u0151gazdas\u00e1gi Vid\u00e9kfejleszt\u00e9si Alapb\u00f3l a\u00a0mikrov\u00e1llalkoz\u00e1sok l\u00e9trehoz\u00e1s\u00e1ra\u2026","rel":"","context":"In &quot;H\u00edreink, k\u00f6zlem\u00e9nyeink&quot;","img":{"alt_text":"paragrafus","src":"https:\/\/i0.wp.com\/bukkleader.hu\/old\/wp-content\/uploads\/2012\/06\/paragrafus384w.jpg?resize=350%2C200&ssl=1","width":350,"height":200},"classes":[]}],"_links":{"self":[{"href":"https:\/\/bukkleader.hu\/old\/wp-json\/wp\/v2\/posts\/422"}],"collection":[{"href":"https:\/\/bukkleader.hu\/old\/wp-json\/wp\/v2\/posts"}],"about":[{"href":"https:\/\/bukkleader.hu\/old\/wp-json\/wp\/v2\/types\/post"}],"author":[{"embeddable":true,"href":"https:\/\/bukkleader.hu\/old\/wp-json\/wp\/v2\/users\/1"}],"replies":[{"embeddable":true,"href":"https:\/\/bukkleader.hu\/old\/wp-json\/wp\/v2\/comments?post=422"}],"version-history":[{"count":1,"href":"https:\/\/bukkleader.hu\/old\/wp-json\/wp\/v2\/posts\/422\/revisions"}],"predecessor-version":[{"id":423,"href":"https:\/\/bukkleader.hu\/old\/wp-json\/wp\/v2\/posts\/422\/revisions\/423"}],"wp:featuredmedia":[{"embeddable":true,"href":"https:\/\/bukkleader.hu\/old\/wp-json\/wp\/v2\/media\/129"}],"wp:attachment":[{"href":"https:\/\/bukkleader.hu\/old\/wp-json\/wp\/v2\/media?parent=422"}],"wp:term":[{"taxonomy":"category","embeddable":true,"href":"https:\/\/bukkleader.hu\/old\/wp-json\/wp\/v2\/categories?post=422"},{"taxonomy":"post_tag","embeddable":true,"href":"https:\/\/bukkleader.hu\/old\/wp-json\/wp\/v2\/tags?post=422"}],"curies":[{"name":"wp","href":"https:\/\/api.w.org\/{rel}","templated":true}]}}