{"id":418,"date":"2015-02-11T17:31:15","date_gmt":"2015-02-11T16:31:15","guid":{"rendered":"https:\/\/bukkleader.hu\/old\/new\/?p=418"},"modified":"2015-09-22T17:35:18","modified_gmt":"2015-09-22T15:35:18","slug":"egyetemi-dualis-kepzes-gyakorlati-kepzese-indulhat-a-bukk-tersegi-leader-egyesuletnel","status":"publish","type":"post","link":"https:\/\/bukkleader.hu\/old\/egyetemi-dualis-kepzes-gyakorlati-kepzese-indulhat-a-bukk-tersegi-leader-egyesuletnel\/","title":{"rendered":"Egyetemi du\u00e1lis k\u00e9pz\u00e9s gyakorlati k\u00e9pz\u00e9se indulhat a B\u00fckk-T\u00e9rs\u00e9gi LEADER Egyes\u00fcletn\u00e9l"},"content":{"rendered":"<p class=\"style6\" style=\"text-align: justify;\">A B\u00fckk-T\u00e9rs\u00e9gi LEADER Egyes\u00fclet \u00fagy is, mint a Debreceni Egyetem Mez\u0151gazdas\u00e1g-, \u00c9lelmiszertudom\u00e1nyi \u00e9s K\u00f6rnyezetgazd\u00e1lkod\u00e1si Kar\u00e1nak (DE-M\u00c9K) Meg\u00fajul\u00f3 Energiaforr\u00e1s Kihelyezett Tansz\u00e9ke egy\u00fcttm\u0171k\u00f6d\u00e9si meg\u00e1llapod\u00e1st k\u00f6t\u00f6tt a Debreceni Egyetemmel <strong>du\u00e1lis k\u00e9pz\u00e9s gyakorlati k\u00e9pz\u00e9s\u00e9nek biztos\u00edt\u00e1s\u00e1r\u00f3l.<\/strong><\/p>\n<p class=\"style6\" style=\"text-align: justify;\"><!--more--><strong>A meg\u00e1llapod\u00e1s beny\u00fajt\u00e1sra ker\u00fclt a Du\u00e1lis K\u00e9pz\u00e9si Tan\u00e1cshoz, mely azt elfogadta<\/strong> <strong>\u2013 a du\u00e1lis k\u00e9pz\u00e9s gyakorlati k\u00e9pz\u00e9s\u00e9nek ind\u00edt\u00e1sa a ter\u00fclet\u00fcnk\u00f6n<\/strong> az Egyes\u00fclet min\u0151s\u00edt\u0151 vizsg\u00e1lata \u00e9s az egy\u00fcttm\u0171k\u00f6d\u00e9si meg\u00e1llapod\u00e1s, illetve a gyakorlati k\u00e9pz\u0151hely\u00fcnk az Oktat\u00e1si Hivatal \u00e1ltal t\u00f6rt\u00e9n\u0151 nyilv\u00e1ntart\u00e1sba v\u00e9tele\u00a0 ut\u00e1n, <strong>2015. szeptembert\u0151l v\u00e1rhat\u00f3<\/strong>.<\/p>\n<p class=\"style6\" style=\"text-align: justify;\">\u00c9retts\u00e9giz\u0151k, felv\u00e9teliz\u0151k \u00e9s sz\u00fcleik figyelm\u00e9be aj\u00e1nljuk, hogy a fentiekkel kapcsolatban a k\u00f6zelj\u00f6v\u0151ben <strong>egyetemi felv\u00e9teli el\u0151k\u00e9sz\u00edt\u0151 f\u00f3rumot tartunk<\/strong>, ahov\u00e1 v\u00e1rjuk azok jelentkez\u00e9s\u00e9t, akik <strong>a mez\u0151gazdas\u00e1g, az \u00e9lelmiszeripar, a k\u00f6rnyezetgazd\u00e1lkod\u00e1s \u00e9s az ezekhez kapcsol\u00f3d\u00f3 alkalmazott meg\u00fajul\u00f3 energetika<\/strong> ter\u00fclet\u00e9n, egyetemi nappali k\u00e9pz\u00e9sen akarnak magas fok\u00fa elm\u00e9leti \u00e9s gyakorlati tud\u00e1sra \u00e9s a tanul\u00e1s alatt fizet\u00e9sre szert tenni, a du\u00e1lis k\u00e9pz\u00e9s ny\u00fajtotta lehet\u0151s\u00e9geket kihaszn\u00e1lva.<br \/>Tov\u00e1bb\u00e1 a k\u00e9pz\u00e9si rendszerben val\u00f3 r\u00e9szv\u00e9telr\u0151l \u00e9s a hallgat\u00f3k r\u00e9szv\u00e9teli lehet\u0151s\u00e9g\u00e9r\u0151l weboldalunkon is folyamatosan t\u00e1j\u00e9koztat\u00e1st ny\u00fajtunk. B\u0151vebb inform\u00e1ci\u00f3k <a href=\"https:\/\/bukkleader.hu\/old\/kapcsolat\/\">el\u00e9rhet\u0151s\u00e9geinken<\/a> k\u00e9rhet\u0151k.<\/p>\n<div class=\"sharedaddy sd-sharing-enabled\"><div class=\"robots-nocontent sd-block sd-social sd-social-icon sd-sharing\"><h3 class=\"sd-title\">Share this:<\/h3><div class=\"sd-content\"><ul><li class=\"share-facebook\"><a rel=\"nofollow noopener noreferrer\" data-shared=\"sharing-facebook-418\" class=\"share-facebook sd-button share-icon no-text\" href=\"https:\/\/bukkleader.hu\/old\/egyetemi-dualis-kepzes-gyakorlati-kepzese-indulhat-a-bukk-tersegi-leader-egyesuletnel\/?share=facebook\" target=\"_blank\" title=\"Click to share on Facebook\"><span><\/span><span class=\"sharing-screen-reader-text\">Click to share on Facebook (Opens in new window)<\/span><\/a><\/li><li class=\"share-twitter\"><a rel=\"nofollow noopener noreferrer\" data-shared=\"sharing-twitter-418\" class=\"share-twitter sd-button share-icon no-text\" href=\"https:\/\/bukkleader.hu\/old\/egyetemi-dualis-kepzes-gyakorlati-kepzese-indulhat-a-bukk-tersegi-leader-egyesuletnel\/?share=twitter\" target=\"_blank\" title=\"Click to share on Twitter\"><span><\/span><span class=\"sharing-screen-reader-text\">Click to share on Twitter (Opens in new window)<\/span><\/a><\/li><li class=\"share-print\"><a rel=\"nofollow noopener noreferrer\" data-shared=\"\" class=\"share-print sd-button share-icon no-text\" href=\"https:\/\/bukkleader.hu\/old\/egyetemi-dualis-kepzes-gyakorlati-kepzese-indulhat-a-bukk-tersegi-leader-egyesuletnel\/\" target=\"_blank\" title=\"Click to print\"><span><\/span><span class=\"sharing-screen-reader-text\">Click to print (Opens in new window)<\/span><\/a><\/li><li class=\"share-email\"><a rel=\"nofollow noopener noreferrer\" data-shared=\"\" class=\"share-email sd-button share-icon no-text\" href=\"https:\/\/bukkleader.hu\/old\/egyetemi-dualis-kepzes-gyakorlati-kepzese-indulhat-a-bukk-tersegi-leader-egyesuletnel\/?share=email\" target=\"_blank\" title=\"Click to email this to a friend\"><span><\/span><span class=\"sharing-screen-reader-text\">Click to email this to a friend (Opens in new window)<\/span><\/a><\/li><li class=\"share-end\"><\/li><\/ul><\/div><\/div><\/div>","protected":false},"excerpt":{"rendered":"<p>A B\u00fckk-T\u00e9rs\u00e9gi LEADER Egyes\u00fclet \u00fagy is, mint a Debreceni Egyetem Mez\u0151gazdas\u00e1g-, \u00c9lelmiszertudom\u00e1nyi \u00e9s K\u00f6rnyezetgazd\u00e1lkod\u00e1si Kar\u00e1nak (DE-M\u00c9K) Meg\u00fajul\u00f3 Energiaforr\u00e1s Kihelyezett Tansz\u00e9ke egy\u00fcttm\u0171k\u00f6d\u00e9si meg\u00e1llapod\u00e1st k\u00f6t\u00f6tt a Debreceni Egyetemmel du\u00e1lis k\u00e9pz\u00e9s gyakorlati k\u00e9pz\u00e9s\u00e9nek biztos\u00edt\u00e1s\u00e1r\u00f3l.<\/p>\n<div class=\"sharedaddy sd-sharing-enabled\"><div class=\"robots-nocontent sd-block sd-social sd-social-icon sd-sharing\"><h3 class=\"sd-title\">Share this:<\/h3><div class=\"sd-content\"><ul><li class=\"share-facebook\"><a rel=\"nofollow noopener noreferrer\" data-shared=\"sharing-facebook-418\" class=\"share-facebook sd-button share-icon no-text\" href=\"https:\/\/bukkleader.hu\/old\/egyetemi-dualis-kepzes-gyakorlati-kepzese-indulhat-a-bukk-tersegi-leader-egyesuletnel\/?share=facebook\" target=\"_blank\" title=\"Click to share on Facebook\"><span><\/span><span class=\"sharing-screen-reader-text\">Click to share on Facebook (Opens in new window)<\/span><\/a><\/li><li class=\"share-twitter\"><a rel=\"nofollow noopener noreferrer\" data-shared=\"sharing-twitter-418\" class=\"share-twitter sd-button share-icon no-text\" href=\"https:\/\/bukkleader.hu\/old\/egyetemi-dualis-kepzes-gyakorlati-kepzese-indulhat-a-bukk-tersegi-leader-egyesuletnel\/?share=twitter\" target=\"_blank\" title=\"Click to share on Twitter\"><span><\/span><span class=\"sharing-screen-reader-text\">Click to share on Twitter (Opens in new window)<\/span><\/a><\/li><li class=\"share-print\"><a rel=\"nofollow noopener noreferrer\" data-shared=\"\" class=\"share-print sd-button share-icon no-text\" href=\"https:\/\/bukkleader.hu\/old\/egyetemi-dualis-kepzes-gyakorlati-kepzese-indulhat-a-bukk-tersegi-leader-egyesuletnel\/\" target=\"_blank\" title=\"Click to print\"><span><\/span><span class=\"sharing-screen-reader-text\">Click to print (Opens in new window)<\/span><\/a><\/li><li class=\"share-email\"><a rel=\"nofollow noopener noreferrer\" data-shared=\"\" class=\"share-email sd-button share-icon no-text\" href=\"https:\/\/bukkleader.hu\/old\/egyetemi-dualis-kepzes-gyakorlati-kepzese-indulhat-a-bukk-tersegi-leader-egyesuletnel\/?share=email\" target=\"_blank\" title=\"Click to email this to a friend\"><span><\/span><span class=\"sharing-screen-reader-text\">Click to email this to a friend (Opens in new window)<\/span><\/a><\/li><li class=\"share-end\"><\/li><\/ul><\/div><\/div><\/div>","protected":false},"author":1,"featured_media":129,"comment_status":"open","ping_status":"closed","sticky":false,"template":"","format":"standard","meta":{"_bbp_topic_count":0,"_bbp_reply_count":0,"_bbp_total_topic_count":0,"_bbp_total_reply_count":0,"_bbp_voice_count":0,"_bbp_anonymous_reply_count":0,"_bbp_topic_count_hidden":0,"_bbp_reply_count_hidden":0,"_bbp_forum_subforum_count":0,"spay_email":"","jetpack_publicize_message":"","jetpack_is_tweetstorm":false,"jetpack_publicize_feature_enabled":true},"categories":[1],"tags":[],"jetpack_featured_media_url":"https:\/\/bukkleader.hu\/old\/wp-content\/uploads\/2015\/08\/384-9-debreceni-egyetem-logo.jpg","jetpack_publicize_connections":[],"jetpack_sharing_enabled":true,"jetpack-related-posts":[{"id":301,"url":"https:\/\/bukkleader.hu\/old\/megujulo-energiaforras-kihelyezett-tanszek-alakul-a-hacs-kozpontjaban\/","url_meta":{"origin":418,"position":0},"title":"\u201eMeg\u00fajul\u00f3 Energiaforr\u00e1s Kihelyezett Tansz\u00e9k\u201d alakul a HACS k\u00f6zpontj\u00e1ban","date":"2013-01-31","format":false,"excerpt":"Az eddigi t\u00f6bb \u00e9ves szakmai egy\u00fcttm\u0171k\u00f6d\u00e9s kisz\u00e9les\u00edt\u00e9sek\u00e9nt a Debreceni Egyetem Agr\u00e1r- \u00e9s Gazd\u00e1lkod\u00e1studom\u00e1nyok Centruma, Mez\u0151gazdas\u00e1gi-, \u00c9lelmiszertudom\u00e1nyi \u00e9s K\u00f6rnyezetgazd\u00e1lkod\u00e1si Kar \u00e9s B\u00fckk-T\u00e9rs\u00e9gi LEADER Egyes\u00fclet az Egyes\u00fclet 2013. janu\u00e1r 24-i k\u00f6zgy\u0171l\u00e9se keret\u00e9ben, sajt\u00f3nyilv\u00e1noss\u00e1g mellett meg\u00e1llapod\u00e1st k\u00f6t\u00f6ttek \u201eMeg\u00fajul\u00f3 Energiaforr\u00e1s Kihelyezett Tansz\u00e9k\u201d l\u00e9trehoz\u00e1s\u00e1ra.A B\u00fckkaranyosra kihelyezett tansz\u00e9k r\u00e9szt vesz a Debreceni Egyetem MSc szakos hallgat\u00f3inak\u2026","rel":"","context":"In &quot;Eredm\u00e9nyeink&quot;","img":{"alt_text":"Debreceni Egyetem","src":"https:\/\/i1.wp.com\/bukkleader.hu\/old\/wp-content\/uploads\/2015\/08\/384-9-debreceni-egyetem-logo.jpg?resize=350%2C200&ssl=1","width":350,"height":200},"classes":[]},{"id":106,"url":"https:\/\/bukkleader.hu\/old\/2013-januar-01-2013-marcius-31-idoszak\/","url_meta":{"origin":418,"position":1},"title":"2013. janu\u00e1r 01. &#8211; 2013. m\u00e1rcius 31. id\u0151szak","date":"2013-04-01","format":false,"excerpt":"A B\u00fckk-T\u00e9rs\u00e9gi LEADER Egyes\u00fclet munkaszervezet\u00e9nek legfontosabb feladatai a 2013.01.01. \u2013 03.31. id\u0151szakban a HACS-hoz be\u00e9rkezett EMVA III. falumeg\u00faj\u00edt\u00e1s \u00e9s \u2013fejleszt\u00e9s p\u00e1ly\u00e1zatok \u00fcgyint\u00e9z\u00e9se, a szakmai kapcsolat\u00e9p\u00edt\u00e9s \u00e9s az 2014-2020 id\u0151szak EU-s tervez\u00e9s\u00e9vel kapcsolatos egyeztet\u00e9seken val\u00f3 r\u00e9szv\u00e9tel voltak.A vid\u00e9kfejleszt\u00e9si k\u00f6z\u00f6ss\u00e9g min\u00e9l sz\u00e9lesebb k\u00f6r\u0171 t\u00e1j\u00e9koztat\u00e1sa \u00e9rdek\u00e9ben a t\u00e1mogat\u00e1si id\u0151szakban t\u00f6bb szakmai f\u00f3rumot tartottunk,\u2026","rel":"","context":"In &quot;Munkabesz\u00e1mol\u00f3k&quot;","img":{"alt_text":"","src":"","width":0,"height":0},"classes":[]},{"id":420,"url":"https:\/\/bukkleader.hu\/old\/letolthetok-a-2015-januar-30-i-kozgyulesunkon-tartott-eloadasok-prezentacioi\/","url_meta":{"origin":418,"position":2},"title":"Let\u00f6lthet\u0151k a 2015. janu\u00e1r 30-i k\u00f6zgy\u0171l\u00e9s\u00fcnk\u00f6n tartott el\u0151ad\u00e1sok prezent\u00e1ci\u00f3i","date":"2015-02-15","format":false,"excerpt":"Az al\u00e1bbiakban let\u00f6lthet\u0151k a B\u00fckk-T\u00e9rs\u00e9gi LEADER Egyes\u00fclet 2015. janu\u00e1r 30-i, Tibolddar\u00f3con megtartott (megism\u00e9telt) k\u00f6zgy\u0171l\u00e9s\u00e9n elhangzott el\u0151ad\u00e1sok prezent\u00e1ci\u00f3i, a k\u00f6zgy\u0171l\u00e9si napirendi pontok szerint:Besz\u00e1mol\u00f3 a 2014\/2. f\u00e9l\u00e9v eredm\u00e9nyeir\u0151l. Dr. Nagy J\u00f3zsef el\u0151ad\u00e1s\u00e1nak let\u00f6lt\u00e9se >>P\u00e1ly\u00e1zati \u00e9s egy\u00fcttm\u0171k\u00f6d\u00e9si lehet\u0151s\u00e9gek a 2014-2020 t\u00e1mogat\u00e1si id\u0151szakban.T\u00e1j\u00e9koztat\u00f3 a LEADER program folytat\u00e1s\u00e1r\u00f3l a 2014.12.10-i, budapesti Fejleszt\u00e9spolitikai F\u00f3rumon elhangzottak alapj\u00e1n.\u2026","rel":"","context":"In &quot;H\u00edreink, k\u00f6zlem\u00e9nyeink&quot;","img":{"alt_text":"bukk-leader-logo-w","src":"https:\/\/i2.wp.com\/bukkleader.hu\/old\/wp-content\/uploads\/2015\/09\/bukk-leader-logo-w.jpg?resize=350%2C200&ssl=1","width":350,"height":200},"classes":[]},{"id":342,"url":"https:\/\/bukkleader.hu\/old\/egyuttmukodesi-megallapodast-kotott-a-magyar-tudomanyos-akademia-energiatudomanyi-kutatokozpontja-es-a-bukk-tersegi-leader-egyesulet\/","url_meta":{"origin":418,"position":3},"title":"Egy\u00fcttm\u0171k\u00f6d\u00e9si meg\u00e1llapod\u00e1st k\u00f6t\u00f6tt a Magyar Tudom\u00e1nyos Akad\u00e9mia Energiatudom\u00e1nyi Kutat\u00f3k\u00f6zpontja \u00e9s a B\u00fckk-T\u00e9rs\u00e9gi LEADER Egyes\u00fclet","date":"2013-10-31","format":false,"excerpt":"2013. okt\u00f3ber 03-\u00e1n, \u00fcnnep\u00e9lyes k\u00f6zgy\u0171l\u00e9s keret\u00e9ben egy\u00fcttm\u0171k\u00f6d\u00e9si meg\u00e1llapod\u00e1st k\u00f6t\u00f6tt a decentraliz\u00e1lt villamosenergia-h\u00e1l\u00f3zatok ter\u00fclet\u00e9n folytatott kutat\u00e1si, fejleszt\u00e9si valamint innov\u00e1ci\u00f3s tev\u00e9kenys\u00e9geik \u00f6sszehangol\u00e1s\u00e1ra a Magyar Tudom\u00e1nyos Akad\u00e9mia Energiatudom\u00e1nyi Kutat\u00f3k\u00f6zpontja (MTA EK)\u00a0\u00e9s a B\u00fckk-T\u00e9rs\u00e9gi LEADER Egyes\u00fclet (BTLE), amely egyben a Debreceni Egyetem AGTC M\u00c9K Meg\u00fajul\u00f3 Energia Forr\u00e1s Kihelyezett Tansz\u00e9ke is. Az egy\u00fcttm\u0171k\u00f6d\u00e9s keret\u00e9ben a\u2026","rel":"","context":"In &quot;H\u00edreink, k\u00f6zlem\u00e9nyeink&quot;","img":{"alt_text":"","src":"https:\/\/i1.wp.com\/bukkleader.hu\/old\/wp-content\/uploads\/2015\/09\/mtaek1-w.jpg?resize=350%2C200&ssl=1","width":350,"height":200},"classes":[]},{"id":422,"url":"https:\/\/bukkleader.hu\/old\/felvetel-mezogazdasagi-mernok-dualis-alapkepzesi-programra\/","url_meta":{"origin":418,"position":4},"title":"Felv\u00e9tel mez\u0151gazdas\u00e1gi m\u00e9rn\u00f6k du\u00e1lis alapk\u00e9pz\u00e9si programra","date":"2015-03-31","format":false,"excerpt":"A B\u00fckk-T\u00e9rs\u00e9gi LEADER Egyes\u00fclet, \u00fagy is, mint a Debreceni Egyetem Mez\u0151gazdas\u00e1g-, \u00c9lelmiszertudom\u00e1nyi \u00e9s K\u00f6rnyezetgazd\u00e1lkod\u00e1si Kar\u00e1nak (DE-M\u00c9K) Meg\u00fajul\u00f3 Energiaforr\u00e1s Kihelyezett Tansz\u00e9ke felv\u00e9telt hirdet mez\u0151gazdas\u00e1gi m\u00e9rn\u00f6k du\u00e1lis alapk\u00e9pz\u00e9si programra. Gyakorlati k\u00e9pz\u0151hely: B\u00fckk-T\u00e9rs\u00e9gi LEADER Egyes\u00fclet, kor\u00e1bban B\u00dcKK-MAK LEADER Nonprofit Kft.A munkav\u00e9gz\u00e9s telephelye: 3554 B\u00fckkaranyos, Nagy-ferenczi tanya, mint a B\u00fckk-T\u00e9rs\u00e9gi LEADER K\u00f6z\u00f6ss\u00e9g Munkaszervezeti K\u00f6zpontja\u2026","rel":"","context":"In &quot;H\u00edreink, k\u00f6zlem\u00e9nyeink&quot;","img":{"alt_text":"Debreceni Egyetem","src":"https:\/\/i1.wp.com\/bukkleader.hu\/old\/wp-content\/uploads\/2015\/08\/384-9-debreceni-egyetem-logo.jpg?resize=350%2C200&ssl=1","width":350,"height":200},"classes":[]},{"id":462,"url":"https:\/\/bukkleader.hu\/old\/gyogynovenytermesztes-borsodban\/","url_meta":{"origin":418,"position":5},"title":"Gy\u00f3gyn\u00f6v\u00e9nytermeszt\u00e9s Borsodban","date":"2015-04-08","format":false,"excerpt":"200 \u00f3r\u00e1s, \"Gy\u00f3gyn\u00f6v\u00e9nytermeszt\u00e9s Borsodban\" c. k\u00e9pz\u00e9s indul B\u00fckkaranyosonA B\u00fckk-Hegys\u00e9gi Meg\u00fajul\u00f3 Energi\u00e1k Iskol\u00e1k Alap\u00edtv\u00e1nya az \"\u00daj Hold h\u00e1za, eg\u00e9szs\u00e9gmeg\u0151rz\u0151 \u00e9s k\u00f6z\u00f6ss\u00e9gi szolg\u00e1ltat\u00e1sok k\u00f6zpontj\u00e1nak \u00e9s fenntarthat\u00f3s\u00e1g\u00e1nak kialak\u00edt\u00e1sa\u00a0 egy\u00fcttm\u0171k\u00f6d\u00e9s keret\u00e9ben\" c. projekt keret\u00e9ben egy 200 \u00f3r\u00e1s k\u00e9pz\u00e9st szervez \"Gy\u00f3gyn\u00f6v\u00e9nytermeszt\u00e9s Borsodban\" c\u00edmmel.A k\u00e9pz\u00e9s id\u0151pontja: 2015.04.28-2015.05.30.,Helysz\u00edn: B\u00fckkaranyos.T\u00e9m\u00e1k:1. N\u00f6v\u00e9nytani \u00e9s gy\u00f3gyn\u00f6v\u00e9nyismeret,2. Gy\u00f3gyn\u00f6v\u00e9nyek gy\u0171jt\u00e9se,3. Gy\u00f3gyn\u00f6v\u00e9nyek feldolgoz\u00e1sa,4. Drogismeret,\u2026","rel":"","context":"In &quot;H\u00edreink, k\u00f6zlem\u00e9nyeink&quot;","img":{"alt_text":"logo_ujhold-w","src":"https:\/\/i1.wp.com\/bukkleader.hu\/old\/wp-content\/uploads\/2015\/09\/logo_ujhold-w.jpg?resize=350%2C200&ssl=1","width":350,"height":200},"classes":[]}],"_links":{"self":[{"href":"https:\/\/bukkleader.hu\/old\/wp-json\/wp\/v2\/posts\/418"}],"collection":[{"href":"https:\/\/bukkleader.hu\/old\/wp-json\/wp\/v2\/posts"}],"about":[{"href":"https:\/\/bukkleader.hu\/old\/wp-json\/wp\/v2\/types\/post"}],"author":[{"embeddable":true,"href":"https:\/\/bukkleader.hu\/old\/wp-json\/wp\/v2\/users\/1"}],"replies":[{"embeddable":true,"href":"https:\/\/bukkleader.hu\/old\/wp-json\/wp\/v2\/comments?post=418"}],"version-history":[{"count":1,"href":"https:\/\/bukkleader.hu\/old\/wp-json\/wp\/v2\/posts\/418\/revisions"}],"predecessor-version":[{"id":419,"href":"https:\/\/bukkleader.hu\/old\/wp-json\/wp\/v2\/posts\/418\/revisions\/419"}],"wp:featuredmedia":[{"embeddable":true,"href":"https:\/\/bukkleader.hu\/old\/wp-json\/wp\/v2\/media\/129"}],"wp:attachment":[{"href":"https:\/\/bukkleader.hu\/old\/wp-json\/wp\/v2\/media?parent=418"}],"wp:term":[{"taxonomy":"category","embeddable":true,"href":"https:\/\/bukkleader.hu\/old\/wp-json\/wp\/v2\/categories?post=418"},{"taxonomy":"post_tag","embeddable":true,"href":"https:\/\/bukkleader.hu\/old\/wp-json\/wp\/v2\/tags?post=418"}],"curies":[{"name":"wp","href":"https:\/\/api.w.org\/{rel}","templated":true}]}}