{"id":408,"date":"2014-11-18T17:06:05","date_gmt":"2014-11-18T16:06:05","guid":{"rendered":"https:\/\/bukkleader.hu\/old\/new\/?p=408"},"modified":"2015-09-22T17:06:58","modified_gmt":"2015-09-22T15:06:58","slug":"kormanyrendelet-jelent-meg-a-2014-2020-idoszaki-tamogatasok-felhasznalasi-rendjerol","status":"publish","type":"post","link":"https:\/\/bukkleader.hu\/old\/kormanyrendelet-jelent-meg-a-2014-2020-idoszaki-tamogatasok-felhasznalasi-rendjerol\/","title":{"rendered":"Korm\u00e1nyrendelet jelent meg a 2014-2020 id\u0151szaki t\u00e1mogat\u00e1sok felhaszn\u00e1l\u00e1si rendj\u00e9r\u0151l"},"content":{"rendered":"<p style=\"text-align: justify;\">Megjelent a 272\/2014. (XI. 05.) Korm. rendelet<strong> a 2014-2020 programoz\u00e1si id\u0151szakban az egyes eur\u00f3pai uni\u00f3s alapokb\u00f3l sz\u00e1rmaz\u00f3 t\u00e1mogat\u00e1sok felhaszn\u00e1l\u00e1si rendj\u00e9r\u0151l<\/strong>. A Korm. rendelet a Magyar K\u00f6zl\u00f6ny 2014.11.05-i, 151. sz\u00e1m\u00e1ban olvashat\u00f3, <a href=\"http:\/\/www.magyarkozlony.hu\/dokumentumok\/f75cbfd104f7652a9b165bcc27fa7807a67d8329\/megtekintes\" target=\"_blank\">mely el\u00e9rhet\u0151 innen &gt;&gt;<\/a><\/p>\n<div class=\"sharedaddy sd-sharing-enabled\"><div class=\"robots-nocontent sd-block sd-social sd-social-icon sd-sharing\"><h3 class=\"sd-title\">Share this:<\/h3><div class=\"sd-content\"><ul><li class=\"share-facebook\"><a rel=\"nofollow noopener noreferrer\" data-shared=\"sharing-facebook-408\" class=\"share-facebook sd-button share-icon no-text\" href=\"https:\/\/bukkleader.hu\/old\/kormanyrendelet-jelent-meg-a-2014-2020-idoszaki-tamogatasok-felhasznalasi-rendjerol\/?share=facebook\" target=\"_blank\" title=\"Click to share on Facebook\"><span><\/span><span class=\"sharing-screen-reader-text\">Click to share on Facebook (Opens in new window)<\/span><\/a><\/li><li class=\"share-twitter\"><a rel=\"nofollow noopener noreferrer\" data-shared=\"sharing-twitter-408\" class=\"share-twitter sd-button share-icon no-text\" href=\"https:\/\/bukkleader.hu\/old\/kormanyrendelet-jelent-meg-a-2014-2020-idoszaki-tamogatasok-felhasznalasi-rendjerol\/?share=twitter\" target=\"_blank\" title=\"Click to share on Twitter\"><span><\/span><span class=\"sharing-screen-reader-text\">Click to share on Twitter (Opens in new window)<\/span><\/a><\/li><li class=\"share-print\"><a rel=\"nofollow noopener noreferrer\" data-shared=\"\" class=\"share-print sd-button share-icon no-text\" href=\"https:\/\/bukkleader.hu\/old\/kormanyrendelet-jelent-meg-a-2014-2020-idoszaki-tamogatasok-felhasznalasi-rendjerol\/\" target=\"_blank\" title=\"Click to print\"><span><\/span><span class=\"sharing-screen-reader-text\">Click to print (Opens in new window)<\/span><\/a><\/li><li class=\"share-email\"><a rel=\"nofollow noopener noreferrer\" data-shared=\"\" class=\"share-email sd-button share-icon no-text\" href=\"https:\/\/bukkleader.hu\/old\/kormanyrendelet-jelent-meg-a-2014-2020-idoszaki-tamogatasok-felhasznalasi-rendjerol\/?share=email\" target=\"_blank\" title=\"Click to email this to a friend\"><span><\/span><span class=\"sharing-screen-reader-text\">Click to email this to a friend (Opens in new window)<\/span><\/a><\/li><li class=\"share-end\"><\/li><\/ul><\/div><\/div><\/div>","protected":false},"excerpt":{"rendered":"<p>Megjelent a 272\/2014. (XI. 05.) Korm. rendelet a 2014-2020 programoz\u00e1si id\u0151szakban az egyes eur\u00f3pai uni\u00f3s alapokb\u00f3l sz\u00e1rmaz\u00f3 t\u00e1mogat\u00e1sok felhaszn\u00e1l\u00e1si rendj\u00e9r\u0151l. A Korm. rendelet a Magyar K\u00f6zl\u00f6ny 2014.11.05-i, 151. sz\u00e1m\u00e1ban olvashat\u00f3, mely el\u00e9rhet\u0151 innen &gt;&gt;<\/p>\n<div class=\"sharedaddy sd-sharing-enabled\"><div class=\"robots-nocontent sd-block sd-social sd-social-icon sd-sharing\"><h3 class=\"sd-title\">Share this:<\/h3><div class=\"sd-content\"><ul><li class=\"share-facebook\"><a rel=\"nofollow noopener noreferrer\" data-shared=\"sharing-facebook-408\" class=\"share-facebook sd-button share-icon no-text\" href=\"https:\/\/bukkleader.hu\/old\/kormanyrendelet-jelent-meg-a-2014-2020-idoszaki-tamogatasok-felhasznalasi-rendjerol\/?share=facebook\" target=\"_blank\" title=\"Click to share on Facebook\"><span><\/span><span class=\"sharing-screen-reader-text\">Click to share on Facebook (Opens in new window)<\/span><\/a><\/li><li class=\"share-twitter\"><a rel=\"nofollow noopener noreferrer\" data-shared=\"sharing-twitter-408\" class=\"share-twitter sd-button share-icon no-text\" href=\"https:\/\/bukkleader.hu\/old\/kormanyrendelet-jelent-meg-a-2014-2020-idoszaki-tamogatasok-felhasznalasi-rendjerol\/?share=twitter\" target=\"_blank\" title=\"Click to share on Twitter\"><span><\/span><span class=\"sharing-screen-reader-text\">Click to share on Twitter (Opens in new window)<\/span><\/a><\/li><li class=\"share-print\"><a rel=\"nofollow noopener noreferrer\" data-shared=\"\" class=\"share-print sd-button share-icon no-text\" href=\"https:\/\/bukkleader.hu\/old\/kormanyrendelet-jelent-meg-a-2014-2020-idoszaki-tamogatasok-felhasznalasi-rendjerol\/\" target=\"_blank\" title=\"Click to print\"><span><\/span><span class=\"sharing-screen-reader-text\">Click to print (Opens in new window)<\/span><\/a><\/li><li class=\"share-email\"><a rel=\"nofollow noopener noreferrer\" data-shared=\"\" class=\"share-email sd-button share-icon no-text\" href=\"https:\/\/bukkleader.hu\/old\/kormanyrendelet-jelent-meg-a-2014-2020-idoszaki-tamogatasok-felhasznalasi-rendjerol\/?share=email\" target=\"_blank\" title=\"Click to email this to a friend\"><span><\/span><span class=\"sharing-screen-reader-text\">Click to email this to a friend (Opens in new window)<\/span><\/a><\/li><li class=\"share-end\"><\/li><\/ul><\/div><\/div><\/div>","protected":false},"author":1,"featured_media":228,"comment_status":"open","ping_status":"closed","sticky":false,"template":"","format":"standard","meta":{"_bbp_topic_count":0,"_bbp_reply_count":0,"_bbp_total_topic_count":0,"_bbp_total_reply_count":0,"_bbp_voice_count":0,"_bbp_anonymous_reply_count":0,"_bbp_topic_count_hidden":0,"_bbp_reply_count_hidden":0,"_bbp_forum_subforum_count":0,"spay_email":"","jetpack_publicize_message":"","jetpack_is_tweetstorm":false,"jetpack_publicize_feature_enabled":true},"categories":[1],"tags":[],"jetpack_featured_media_url":"https:\/\/bukkleader.hu\/old\/wp-content\/uploads\/2012\/06\/eu-zaszlo384w.jpg","jetpack_publicize_connections":[],"jetpack_sharing_enabled":true,"jetpack-related-posts":[{"id":99,"url":"https:\/\/bukkleader.hu\/old\/2012-majus-01-2012-junius-30-idoszak\/","url_meta":{"origin":408,"position":0},"title":"2012. m\u00e1jus 01. \u2013 2012. j\u00fanius 30. id\u0151szak","date":"2012-07-01","format":false,"excerpt":"A B\u00fckk-T\u00e9rs\u00e9gi LEADER Egyes\u00fclet az IH \u00e1ltal 2012. m\u00e1jus 1-i hat\u00e1llyal LEADER Helyi Akci\u00f3csoportk\u00e9nt elismer\u00e9sre ker\u00fclt \u00e9s \u00e1tvette a LEADER p\u00e1ly\u00e1zatokkal kapcsolatos feladatokat a B\u00dcKK-MAK LEADER Nonprofit Kft.-t\u0151l. Az Egyes\u00fclet a k\u00f6zgy\u0171l\u00e9s d\u00f6nt\u00e9se szerint saj\u00e1t munkaszervezetet alak\u00edtott, melyben a kor\u00e1bbi HACS munkat\u00e1rsai (\u00f6sszesen 8 f\u0151) a meg\u00e1llapod\u00e1ssal haszn\u00e1latba vett eszk\u00f6z\u00e1llom\u00e1nnyal,\u2026","rel":"","context":"In &quot;Munkabesz\u00e1mol\u00f3k&quot;","img":{"alt_text":"","src":"","width":0,"height":0},"classes":[]},{"id":2491,"url":"https:\/\/bukkleader.hu\/old\/tajekoztatas-a-tamogatott-rendezvenyek-elhalasztasanak-kotelezettsegerol-es-lehetosegerol\/","url_meta":{"origin":408,"position":1},"title":"T\u00e1j\u00e9koztat\u00e1s a t\u00e1mogatott rendezv\u00e9nyek elhalaszt\u00e1s\u00e1nak k\u00f6telezetts\u00e9g\u00e9r\u0151l \u00e9s lehet\u0151s\u00e9g\u00e9r\u0151l","date":"2020-03-16","format":false,"excerpt":"Tisztelt Kedvezm\u00e9nyezettek! Felh\u00edvjuk a figyelm\u00fcket arra, hogy a Magyar K\u00f6zl\u00f6ny 2020. \u00e9vi 40. sz\u00e1m\u00e1ban megjelent\u00a0az \u00e9let- \u00e9s vagyonbiztons\u00e1got vesz\u00e9lyeztet\u0151 t\u00f6meges megbeteged\u00e9st okoz\u00f3 hum\u00e1n j\u00e1rv\u00e1ny megel\u0151z\u00e9se, illetve k\u00f6vetkezm\u00e9nyeinek elh\u00e1r\u00edt\u00e1sa, a magyar \u00e1llampolg\u00e1rok eg\u00e9szs\u00e9g\u00e9nek \u00e9s \u00e9let\u00e9nek meg\u00f3v\u00e1sa \u00e9rdek\u00e9ben elrendelt vesz\u00e9lyhelyzet sor\u00e1n teend\u0151 int\u00e9zked\u00e9sekr\u0151l sz\u00f3l\u00f3 41\/2020. (III. 11.) Korm. rendelet 4.\u00a7 d) pontj\u00e1ban\u2026","rel":"","context":"In &quot;H\u00edreink, k\u00f6zlem\u00e9nyeink&quot;","img":{"alt_text":"","src":"https:\/\/i2.wp.com\/bukkleader.hu\/old\/wp-content\/uploads\/2017\/12\/danger.png?resize=350%2C200&ssl=1","width":350,"height":200},"classes":[]},{"id":396,"url":"https:\/\/bukkleader.hu\/old\/3500-milliard-forint-a-videknek-2014-2020-kozott\/","url_meta":{"origin":408,"position":2},"title":"3500 milli\u00e1rd forint a vid\u00e9knek 2014-2020 k\u00f6z\u00f6tt","date":"2014-08-15","format":false,"excerpt":"\"A 2014-2020-as eur\u00f3pai uni\u00f3s id\u0151szak vid\u00e9kfejleszt\u00e9si lehet\u0151s\u00e9geir\u0151l tartottak szakmai f\u00f3rumot Zselickislakon, ahol hangs\u00falyozt\u00e1k: a f\u0151 c\u00e9l a n\u00e9pess\u00e9g \u00e9s a munkahelyek megtart\u00e1sa, valamint a gazdas\u00e1gfejleszt\u00e9s. A k\u00f6vetkez\u0151 h\u00e9t \u00e9vben vid\u00e9kfejleszt\u00e9sre kevesebb, de a k\u00f6zvetlen t\u00e1mogat\u00e1sokkal \u00f6sszess\u00e9g\u00e9ben t\u00f6bb forr\u00e1s jut a vid\u00e9k t\u00e1mogat\u00e1s\u00e1ra, mint a megel\u0151z\u0151 ciklusban.\" Tov\u00e1bb a teljes cikkhez\u2026","rel":"","context":"In &quot;H\u00edreink, k\u00f6zlem\u00e9nyeink&quot;","img":{"alt_text":"eu z\u00e1szl\u00f3","src":"https:\/\/i0.wp.com\/bukkleader.hu\/old\/wp-content\/uploads\/2012\/06\/eu-zaszlo384w.jpg?resize=350%2C200&ssl=1","width":350,"height":200},"classes":[]},{"id":365,"url":"https:\/\/bukkleader.hu\/old\/hogyan-tervezzunk-2014-2020\/","url_meta":{"origin":408,"position":3},"title":"&#8220;Hogyan tervezz\u00fcnk? &#8211; 2014-2020&#8221;","date":"2013-11-19","format":false,"excerpt":"A B\u00fckk-T\u00e9rs\u00e9gi LEADER Egyes\u00fclet az elm\u00falt hetekben, december h\u00f3nap k\u00f6zep\u00e9ig telep\u00fcl\u00e9si szakmai f\u00f3rumokat szervez, melyek f\u0151 t\u00e9m\u00e1ja: \"hogyan kell v\u00e1llalkoz\u00e1sunkat, nonprofit szervezet\u00fcnket, egyh\u00e1zunkat, \u00f6nkorm\u00e1nyzatunkat beprogramozni a 2014-2020 tervez\u00e9si id\u0151szak t\u00e1mogat\u00e1si rendszer\u00e9be?\" Tagjaink k\u00e9r\u00e9seknek megfelel\u0151en Dr. Nagy J\u00f3zsef eln\u00f6k a szakmai f\u00f3rumokon tartott el\u0151ad\u00e1s\u00e1nak bemutat\u00f3j\u00e1t k\u00f6zz\u00e9tessz\u00fck, let\u00f6lthet\u0151 itt >","rel":"","context":"In &quot;H\u00edreink, k\u00f6zlem\u00e9nyeink&quot;","img":{"alt_text":"bukk-leader-logo-w","src":"https:\/\/i2.wp.com\/bukkleader.hu\/old\/wp-content\/uploads\/2015\/09\/bukk-leader-logo-w.jpg?resize=350%2C200&ssl=1","width":350,"height":200},"classes":[]},{"id":282,"url":"https:\/\/bukkleader.hu\/old\/a-videkfejlesztesi-miniszterium-megkezdte-a-2014-2020-idoszak-tervezeset\/","url_meta":{"origin":408,"position":4},"title":"A Vid\u00e9kfejleszt\u00e9si Miniszt\u00e9rium megkezdte a 2014-2020 id\u0151szak tervez\u00e9s\u00e9t","date":"2012-12-12","format":false,"excerpt":"\u201eA vid\u00e9kfejleszt\u00e9si t\u00e1rca \u00e9s a 2014-2020-as tervez\u00e9s koordin\u00e1ci\u00f3j\u00e1\u00e9rt felel\u0151s NAKVI r\u00e9gi\u00f3s f\u00f3rumokon tal\u00e1lkozott a megy\u00e9k, valamint a LEADER Helyi Akci\u00f3csoportok k\u00e9pvisel\u0151ivel, hogy egy\u00fctt jel\u00f6lj\u00e9k ki a k\u00f6vetkez\u0151 programoz\u00e1si id\u0151szak ir\u00e1nyait \u00e9s egyeztess\u00e9k elk\u00e9pzel\u00e9seiket.\u201d Tov\u00e1bb a teljes cikkhez a www.umvp.eu weboldalra >>","rel":"","context":"In &quot;H\u00edreink, k\u00f6zlem\u00e9nyeink&quot;","img":{"alt_text":"Vid\u00e9kfejleszt\u00e9si Miniszt\u00e9rium","src":"https:\/\/i2.wp.com\/bukkleader.hu\/old\/wp-content\/uploads\/2015\/09\/384-2-vfm-w.jpg?resize=350%2C200&ssl=1","width":350,"height":200},"classes":[]},{"id":290,"url":"https:\/\/bukkleader.hu\/old\/a-hacs-felhivasa-a-2014-2020-idoszak-elokeszitesevel-kapcsolatban\/","url_meta":{"origin":408,"position":5},"title":"A HACS felh\u00edv\u00e1sa a 2014-2020 id\u0151szak el\u0151k\u00e9sz\u00edt\u00e9s\u00e9vel kapcsolatban","date":"2013-01-30","format":false,"excerpt":"Az al\u00e1bbiakban k\u00f6zz\u00e9tessz\u00fck a HACS a 2014-2020 id\u0151szak tervez\u00e9s\u00e9nek el\u0151k\u00e9sz\u00edt\u00e9s\u00e9vel kapcsolatos felh\u00edv\u00e1s\u00e1t \u00e9s annak mell\u00e9kleteit, melyeket aj\u00e1nlunk tagjaink \u00e9s leend\u0151 tagjaink sz\u00edves figyelm\u00e9be.A dokumentumok az al\u00e1bbi linkeken \u00e9rhet\u0151k el:Felh\u00edv\u00e1s, megkeres\u0151 lev\u00e9l: www.bukkleader.hu\/downloads\/01_14_megkereso_level.pdfmell\u00e9klet: www.bukkleader.hu\/downloads\/01_14_1_melleklet.zipmell\u00e9klet: www.bukkleader.hu\/downloads\/01_14_2_melleklet.zipmell\u00e9klet: www.bukkleader.hu\/downloads\/01_14_3_melleklet_szandeknyilatkozat.doc","rel":"","context":"In &quot;H\u00edreink, k\u00f6zlem\u00e9nyeink&quot;","img":{"alt_text":"bukk-leader-logo-w","src":"https:\/\/i2.wp.com\/bukkleader.hu\/old\/wp-content\/uploads\/2015\/09\/bukk-leader-logo-w.jpg?resize=350%2C200&ssl=1","width":350,"height":200},"classes":[]}],"_links":{"self":[{"href":"https:\/\/bukkleader.hu\/old\/wp-json\/wp\/v2\/posts\/408"}],"collection":[{"href":"https:\/\/bukkleader.hu\/old\/wp-json\/wp\/v2\/posts"}],"about":[{"href":"https:\/\/bukkleader.hu\/old\/wp-json\/wp\/v2\/types\/post"}],"author":[{"embeddable":true,"href":"https:\/\/bukkleader.hu\/old\/wp-json\/wp\/v2\/users\/1"}],"replies":[{"embeddable":true,"href":"https:\/\/bukkleader.hu\/old\/wp-json\/wp\/v2\/comments?post=408"}],"version-history":[{"count":1,"href":"https:\/\/bukkleader.hu\/old\/wp-json\/wp\/v2\/posts\/408\/revisions"}],"predecessor-version":[{"id":409,"href":"https:\/\/bukkleader.hu\/old\/wp-json\/wp\/v2\/posts\/408\/revisions\/409"}],"wp:featuredmedia":[{"embeddable":true,"href":"https:\/\/bukkleader.hu\/old\/wp-json\/wp\/v2\/media\/228"}],"wp:attachment":[{"href":"https:\/\/bukkleader.hu\/old\/wp-json\/wp\/v2\/media?parent=408"}],"wp:term":[{"taxonomy":"category","embeddable":true,"href":"https:\/\/bukkleader.hu\/old\/wp-json\/wp\/v2\/categories?post=408"},{"taxonomy":"post_tag","embeddable":true,"href":"https:\/\/bukkleader.hu\/old\/wp-json\/wp\/v2\/tags?post=408"}],"curies":[{"name":"wp","href":"https:\/\/api.w.org\/{rel}","templated":true}]}}