{"id":400,"date":"2014-09-23T16:41:22","date_gmt":"2014-09-23T14:41:22","guid":{"rendered":"https:\/\/bukkleader.hu\/old\/new\/?p=400"},"modified":"2015-09-22T17:00:00","modified_gmt":"2015-09-22T15:00:00","slug":"akkreditalt-falusi-vendeglato-kepzes","status":"publish","type":"post","link":"https:\/\/bukkleader.hu\/old\/akkreditalt-falusi-vendeglato-kepzes\/","title":{"rendered":"Akkredit\u00e1lt falusi vend\u00e9gl\u00e1t\u00f3 k\u00e9pz\u00e9s"},"content":{"rendered":"<p style=\"text-align: justify;\"><strong>Felh\u00edv\u00e1s: A Falusi \u00e9s Agroturizmus Orsz\u00e1gos Sz\u00f6vets\u00e9ge &#8220;akkredit\u00e1lt falusi vend\u00e9gl\u00e1t\u00f3&#8221; k\u00e9pz\u00e9st ind\u00edt<\/strong><!--more--><\/p>\n<p style=\"text-align: justify;\">A k\u00e9pz\u00e9s c\u00e9lja: szakmai felk\u00e9sz\u00edt\u00e9s, kezd\u0151 falusi vend\u00e9gl\u00e1t\u00f3k \u00e9s vid\u00e9ki szolg\u00e1ltat\u00f3k\u00e9nt tanyagazdas\u00e1got, farmgazdas\u00e1got m\u0171k\u00f6dtet\u0151 mag\u00e1nszem\u00e9lyek, kis- \u00e9s mikr\u00f3v\u00e1llalkoz\u00e1sok sz\u00e1m\u00e1ra.<\/p>\n<p style=\"text-align: justify;\"><strong>A k\u00e9pz\u00e9s c\u00e9lcsoportja: a falusi vend\u00e9gfogad\u00f3k, a falusi turizmus, mint szolg\u00e1ltat\u00f3i tev\u00e9kenys\u00e9g ir\u00e1nt \u00e9rdekl\u0151d\u0151k akik most tervezik bekapcsol\u00f3d\u00e1sukat a vend\u00e9gfogad\u00e1sba, vagy szeretn\u00e9k ismereteiket elm\u00e9ly\u00edteni.<\/strong><\/p>\n<p style=\"text-align: justify;\">\u0150k lehetnek kezd\u0151 \u00a0falusi vend\u00e9gl\u00e1t\u00f3k, \u00daMVP nyertes falusi sz\u00e1ll\u00e1sad\u00f3k, vid\u00e9ki szolg\u00e1ltat\u00f3k, tanyagazdas\u00e1got \u00e9s farmgazdas\u00e1got m\u0171k\u00f6dtet\u0151\u00a0 mag\u00e1nszem\u00e9lyek, \u0151stermel\u0151k, kis- \u00e9s mikr\u00f3v\u00e1llalkoz\u00e1sok vezet\u0151i, munkat\u00e1rsai.<\/p>\n<p style=\"text-align: justify;\">Tov\u00e1bbi inform\u00e1ci\u00f3k:<\/p>\n<ul style=\"list-style-type: disc;\">\n<li style=\"text-align: justify;\"><a href=\"https:\/\/bukkleader.hu\/old\/downloads\/fatosz_felhivas.doc\" target=\"_blank\">FELH\u00cdV\u00c1S let\u00f6lt\u00e9se &gt;&gt;<\/a><\/li>\n<li style=\"text-align: justify;\"><a href=\"https:\/\/bukkleader.hu\/old\/downloads\/fatosz_jelentkezesi_lap.doc\" target=\"_blank\">Jelentkez\u00e9si lap let\u00f6lt\u00e9se &gt;&gt;<\/a><\/li>\n<\/ul>\n<div class=\"sharedaddy sd-sharing-enabled\"><div class=\"robots-nocontent sd-block sd-social sd-social-icon sd-sharing\"><h3 class=\"sd-title\">Share this:<\/h3><div class=\"sd-content\"><ul><li class=\"share-facebook\"><a rel=\"nofollow noopener noreferrer\" data-shared=\"sharing-facebook-400\" class=\"share-facebook sd-button share-icon no-text\" href=\"https:\/\/bukkleader.hu\/old\/akkreditalt-falusi-vendeglato-kepzes\/?share=facebook\" target=\"_blank\" title=\"Click to share on Facebook\"><span><\/span><span class=\"sharing-screen-reader-text\">Click to share on Facebook (Opens in new window)<\/span><\/a><\/li><li class=\"share-twitter\"><a rel=\"nofollow noopener noreferrer\" data-shared=\"sharing-twitter-400\" class=\"share-twitter sd-button share-icon no-text\" href=\"https:\/\/bukkleader.hu\/old\/akkreditalt-falusi-vendeglato-kepzes\/?share=twitter\" target=\"_blank\" title=\"Click to share on Twitter\"><span><\/span><span class=\"sharing-screen-reader-text\">Click to share on Twitter (Opens in new window)<\/span><\/a><\/li><li class=\"share-print\"><a rel=\"nofollow noopener noreferrer\" data-shared=\"\" class=\"share-print sd-button share-icon no-text\" href=\"https:\/\/bukkleader.hu\/old\/akkreditalt-falusi-vendeglato-kepzes\/\" target=\"_blank\" title=\"Click to print\"><span><\/span><span class=\"sharing-screen-reader-text\">Click to print (Opens in new window)<\/span><\/a><\/li><li class=\"share-email\"><a rel=\"nofollow noopener noreferrer\" data-shared=\"\" class=\"share-email sd-button share-icon no-text\" href=\"https:\/\/bukkleader.hu\/old\/akkreditalt-falusi-vendeglato-kepzes\/?share=email\" target=\"_blank\" title=\"Click to email this to a friend\"><span><\/span><span class=\"sharing-screen-reader-text\">Click to email this to a friend (Opens in new window)<\/span><\/a><\/li><li class=\"share-end\"><\/li><\/ul><\/div><\/div><\/div>","protected":false},"excerpt":{"rendered":"<p>Felh\u00edv\u00e1s: A Falusi \u00e9s Agroturizmus Orsz\u00e1gos Sz\u00f6vets\u00e9ge &#8220;akkredit\u00e1lt falusi vend\u00e9gl\u00e1t\u00f3&#8221; k\u00e9pz\u00e9st ind\u00edt<\/p>\n<div class=\"sharedaddy sd-sharing-enabled\"><div class=\"robots-nocontent sd-block sd-social sd-social-icon sd-sharing\"><h3 class=\"sd-title\">Share this:<\/h3><div class=\"sd-content\"><ul><li class=\"share-facebook\"><a rel=\"nofollow noopener noreferrer\" data-shared=\"sharing-facebook-400\" class=\"share-facebook sd-button share-icon no-text\" href=\"https:\/\/bukkleader.hu\/old\/akkreditalt-falusi-vendeglato-kepzes\/?share=facebook\" target=\"_blank\" title=\"Click to share on Facebook\"><span><\/span><span class=\"sharing-screen-reader-text\">Click to share on Facebook (Opens in new window)<\/span><\/a><\/li><li class=\"share-twitter\"><a rel=\"nofollow noopener noreferrer\" data-shared=\"sharing-twitter-400\" class=\"share-twitter sd-button share-icon no-text\" href=\"https:\/\/bukkleader.hu\/old\/akkreditalt-falusi-vendeglato-kepzes\/?share=twitter\" target=\"_blank\" title=\"Click to share on Twitter\"><span><\/span><span class=\"sharing-screen-reader-text\">Click to share on Twitter (Opens in new window)<\/span><\/a><\/li><li class=\"share-print\"><a rel=\"nofollow noopener noreferrer\" data-shared=\"\" class=\"share-print sd-button share-icon no-text\" href=\"https:\/\/bukkleader.hu\/old\/akkreditalt-falusi-vendeglato-kepzes\/\" target=\"_blank\" title=\"Click to print\"><span><\/span><span class=\"sharing-screen-reader-text\">Click to print (Opens in new window)<\/span><\/a><\/li><li class=\"share-email\"><a rel=\"nofollow noopener noreferrer\" data-shared=\"\" class=\"share-email sd-button share-icon no-text\" href=\"https:\/\/bukkleader.hu\/old\/akkreditalt-falusi-vendeglato-kepzes\/?share=email\" target=\"_blank\" title=\"Click to email this to a friend\"><span><\/span><span class=\"sharing-screen-reader-text\">Click to email this to a friend (Opens in new window)<\/span><\/a><\/li><li class=\"share-end\"><\/li><\/ul><\/div><\/div><\/div>","protected":false},"author":1,"featured_media":401,"comment_status":"open","ping_status":"closed","sticky":false,"template":"","format":"standard","meta":{"_bbp_topic_count":0,"_bbp_reply_count":0,"_bbp_total_topic_count":0,"_bbp_total_reply_count":0,"_bbp_voice_count":0,"_bbp_anonymous_reply_count":0,"_bbp_topic_count_hidden":0,"_bbp_reply_count_hidden":0,"_bbp_forum_subforum_count":0,"spay_email":"","jetpack_publicize_message":"","jetpack_is_tweetstorm":false,"jetpack_publicize_feature_enabled":true},"categories":[1],"tags":[],"jetpack_featured_media_url":"https:\/\/bukkleader.hu\/old\/wp-content\/uploads\/2015\/09\/falusi-turizmus_itthon-hu-w.jpg","jetpack_publicize_connections":[],"jetpack_sharing_enabled":true,"jetpack-related-posts":[{"id":225,"url":"https:\/\/bukkleader.hu\/old\/mvh-ertesites\/","url_meta":{"origin":400,"position":0},"title":"MVH \u00e9rtes\u00edt\u00e9s &#8211; enged\u00e9lyek beny\u00fajt\u00e1si hat\u00e1rideje 2015.09.30.","date":"2015-09-22","format":false,"excerpt":"Tisztelt P\u00e1ly\u00e1z\u00f3! Felh\u00edvjuk sz\u00edves figyelm\u00e9t, hogy az EMVA-b\u00f3l t\u00e1rsfinansz\u00edrozott beruh\u00e1z\u00e1si jogc\u00edmek eset\u00e9n a j\u00f3v\u00e1hagyott, enged\u00e9lyk\u00f6teles tev\u00e9kenys\u00e9ghez kapcsol\u00f3d\u00f3 beruh\u00e1z\u00e1sokhoz sz\u00fcks\u00e9ges joger\u0151s enged\u00e9lyeket (haszn\u00e1latbav\u00e9teli enged\u00e9ly, m\u0171k\u00f6d\u00e9si enged\u00e9ly, egy\u00e9b, a jogszab\u00e1ly \u00e1ltal k\u00f6telez\u0151en beny\u00fajtand\u00f3 enged\u00e9ly) \u00e9s min\u0151s\u00edt\u00e9st igazol\u00f3 dokumentumokat (falusi sz\u00e1ll\u00e1shelyek 4 napraforg\u00f3s min\u0151s\u00edt\u00e9se, lovas szolg\u00e1ltat\u00f3k 3 patk\u00f3s min\u0151s\u00edt\u00e9se) 2015. szeptember 30-ig be\u2026","rel":"","context":"In &quot;H\u00edreink, k\u00f6zlem\u00e9nyeink&quot;","img":{"alt_text":"mhv-logo","src":"https:\/\/i2.wp.com\/bukkleader.hu\/old\/wp-content\/uploads\/2015\/09\/mvh-logo-w.jpg?resize=350%2C200&ssl=1","width":350,"height":200},"classes":[]},{"id":392,"url":"https:\/\/bukkleader.hu\/old\/kozossegi-animator-kepzes-indul\/","url_meta":{"origin":400,"position":1},"title":"K\u00f6z\u00f6ss\u00e9gi anim\u00e1tor k\u00e9pz\u00e9s indul","date":"2014-07-03","format":false,"excerpt":"A Nemzeti Agr\u00e1rszaktan\u00e1csad\u00e1si, K\u00e9pz\u00e9si \u00e9s Vid\u00e9kfejleszt\u00e9si Int\u00e9zet (NAKVI) helyi k\u00f6z\u00f6ss\u00e9g- \u00e9s vid\u00e9kfejleszt\u0151 szakemberek,az \u00fajonnan l\u00e9trej\u00f6v\u0151 t\u00f6bbfunkci\u00f3s szolg\u00e1ltat\u00f3 k\u00f6zpontok, illetve az Integr\u00e1lt K\u00f6z\u00f6ss\u00e9gi \u00e9s Szolg\u00e1ltat\u00f3 Terek (IKSZT-k) munkat\u00e1rsai r\u00e9sz\u00e9re akkredit\u00e1lt 40 \u00f3r\u00e1s k\u00f6z\u00f6ss\u00e9gi anim\u00e1tor k\u00e9pz\u00e9st ind\u00edt 2014. j\u00falius-augusztus h\u00f3nap folyam\u00e1n.Tov\u00e1bbi inform\u00e1ci\u00f3k az umvp.eu weboldalon>>","rel":"","context":"In &quot;H\u00edreink, k\u00f6zlem\u00e9nyeink&quot;","img":{"alt_text":"ikszt.logo","src":"https:\/\/i2.wp.com\/bukkleader.hu\/old\/wp-content\/uploads\/2015\/09\/ikszt.logo_1.jpg?resize=350%2C200&ssl=1","width":350,"height":200},"classes":[]},{"id":8808,"url":"https:\/\/bukkleader.hu\/old\/tematikus-tudomka-kozpont-kepzese-felsozsolca-2022-06-22\/","url_meta":{"origin":400,"position":2},"title":"TEMATIKUS TUDOMKA K\u00d6ZPONT k\u00e9pz\u00e9se &#8211; Fels\u0151zsolca, 2022.06.22.","date":"2022-05-20","format":false,"excerpt":"A B\u00fckki Kapt\u00e1rk\u0151 Tan\u00e1csad\u00f3 \u00e9s Szolg\u00e1ltat\u00f3 Szoci\u00e1lis Sz\u00f6vetkezet tisztelettel megh\u00edvja \u00d6n\u00f6ket turisztikai egy\u00fcttm\u0171k\u00f6d\u00e9sek \u00e9s fejleszt\u00e9sek megval\u00f3s\u00edt\u00e1sa t\u00e1rgy\u00e1ban tartand\u00f3 k\u00e9pz\u00e9s\u00e9re. A megh\u00edv\u00f3 pdf-ben let\u00f6lthet\u0151 itt.","rel":"","context":"In &quot;H\u00edreink, k\u00f6zlem\u00e9nyeink&quot;","img":{"alt_text":"","src":"https:\/\/i0.wp.com\/bukkleader.hu\/old\/wp-content\/uploads\/2018\/12\/hat\u00e1rid\u0151-modos\u00edt\u00e1s-2.jpg?resize=350%2C200&ssl=1","width":350,"height":200},"classes":[]},{"id":8835,"url":"https:\/\/bukkleader.hu\/old\/tematikus-tudomka-kozpont-kepzese-kacs-2022-07-05\/","url_meta":{"origin":400,"position":3},"title":"TEMATIKUS TUDOMKA K\u00d6ZPONT k\u00e9pz\u00e9se &#8211; K\u00e1cs, 2022.07.05.","date":"2022-06-09","format":false,"excerpt":"A B\u00fckki Kapt\u00e1rk\u0151 Tan\u00e1csad\u00f3 \u00e9s Szolg\u00e1ltat\u00f3 Szoci\u00e1lis Sz\u00f6vetkezet tisztelettel megh\u00edvja \u00d6n\u00f6ket turisztikai egy\u00fcttm\u0171k\u00f6d\u00e9sek \u00e9s fejleszt\u00e9sek megval\u00f3s\u00edt\u00e1sa t\u00e1rgy\u00e1ban tartand\u00f3 k\u00e9pz\u00e9s\u00e9re. A megh\u00edv\u00f3 pdf-ben let\u00f6lthet\u0151 itt.","rel":"","context":"In &quot;H\u00edreink, k\u00f6zlem\u00e9nyeink&quot;","img":{"alt_text":"","src":"https:\/\/i2.wp.com\/bukkleader.hu\/old\/wp-content\/uploads\/2021\/03\/onlinekepzes.jpg?resize=350%2C200&ssl=1","width":350,"height":200},"classes":[]},{"id":8843,"url":"https:\/\/bukkleader.hu\/old\/tematikus-tudomka-kozpont-kepzese-cserepvaralja-2022-07-12\/","url_meta":{"origin":400,"position":4},"title":"TEMATIKUS TUDOMKA K\u00d6ZPONT k\u00e9pz\u00e9se &#8211; Cser\u00e9pv\u00e1ralja, 2022.07.12.","date":"2022-06-09","format":false,"excerpt":"A B\u00fckki Kapt\u00e1rk\u0151 Tan\u00e1csad\u00f3 \u00e9s Szolg\u00e1ltat\u00f3 Szoci\u00e1lis Sz\u00f6vetkezet tisztelettel megh\u00edvja \u00d6n\u00f6ket turisztikai egy\u00fcttm\u0171k\u00f6d\u00e9sek \u00e9s fejleszt\u00e9sek megval\u00f3s\u00edt\u00e1sa t\u00e1rgy\u00e1ban tartand\u00f3 k\u00e9pz\u00e9s\u00e9re. A megh\u00edv\u00f3 pdf-ben let\u00f6lthet\u0151 itt.","rel":"","context":"In &quot;H\u00edreink, k\u00f6zlem\u00e9nyeink&quot;","img":{"alt_text":"","src":"https:\/\/i0.wp.com\/bukkleader.hu\/old\/wp-content\/uploads\/2018\/12\/hat\u00e1rid\u0151-modos\u00edt\u00e1s-2.jpg?resize=350%2C200&ssl=1","width":350,"height":200},"classes":[]},{"id":8848,"url":"https:\/\/bukkleader.hu\/old\/tematikus-tudomka-kozpont-kepzese-bukkabrany-2022-07-15\/","url_meta":{"origin":400,"position":5},"title":"TEMATIKUS TUDOMKA K\u00d6ZPONT k\u00e9pz\u00e9se &#8211; B\u00fckk\u00e1br\u00e1ny, 2022.07.15.","date":"2022-06-23","format":false,"excerpt":"A B\u00fckki Kapt\u00e1rk\u0151 Tan\u00e1csad\u00f3 \u00e9s Szolg\u00e1ltat\u00f3 Szoci\u00e1lis Sz\u00f6vetkezet tisztelettel megh\u00edvja \u00d6n\u00f6ket turisztikai egy\u00fcttm\u0171k\u00f6d\u00e9sek \u00e9s fejleszt\u00e9sek megval\u00f3s\u00edt\u00e1sa t\u00e1rgy\u00e1ban tartand\u00f3 k\u00e9pz\u00e9s\u00e9re. A megh\u00edv\u00f3 pdf-ben let\u00f6lthet\u0151 itt.","rel":"","context":"In &quot;H\u00edreink, k\u00f6zlem\u00e9nyeink&quot;","img":{"alt_text":"","src":"https:\/\/i2.wp.com\/bukkleader.hu\/old\/wp-content\/uploads\/2021\/03\/onlinekepzes.jpg?resize=350%2C200&ssl=1","width":350,"height":200},"classes":[]}],"_links":{"self":[{"href":"https:\/\/bukkleader.hu\/old\/wp-json\/wp\/v2\/posts\/400"}],"collection":[{"href":"https:\/\/bukkleader.hu\/old\/wp-json\/wp\/v2\/posts"}],"about":[{"href":"https:\/\/bukkleader.hu\/old\/wp-json\/wp\/v2\/types\/post"}],"author":[{"embeddable":true,"href":"https:\/\/bukkleader.hu\/old\/wp-json\/wp\/v2\/users\/1"}],"replies":[{"embeddable":true,"href":"https:\/\/bukkleader.hu\/old\/wp-json\/wp\/v2\/comments?post=400"}],"version-history":[{"count":3,"href":"https:\/\/bukkleader.hu\/old\/wp-json\/wp\/v2\/posts\/400\/revisions"}],"predecessor-version":[{"id":404,"href":"https:\/\/bukkleader.hu\/old\/wp-json\/wp\/v2\/posts\/400\/revisions\/404"}],"wp:featuredmedia":[{"embeddable":true,"href":"https:\/\/bukkleader.hu\/old\/wp-json\/wp\/v2\/media\/401"}],"wp:attachment":[{"href":"https:\/\/bukkleader.hu\/old\/wp-json\/wp\/v2\/media?parent=400"}],"wp:term":[{"taxonomy":"category","embeddable":true,"href":"https:\/\/bukkleader.hu\/old\/wp-json\/wp\/v2\/categories?post=400"},{"taxonomy":"post_tag","embeddable":true,"href":"https:\/\/bukkleader.hu\/old\/wp-json\/wp\/v2\/tags?post=400"}],"curies":[{"name":"wp","href":"https:\/\/api.w.org\/{rel}","templated":true}]}}