{"id":396,"date":"2014-08-15T16:37:07","date_gmt":"2014-08-15T14:37:07","guid":{"rendered":"https:\/\/bukkleader.hu\/old\/new\/?p=396"},"modified":"2015-09-22T16:38:10","modified_gmt":"2015-09-22T14:38:10","slug":"3500-milliard-forint-a-videknek-2014-2020-kozott","status":"publish","type":"post","link":"https:\/\/bukkleader.hu\/old\/3500-milliard-forint-a-videknek-2014-2020-kozott\/","title":{"rendered":"3500 milli\u00e1rd forint a vid\u00e9knek 2014-2020 k\u00f6z\u00f6tt"},"content":{"rendered":"<p style=\"text-align: justify;\">&#8220;A 2014-2020-as eur\u00f3pai uni\u00f3s id\u0151szak vid\u00e9kfejleszt\u00e9si lehet\u0151s\u00e9geir\u0151l tartottak szakmai f\u00f3rumot Zselickislakon, ahol hangs\u00falyozt\u00e1k: a f\u0151 c\u00e9l a n\u00e9pess\u00e9g \u00e9s a munkahelyek megtart\u00e1sa, valamint a gazdas\u00e1gfejleszt\u00e9s. A k\u00f6vetkez\u0151 h\u00e9t \u00e9vben vid\u00e9kfejleszt\u00e9sre kevesebb, de a <strong>k\u00f6zvetlen t\u00e1mogat\u00e1sokkal \u00f6sszess\u00e9g\u00e9ben t\u00f6bb forr\u00e1s jut a vid\u00e9k t\u00e1mogat\u00e1s\u00e1ra<\/strong>, mint a megel\u0151z\u0151 ciklusban.&#8221;<a href=\"http:\/\/www.umvp.eu\/node\/592634\" target=\"_blank\"> Tov\u00e1bb a teljes cikkhez az umvp.eu weboldalra&gt;&gt;<\/a><\/p>\n<div class=\"sharedaddy sd-sharing-enabled\"><div class=\"robots-nocontent sd-block sd-social sd-social-icon sd-sharing\"><h3 class=\"sd-title\">Share this:<\/h3><div class=\"sd-content\"><ul><li class=\"share-facebook\"><a rel=\"nofollow noopener noreferrer\" data-shared=\"sharing-facebook-396\" class=\"share-facebook sd-button share-icon no-text\" href=\"https:\/\/bukkleader.hu\/old\/3500-milliard-forint-a-videknek-2014-2020-kozott\/?share=facebook\" target=\"_blank\" title=\"Click to share on Facebook\"><span><\/span><span class=\"sharing-screen-reader-text\">Click to share on Facebook (Opens in new window)<\/span><\/a><\/li><li class=\"share-twitter\"><a rel=\"nofollow noopener noreferrer\" data-shared=\"sharing-twitter-396\" class=\"share-twitter sd-button share-icon no-text\" href=\"https:\/\/bukkleader.hu\/old\/3500-milliard-forint-a-videknek-2014-2020-kozott\/?share=twitter\" target=\"_blank\" title=\"Click to share on Twitter\"><span><\/span><span class=\"sharing-screen-reader-text\">Click to share on Twitter (Opens in new window)<\/span><\/a><\/li><li class=\"share-print\"><a rel=\"nofollow noopener noreferrer\" data-shared=\"\" class=\"share-print sd-button share-icon no-text\" href=\"https:\/\/bukkleader.hu\/old\/3500-milliard-forint-a-videknek-2014-2020-kozott\/\" target=\"_blank\" title=\"Click to print\"><span><\/span><span class=\"sharing-screen-reader-text\">Click to print (Opens in new window)<\/span><\/a><\/li><li class=\"share-email\"><a rel=\"nofollow noopener noreferrer\" data-shared=\"\" class=\"share-email sd-button share-icon no-text\" href=\"https:\/\/bukkleader.hu\/old\/3500-milliard-forint-a-videknek-2014-2020-kozott\/?share=email\" target=\"_blank\" title=\"Click to email this to a friend\"><span><\/span><span class=\"sharing-screen-reader-text\">Click to email this to a friend (Opens in new window)<\/span><\/a><\/li><li class=\"share-end\"><\/li><\/ul><\/div><\/div><\/div>","protected":false},"excerpt":{"rendered":"<p>&#8220;A 2014-2020-as eur\u00f3pai uni\u00f3s id\u0151szak vid\u00e9kfejleszt\u00e9si lehet\u0151s\u00e9geir\u0151l tartottak szakmai f\u00f3rumot Zselickislakon, ahol hangs\u00falyozt\u00e1k: a f\u0151 c\u00e9l a n\u00e9pess\u00e9g \u00e9s a munkahelyek megtart\u00e1sa, valamint a gazdas\u00e1gfejleszt\u00e9s. A k\u00f6vetkez\u0151 h\u00e9t \u00e9vben vid\u00e9kfejleszt\u00e9sre kevesebb, de a k\u00f6zvetlen t\u00e1mogat\u00e1sokkal \u00f6sszess\u00e9g\u00e9ben t\u00f6bb forr\u00e1s jut a vid\u00e9k t\u00e1mogat\u00e1s\u00e1ra, mint a megel\u0151z\u0151 ciklusban.&#8221; Tov\u00e1bb a teljes cikkhez az umvp.eu weboldalra&gt;&gt;<\/p>\n<div class=\"sharedaddy sd-sharing-enabled\"><div class=\"robots-nocontent sd-block sd-social sd-social-icon sd-sharing\"><h3 class=\"sd-title\">Share this:<\/h3><div class=\"sd-content\"><ul><li class=\"share-facebook\"><a rel=\"nofollow noopener noreferrer\" data-shared=\"sharing-facebook-396\" class=\"share-facebook sd-button share-icon no-text\" href=\"https:\/\/bukkleader.hu\/old\/3500-milliard-forint-a-videknek-2014-2020-kozott\/?share=facebook\" target=\"_blank\" title=\"Click to share on Facebook\"><span><\/span><span class=\"sharing-screen-reader-text\">Click to share on Facebook (Opens in new window)<\/span><\/a><\/li><li class=\"share-twitter\"><a rel=\"nofollow noopener noreferrer\" data-shared=\"sharing-twitter-396\" class=\"share-twitter sd-button share-icon no-text\" href=\"https:\/\/bukkleader.hu\/old\/3500-milliard-forint-a-videknek-2014-2020-kozott\/?share=twitter\" target=\"_blank\" title=\"Click to share on Twitter\"><span><\/span><span class=\"sharing-screen-reader-text\">Click to share on Twitter (Opens in new window)<\/span><\/a><\/li><li class=\"share-print\"><a rel=\"nofollow noopener noreferrer\" data-shared=\"\" class=\"share-print sd-button share-icon no-text\" href=\"https:\/\/bukkleader.hu\/old\/3500-milliard-forint-a-videknek-2014-2020-kozott\/\" target=\"_blank\" title=\"Click to print\"><span><\/span><span class=\"sharing-screen-reader-text\">Click to print (Opens in new window)<\/span><\/a><\/li><li class=\"share-email\"><a rel=\"nofollow noopener noreferrer\" data-shared=\"\" class=\"share-email sd-button share-icon no-text\" href=\"https:\/\/bukkleader.hu\/old\/3500-milliard-forint-a-videknek-2014-2020-kozott\/?share=email\" target=\"_blank\" title=\"Click to email this to a friend\"><span><\/span><span class=\"sharing-screen-reader-text\">Click to email this to a friend (Opens in new window)<\/span><\/a><\/li><li class=\"share-end\"><\/li><\/ul><\/div><\/div><\/div>","protected":false},"author":1,"featured_media":228,"comment_status":"open","ping_status":"closed","sticky":false,"template":"","format":"standard","meta":{"_bbp_topic_count":0,"_bbp_reply_count":0,"_bbp_total_topic_count":0,"_bbp_total_reply_count":0,"_bbp_voice_count":0,"_bbp_anonymous_reply_count":0,"_bbp_topic_count_hidden":0,"_bbp_reply_count_hidden":0,"_bbp_forum_subforum_count":0,"spay_email":"","jetpack_publicize_message":"","jetpack_is_tweetstorm":false,"jetpack_publicize_feature_enabled":true},"categories":[1],"tags":[],"jetpack_featured_media_url":"https:\/\/bukkleader.hu\/old\/wp-content\/uploads\/2012\/06\/eu-zaszlo384w.jpg","jetpack_publicize_connections":[],"jetpack_sharing_enabled":true,"jetpack-related-posts":[{"id":405,"url":"https:\/\/bukkleader.hu\/old\/figyelem-uj-vallalkozas-fejlesztesi-tamogatasok-elerhetoek\/","url_meta":{"origin":396,"position":0},"title":"FIGYELEM! \u00daj v\u00e1llalkoz\u00e1s-fejleszt\u00e9si t\u00e1mogat\u00e1sok el\u00e9rhet\u0151ek!","date":"2014-10-21","format":false,"excerpt":"Megjelent a Mikro-, kis- \u00e9s k\u00f6z\u00e9pv\u00e1llalkoz\u00e1sok termel\u00e9si kapacit\u00e1sainak b\u0151v\u00edt\u00e9se \u00e9s a Fiatalok v\u00e1llalkoz\u00f3v\u00e1 v\u00e1l\u00e1s\u00e1nak t\u00e1mogat\u00e1sa\u00a0p\u00e1ly\u00e1zati felh\u00edv\u00e1s.\u00a0Mivel a 2007-2013-as programoz\u00e1si id\u0151szak mikr\u00f3v\u00e1llalkoz\u00e1sok fejleszt\u00e9se \u00e9s l\u00e9trehoz\u00e1sa t\u00e1mogat\u00e1si jogc\u00edme nem ker\u00fclt neves\u00edt\u00e9sre a 2014-2020 k\u00f6z\u00f6tti Vid\u00e9kfejleszt\u00e9si Programban, ez\u00e9rt a vid\u00e9ki v\u00e1llalkoz\u00e1sok a Gazdas\u00e1gfejleszt\u00e9si \u00e9s Innov\u00e1ci\u00f3s Operat\u00edv Program (GINOP) keret\u00e9n bel\u00fcl tudnak fejleszt\u00e9si forr\u00e1shoz\u2026","rel":"","context":"In &quot;H\u00edreink, k\u00f6zlem\u00e9nyeink&quot;","img":{"alt_text":"felki\u00e1llt\u00f3 jel","src":"https:\/\/i0.wp.com\/bukkleader.hu\/old\/wp-content\/uploads\/2012\/06\/felkialto-jel384w.jpg?resize=350%2C200&ssl=1","width":350,"height":200},"classes":[]},{"id":104,"url":"https:\/\/bukkleader.hu\/old\/2012-oktober-01-2012-december-31-idoszak\/","url_meta":{"origin":396,"position":1},"title":"2012. okt\u00f3ber 01. \u2013 2012. december 31. id\u0151szak","date":"2013-01-02","format":false,"excerpt":"A B\u00fckk-T\u00e9rs\u00e9gi LEADER Egyes\u00fclet munkaszervezet\u00e9nek legfontosabb feladatai a 2012.10.01. \u2013 12.31. id\u0151szakban az EMVA III. falumeg\u00faj\u00edt\u00e1s \u00e9s \u2013fejleszt\u00e9s p\u00e1ly\u00e1zati id\u0151szak el\u0151k\u00e9sz\u00edt\u00e9se, a szakmai kapcsolat\u00e9p\u00edt\u00e9s \u00e9s az 2014-2020 id\u0151szak EU-s tervez\u00e9s\u00e9vel kapcsolatos egyeztet\u00e9seken val\u00f3 r\u00e9szv\u00e9tel voltak.A vid\u00e9kfejleszt\u00e9si k\u00f6z\u00f6ss\u00e9g min\u00e9l sz\u00e9lesebb k\u00f6r\u0171 t\u00e1j\u00e9koztat\u00e1sa \u00e9rdek\u00e9ben a t\u00e1mogat\u00e1si id\u0151szakban \u00f6sszesen 9 szakmai f\u00f3rumot tartottunk,\u2026","rel":"","context":"In &quot;Munkabesz\u00e1mol\u00f3k&quot;","img":{"alt_text":"","src":"","width":0,"height":0},"classes":[]},{"id":243,"url":"https:\/\/bukkleader.hu\/old\/tobb-lehetoseget-kap-a-videkfejlesztes-2014%e2%88%922020-kozott\/","url_meta":{"origin":396,"position":2},"title":"T\u00f6bb lehet\u0151s\u00e9get kap a vid\u00e9kfejleszt\u00e9s 2014\u22122020 k\u00f6z\u00f6tt","date":"2012-09-19","format":false,"excerpt":"\u201eAlapjaiban megv\u00e1ltozik a mez\u0151gazdas\u00e1g \u00e9s a vid\u00e9kfejleszt\u00e9s t\u00e1mogat\u00e1sa a 2014-ben kezd\u0151d\u0151 uni\u00f3s k\u00f6lts\u00e9gvet\u00e9si id\u0151szakban. A konkr\u00e9t c\u00e9lokat, a sz\u00fcks\u00e9ges forr\u00e1s nagys\u00e1g\u00e1t azonban csak a f\u00f6ldt\u00f6rv\u00e9ny elfogad\u00e1sa, illetve az orsz\u00e1gos vid\u00e9kfejleszt\u00e9si helyzet\u00e9rt\u00e9kel\u00e9s elk\u00e9sz\u00fclte ut\u00e1n kezdheti meghat\u00e1rozni a t\u00e1rca \u2212 mondta a Napi Gazdas\u00e1gnak V. N\u00e9meth Zsolt, a Vid\u00e9kfejleszt\u00e9si Miniszt\u00e9rium vid\u00e9kfejleszt\u00e9s\u00e9rt felel\u0151s\u2026","rel":"","context":"In &quot;H\u00edreink, k\u00f6zlem\u00e9nyeink&quot;","img":{"alt_text":"magyar-cimer","src":"https:\/\/i0.wp.com\/bukkleader.hu\/old\/wp-content\/uploads\/2015\/09\/magyar-cimer.jpg?resize=350%2C200&ssl=1","width":350,"height":200},"classes":[]},{"id":379,"url":"https:\/\/bukkleader.hu\/old\/figyelem-jogszabaly-modositasok\/","url_meta":{"origin":396,"position":3},"title":"FIGYELEM! Jogszab\u00e1ly m\u00f3dos\u00edt\u00e1sok","date":"2014-04-07","format":false,"excerpt":"2014. \u00e1prilis 03-ai d\u00e1tummal megjelent a Magyar K\u00f6zl\u00f6ny 2014. \u00e9vi 50. sz\u00e1m\u00e1ban az agr\u00e1r-szaktan\u00e1csad\u00e1ssal kapcsolatos \u00e9s az Eur\u00f3pai Mez\u0151gazdas\u00e1gi Vid\u00e9kfejleszt\u00e9si Alapb\u00f3l finansz\u00edrozott egyes agr\u00e1rt\u00e1mogat\u00e1si t\u00e1rgy\u00fa miniszteri rendeletek m\u00f3dos\u00edt\u00e1s\u00e1r\u00f3l sz\u00f3l\u00f3 32\/2014. (IV. 3.) VM rendelet, amely t\u00f6bbek k\u00f6z\u00f6tt tartalmazza: az Eur\u00f3pai Mez\u0151gazdas\u00e1gi Vid\u00e9kfejleszt\u00e9si Alapb\u00f3l a Helyi Vid\u00e9kfejleszt\u00e9si Strat\u00e9gi\u00e1k LEADER fejezet\u00e9nek v\u00e9grehajt\u00e1s\u00e1hoz\u2026","rel":"","context":"In &quot;H\u00edreink, k\u00f6zlem\u00e9nyeink&quot;","img":{"alt_text":"paragrafus","src":"https:\/\/i0.wp.com\/bukkleader.hu\/old\/wp-content\/uploads\/2012\/06\/paragrafus384w.jpg?resize=350%2C200&ssl=1","width":350,"height":200},"classes":[]},{"id":282,"url":"https:\/\/bukkleader.hu\/old\/a-videkfejlesztesi-miniszterium-megkezdte-a-2014-2020-idoszak-tervezeset\/","url_meta":{"origin":396,"position":4},"title":"A Vid\u00e9kfejleszt\u00e9si Miniszt\u00e9rium megkezdte a 2014-2020 id\u0151szak tervez\u00e9s\u00e9t","date":"2012-12-12","format":false,"excerpt":"\u201eA vid\u00e9kfejleszt\u00e9si t\u00e1rca \u00e9s a 2014-2020-as tervez\u00e9s koordin\u00e1ci\u00f3j\u00e1\u00e9rt felel\u0151s NAKVI r\u00e9gi\u00f3s f\u00f3rumokon tal\u00e1lkozott a megy\u00e9k, valamint a LEADER Helyi Akci\u00f3csoportok k\u00e9pvisel\u0151ivel, hogy egy\u00fctt jel\u00f6lj\u00e9k ki a k\u00f6vetkez\u0151 programoz\u00e1si id\u0151szak ir\u00e1nyait \u00e9s egyeztess\u00e9k elk\u00e9pzel\u00e9seiket.\u201d Tov\u00e1bb a teljes cikkhez a www.umvp.eu weboldalra >>","rel":"","context":"In &quot;H\u00edreink, k\u00f6zlem\u00e9nyeink&quot;","img":{"alt_text":"Vid\u00e9kfejleszt\u00e9si Miniszt\u00e9rium","src":"https:\/\/i2.wp.com\/bukkleader.hu\/old\/wp-content\/uploads\/2015\/09\/384-2-vfm-w.jpg?resize=350%2C200&ssl=1","width":350,"height":200},"classes":[]},{"id":371,"url":"https:\/\/bukkleader.hu\/old\/kifizetesi-kerelem-benyujtasi-idoszak-2014-februar-01-2014-majus-31\/","url_meta":{"origin":396,"position":5},"title":"Kifizet\u00e9si k\u00e9relem beny\u00fajt\u00e1si id\u0151szak: 2014. febru\u00e1r 01. \u2013 2014. m\u00e1jus 31.","date":"2014-02-28","format":false,"excerpt":"A HACS illet\u00e9kess\u00e9gi k\u00f6r\u00e9be tartoz\u00f3, t\u00e1mogatott int\u00e9zked\u00e9sek vonatkoz\u00e1s\u00e1ban a 2014. febru\u00e1r 01. \u2013 2014. m\u00e1jus 31. id\u0151szakban beny\u00fajthat\u00f3k a megval\u00f3s\u00edtott vagy megval\u00f3s\u00edt\u00e1s alatt \u00e1ll\u00f3 projektek kifizet\u00e9si k\u00e9relmei, az al\u00e1bbi el\u0151\u00edr\u00e1sok alapj\u00e1n:A Helyi Vid\u00e9kfejleszt\u00e9si Strat\u00e9gi\u00e1k LEADER fejezet\u00e9nek v\u00e9grehajt\u00e1s\u00e1hoz ny\u00fajtand\u00f3 t\u00e1mogat\u00e1s: 13\/2014. (I.22.) sz\u00e1m\u00fa MVH K\u00f6zlem\u00e9ny >>A turisztikai tev\u00e9kenys\u00e9gek \u00f6szt\u00f6nz\u00e9s\u00e9hez ny\u00fajtand\u00f3 t\u00e1mogat\u00e1s:\u2026","rel":"","context":"In &quot;H\u00edreink, k\u00f6zlem\u00e9nyeink&quot;","img":{"alt_text":"felki\u00e1llt\u00f3 jel","src":"https:\/\/i0.wp.com\/bukkleader.hu\/old\/wp-content\/uploads\/2012\/06\/felkialto-jel384w.jpg?resize=350%2C200&ssl=1","width":350,"height":200},"classes":[]}],"_links":{"self":[{"href":"https:\/\/bukkleader.hu\/old\/wp-json\/wp\/v2\/posts\/396"}],"collection":[{"href":"https:\/\/bukkleader.hu\/old\/wp-json\/wp\/v2\/posts"}],"about":[{"href":"https:\/\/bukkleader.hu\/old\/wp-json\/wp\/v2\/types\/post"}],"author":[{"embeddable":true,"href":"https:\/\/bukkleader.hu\/old\/wp-json\/wp\/v2\/users\/1"}],"replies":[{"embeddable":true,"href":"https:\/\/bukkleader.hu\/old\/wp-json\/wp\/v2\/comments?post=396"}],"version-history":[{"count":1,"href":"https:\/\/bukkleader.hu\/old\/wp-json\/wp\/v2\/posts\/396\/revisions"}],"predecessor-version":[{"id":397,"href":"https:\/\/bukkleader.hu\/old\/wp-json\/wp\/v2\/posts\/396\/revisions\/397"}],"wp:featuredmedia":[{"embeddable":true,"href":"https:\/\/bukkleader.hu\/old\/wp-json\/wp\/v2\/media\/228"}],"wp:attachment":[{"href":"https:\/\/bukkleader.hu\/old\/wp-json\/wp\/v2\/media?parent=396"}],"wp:term":[{"taxonomy":"category","embeddable":true,"href":"https:\/\/bukkleader.hu\/old\/wp-json\/wp\/v2\/categories?post=396"},{"taxonomy":"post_tag","embeddable":true,"href":"https:\/\/bukkleader.hu\/old\/wp-json\/wp\/v2\/tags?post=396"}],"curies":[{"name":"wp","href":"https:\/\/api.w.org\/{rel}","templated":true}]}}