{"id":394,"date":"2014-07-30T16:32:59","date_gmt":"2014-07-30T14:32:59","guid":{"rendered":"https:\/\/bukkleader.hu\/old\/new\/?p=394"},"modified":"2015-09-22T16:36:23","modified_gmt":"2015-09-22T14:36:23","slug":"leader-e-garazs-atadasa-bukkaranyoson","status":"publish","type":"post","link":"https:\/\/bukkleader.hu\/old\/leader-e-garazs-atadasa-bukkaranyoson\/","title":{"rendered":"LEADER &#8220;e-gar\u00e1zs&#8221; \u00e1tad\u00e1sa B\u00fckkaranyoson"},"content":{"rendered":"<p class=\"style6\" style=\"text-align: justify;\">&#8220;J\u00falius 4-\u00e9n, p\u00e9nteken d\u00e9lel\u0151tt adt\u00e1k \u00e1t B\u00fckkaranyoson a 12,7 milli\u00f3 forintos p\u00e1ly\u00e1zatb\u00f3l megval\u00f3s\u00edtott <strong>elektromos j\u00e1rm\u0171vek t\u00f6lt\u00e9s\u00e9re alkalmas \u00e1llom\u00e1st<\/strong>. A megval\u00f3sult beruh\u00e1z\u00e1s nem az els\u0151 ezen a k\u00f6rny\u00e9ken, de a b\u00fckkaranyosi az els\u0151 olyan \u00d6nkorm\u00e1nyzat az orsz\u00e1gban, amely elektromos aut\u00f3t haszn\u00e1l a munk\u00e1j\u00e1hoz.&#8221;<\/p>\n<p class=\"style6\"><a href=\"https:\/\/bukkleader.hu\/old\/downloads\/aranyosi_hirmondo_cikk.pdf\" target=\"_blank\">Az Aranyosi H\u00edrmond\u00f3 \u00fajs\u00e1gban megjelent teljes cikk let\u00f6lt\u00e9se &gt;&gt;<\/a><\/p>\n<div class=\"sharedaddy sd-sharing-enabled\"><div class=\"robots-nocontent sd-block sd-social sd-social-icon sd-sharing\"><h3 class=\"sd-title\">Share this:<\/h3><div class=\"sd-content\"><ul><li class=\"share-facebook\"><a rel=\"nofollow noopener noreferrer\" data-shared=\"sharing-facebook-394\" class=\"share-facebook sd-button share-icon no-text\" href=\"https:\/\/bukkleader.hu\/old\/leader-e-garazs-atadasa-bukkaranyoson\/?share=facebook\" target=\"_blank\" title=\"Click to share on Facebook\"><span><\/span><span class=\"sharing-screen-reader-text\">Click to share on Facebook (Opens in new window)<\/span><\/a><\/li><li class=\"share-twitter\"><a rel=\"nofollow noopener noreferrer\" data-shared=\"sharing-twitter-394\" class=\"share-twitter sd-button share-icon no-text\" href=\"https:\/\/bukkleader.hu\/old\/leader-e-garazs-atadasa-bukkaranyoson\/?share=twitter\" target=\"_blank\" title=\"Click to share on Twitter\"><span><\/span><span class=\"sharing-screen-reader-text\">Click to share on Twitter (Opens in new window)<\/span><\/a><\/li><li class=\"share-print\"><a rel=\"nofollow noopener noreferrer\" data-shared=\"\" class=\"share-print sd-button share-icon no-text\" href=\"https:\/\/bukkleader.hu\/old\/leader-e-garazs-atadasa-bukkaranyoson\/\" target=\"_blank\" title=\"Click to print\"><span><\/span><span class=\"sharing-screen-reader-text\">Click to print (Opens in new window)<\/span><\/a><\/li><li class=\"share-email\"><a rel=\"nofollow noopener noreferrer\" data-shared=\"\" class=\"share-email sd-button share-icon no-text\" href=\"https:\/\/bukkleader.hu\/old\/leader-e-garazs-atadasa-bukkaranyoson\/?share=email\" target=\"_blank\" title=\"Click to email this to a friend\"><span><\/span><span class=\"sharing-screen-reader-text\">Click to email this to a friend (Opens in new window)<\/span><\/a><\/li><li class=\"share-end\"><\/li><\/ul><\/div><\/div><\/div>","protected":false},"excerpt":{"rendered":"<p>&#8220;J\u00falius 4-\u00e9n, p\u00e9nteken d\u00e9lel\u0151tt adt\u00e1k \u00e1t B\u00fckkaranyoson a 12,7 milli\u00f3 forintos p\u00e1ly\u00e1zatb\u00f3l megval\u00f3s\u00edtott elektromos j\u00e1rm\u0171vek t\u00f6lt\u00e9s\u00e9re alkalmas \u00e1llom\u00e1st. A megval\u00f3sult beruh\u00e1z\u00e1s nem az els\u0151 ezen a k\u00f6rny\u00e9ken, de a b\u00fckkaranyosi az els\u0151 olyan \u00d6nkorm\u00e1nyzat az orsz\u00e1gban, amely elektromos aut\u00f3t haszn\u00e1l a munk\u00e1j\u00e1hoz.&#8221; Az Aranyosi H\u00edrmond\u00f3 \u00fajs\u00e1gban megjelent teljes cikk let\u00f6lt\u00e9se &gt;&gt;<\/p>\n<div class=\"sharedaddy sd-sharing-enabled\"><div class=\"robots-nocontent sd-block sd-social sd-social-icon sd-sharing\"><h3 class=\"sd-title\">Share this:<\/h3><div class=\"sd-content\"><ul><li class=\"share-facebook\"><a rel=\"nofollow noopener noreferrer\" data-shared=\"sharing-facebook-394\" class=\"share-facebook sd-button share-icon no-text\" href=\"https:\/\/bukkleader.hu\/old\/leader-e-garazs-atadasa-bukkaranyoson\/?share=facebook\" target=\"_blank\" title=\"Click to share on Facebook\"><span><\/span><span class=\"sharing-screen-reader-text\">Click to share on Facebook (Opens in new window)<\/span><\/a><\/li><li class=\"share-twitter\"><a rel=\"nofollow noopener noreferrer\" data-shared=\"sharing-twitter-394\" class=\"share-twitter sd-button share-icon no-text\" href=\"https:\/\/bukkleader.hu\/old\/leader-e-garazs-atadasa-bukkaranyoson\/?share=twitter\" target=\"_blank\" title=\"Click to share on Twitter\"><span><\/span><span class=\"sharing-screen-reader-text\">Click to share on Twitter (Opens in new window)<\/span><\/a><\/li><li class=\"share-print\"><a rel=\"nofollow noopener noreferrer\" data-shared=\"\" class=\"share-print sd-button share-icon no-text\" href=\"https:\/\/bukkleader.hu\/old\/leader-e-garazs-atadasa-bukkaranyoson\/\" target=\"_blank\" title=\"Click to print\"><span><\/span><span class=\"sharing-screen-reader-text\">Click to print (Opens in new window)<\/span><\/a><\/li><li class=\"share-email\"><a rel=\"nofollow noopener noreferrer\" data-shared=\"\" class=\"share-email sd-button share-icon no-text\" href=\"https:\/\/bukkleader.hu\/old\/leader-e-garazs-atadasa-bukkaranyoson\/?share=email\" target=\"_blank\" title=\"Click to email this to a friend\"><span><\/span><span class=\"sharing-screen-reader-text\">Click to email this to a friend (Opens in new window)<\/span><\/a><\/li><li class=\"share-end\"><\/li><\/ul><\/div><\/div><\/div>","protected":false},"author":1,"featured_media":320,"comment_status":"open","ping_status":"closed","sticky":false,"template":"","format":"standard","meta":{"_bbp_topic_count":0,"_bbp_reply_count":0,"_bbp_total_topic_count":0,"_bbp_total_reply_count":0,"_bbp_voice_count":0,"_bbp_anonymous_reply_count":0,"_bbp_topic_count_hidden":0,"_bbp_reply_count_hidden":0,"_bbp_forum_subforum_count":0,"spay_email":"","jetpack_publicize_message":"","jetpack_is_tweetstorm":false,"jetpack_publicize_feature_enabled":true},"categories":[1],"tags":[],"jetpack_featured_media_url":"https:\/\/bukkleader.hu\/old\/wp-content\/uploads\/2015\/09\/elektromos-auto-w.jpg","jetpack_publicize_connections":[],"jetpack_sharing_enabled":true,"jetpack-related-posts":[{"id":319,"url":"https:\/\/bukkleader.hu\/old\/elektromos-autot-tesztel-bukkaranyos-onkormanyzata\/","url_meta":{"origin":394,"position":0},"title":"Elektromos aut\u00f3t tesztel B\u00fckkaranyos \u00d6nkorm\u00e1nyzata","date":"2013-04-25","format":false,"excerpt":"\"A vid\u00e9ki elektromos k\u00f6zleked\u00e9s bevezet\u00e9s\u00e9re, Magyarorsz\u00e1g els\u0151 falvak\u00e9nt elektromos aut\u00f3t tesztel B\u00fckkaranyos K\u00f6zs\u00e9g \u00d6nkorm\u00e1nyzata. Az elm\u00falt \u00e9vben a B\u00fckk - T\u00e9rs\u00e9gi LEADER Egyes\u00fclet \u00e1ltal ki\u00edrt p\u00e1ly\u00e1zaton egy elektromos t\u00f6lt\u0151\u00e1llom\u00e1ssal ell\u00e1tott g\u00e9pkocsi t\u00e1rol\u00f3 \u00e9p\u00edt\u00e9s\u00e9re nyert\u00fcnk t\u00e1mogat\u00e1st. Ennek kapcs\u00e1n t\u00f6bb elektromos j\u00e1rm\u0171vet \u00e9s t\u00f6lt\u0151\u00e1llom\u00e1st forgalmaz\u00f3 c\u00e9ggel t\u00e1rgyaltunk, amelyek k\u00f6z\u00fcl a helyi MOBIL\u2013ESCO\u2026","rel":"","context":"In &quot;H\u00edreink, k\u00f6zlem\u00e9nyeink&quot;","img":{"alt_text":"elektromos-auto-w","src":"https:\/\/i0.wp.com\/bukkleader.hu\/old\/wp-content\/uploads\/2015\/09\/elektromos-auto-w.jpg?resize=350%2C200&ssl=1","width":350,"height":200},"classes":[]},{"id":345,"url":"https:\/\/bukkleader.hu\/old\/sajtoszemle-se-zaja-se-buze-nincs\/","url_meta":{"origin":394,"position":1},"title":"Sajt\u00f3szemle: \u201eSe zaja, se b\u0171ze nincs\u201d","date":"2013-11-14","format":false,"excerpt":"\u201eHaz\u00e1nkban id\u00e9n els\u0151k\u00e9nt a Miskolchoz k\u00f6zeli B\u00fckkaranyos \u00f6nkorm\u00e1nyzata tesztelt \u201e\u00e1ramos\u201d kisaut\u00f3t a vid\u00e9ki elektromos k\u00f6zleked\u00e9s n\u00e9pszer\u0171s\u00edt\u00e9s\u00e9re.A teszt sikeres volt, s ha okt\u00f3berig meg\u00e9p\u00fcl a napelemes t\u00f6lt\u0151\u00e1llom\u00e1suk, a kis erdei falu lak\u00f3i \u00f6t \u00e9vig ingyen \u201et\u00f6ltekezhetnek\u201d. Betelepszem a k\u00e9t\u00fcl\u00e9ses kisaut\u00f3ba Nagy Lajos polg\u00e1rmester mell\u00e9, hogy k\u00f6rs\u00e9t\u00e1t tegy\u00fcnk a m\u00e1sf\u00e9l ezer lelkes\u2026","rel":"","context":"In &quot;H\u00edreink, k\u00f6zlem\u00e9nyeink&quot;","img":{"alt_text":"","src":"https:\/\/i0.wp.com\/bukkleader.hu\/old\/wp-content\/uploads\/2015\/09\/jascqztk_3_700x460.jpg?resize=350%2C200&ssl=1","width":350,"height":200},"classes":[]},{"id":424,"url":"https:\/\/bukkleader.hu\/old\/szaguldas-a-szel-erejebol-nyert-villamos-energiaval\/","url_meta":{"origin":394,"position":2},"title":"Sz\u00e1guld\u00e1s a sz\u00e9l erej\u00e9b\u0151l nyert villamos energi\u00e1val","date":"2015-03-31","format":false,"excerpt":"\"Sikeres volt B\u00fckkaranyoson a sz\u00e9ler\u0151m\u0171 rendszer\u00e9re kapcsolt villanyaut\u00f3 gyorst\u00f6lt\u0151 berendez\u00e9s m\u0171szaki f\u0151pr\u00f3b\u00e1ja. Az egyen\u00e1ram\u00fa CHAdeMO rendszer\u0171 csatlakoz\u00f3n kereszt\u00fcl alig t\u00f6bb mint egy \u00f3ra alatt \u201ef\u00fajta tele\u201d a n\u00e9ha viharos erej\u0171 sz\u00e9l a Tesla Model S villanyaut\u00f3 akkumul\u00e1tor\u00e1t. \u00a0\u201eA B\u00fckkaranyos k\u00f6zpont\u00fa, 42 telep\u00fcl\u00e9st csoportos\u00edt\u00f3 B\u00fckk-T\u00e9rs\u00e9gi LEADER (kor\u00e1bban B\u00dcKK \u2013 MAK LEADER)\u2026","rel":"","context":"In &quot;H\u00edreink, k\u00f6zlem\u00e9nyeink&quot;","img":{"alt_text":"Tesla","src":"https:\/\/i2.wp.com\/bukkleader.hu\/old\/wp-content\/uploads\/2015\/09\/tesla_foto.jpg?resize=350%2C200&ssl=1","width":350,"height":200},"classes":[]},{"id":1395,"url":"https:\/\/bukkleader.hu\/old\/tajekoztato-forum-helyi-felhivasokrol-bukkaranyos\/","url_meta":{"origin":394,"position":3},"title":"T\u00e1j\u00e9koztat\u00f3 F\u00f3rum a helyi felh\u00edv\u00e1sokr\u00f3l &#8211; B\u00fckkaranyos","date":"2017-11-14","format":false,"excerpt":"T\u00e1j\u00e9koztat\u00f3 F\u00f3rum B\u00fckkaranyoson a helyi felh\u00edv\u00e1sokr\u00f3l! A B\u00fckk-T\u00e9rs\u00e9gi LEADER Egyes\u00fclet t\u00e1j\u00e9koztat\u00f3 f\u00f3rumot tart 2017.11.30-\u00e1n B\u00fckkaranyoson a megjelent helyi felh\u00edv\u00e1sokr\u00f3l a mell\u00e9kelt megh\u00edv\u00f3 szerint.\u00a0 Megh\u00edv\u00f3 >>","rel":"","context":"In &quot;H\u00edreink, k\u00f6zlem\u00e9nyeink&quot;","img":{"alt_text":"","src":"https:\/\/i2.wp.com\/bukkleader.hu\/old\/wp-content\/uploads\/2017\/11\/B\u00fckkaranyos-2.jpg?resize=350%2C200&ssl=1","width":350,"height":200},"classes":[]},{"id":504,"url":"https:\/\/bukkleader.hu\/old\/meghivo-helyi-fejlesztesi-strategia-tervezesi-forumra-bukkaranyos\/","url_meta":{"origin":394,"position":4},"title":"Megh\u00edv\u00f3 Helyi Fejleszt\u00e9si Strat\u00e9gia tervez\u00e9si f\u00f3rumra \u2013 B\u00fckkaranyos","date":"2015-10-26","format":false,"excerpt":"A B\u00fckk-T\u00e9rs\u00e9gi LEADER Egyes\u00fclet Helyi Fejleszt\u00e9si Strat\u00e9gia tervez\u00e9si f\u00f3rumot tart B\u00fckkaranyoson, a mell\u00e9kelt megh\u00edv\u00f3 szerint.Minden \u00e9rdekl\u0151d\u0151t v\u00e1runk!Megh\u00edv\u00f3 let\u00f6lt\u00e9se itt>>","rel":"","context":"In &quot;H\u00edreink, k\u00f6zlem\u00e9nyeink&quot;","img":{"alt_text":"bukkaranyos-cimerrel-w","src":"https:\/\/i0.wp.com\/bukkleader.hu\/old\/wp-content\/uploads\/2015\/10\/bukkaranyos-cimerrel-w.jpg?resize=350%2C200&ssl=1","width":350,"height":200},"classes":[]},{"id":474,"url":"https:\/\/bukkleader.hu\/old\/helyi-fejlesztesi-strategia-elso-tervezoi-forum\/","url_meta":{"origin":394,"position":5},"title":"Helyi Fejleszt\u00e9si Strat\u00e9gia els\u0151 tervez\u0151i f\u00f3rum","date":"2015-10-09","format":false,"excerpt":"A B\u00fckk-T\u00e9rs\u00e9gi LEADER Egyes\u00fclet 2015. 10. 11-\u00e9n, B\u00fckkaranyoson, a munkaszervezet irod\u00e1j\u00e1ban, a Helyi Fejleszt\u00e9si Strat\u00e9gia els\u0151 tervez\u0151i f\u00f3rum\u00e1t tartja \u00a0a mell\u00e9kelt megh\u00edv\u00f3 szerint.Szeretettel v\u00e1runk minden \u00e9rdekl\u0151d\u0151t!Az esem\u00e9ny megh\u00edv\u00f3ja itt tal\u00e1lhat\u00f3 >>","rel":"","context":"In &quot;H\u00edreink, k\u00f6zlem\u00e9nyeink&quot;","img":{"alt_text":"Tervez\u0151i strat\u00e9gia f\u00f3rum","src":"https:\/\/i2.wp.com\/bukkleader.hu\/old\/wp-content\/uploads\/2015\/10\/strategia-w.jpg?resize=350%2C200&ssl=1","width":350,"height":200},"classes":[]}],"_links":{"self":[{"href":"https:\/\/bukkleader.hu\/old\/wp-json\/wp\/v2\/posts\/394"}],"collection":[{"href":"https:\/\/bukkleader.hu\/old\/wp-json\/wp\/v2\/posts"}],"about":[{"href":"https:\/\/bukkleader.hu\/old\/wp-json\/wp\/v2\/types\/post"}],"author":[{"embeddable":true,"href":"https:\/\/bukkleader.hu\/old\/wp-json\/wp\/v2\/users\/1"}],"replies":[{"embeddable":true,"href":"https:\/\/bukkleader.hu\/old\/wp-json\/wp\/v2\/comments?post=394"}],"version-history":[{"count":1,"href":"https:\/\/bukkleader.hu\/old\/wp-json\/wp\/v2\/posts\/394\/revisions"}],"predecessor-version":[{"id":395,"href":"https:\/\/bukkleader.hu\/old\/wp-json\/wp\/v2\/posts\/394\/revisions\/395"}],"wp:featuredmedia":[{"embeddable":true,"href":"https:\/\/bukkleader.hu\/old\/wp-json\/wp\/v2\/media\/320"}],"wp:attachment":[{"href":"https:\/\/bukkleader.hu\/old\/wp-json\/wp\/v2\/media?parent=394"}],"wp:term":[{"taxonomy":"category","embeddable":true,"href":"https:\/\/bukkleader.hu\/old\/wp-json\/wp\/v2\/categories?post=394"},{"taxonomy":"post_tag","embeddable":true,"href":"https:\/\/bukkleader.hu\/old\/wp-json\/wp\/v2\/tags?post=394"}],"curies":[{"name":"wp","href":"https:\/\/api.w.org\/{rel}","templated":true}]}}