{"id":392,"date":"2014-07-03T16:03:56","date_gmt":"2014-07-03T14:03:56","guid":{"rendered":"https:\/\/bukkleader.hu\/old\/new\/?p=392"},"modified":"2015-09-22T16:04:54","modified_gmt":"2015-09-22T14:04:54","slug":"kozossegi-animator-kepzes-indul","status":"publish","type":"post","link":"https:\/\/bukkleader.hu\/old\/kozossegi-animator-kepzes-indul\/","title":{"rendered":"K\u00f6z\u00f6ss\u00e9gi anim\u00e1tor k\u00e9pz\u00e9s indul"},"content":{"rendered":"<p class=\"style6\" style=\"text-align: justify;\">A Nemzeti Agr\u00e1rszaktan\u00e1csad\u00e1si, K\u00e9pz\u00e9si \u00e9s Vid\u00e9kfejleszt\u00e9si Int\u00e9zet (NAKVI) helyi k\u00f6z\u00f6ss\u00e9g- \u00e9s vid\u00e9kfejleszt\u0151 szakemberek,<strong>az \u00fajonnan l\u00e9trej\u00f6v\u0151 t\u00f6bbfunkci\u00f3s szolg\u00e1ltat\u00f3 k\u00f6zpontok<\/strong>, illetve az Integr\u00e1lt K\u00f6z\u00f6ss\u00e9gi \u00e9s Szolg\u00e1ltat\u00f3 Terek (IKSZT-k) munkat\u00e1rsai r\u00e9sz\u00e9re akkredit\u00e1lt 40 \u00f3r\u00e1s k\u00f6z\u00f6ss\u00e9gi anim\u00e1tor k\u00e9pz\u00e9st ind\u00edt 2014. j\u00falius-augusztus h\u00f3nap folyam\u00e1n.<\/p>\n<p class=\"style6\" style=\"text-align: justify;\"><a href=\"http:\/\/www.umvp.eu\/node\/592096\" target=\"_blank\">Tov\u00e1bbi inform\u00e1ci\u00f3k az umvp.eu weboldalon&gt;&gt;<\/a><\/p>\n<div class=\"sharedaddy sd-sharing-enabled\"><div class=\"robots-nocontent sd-block sd-social sd-social-icon sd-sharing\"><h3 class=\"sd-title\">Share this:<\/h3><div class=\"sd-content\"><ul><li class=\"share-facebook\"><a rel=\"nofollow noopener noreferrer\" data-shared=\"sharing-facebook-392\" class=\"share-facebook sd-button share-icon no-text\" href=\"https:\/\/bukkleader.hu\/old\/kozossegi-animator-kepzes-indul\/?share=facebook\" target=\"_blank\" title=\"Click to share on Facebook\"><span><\/span><span class=\"sharing-screen-reader-text\">Click to share on Facebook (Opens in new window)<\/span><\/a><\/li><li class=\"share-twitter\"><a rel=\"nofollow noopener noreferrer\" data-shared=\"sharing-twitter-392\" class=\"share-twitter sd-button share-icon no-text\" href=\"https:\/\/bukkleader.hu\/old\/kozossegi-animator-kepzes-indul\/?share=twitter\" target=\"_blank\" title=\"Click to share on Twitter\"><span><\/span><span class=\"sharing-screen-reader-text\">Click to share on Twitter (Opens in new window)<\/span><\/a><\/li><li class=\"share-print\"><a rel=\"nofollow noopener noreferrer\" data-shared=\"\" class=\"share-print sd-button share-icon no-text\" href=\"https:\/\/bukkleader.hu\/old\/kozossegi-animator-kepzes-indul\/\" target=\"_blank\" title=\"Click to print\"><span><\/span><span class=\"sharing-screen-reader-text\">Click to print (Opens in new window)<\/span><\/a><\/li><li class=\"share-email\"><a rel=\"nofollow noopener noreferrer\" data-shared=\"\" class=\"share-email sd-button share-icon no-text\" href=\"https:\/\/bukkleader.hu\/old\/kozossegi-animator-kepzes-indul\/?share=email\" target=\"_blank\" title=\"Click to email this to a friend\"><span><\/span><span class=\"sharing-screen-reader-text\">Click to email this to a friend (Opens in new window)<\/span><\/a><\/li><li class=\"share-end\"><\/li><\/ul><\/div><\/div><\/div>","protected":false},"excerpt":{"rendered":"<p>A Nemzeti Agr\u00e1rszaktan\u00e1csad\u00e1si, K\u00e9pz\u00e9si \u00e9s Vid\u00e9kfejleszt\u00e9si Int\u00e9zet (NAKVI) helyi k\u00f6z\u00f6ss\u00e9g- \u00e9s vid\u00e9kfejleszt\u0151 szakemberek,az \u00fajonnan l\u00e9trej\u00f6v\u0151 t\u00f6bbfunkci\u00f3s szolg\u00e1ltat\u00f3 k\u00f6zpontok, illetve az Integr\u00e1lt K\u00f6z\u00f6ss\u00e9gi \u00e9s Szolg\u00e1ltat\u00f3 Terek (IKSZT-k) munkat\u00e1rsai r\u00e9sz\u00e9re akkredit\u00e1lt 40 \u00f3r\u00e1s k\u00f6z\u00f6ss\u00e9gi anim\u00e1tor k\u00e9pz\u00e9st ind\u00edt 2014. j\u00falius-augusztus h\u00f3nap folyam\u00e1n. Tov\u00e1bbi inform\u00e1ci\u00f3k az umvp.eu weboldalon&gt;&gt;<\/p>\n<div class=\"sharedaddy sd-sharing-enabled\"><div class=\"robots-nocontent sd-block sd-social sd-social-icon sd-sharing\"><h3 class=\"sd-title\">Share this:<\/h3><div class=\"sd-content\"><ul><li class=\"share-facebook\"><a rel=\"nofollow noopener noreferrer\" data-shared=\"sharing-facebook-392\" class=\"share-facebook sd-button share-icon no-text\" href=\"https:\/\/bukkleader.hu\/old\/kozossegi-animator-kepzes-indul\/?share=facebook\" target=\"_blank\" title=\"Click to share on Facebook\"><span><\/span><span class=\"sharing-screen-reader-text\">Click to share on Facebook (Opens in new window)<\/span><\/a><\/li><li class=\"share-twitter\"><a rel=\"nofollow noopener noreferrer\" data-shared=\"sharing-twitter-392\" class=\"share-twitter sd-button share-icon no-text\" href=\"https:\/\/bukkleader.hu\/old\/kozossegi-animator-kepzes-indul\/?share=twitter\" target=\"_blank\" title=\"Click to share on Twitter\"><span><\/span><span class=\"sharing-screen-reader-text\">Click to share on Twitter (Opens in new window)<\/span><\/a><\/li><li class=\"share-print\"><a rel=\"nofollow noopener noreferrer\" data-shared=\"\" class=\"share-print sd-button share-icon no-text\" href=\"https:\/\/bukkleader.hu\/old\/kozossegi-animator-kepzes-indul\/\" target=\"_blank\" title=\"Click to print\"><span><\/span><span class=\"sharing-screen-reader-text\">Click to print (Opens in new window)<\/span><\/a><\/li><li class=\"share-email\"><a rel=\"nofollow noopener noreferrer\" data-shared=\"\" class=\"share-email sd-button share-icon no-text\" href=\"https:\/\/bukkleader.hu\/old\/kozossegi-animator-kepzes-indul\/?share=email\" target=\"_blank\" title=\"Click to email this to a friend\"><span><\/span><span class=\"sharing-screen-reader-text\">Click to email this to a friend (Opens in new window)<\/span><\/a><\/li><li class=\"share-end\"><\/li><\/ul><\/div><\/div><\/div>","protected":false},"author":1,"featured_media":278,"comment_status":"open","ping_status":"closed","sticky":false,"template":"","format":"standard","meta":{"_bbp_topic_count":0,"_bbp_reply_count":0,"_bbp_total_topic_count":0,"_bbp_total_reply_count":0,"_bbp_voice_count":0,"_bbp_anonymous_reply_count":0,"_bbp_topic_count_hidden":0,"_bbp_reply_count_hidden":0,"_bbp_forum_subforum_count":0,"spay_email":"","jetpack_publicize_message":"","jetpack_is_tweetstorm":false,"jetpack_publicize_feature_enabled":true},"categories":[1],"tags":[],"jetpack_featured_media_url":"https:\/\/bukkleader.hu\/old\/wp-content\/uploads\/2015\/09\/ikszt.logo_1.jpg","jetpack_publicize_connections":[],"jetpack_sharing_enabled":true,"jetpack-related-posts":[{"id":462,"url":"https:\/\/bukkleader.hu\/old\/gyogynovenytermesztes-borsodban\/","url_meta":{"origin":392,"position":0},"title":"Gy\u00f3gyn\u00f6v\u00e9nytermeszt\u00e9s Borsodban","date":"2015-04-08","format":false,"excerpt":"200 \u00f3r\u00e1s, \"Gy\u00f3gyn\u00f6v\u00e9nytermeszt\u00e9s Borsodban\" c. k\u00e9pz\u00e9s indul B\u00fckkaranyosonA B\u00fckk-Hegys\u00e9gi Meg\u00fajul\u00f3 Energi\u00e1k Iskol\u00e1k Alap\u00edtv\u00e1nya az \"\u00daj Hold h\u00e1za, eg\u00e9szs\u00e9gmeg\u0151rz\u0151 \u00e9s k\u00f6z\u00f6ss\u00e9gi szolg\u00e1ltat\u00e1sok k\u00f6zpontj\u00e1nak \u00e9s fenntarthat\u00f3s\u00e1g\u00e1nak kialak\u00edt\u00e1sa\u00a0 egy\u00fcttm\u0171k\u00f6d\u00e9s keret\u00e9ben\" c. projekt keret\u00e9ben egy 200 \u00f3r\u00e1s k\u00e9pz\u00e9st szervez \"Gy\u00f3gyn\u00f6v\u00e9nytermeszt\u00e9s Borsodban\" c\u00edmmel.A k\u00e9pz\u00e9s id\u0151pontja: 2015.04.28-2015.05.30.,Helysz\u00edn: B\u00fckkaranyos.T\u00e9m\u00e1k:1. N\u00f6v\u00e9nytani \u00e9s gy\u00f3gyn\u00f6v\u00e9nyismeret,2. Gy\u00f3gyn\u00f6v\u00e9nyek gy\u0171jt\u00e9se,3. Gy\u00f3gyn\u00f6v\u00e9nyek feldolgoz\u00e1sa,4. Drogismeret,\u2026","rel":"","context":"In &quot;H\u00edreink, k\u00f6zlem\u00e9nyeink&quot;","img":{"alt_text":"logo_ujhold-w","src":"https:\/\/i1.wp.com\/bukkleader.hu\/old\/wp-content\/uploads\/2015\/09\/logo_ujhold-w.jpg?resize=350%2C200&ssl=1","width":350,"height":200},"classes":[]},{"id":400,"url":"https:\/\/bukkleader.hu\/old\/akkreditalt-falusi-vendeglato-kepzes\/","url_meta":{"origin":392,"position":1},"title":"Akkredit\u00e1lt falusi vend\u00e9gl\u00e1t\u00f3 k\u00e9pz\u00e9s","date":"2014-09-23","format":false,"excerpt":"Felh\u00edv\u00e1s: A Falusi \u00e9s Agroturizmus Orsz\u00e1gos Sz\u00f6vets\u00e9ge \"akkredit\u00e1lt falusi vend\u00e9gl\u00e1t\u00f3\" k\u00e9pz\u00e9st ind\u00edtA k\u00e9pz\u00e9s c\u00e9lja: szakmai felk\u00e9sz\u00edt\u00e9s, kezd\u0151 falusi vend\u00e9gl\u00e1t\u00f3k \u00e9s vid\u00e9ki szolg\u00e1ltat\u00f3k\u00e9nt tanyagazdas\u00e1got, farmgazdas\u00e1got m\u0171k\u00f6dtet\u0151 mag\u00e1nszem\u00e9lyek, kis- \u00e9s mikr\u00f3v\u00e1llalkoz\u00e1sok sz\u00e1m\u00e1ra.A k\u00e9pz\u00e9s c\u00e9lcsoportja: a falusi vend\u00e9gfogad\u00f3k, a falusi turizmus, mint szolg\u00e1ltat\u00f3i tev\u00e9kenys\u00e9g ir\u00e1nt \u00e9rdekl\u0151d\u0151k akik most tervezik bekapcsol\u00f3d\u00e1sukat a vend\u00e9gfogad\u00e1sba, vagy\u2026","rel":"","context":"In &quot;H\u00edreink, k\u00f6zlem\u00e9nyeink&quot;","img":{"alt_text":"falusi-turizmus_itthon-hu-w","src":"https:\/\/i2.wp.com\/bukkleader.hu\/old\/wp-content\/uploads\/2015\/09\/falusi-turizmus_itthon-hu-w.jpg?resize=350%2C200&ssl=1","width":350,"height":200},"classes":[]},{"id":315,"url":"https:\/\/bukkleader.hu\/old\/indul-a-leader-iii-tamogatasi-idoszaka\/","url_meta":{"origin":392,"position":2},"title":"Indul a LEADER III. t\u00e1mogat\u00e1si id\u0151szaka","date":"2013-03-26","format":false,"excerpt":"A Vid\u00e9kfejleszt\u00e9si Miniszt\u00e9rium harmadszor is megnyitja a LEADER Program p\u00e1ly\u00e1zat\u00e1t. A p\u00e1ly\u00e1z\u00f3k a LEADER k\u00f6z\u00f6ss\u00e9gi vagy v\u00e1llalkoz\u00e1si c\u00e9l\u00fa helyi fejleszt\u00e9seikhez 2013. m\u00e1just\u00f3l a forr\u00e1s kimer\u00fcl\u00e9s\u00e9ig, de legk\u00e9s\u0151bb 2013. \u0151sz\u00e9igegyszer\u0171bb felt\u00e9telekkel ig\u00e9nyelhetnek t\u00e1mogat\u00e1st.A rendelkez\u00e9sre \u00e1ll\u00f3 forr\u00e1sok hat\u00e9kony felhaszn\u00e1l\u00e1sa \u00e9rdek\u00e9ben a t\u00e1rca egyszer\u0171s\u00edtette \u00e9s gyors\u00edtotta a p\u00e1ly\u00e1zati elj\u00e1r\u00e1st. Az egyszer\u0171s\u00edt\u00e9ssel megsz\u0171ntek a\u2026","rel":"","context":"In &quot;H\u00edreink, k\u00f6zlem\u00e9nyeink&quot;","img":{"alt_text":"bukk-leader-logo-w","src":"https:\/\/i2.wp.com\/bukkleader.hu\/old\/wp-content\/uploads\/2015\/09\/bukk-leader-logo-w.jpg?resize=350%2C200&ssl=1","width":350,"height":200},"classes":[]},{"id":8808,"url":"https:\/\/bukkleader.hu\/old\/tematikus-tudomka-kozpont-kepzese-felsozsolca-2022-06-22\/","url_meta":{"origin":392,"position":3},"title":"TEMATIKUS TUDOMKA K\u00d6ZPONT k\u00e9pz\u00e9se &#8211; Fels\u0151zsolca, 2022.06.22.","date":"2022-05-20","format":false,"excerpt":"A B\u00fckki Kapt\u00e1rk\u0151 Tan\u00e1csad\u00f3 \u00e9s Szolg\u00e1ltat\u00f3 Szoci\u00e1lis Sz\u00f6vetkezet tisztelettel megh\u00edvja \u00d6n\u00f6ket turisztikai egy\u00fcttm\u0171k\u00f6d\u00e9sek \u00e9s fejleszt\u00e9sek megval\u00f3s\u00edt\u00e1sa t\u00e1rgy\u00e1ban tartand\u00f3 k\u00e9pz\u00e9s\u00e9re. A megh\u00edv\u00f3 pdf-ben let\u00f6lthet\u0151 itt.","rel":"","context":"In &quot;H\u00edreink, k\u00f6zlem\u00e9nyeink&quot;","img":{"alt_text":"","src":"https:\/\/i0.wp.com\/bukkleader.hu\/old\/wp-content\/uploads\/2018\/12\/hat\u00e1rid\u0151-modos\u00edt\u00e1s-2.jpg?resize=350%2C200&ssl=1","width":350,"height":200},"classes":[]},{"id":8835,"url":"https:\/\/bukkleader.hu\/old\/tematikus-tudomka-kozpont-kepzese-kacs-2022-07-05\/","url_meta":{"origin":392,"position":4},"title":"TEMATIKUS TUDOMKA K\u00d6ZPONT k\u00e9pz\u00e9se &#8211; K\u00e1cs, 2022.07.05.","date":"2022-06-09","format":false,"excerpt":"A B\u00fckki Kapt\u00e1rk\u0151 Tan\u00e1csad\u00f3 \u00e9s Szolg\u00e1ltat\u00f3 Szoci\u00e1lis Sz\u00f6vetkezet tisztelettel megh\u00edvja \u00d6n\u00f6ket turisztikai egy\u00fcttm\u0171k\u00f6d\u00e9sek \u00e9s fejleszt\u00e9sek megval\u00f3s\u00edt\u00e1sa t\u00e1rgy\u00e1ban tartand\u00f3 k\u00e9pz\u00e9s\u00e9re. A megh\u00edv\u00f3 pdf-ben let\u00f6lthet\u0151 itt.","rel":"","context":"In &quot;H\u00edreink, k\u00f6zlem\u00e9nyeink&quot;","img":{"alt_text":"","src":"https:\/\/i2.wp.com\/bukkleader.hu\/old\/wp-content\/uploads\/2021\/03\/onlinekepzes.jpg?resize=350%2C200&ssl=1","width":350,"height":200},"classes":[]},{"id":8843,"url":"https:\/\/bukkleader.hu\/old\/tematikus-tudomka-kozpont-kepzese-cserepvaralja-2022-07-12\/","url_meta":{"origin":392,"position":5},"title":"TEMATIKUS TUDOMKA K\u00d6ZPONT k\u00e9pz\u00e9se &#8211; Cser\u00e9pv\u00e1ralja, 2022.07.12.","date":"2022-06-09","format":false,"excerpt":"A B\u00fckki Kapt\u00e1rk\u0151 Tan\u00e1csad\u00f3 \u00e9s Szolg\u00e1ltat\u00f3 Szoci\u00e1lis Sz\u00f6vetkezet tisztelettel megh\u00edvja \u00d6n\u00f6ket turisztikai egy\u00fcttm\u0171k\u00f6d\u00e9sek \u00e9s fejleszt\u00e9sek megval\u00f3s\u00edt\u00e1sa t\u00e1rgy\u00e1ban tartand\u00f3 k\u00e9pz\u00e9s\u00e9re. A megh\u00edv\u00f3 pdf-ben let\u00f6lthet\u0151 itt.","rel":"","context":"In &quot;H\u00edreink, k\u00f6zlem\u00e9nyeink&quot;","img":{"alt_text":"","src":"https:\/\/i0.wp.com\/bukkleader.hu\/old\/wp-content\/uploads\/2018\/12\/hat\u00e1rid\u0151-modos\u00edt\u00e1s-2.jpg?resize=350%2C200&ssl=1","width":350,"height":200},"classes":[]}],"_links":{"self":[{"href":"https:\/\/bukkleader.hu\/old\/wp-json\/wp\/v2\/posts\/392"}],"collection":[{"href":"https:\/\/bukkleader.hu\/old\/wp-json\/wp\/v2\/posts"}],"about":[{"href":"https:\/\/bukkleader.hu\/old\/wp-json\/wp\/v2\/types\/post"}],"author":[{"embeddable":true,"href":"https:\/\/bukkleader.hu\/old\/wp-json\/wp\/v2\/users\/1"}],"replies":[{"embeddable":true,"href":"https:\/\/bukkleader.hu\/old\/wp-json\/wp\/v2\/comments?post=392"}],"version-history":[{"count":1,"href":"https:\/\/bukkleader.hu\/old\/wp-json\/wp\/v2\/posts\/392\/revisions"}],"predecessor-version":[{"id":393,"href":"https:\/\/bukkleader.hu\/old\/wp-json\/wp\/v2\/posts\/392\/revisions\/393"}],"wp:featuredmedia":[{"embeddable":true,"href":"https:\/\/bukkleader.hu\/old\/wp-json\/wp\/v2\/media\/278"}],"wp:attachment":[{"href":"https:\/\/bukkleader.hu\/old\/wp-json\/wp\/v2\/media?parent=392"}],"wp:term":[{"taxonomy":"category","embeddable":true,"href":"https:\/\/bukkleader.hu\/old\/wp-json\/wp\/v2\/categories?post=392"},{"taxonomy":"post_tag","embeddable":true,"href":"https:\/\/bukkleader.hu\/old\/wp-json\/wp\/v2\/tags?post=392"}],"curies":[{"name":"wp","href":"https:\/\/api.w.org\/{rel}","templated":true}]}}