{"id":383,"date":"2014-05-27T15:28:28","date_gmt":"2014-05-27T13:28:28","guid":{"rendered":"https:\/\/bukkleader.hu\/old\/new\/?p=383"},"modified":"2015-09-22T15:29:49","modified_gmt":"2015-09-22T13:29:49","slug":"meghivo-leader-tersegek-kozotti-palyazat-projektindito-rendezvenyere-2","status":"publish","type":"post","link":"https:\/\/bukkleader.hu\/old\/meghivo-leader-tersegek-kozotti-palyazat-projektindito-rendezvenyere-2\/","title":{"rendered":"Megh\u00edv\u00f3 LEADER t\u00e9rs\u00e9gek k\u00f6z\u00f6tti p\u00e1ly\u00e1zat projektind\u00edt\u00f3 rendezv\u00e9ny\u00e9re"},"content":{"rendered":"<p>A B\u00fckk-T\u00e9rs\u00e9gi LEADER Egyes\u00fclet tisztelettel megh\u00edvja \u00d6nt a <strong>\u201eMeg\u00fajul\u00f3 energiaforr\u00e1sok intelligens hasznos\u00edt\u00e1sa\u201d c projekt 2014. j\u00fanius 27-\u00e9n tartand\u00f3 projektind\u00edt\u00f3 rendezv\u00e9ny\u00e9re<\/strong>, az al\u00e1bbi megh\u00edv\u00f3 \u00e9s program szerint:<\/p>\n<ul style=\"list-style-type: disc;\">\n<li><a href=\"https:\/\/bukkleader.hu\/old\/downloads\/meghivo_alacska.docx\" target=\"_blank\">Megh\u00edv\u00f3 &gt;&gt;<\/a><\/li>\n<li><a href=\"https:\/\/bukkleader.hu\/old\/downloads\/program_alacska.docx\" target=\"_blank\">Program &gt;&gt;<\/a><\/li>\n<\/ul>\n<div class=\"sharedaddy sd-sharing-enabled\"><div class=\"robots-nocontent sd-block sd-social sd-social-icon sd-sharing\"><h3 class=\"sd-title\">Share this:<\/h3><div class=\"sd-content\"><ul><li class=\"share-facebook\"><a rel=\"nofollow noopener noreferrer\" data-shared=\"sharing-facebook-383\" class=\"share-facebook sd-button share-icon no-text\" href=\"https:\/\/bukkleader.hu\/old\/meghivo-leader-tersegek-kozotti-palyazat-projektindito-rendezvenyere-2\/?share=facebook\" target=\"_blank\" title=\"Click to share on Facebook\"><span><\/span><span class=\"sharing-screen-reader-text\">Click to share on Facebook (Opens in new window)<\/span><\/a><\/li><li class=\"share-twitter\"><a rel=\"nofollow noopener noreferrer\" data-shared=\"sharing-twitter-383\" class=\"share-twitter sd-button share-icon no-text\" href=\"https:\/\/bukkleader.hu\/old\/meghivo-leader-tersegek-kozotti-palyazat-projektindito-rendezvenyere-2\/?share=twitter\" target=\"_blank\" title=\"Click to share on Twitter\"><span><\/span><span class=\"sharing-screen-reader-text\">Click to share on Twitter (Opens in new window)<\/span><\/a><\/li><li class=\"share-print\"><a rel=\"nofollow noopener noreferrer\" data-shared=\"\" class=\"share-print sd-button share-icon no-text\" href=\"https:\/\/bukkleader.hu\/old\/meghivo-leader-tersegek-kozotti-palyazat-projektindito-rendezvenyere-2\/\" target=\"_blank\" title=\"Click to print\"><span><\/span><span class=\"sharing-screen-reader-text\">Click to print (Opens in new window)<\/span><\/a><\/li><li class=\"share-email\"><a rel=\"nofollow noopener noreferrer\" data-shared=\"\" class=\"share-email sd-button share-icon no-text\" href=\"https:\/\/bukkleader.hu\/old\/meghivo-leader-tersegek-kozotti-palyazat-projektindito-rendezvenyere-2\/?share=email\" target=\"_blank\" title=\"Click to email this to a friend\"><span><\/span><span class=\"sharing-screen-reader-text\">Click to email this to a friend (Opens in new window)<\/span><\/a><\/li><li class=\"share-end\"><\/li><\/ul><\/div><\/div><\/div>","protected":false},"excerpt":{"rendered":"<p>A B\u00fckk-T\u00e9rs\u00e9gi LEADER Egyes\u00fclet tisztelettel megh\u00edvja \u00d6nt a \u201eMeg\u00fajul\u00f3 energiaforr\u00e1sok intelligens hasznos\u00edt\u00e1sa\u201d c projekt 2014. j\u00fanius 27-\u00e9n tartand\u00f3 projektind\u00edt\u00f3 rendezv\u00e9ny\u00e9re, az al\u00e1bbi megh\u00edv\u00f3 \u00e9s program szerint: Megh\u00edv\u00f3 &gt;&gt; Program &gt;&gt;<\/p>\n<div class=\"sharedaddy sd-sharing-enabled\"><div class=\"robots-nocontent sd-block sd-social sd-social-icon sd-sharing\"><h3 class=\"sd-title\">Share this:<\/h3><div class=\"sd-content\"><ul><li class=\"share-facebook\"><a rel=\"nofollow noopener noreferrer\" data-shared=\"sharing-facebook-383\" class=\"share-facebook sd-button share-icon no-text\" href=\"https:\/\/bukkleader.hu\/old\/meghivo-leader-tersegek-kozotti-palyazat-projektindito-rendezvenyere-2\/?share=facebook\" target=\"_blank\" title=\"Click to share on Facebook\"><span><\/span><span class=\"sharing-screen-reader-text\">Click to share on Facebook (Opens in new window)<\/span><\/a><\/li><li class=\"share-twitter\"><a rel=\"nofollow noopener noreferrer\" data-shared=\"sharing-twitter-383\" class=\"share-twitter sd-button share-icon no-text\" href=\"https:\/\/bukkleader.hu\/old\/meghivo-leader-tersegek-kozotti-palyazat-projektindito-rendezvenyere-2\/?share=twitter\" target=\"_blank\" title=\"Click to share on Twitter\"><span><\/span><span class=\"sharing-screen-reader-text\">Click to share on Twitter (Opens in new window)<\/span><\/a><\/li><li class=\"share-print\"><a rel=\"nofollow noopener noreferrer\" data-shared=\"\" class=\"share-print sd-button share-icon no-text\" href=\"https:\/\/bukkleader.hu\/old\/meghivo-leader-tersegek-kozotti-palyazat-projektindito-rendezvenyere-2\/\" target=\"_blank\" title=\"Click to print\"><span><\/span><span class=\"sharing-screen-reader-text\">Click to print (Opens in new window)<\/span><\/a><\/li><li class=\"share-email\"><a rel=\"nofollow noopener noreferrer\" data-shared=\"\" class=\"share-email sd-button share-icon no-text\" href=\"https:\/\/bukkleader.hu\/old\/meghivo-leader-tersegek-kozotti-palyazat-projektindito-rendezvenyere-2\/?share=email\" target=\"_blank\" title=\"Click to email this to a friend\"><span><\/span><span class=\"sharing-screen-reader-text\">Click to email this to a friend (Opens in new window)<\/span><\/a><\/li><li class=\"share-end\"><\/li><\/ul><\/div><\/div><\/div>","protected":false},"author":1,"featured_media":291,"comment_status":"open","ping_status":"closed","sticky":false,"template":"","format":"standard","meta":{"_bbp_topic_count":0,"_bbp_reply_count":0,"_bbp_total_topic_count":0,"_bbp_total_reply_count":0,"_bbp_voice_count":0,"_bbp_anonymous_reply_count":0,"_bbp_topic_count_hidden":0,"_bbp_reply_count_hidden":0,"_bbp_forum_subforum_count":0,"spay_email":"","jetpack_publicize_message":"","jetpack_is_tweetstorm":false,"jetpack_publicize_feature_enabled":true},"categories":[1],"tags":[],"jetpack_featured_media_url":"https:\/\/bukkleader.hu\/old\/wp-content\/uploads\/2015\/09\/bukk-leader-logo-w.jpg","jetpack_publicize_connections":[],"jetpack_sharing_enabled":true,"jetpack-related-posts":[{"id":381,"url":"https:\/\/bukkleader.hu\/old\/meghivo-leader-tersegek-kozotti-palyazat-projektindito-rendezvenyere\/","url_meta":{"origin":383,"position":0},"title":"Megh\u00edv\u00f3 LEADER t\u00e9rs\u00e9gek k\u00f6z\u00f6tti p\u00e1ly\u00e1zat projektind\u00edt\u00f3 rendezv\u00e9ny\u00e9re","date":"2014-05-06","format":false,"excerpt":"A B\u00fckk-T\u00e9rs\u00e9gi LEADER Egyes\u00fclet tisztelettel megh\u00edvja \u00d6nt a\u00a0\u201eLovasturisztikai szolg\u00e1ltat\u00e1sok fejleszt\u00e9se a B\u00fckk-T\u00e9rs\u00e9gi LEADER Egyes\u00fclet illet\u00e9kess\u00e9gi ter\u00fclet\u00e9n\u201d c\u00edm\u0171 projektind\u00edt\u00f3 szakmai rendezv\u00e9ny\u00e9re.\u00a0A program sor\u00e1n bemutatjuk a projektben megval\u00f3s\u00edtani k\u00edv\u00e1nt tartalmi elemeket, lovast\u00fara-\u00fatvonalak kialak\u00edt\u00e1s\u00e1nak m\u00f3dszereit, digit\u00e1lis \u00fatvonalak el\u0151\u00e1ll\u00edt\u00e1s\u00e1t, k\u00e9pz\u00e9seket, marketinget \u00e9s diszemin\u00e1ci\u00f3t. A rendezv\u00e9ny c\u00e9lja, hogy t\u00e1j\u00e9koztassa a helyi, turisztik\u00e1ban \u00e9rintett szolg\u00e1ltat\u00f3kat \u00e9s\u2026","rel":"","context":"In &quot;H\u00edreink, k\u00f6zlem\u00e9nyeink&quot;","img":{"alt_text":"bukk-leader-logo-w","src":"https:\/\/i2.wp.com\/bukkleader.hu\/old\/wp-content\/uploads\/2015\/09\/bukk-leader-logo-w.jpg?resize=350%2C200&ssl=1","width":350,"height":200},"classes":[]},{"id":8328,"url":"https:\/\/bukkleader.hu\/old\/nem-motorizalt-turizmus-fejlesztese-a-bukk-miskolc-tersegi-leader-egyesulet-teruleten-rendezveny-2021-08-28-kisgyor\/","url_meta":{"origin":383,"position":1},"title":"\u201cNem motoriz\u00e1lt turizmus fejleszt\u00e9se a B\u00fckk-Miskolc T\u00e9rs\u00e9gi LEADER Egyes\u00fclet ter\u00fclet\u00e9n\u201d rendezv\u00e9ny \u2013 2021.08.28. Kisgy\u0151r","date":"2021-07-28","format":false,"excerpt":"A\u00a0B\u00fckki Lovas Postakocsi Egyes\u00fclet\u00a0tisztelettel megh\u00edvja \u00d6n\u00f6ket\u00a02021. 08. 28-\u00e1n Kisgy\u0151rben\u00a0tartand\u00f3, LEADER t\u00e1mogat\u00e1ssal megval\u00f3sul\u00f3\u00a0\u201cNem motoriz\u00e1lt turizmus fejleszt\u00e9se a B\u00fckk-Miskolc T\u00e9rs\u00e9gi LEADER Egyes\u00fclet ter\u00fclet\u00e9n\u201d\u00a0c\u00edm\u0171 rendezv\u00e9ny\u00e9re. A r\u00e9szletes program (a megh\u00edv\u00f3 \u00e9s a program PDF-ben let\u00f6lthet\u0151 itt):","rel":"","context":"In &quot;H\u00edreink, k\u00f6zlem\u00e9nyeink&quot;","img":{"alt_text":"","src":"https:\/\/i2.wp.com\/bukkleader.hu\/old\/wp-content\/uploads\/2020\/10\/l\u00f3.jpg?resize=350%2C200&ssl=1","width":350,"height":200},"classes":[]},{"id":5977,"url":"https:\/\/bukkleader.hu\/old\/nem-motorizalt-turizmus-fejlesztese-a-bukk-miskolc-tersegi-leader-egyesulet-teruleten-rendezveny-bukkabranyban-leader-tamogatassal-2021-07-24\/","url_meta":{"origin":383,"position":2},"title":"\u201cNem motoriz\u00e1lt turizmus fejleszt\u00e9se a B\u00fckk-Miskolc T\u00e9rs\u00e9gi LEADER Egyes\u00fclet ter\u00fclet\u00e9n\u201d rendezv\u00e9ny B\u00fckk\u00e1br\u00e1nyban LEADER t\u00e1mogat\u00e1ssal \u2013 2021.07.24.","date":"2021-06-24","format":false,"excerpt":"A B\u00fckki Lovas Postakocsi Egyes\u00fclet tisztelettel megh\u00edvja \u00d6n\u00f6ket\u00a02021. j\u00falius 24-\u00e9n\u00a0(szombat) B\u00fckk\u00e1br\u00e1nyban tartand\u00f3, LEADER t\u00e1mogat\u00e1ssal megval\u00f3sul\u00f3\u00a0\u201cNem motoriz\u00e1lt turizmus fejleszt\u00e9se a B\u00fckk-Miskolc T\u00e9rs\u00e9gi LEADER Egyes\u00fclet ter\u00fclet\u00e9n\u201d\u00a0c\u00edm\u0171 rendezv\u00e9ny\u00e9re. A r\u00e9szletes program (a megh\u00edv\u00f3 \u00e9s a program PDF-ben let\u00f6lthet\u0151 itt):","rel":"","context":"In &quot;H\u00edreink, k\u00f6zlem\u00e9nyeink&quot;","img":{"alt_text":"","src":"https:\/\/i2.wp.com\/bukkleader.hu\/old\/wp-content\/uploads\/2020\/10\/l\u00f3.jpg?resize=350%2C200&ssl=1","width":350,"height":200},"classes":[]},{"id":486,"url":"https:\/\/bukkleader.hu\/old\/meghivo-videkfejlesztesi-program-ismertetesere\/","url_meta":{"origin":383,"position":3},"title":"Megh\u00edv\u00f3 vid\u00e9kfejleszt\u00e9si program ismertet\u00e9s\u00e9re","date":"2015-10-21","format":false,"excerpt":"A B\u00fckk-T\u00e9rs\u00e9gi LEADER Egyes\u00fclet Helyi Fejleszt\u00e9si Strat\u00e9gia tervez\u00e9si f\u00f3rumot tart R\u00e9p\u00e1shut\u00e1n, a mell\u00e9kelt megh\u00edv\u00f3 szerint. Minden \u00e9rdekl\u0151d\u0151t v\u00e1runk!Megh\u00edv\u00f3 let\u00f6lthet\u0151 itt >>","rel":"","context":"In &quot;H\u00edreink, k\u00f6zlem\u00e9nyeink&quot;","img":{"alt_text":"Megh\u00edv\u00f3 vid\u00e9kfejleszt\u00e9si strat\u00e9gia ismertet\u00e9s\u00e9re","src":"https:\/\/i0.wp.com\/bukkleader.hu\/old\/wp-content\/uploads\/2015\/10\/repashuta-w.jpg?resize=350%2C200&ssl=1","width":350,"height":200},"classes":[]},{"id":8317,"url":"https:\/\/bukkleader.hu\/old\/tudomka-falu-program-lebonyolitasa-kisgyorbenleader-tudomka-falu-altal-szervezett-rendezveny-2021-08-28-kisgyor\/","url_meta":{"origin":383,"position":4},"title":"&#8220;Tudomka falu program lebonyol\u00edt\u00e1sa Kisgy\u0151rben&#8221;LEADER Tudomka falu \u00e1ltal szervezett rendezv\u00e9ny 2021.08.28. Kisgy\u0151r","date":"2021-07-28","format":false,"excerpt":"Kisgy\u0151r k\u00f6zs\u00e9g polg\u00e1rmestere, K\u00e9kedi L\u00e1szl\u00f3 Vilmos tisztelettel megh\u00edvja \u00d6n\u00f6ket \"Tudomka falu program lebonyol\u00edt\u00e1sa Kisgy\u0151rben\" megnevez\u00e9s\u0171 rendezv\u00e9nyre. A megh\u00edv\u00f3 \u00e9s a program pdf-ben let\u00f6lthet\u0151 itt.","rel":"","context":"In &quot;H\u00edreink, k\u00f6zlem\u00e9nyeink&quot;","img":{"alt_text":"","src":"https:\/\/i1.wp.com\/bukkleader.hu\/old\/wp-content\/uploads\/2020\/09\/fazekas.jpg?resize=350%2C200&ssl=1","width":350,"height":200},"classes":[]},{"id":8361,"url":"https:\/\/bukkleader.hu\/old\/meghivo-a-bukk-leader-tudomka-res-hasznositas-a-videki-lakokornyezetben-tematikus-kozpont-tudasatadasaira-malyi\/","url_meta":{"origin":383,"position":5},"title":"Megh\u00edv\u00f3 a B\u00dcKK LEADER TUDOMKA-RES hasznos\u00edt\u00e1s a vid\u00e9ki lak\u00f3k\u00f6rnyezetben-TEMATIKUS K\u00d6ZPONT tud\u00e1s\u00e1tad\u00e1saira, M\u00e1lyi","date":"2021-08-09","format":false,"excerpt":"A BEITI-B\u00fckkaljai Kft. tisztelettel megh\u00edvja \u00d6n\u00f6ket a B\u00dcKK LEADER TUDOMKA-RES hasznos\u00edt\u00e1s a vid\u00e9ki lak\u00f3k\u00f6rnyezetben-TEMATIKUS K\u00d6ZPONT tud\u00e1s\u00e1tad\u00e1saira. A program \u00e9s az id\u0151pontok itt \u00e9rhet\u0151ek el pdf-ben.","rel":"","context":"In &quot;H\u00edreink, k\u00f6zlem\u00e9nyeink&quot;","img":{"alt_text":"","src":"https:\/\/i2.wp.com\/bukkleader.hu\/old\/wp-content\/uploads\/2021\/03\/onlinekepzes.jpg?resize=350%2C200&ssl=1","width":350,"height":200},"classes":[]}],"_links":{"self":[{"href":"https:\/\/bukkleader.hu\/old\/wp-json\/wp\/v2\/posts\/383"}],"collection":[{"href":"https:\/\/bukkleader.hu\/old\/wp-json\/wp\/v2\/posts"}],"about":[{"href":"https:\/\/bukkleader.hu\/old\/wp-json\/wp\/v2\/types\/post"}],"author":[{"embeddable":true,"href":"https:\/\/bukkleader.hu\/old\/wp-json\/wp\/v2\/users\/1"}],"replies":[{"embeddable":true,"href":"https:\/\/bukkleader.hu\/old\/wp-json\/wp\/v2\/comments?post=383"}],"version-history":[{"count":2,"href":"https:\/\/bukkleader.hu\/old\/wp-json\/wp\/v2\/posts\/383\/revisions"}],"predecessor-version":[{"id":385,"href":"https:\/\/bukkleader.hu\/old\/wp-json\/wp\/v2\/posts\/383\/revisions\/385"}],"wp:featuredmedia":[{"embeddable":true,"href":"https:\/\/bukkleader.hu\/old\/wp-json\/wp\/v2\/media\/291"}],"wp:attachment":[{"href":"https:\/\/bukkleader.hu\/old\/wp-json\/wp\/v2\/media?parent=383"}],"wp:term":[{"taxonomy":"category","embeddable":true,"href":"https:\/\/bukkleader.hu\/old\/wp-json\/wp\/v2\/categories?post=383"},{"taxonomy":"post_tag","embeddable":true,"href":"https:\/\/bukkleader.hu\/old\/wp-json\/wp\/v2\/tags?post=383"}],"curies":[{"name":"wp","href":"https:\/\/api.w.org\/{rel}","templated":true}]}}