{"id":381,"date":"2014-05-06T15:26:40","date_gmt":"2014-05-06T13:26:40","guid":{"rendered":"https:\/\/bukkleader.hu\/old\/new\/?p=381"},"modified":"2015-09-22T15:27:58","modified_gmt":"2015-09-22T13:27:58","slug":"meghivo-leader-tersegek-kozotti-palyazat-projektindito-rendezvenyere","status":"publish","type":"post","link":"https:\/\/bukkleader.hu\/old\/meghivo-leader-tersegek-kozotti-palyazat-projektindito-rendezvenyere\/","title":{"rendered":"Megh\u00edv\u00f3 LEADER t\u00e9rs\u00e9gek k\u00f6z\u00f6tti p\u00e1ly\u00e1zat projektind\u00edt\u00f3 rendezv\u00e9ny\u00e9re"},"content":{"rendered":"<p style=\"text-align: justify;\">A B\u00fckk-T\u00e9rs\u00e9gi LEADER Egyes\u00fclet tisztelettel megh\u00edvja \u00d6nt a\u00a0\u201eLovasturisztikai szolg\u00e1ltat\u00e1sok fejleszt\u00e9se a B\u00fckk-T\u00e9rs\u00e9gi LEADER Egyes\u00fclet illet\u00e9kess\u00e9gi ter\u00fclet\u00e9n\u201d c\u00edm\u0171 projektind\u00edt\u00f3 szakmai rendezv\u00e9ny\u00e9re.<!--more-->\u00a0A program sor\u00e1n bemutatjuk a projektben megval\u00f3s\u00edtani k\u00edv\u00e1nt tartalmi elemeket, lovast\u00fara-\u00fatvonalak kialak\u00edt\u00e1s\u00e1nak m\u00f3dszereit, digit\u00e1lis \u00fatvonalak el\u0151\u00e1ll\u00edt\u00e1s\u00e1t, k\u00e9pz\u00e9seket, marketinget \u00e9s diszemin\u00e1ci\u00f3t. A rendezv\u00e9ny c\u00e9lja, hogy t\u00e1j\u00e9koztassa a helyi, turisztik\u00e1ban \u00e9rintett szolg\u00e1ltat\u00f3kat \u00e9s \u00e9rdekl\u0151d\u0151ket a projekttel kapcsolatosan. <a href=\"https:\/\/bukkleader.hu\/old\/downloads\/meghivo_lovasx.pdf\" target=\"_blank\">Tov\u00e1bbi inform\u00e1ci\u00f3k, megh\u00edv\u00f3 &gt;&gt;<\/a><\/p>\n<div class=\"sharedaddy sd-sharing-enabled\"><div class=\"robots-nocontent sd-block sd-social sd-social-icon sd-sharing\"><h3 class=\"sd-title\">Share this:<\/h3><div class=\"sd-content\"><ul><li class=\"share-facebook\"><a rel=\"nofollow noopener noreferrer\" data-shared=\"sharing-facebook-381\" class=\"share-facebook sd-button share-icon no-text\" href=\"https:\/\/bukkleader.hu\/old\/meghivo-leader-tersegek-kozotti-palyazat-projektindito-rendezvenyere\/?share=facebook\" target=\"_blank\" title=\"Click to share on Facebook\"><span><\/span><span class=\"sharing-screen-reader-text\">Click to share on Facebook (Opens in new window)<\/span><\/a><\/li><li class=\"share-twitter\"><a rel=\"nofollow noopener noreferrer\" data-shared=\"sharing-twitter-381\" class=\"share-twitter sd-button share-icon no-text\" href=\"https:\/\/bukkleader.hu\/old\/meghivo-leader-tersegek-kozotti-palyazat-projektindito-rendezvenyere\/?share=twitter\" target=\"_blank\" title=\"Click to share on Twitter\"><span><\/span><span class=\"sharing-screen-reader-text\">Click to share on Twitter (Opens in new window)<\/span><\/a><\/li><li class=\"share-print\"><a rel=\"nofollow noopener noreferrer\" data-shared=\"\" class=\"share-print sd-button share-icon no-text\" href=\"https:\/\/bukkleader.hu\/old\/meghivo-leader-tersegek-kozotti-palyazat-projektindito-rendezvenyere\/\" target=\"_blank\" title=\"Click to print\"><span><\/span><span class=\"sharing-screen-reader-text\">Click to print (Opens in new window)<\/span><\/a><\/li><li class=\"share-email\"><a rel=\"nofollow noopener noreferrer\" data-shared=\"\" class=\"share-email sd-button share-icon no-text\" href=\"https:\/\/bukkleader.hu\/old\/meghivo-leader-tersegek-kozotti-palyazat-projektindito-rendezvenyere\/?share=email\" target=\"_blank\" title=\"Click to email this to a friend\"><span><\/span><span class=\"sharing-screen-reader-text\">Click to email this to a friend (Opens in new window)<\/span><\/a><\/li><li class=\"share-end\"><\/li><\/ul><\/div><\/div><\/div>","protected":false},"excerpt":{"rendered":"<p>A B\u00fckk-T\u00e9rs\u00e9gi LEADER Egyes\u00fclet tisztelettel megh\u00edvja \u00d6nt a\u00a0\u201eLovasturisztikai szolg\u00e1ltat\u00e1sok fejleszt\u00e9se a B\u00fckk-T\u00e9rs\u00e9gi LEADER Egyes\u00fclet illet\u00e9kess\u00e9gi ter\u00fclet\u00e9n\u201d c\u00edm\u0171 projektind\u00edt\u00f3 szakmai rendezv\u00e9ny\u00e9re.<\/p>\n<div class=\"sharedaddy sd-sharing-enabled\"><div class=\"robots-nocontent sd-block sd-social sd-social-icon sd-sharing\"><h3 class=\"sd-title\">Share this:<\/h3><div class=\"sd-content\"><ul><li class=\"share-facebook\"><a rel=\"nofollow noopener noreferrer\" data-shared=\"sharing-facebook-381\" class=\"share-facebook sd-button share-icon no-text\" href=\"https:\/\/bukkleader.hu\/old\/meghivo-leader-tersegek-kozotti-palyazat-projektindito-rendezvenyere\/?share=facebook\" target=\"_blank\" title=\"Click to share on Facebook\"><span><\/span><span class=\"sharing-screen-reader-text\">Click to share on Facebook (Opens in new window)<\/span><\/a><\/li><li class=\"share-twitter\"><a rel=\"nofollow noopener noreferrer\" data-shared=\"sharing-twitter-381\" class=\"share-twitter sd-button share-icon no-text\" href=\"https:\/\/bukkleader.hu\/old\/meghivo-leader-tersegek-kozotti-palyazat-projektindito-rendezvenyere\/?share=twitter\" target=\"_blank\" title=\"Click to share on Twitter\"><span><\/span><span class=\"sharing-screen-reader-text\">Click to share on Twitter (Opens in new window)<\/span><\/a><\/li><li class=\"share-print\"><a rel=\"nofollow noopener noreferrer\" data-shared=\"\" class=\"share-print sd-button share-icon no-text\" href=\"https:\/\/bukkleader.hu\/old\/meghivo-leader-tersegek-kozotti-palyazat-projektindito-rendezvenyere\/\" target=\"_blank\" title=\"Click to print\"><span><\/span><span class=\"sharing-screen-reader-text\">Click to print (Opens in new window)<\/span><\/a><\/li><li class=\"share-email\"><a rel=\"nofollow noopener noreferrer\" data-shared=\"\" class=\"share-email sd-button share-icon no-text\" href=\"https:\/\/bukkleader.hu\/old\/meghivo-leader-tersegek-kozotti-palyazat-projektindito-rendezvenyere\/?share=email\" target=\"_blank\" title=\"Click to email this to a friend\"><span><\/span><span class=\"sharing-screen-reader-text\">Click to email this to a friend (Opens in new window)<\/span><\/a><\/li><li class=\"share-end\"><\/li><\/ul><\/div><\/div><\/div>","protected":false},"author":1,"featured_media":291,"comment_status":"open","ping_status":"closed","sticky":false,"template":"","format":"standard","meta":{"_bbp_topic_count":0,"_bbp_reply_count":0,"_bbp_total_topic_count":0,"_bbp_total_reply_count":0,"_bbp_voice_count":0,"_bbp_anonymous_reply_count":0,"_bbp_topic_count_hidden":0,"_bbp_reply_count_hidden":0,"_bbp_forum_subforum_count":0,"spay_email":"","jetpack_publicize_message":"","jetpack_is_tweetstorm":false,"jetpack_publicize_feature_enabled":true},"categories":[1],"tags":[],"jetpack_featured_media_url":"https:\/\/bukkleader.hu\/old\/wp-content\/uploads\/2015\/09\/bukk-leader-logo-w.jpg","jetpack_publicize_connections":[],"jetpack_sharing_enabled":true,"jetpack-related-posts":[{"id":383,"url":"https:\/\/bukkleader.hu\/old\/meghivo-leader-tersegek-kozotti-palyazat-projektindito-rendezvenyere-2\/","url_meta":{"origin":381,"position":0},"title":"Megh\u00edv\u00f3 LEADER t\u00e9rs\u00e9gek k\u00f6z\u00f6tti p\u00e1ly\u00e1zat projektind\u00edt\u00f3 rendezv\u00e9ny\u00e9re","date":"2014-05-27","format":false,"excerpt":"A B\u00fckk-T\u00e9rs\u00e9gi LEADER Egyes\u00fclet tisztelettel megh\u00edvja \u00d6nt a \u201eMeg\u00fajul\u00f3 energiaforr\u00e1sok intelligens hasznos\u00edt\u00e1sa\u201d c projekt 2014. j\u00fanius 27-\u00e9n tartand\u00f3 projektind\u00edt\u00f3 rendezv\u00e9ny\u00e9re, az al\u00e1bbi megh\u00edv\u00f3 \u00e9s program szerint:Megh\u00edv\u00f3 >>Program >>","rel":"","context":"In &quot;H\u00edreink, k\u00f6zlem\u00e9nyeink&quot;","img":{"alt_text":"bukk-leader-logo-w","src":"https:\/\/i2.wp.com\/bukkleader.hu\/old\/wp-content\/uploads\/2015\/09\/bukk-leader-logo-w.jpg?resize=350%2C200&ssl=1","width":350,"height":200},"classes":[]},{"id":5977,"url":"https:\/\/bukkleader.hu\/old\/nem-motorizalt-turizmus-fejlesztese-a-bukk-miskolc-tersegi-leader-egyesulet-teruleten-rendezveny-bukkabranyban-leader-tamogatassal-2021-07-24\/","url_meta":{"origin":381,"position":1},"title":"\u201cNem motoriz\u00e1lt turizmus fejleszt\u00e9se a B\u00fckk-Miskolc T\u00e9rs\u00e9gi LEADER Egyes\u00fclet ter\u00fclet\u00e9n\u201d rendezv\u00e9ny B\u00fckk\u00e1br\u00e1nyban LEADER t\u00e1mogat\u00e1ssal \u2013 2021.07.24.","date":"2021-06-24","format":false,"excerpt":"A B\u00fckki Lovas Postakocsi Egyes\u00fclet tisztelettel megh\u00edvja \u00d6n\u00f6ket\u00a02021. j\u00falius 24-\u00e9n\u00a0(szombat) B\u00fckk\u00e1br\u00e1nyban tartand\u00f3, LEADER t\u00e1mogat\u00e1ssal megval\u00f3sul\u00f3\u00a0\u201cNem motoriz\u00e1lt turizmus fejleszt\u00e9se a B\u00fckk-Miskolc T\u00e9rs\u00e9gi LEADER Egyes\u00fclet ter\u00fclet\u00e9n\u201d\u00a0c\u00edm\u0171 rendezv\u00e9ny\u00e9re. A r\u00e9szletes program (a megh\u00edv\u00f3 \u00e9s a program PDF-ben let\u00f6lthet\u0151 itt):","rel":"","context":"In &quot;H\u00edreink, k\u00f6zlem\u00e9nyeink&quot;","img":{"alt_text":"","src":"https:\/\/i2.wp.com\/bukkleader.hu\/old\/wp-content\/uploads\/2020\/10\/l\u00f3.jpg?resize=350%2C200&ssl=1","width":350,"height":200},"classes":[]},{"id":8328,"url":"https:\/\/bukkleader.hu\/old\/nem-motorizalt-turizmus-fejlesztese-a-bukk-miskolc-tersegi-leader-egyesulet-teruleten-rendezveny-2021-08-28-kisgyor\/","url_meta":{"origin":381,"position":2},"title":"\u201cNem motoriz\u00e1lt turizmus fejleszt\u00e9se a B\u00fckk-Miskolc T\u00e9rs\u00e9gi LEADER Egyes\u00fclet ter\u00fclet\u00e9n\u201d rendezv\u00e9ny \u2013 2021.08.28. Kisgy\u0151r","date":"2021-07-28","format":false,"excerpt":"A\u00a0B\u00fckki Lovas Postakocsi Egyes\u00fclet\u00a0tisztelettel megh\u00edvja \u00d6n\u00f6ket\u00a02021. 08. 28-\u00e1n Kisgy\u0151rben\u00a0tartand\u00f3, LEADER t\u00e1mogat\u00e1ssal megval\u00f3sul\u00f3\u00a0\u201cNem motoriz\u00e1lt turizmus fejleszt\u00e9se a B\u00fckk-Miskolc T\u00e9rs\u00e9gi LEADER Egyes\u00fclet ter\u00fclet\u00e9n\u201d\u00a0c\u00edm\u0171 rendezv\u00e9ny\u00e9re. A r\u00e9szletes program (a megh\u00edv\u00f3 \u00e9s a program PDF-ben let\u00f6lthet\u0151 itt):","rel":"","context":"In &quot;H\u00edreink, k\u00f6zlem\u00e9nyeink&quot;","img":{"alt_text":"","src":"https:\/\/i2.wp.com\/bukkleader.hu\/old\/wp-content\/uploads\/2020\/10\/l\u00f3.jpg?resize=350%2C200&ssl=1","width":350,"height":200},"classes":[]},{"id":492,"url":"https:\/\/bukkleader.hu\/old\/bejelentkezes-a-2007-2014-es-leader-programzaro-rendezvenyre\/","url_meta":{"origin":381,"position":3},"title":"Bejelentkez\u00e9s a 2007-2014-es LEADER programz\u00e1r\u00f3 rendezv\u00e9nyre","date":"2015-10-21","format":false,"excerpt":"A B\u00fckk-T\u00e9rs\u00e9gi LEADER Egyes\u00fclet tisztelettel megh\u00edvja a LEADER t\u00e9rs\u00e9g \u00f6nkorm\u00e1nyzatait, civil szervezeteit, v\u00e1llalkoz\u00e1sait, mag\u00e1nszem\u00e9lyeit \u00e9s a 2007-2014-es id\u0151szak nyertes projektgazd\u00e1it a k\u00e9t helysz\u00ednen megtart\u00e1sra ker\u00fcl\u0151 2007-2014-es LEADER programz\u00e1r\u00f3 rendezv\u00e9nyre.Felk\u00e9rj\u00fck. a projektgazd\u00e1kat, hogy mutass\u00e1k be a megval\u00f3sult projekteket. Lehet\u0151s\u00e9get biztos\u00edtunk projektoros kivet\u00edt\u00e9sre \u00e9s honlap, fot\u00f3, egy\u00e9b t\u00e1j\u00e9koztat\u00f3 anyagok, kiadv\u00e1nyok bemutat\u00e1s\u00e1ra.A szakmai\u2026","rel":"","context":"In &quot;H\u00edreink, k\u00f6zlem\u00e9nyeink&quot;","img":{"alt_text":"bukk-leader-logo-w","src":"https:\/\/i2.wp.com\/bukkleader.hu\/old\/wp-content\/uploads\/2015\/09\/bukk-leader-logo-w.jpg?resize=350%2C200&ssl=1","width":350,"height":200},"classes":[]},{"id":8441,"url":"https:\/\/bukkleader.hu\/old\/nem-motorizalt-turizmus-fejlesztese-a-bukk-miskolc-tersegi-leader-egyesulet-teruleten2021-09-11-kisgyor\/","url_meta":{"origin":381,"position":4},"title":"&#8220;Nem motoriz\u00e1lt turizmus fejleszt\u00e9se a B\u00fckk-Miskolc T\u00e9rs\u00e9gi LEADER Egyes\u00fclet ter\u00fclet\u00e9n&#8221;2021.09.11. Kisgy\u0151r","date":"2021-09-09","format":false,"excerpt":"Veress \u00c9va Anik\u00f3 a B\u00fckki Lovas Postakocsi Egyes\u00fclet eln\u00f6ke tisztelettel megh\u00edvja \u00d6n\u00f6ket \"Nem motoriz\u00e1lt turizmus fejleszt\u00e9se a B\u00fckk-Miskolc T\u00e9rs\u00e9gi LEADER Egyes\u00fclet ter\u00fclet\u00e9n\" megnevez\u00e9s\u0171 rendezv\u00e9nyre. A megh\u00edv\u00f3 pdf-ben let\u00f6lthet\u0151 itt.","rel":"","context":"In &quot;H\u00edreink, k\u00f6zlem\u00e9nyeink&quot;","img":{"alt_text":"","src":"https:\/\/i2.wp.com\/bukkleader.hu\/old\/wp-content\/uploads\/2020\/10\/l\u00f3.jpg?resize=350%2C200&ssl=1","width":350,"height":200},"classes":[]},{"id":8397,"url":"https:\/\/bukkleader.hu\/old\/nem-motorizalt-turizmus-fejlesztese-a-bukk-miskolc-tersegi-leader-egyesulet-teruleten-2021-08-28-bocs\/","url_meta":{"origin":381,"position":5},"title":"&#8220;Nem motoriz\u00e1lt turizmus fejleszt\u00e9se a B\u00fckk-Miskolc T\u00e9rs\u00e9gi LEADER Egyes\u00fclet Ter\u00fclet\u00e9n&#8221; 2021. 08. 28. B\u0151cs","date":"2021-08-25","format":false,"excerpt":"Veress \u00c9va Anik\u00f3, a B\u00fckki Lovas Postakocsi Egyes\u00fclet eln\u00f6ke tisztelettel megh\u00edvja \u00d6n\u00f6ket a \"Nem motoriz\u00e1lt turizmus fejleszt\u00e9se a B\u00fckk-Miskolc T\u00e9rs\u00e9gi LEADER Egyes\u00fclet ter\u00fclet\u00e9n\" megnevez\u00e9s\u0171 rendezv\u00e9nyre. A megh\u00edv\u00f3 let\u00f6lthet\u0151 pdf-ben itt.","rel":"","context":"In &quot;H\u00edreink, k\u00f6zlem\u00e9nyeink&quot;","img":{"alt_text":"","src":"https:\/\/i2.wp.com\/bukkleader.hu\/old\/wp-content\/uploads\/2020\/10\/l\u00f3.jpg?resize=350%2C200&ssl=1","width":350,"height":200},"classes":[]}],"_links":{"self":[{"href":"https:\/\/bukkleader.hu\/old\/wp-json\/wp\/v2\/posts\/381"}],"collection":[{"href":"https:\/\/bukkleader.hu\/old\/wp-json\/wp\/v2\/posts"}],"about":[{"href":"https:\/\/bukkleader.hu\/old\/wp-json\/wp\/v2\/types\/post"}],"author":[{"embeddable":true,"href":"https:\/\/bukkleader.hu\/old\/wp-json\/wp\/v2\/users\/1"}],"replies":[{"embeddable":true,"href":"https:\/\/bukkleader.hu\/old\/wp-json\/wp\/v2\/comments?post=381"}],"version-history":[{"count":1,"href":"https:\/\/bukkleader.hu\/old\/wp-json\/wp\/v2\/posts\/381\/revisions"}],"predecessor-version":[{"id":382,"href":"https:\/\/bukkleader.hu\/old\/wp-json\/wp\/v2\/posts\/381\/revisions\/382"}],"wp:featuredmedia":[{"embeddable":true,"href":"https:\/\/bukkleader.hu\/old\/wp-json\/wp\/v2\/media\/291"}],"wp:attachment":[{"href":"https:\/\/bukkleader.hu\/old\/wp-json\/wp\/v2\/media?parent=381"}],"wp:term":[{"taxonomy":"category","embeddable":true,"href":"https:\/\/bukkleader.hu\/old\/wp-json\/wp\/v2\/categories?post=381"},{"taxonomy":"post_tag","embeddable":true,"href":"https:\/\/bukkleader.hu\/old\/wp-json\/wp\/v2\/tags?post=381"}],"curies":[{"name":"wp","href":"https:\/\/api.w.org\/{rel}","templated":true}]}}