{"id":377,"date":"2014-04-07T15:23:55","date_gmt":"2014-04-07T13:23:55","guid":{"rendered":"https:\/\/bukkleader.hu\/old\/new\/?p=377"},"modified":"2015-09-22T15:24:47","modified_gmt":"2015-09-22T13:24:47","slug":"felhivas-helyi-szakmai-munkatars-megbizasa","status":"publish","type":"post","link":"https:\/\/bukkleader.hu\/old\/felhivas-helyi-szakmai-munkatars-megbizasa\/","title":{"rendered":"Felh\u00edv\u00e1s: helyi szakmai munkat\u00e1rs megb\u00edz\u00e1sa"},"content":{"rendered":"<p style=\"text-align: justify;\">Az SBS Hang-Sz\u00ednpad Nonprofit Kft. munkat\u00e1rsat keres \u201eturisztikai tev\u00e9kenys\u00e9g koordin\u00e1l\u00e1sa\u201d feladatra, megb\u00edz\u00e1si szerz\u0151d\u00e9ses jogviszonnyal, a B\u00fckk-T\u00e9rs\u00e9gi LEADER Egyes\u00fclettel k\u00f6z\u00f6s \u201et\u00e9rs\u00e9gek k\u00f6z\u00f6tti egy\u00fcttm\u0171k\u00f6d\u00e9si\u201d projekt megval\u00f3s\u00edt\u00e1sa kapcs\u00e1n. Tov\u00e1bbi inform\u00e1ci\u00f3: <a href=\"mailto:sbshangkft@gmail.com\" target=\"_blank\">sbshangkft@gmail.com<\/a><\/p>\n<div class=\"sharedaddy sd-sharing-enabled\"><div class=\"robots-nocontent sd-block sd-social sd-social-icon sd-sharing\"><h3 class=\"sd-title\">Share this:<\/h3><div class=\"sd-content\"><ul><li class=\"share-facebook\"><a rel=\"nofollow noopener noreferrer\" data-shared=\"sharing-facebook-377\" class=\"share-facebook sd-button share-icon no-text\" href=\"https:\/\/bukkleader.hu\/old\/felhivas-helyi-szakmai-munkatars-megbizasa\/?share=facebook\" target=\"_blank\" title=\"Click to share on Facebook\"><span><\/span><span class=\"sharing-screen-reader-text\">Click to share on Facebook (Opens in new window)<\/span><\/a><\/li><li class=\"share-twitter\"><a rel=\"nofollow noopener noreferrer\" data-shared=\"sharing-twitter-377\" class=\"share-twitter sd-button share-icon no-text\" href=\"https:\/\/bukkleader.hu\/old\/felhivas-helyi-szakmai-munkatars-megbizasa\/?share=twitter\" target=\"_blank\" title=\"Click to share on Twitter\"><span><\/span><span class=\"sharing-screen-reader-text\">Click to share on Twitter (Opens in new window)<\/span><\/a><\/li><li class=\"share-print\"><a rel=\"nofollow noopener noreferrer\" data-shared=\"\" class=\"share-print sd-button share-icon no-text\" href=\"https:\/\/bukkleader.hu\/old\/felhivas-helyi-szakmai-munkatars-megbizasa\/\" target=\"_blank\" title=\"Click to print\"><span><\/span><span class=\"sharing-screen-reader-text\">Click to print (Opens in new window)<\/span><\/a><\/li><li class=\"share-email\"><a rel=\"nofollow noopener noreferrer\" data-shared=\"\" class=\"share-email sd-button share-icon no-text\" href=\"https:\/\/bukkleader.hu\/old\/felhivas-helyi-szakmai-munkatars-megbizasa\/?share=email\" target=\"_blank\" title=\"Click to email this to a friend\"><span><\/span><span class=\"sharing-screen-reader-text\">Click to email this to a friend (Opens in new window)<\/span><\/a><\/li><li class=\"share-end\"><\/li><\/ul><\/div><\/div><\/div>","protected":false},"excerpt":{"rendered":"<p>Az SBS Hang-Sz\u00ednpad Nonprofit Kft. munkat\u00e1rsat keres \u201eturisztikai tev\u00e9kenys\u00e9g koordin\u00e1l\u00e1sa\u201d feladatra, megb\u00edz\u00e1si szerz\u0151d\u00e9ses jogviszonnyal, a B\u00fckk-T\u00e9rs\u00e9gi LEADER Egyes\u00fclettel k\u00f6z\u00f6s \u201et\u00e9rs\u00e9gek k\u00f6z\u00f6tti egy\u00fcttm\u0171k\u00f6d\u00e9si\u201d projekt megval\u00f3s\u00edt\u00e1sa kapcs\u00e1n. Tov\u00e1bbi inform\u00e1ci\u00f3: sbshangkft@gmail.com<\/p>\n<div class=\"sharedaddy sd-sharing-enabled\"><div class=\"robots-nocontent sd-block sd-social sd-social-icon sd-sharing\"><h3 class=\"sd-title\">Share this:<\/h3><div class=\"sd-content\"><ul><li class=\"share-facebook\"><a rel=\"nofollow noopener noreferrer\" data-shared=\"sharing-facebook-377\" class=\"share-facebook sd-button share-icon no-text\" href=\"https:\/\/bukkleader.hu\/old\/felhivas-helyi-szakmai-munkatars-megbizasa\/?share=facebook\" target=\"_blank\" title=\"Click to share on Facebook\"><span><\/span><span class=\"sharing-screen-reader-text\">Click to share on Facebook (Opens in new window)<\/span><\/a><\/li><li class=\"share-twitter\"><a rel=\"nofollow noopener noreferrer\" data-shared=\"sharing-twitter-377\" class=\"share-twitter sd-button share-icon no-text\" href=\"https:\/\/bukkleader.hu\/old\/felhivas-helyi-szakmai-munkatars-megbizasa\/?share=twitter\" target=\"_blank\" title=\"Click to share on Twitter\"><span><\/span><span class=\"sharing-screen-reader-text\">Click to share on Twitter (Opens in new window)<\/span><\/a><\/li><li class=\"share-print\"><a rel=\"nofollow noopener noreferrer\" data-shared=\"\" class=\"share-print sd-button share-icon no-text\" href=\"https:\/\/bukkleader.hu\/old\/felhivas-helyi-szakmai-munkatars-megbizasa\/\" target=\"_blank\" title=\"Click to print\"><span><\/span><span class=\"sharing-screen-reader-text\">Click to print (Opens in new window)<\/span><\/a><\/li><li class=\"share-email\"><a rel=\"nofollow noopener noreferrer\" data-shared=\"\" class=\"share-email sd-button share-icon no-text\" href=\"https:\/\/bukkleader.hu\/old\/felhivas-helyi-szakmai-munkatars-megbizasa\/?share=email\" target=\"_blank\" title=\"Click to email this to a friend\"><span><\/span><span class=\"sharing-screen-reader-text\">Click to email this to a friend (Opens in new window)<\/span><\/a><\/li><li class=\"share-end\"><\/li><\/ul><\/div><\/div><\/div>","protected":false},"author":1,"featured_media":229,"comment_status":"open","ping_status":"closed","sticky":false,"template":"","format":"standard","meta":{"_bbp_topic_count":0,"_bbp_reply_count":0,"_bbp_total_topic_count":0,"_bbp_total_reply_count":0,"_bbp_voice_count":0,"_bbp_anonymous_reply_count":0,"_bbp_topic_count_hidden":0,"_bbp_reply_count_hidden":0,"_bbp_forum_subforum_count":0,"spay_email":"","jetpack_publicize_message":"","jetpack_is_tweetstorm":false,"jetpack_publicize_feature_enabled":true},"categories":[1],"tags":[],"jetpack_featured_media_url":"https:\/\/bukkleader.hu\/old\/wp-content\/uploads\/2012\/06\/felkialto-jel384w.jpg","jetpack_publicize_connections":[],"jetpack_sharing_enabled":true,"jetpack-related-posts":[{"id":386,"url":"https:\/\/bukkleader.hu\/old\/varbo-turizmusanak-kozeptavu-fejlesztesi-lehetosegei\/","url_meta":{"origin":377,"position":0},"title":"Varb\u00f3 turizmus\u00e1nak k\u00f6z\u00e9pt\u00e1v\u00fa fejleszt\u00e9si lehet\u0151s\u00e9gei","date":"2014-05-29","format":false,"excerpt":"LEADER t\u00e1mogat\u00e1ssal elk\u00e9sz\u00fclt a \u201eVarb\u00f3 turizmus\u00e1nak k\u00f6z\u00e9pt\u00e1v\u00fa fejleszt\u00e9si lehet\u0151s\u00e9gei\u201d c. tanulm\u00e1ny - megh\u00edv\u00e1s nyilv\u00e1nos f\u00f3rumraVarb\u00f3 K\u00f6zs\u00e9g \u00d6nkorm\u00e1nyzat\u00e1nak k\u00e9r\u00e9s\u00e9re ez\u00faton megh\u00edvjuk \u00d6n\u00f6ket a 35\/2013. (V.22.) VMrendelet alapj\u00e1n a Helyi Vid\u00e9kfejleszt\u00e9si Strat\u00e9gi\u00e1k LEADER fejezet\u00e9nek v\u00e9grehajt\u00e1s\u00e1hoz 2013-ban ny\u00fajthat\u00f3 t\u00e1mogat\u00e1sokjogc\u00edm alapj\u00e1n, turisztikai c\u00e9l\u00fa tanulm\u00e1ny k\u00e9sz\u00edt\u00e9se t\u00e1rgyban elnyert p\u00e1ly\u00e1zat keret\u00e9ben elk\u00e9sz\u00fclt, Varb\u00f3 turizmus\u00e1nak k\u00f6z\u00e9pt\u00e1v\u00fa fejleszt\u00e9si\u2026","rel":"","context":"In &quot;H\u00edreink, k\u00f6zlem\u00e9nyeink&quot;","img":{"alt_text":"varbo_meghivo_tanulmany-w","src":"https:\/\/i0.wp.com\/bukkleader.hu\/old\/wp-content\/uploads\/2015\/09\/varbo_meghivo_tanulmany-w.jpg?resize=350%2C200&ssl=1","width":350,"height":200},"classes":[]},{"id":285,"url":"https:\/\/bukkleader.hu\/old\/beerkeztek-az-emva-iii-falumegujitas-es-fejlesztes-palyazatok\/","url_meta":{"origin":377,"position":1},"title":"Be\u00e9rkeztek az EMVA III. Falumeg\u00faj\u00edt\u00e1s \u00e9s \u2013fejleszt\u00e9s p\u00e1ly\u00e1zatok","date":"2012-12-12","format":false,"excerpt":"2012. november 30-i hat\u00e1rid\u0151ig a B\u00fckk-T\u00e9rs\u00e9gi LEADER Egyes\u00fclethez \u00f6sszesen 27 db EMVA III. falumeg\u00faj\u00edt\u00e1s \u00e9s -fejleszt\u00e9si p\u00e1ly\u00e1zat \u00e9rkezett be, mintegy 260 milli\u00f3 Ft-os t\u00e1mogat\u00e1si ig\u00e9nnyel. A p\u00e1ly\u00e1zatok \u00fcgyint\u00e9z\u00e9s\u00e9t a HACS munkat\u00e1rsai megkezdt\u00e9k. A jogc\u00edmben a HACS rendelkez\u00e9s\u00e9re \u00e1ll\u00f3 keret 134 milli\u00f3 Ft, teh\u00e1t - amennyiben tov\u00e1bbi forr\u00e1sok nem szabadulnak fel\u2026","rel":"","context":"In &quot;Eredm\u00e9nyeink&quot;","img":{"alt_text":"boritek-w","src":"https:\/\/i2.wp.com\/bukkleader.hu\/old\/wp-content\/uploads\/2015\/09\/boritek-w.jpg?resize=350%2C200&ssl=1","width":350,"height":200},"classes":[]},{"id":392,"url":"https:\/\/bukkleader.hu\/old\/kozossegi-animator-kepzes-indul\/","url_meta":{"origin":377,"position":2},"title":"K\u00f6z\u00f6ss\u00e9gi anim\u00e1tor k\u00e9pz\u00e9s indul","date":"2014-07-03","format":false,"excerpt":"A Nemzeti Agr\u00e1rszaktan\u00e1csad\u00e1si, K\u00e9pz\u00e9si \u00e9s Vid\u00e9kfejleszt\u00e9si Int\u00e9zet (NAKVI) helyi k\u00f6z\u00f6ss\u00e9g- \u00e9s vid\u00e9kfejleszt\u0151 szakemberek,az \u00fajonnan l\u00e9trej\u00f6v\u0151 t\u00f6bbfunkci\u00f3s szolg\u00e1ltat\u00f3 k\u00f6zpontok, illetve az Integr\u00e1lt K\u00f6z\u00f6ss\u00e9gi \u00e9s Szolg\u00e1ltat\u00f3 Terek (IKSZT-k) munkat\u00e1rsai r\u00e9sz\u00e9re akkredit\u00e1lt 40 \u00f3r\u00e1s k\u00f6z\u00f6ss\u00e9gi anim\u00e1tor k\u00e9pz\u00e9st ind\u00edt 2014. j\u00falius-augusztus h\u00f3nap folyam\u00e1n.Tov\u00e1bbi inform\u00e1ci\u00f3k az umvp.eu weboldalon>>","rel":"","context":"In &quot;H\u00edreink, k\u00f6zlem\u00e9nyeink&quot;","img":{"alt_text":"ikszt.logo","src":"https:\/\/i2.wp.com\/bukkleader.hu\/old\/wp-content\/uploads\/2015\/09\/ikszt.logo_1.jpg?resize=350%2C200&ssl=1","width":350,"height":200},"classes":[]},{"id":1292,"url":"https:\/\/bukkleader.hu\/old\/fokuszban-jo-gyakorlatok\/","url_meta":{"origin":377,"position":3},"title":"F\u00f3kuszban a j\u00f3 gyakorlatok","date":"2017-03-03","format":false,"excerpt":"A REBUS Helyi Akci\u00f3tervez\u0151 Csoport 2. M\u0171helymunk\u00e1j\u00e1hoz kapcsol\u00f3d\u00f3 m\u00e9dia anyag\u00a0let\u00f6lthet\u0151 itt >>\u00a0 A hosszabb verzi\u00f3 \u00e9s az angol nyelv\u0171 r\u00f6vid \u00f6sszefoglal\u00f3 a Borsod-Aba\u00faj-Zempl\u00e9n Megyei Fejleszt\u00e9si \u00dcgyn\u00f6ks\u00e9g \u00e9s a REBUS project facebook oldalain m\u00e1r megoszt\u00e1sra ker\u00fclt. A REBUS Helyi Akci\u00f3tervez\u0151 Csoport munk\u00e1j\u00e1ban r\u00e9szt vesz a B\u00fckk \u2013 T\u00e9rs\u00e9gi LEADER vid\u00e9kfejleszt\u00e9si k\u00f6z\u00f6ss\u00e9g\u00fcnk.\u2026","rel":"","context":"In &quot;H\u00edreink, k\u00f6zlem\u00e9nyeink&quot;","img":{"alt_text":"","src":"https:\/\/i0.wp.com\/bukkleader.hu\/old\/wp-content\/uploads\/2017\/03\/REBUS.png?resize=350%2C200&ssl=1","width":350,"height":200},"classes":[]},{"id":400,"url":"https:\/\/bukkleader.hu\/old\/akkreditalt-falusi-vendeglato-kepzes\/","url_meta":{"origin":377,"position":4},"title":"Akkredit\u00e1lt falusi vend\u00e9gl\u00e1t\u00f3 k\u00e9pz\u00e9s","date":"2014-09-23","format":false,"excerpt":"Felh\u00edv\u00e1s: A Falusi \u00e9s Agroturizmus Orsz\u00e1gos Sz\u00f6vets\u00e9ge \"akkredit\u00e1lt falusi vend\u00e9gl\u00e1t\u00f3\" k\u00e9pz\u00e9st ind\u00edtA k\u00e9pz\u00e9s c\u00e9lja: szakmai felk\u00e9sz\u00edt\u00e9s, kezd\u0151 falusi vend\u00e9gl\u00e1t\u00f3k \u00e9s vid\u00e9ki szolg\u00e1ltat\u00f3k\u00e9nt tanyagazdas\u00e1got, farmgazdas\u00e1got m\u0171k\u00f6dtet\u0151 mag\u00e1nszem\u00e9lyek, kis- \u00e9s mikr\u00f3v\u00e1llalkoz\u00e1sok sz\u00e1m\u00e1ra.A k\u00e9pz\u00e9s c\u00e9lcsoportja: a falusi vend\u00e9gfogad\u00f3k, a falusi turizmus, mint szolg\u00e1ltat\u00f3i tev\u00e9kenys\u00e9g ir\u00e1nt \u00e9rdekl\u0151d\u0151k akik most tervezik bekapcsol\u00f3d\u00e1sukat a vend\u00e9gfogad\u00e1sba, vagy\u2026","rel":"","context":"In &quot;H\u00edreink, k\u00f6zlem\u00e9nyeink&quot;","img":{"alt_text":"falusi-turizmus_itthon-hu-w","src":"https:\/\/i2.wp.com\/bukkleader.hu\/old\/wp-content\/uploads\/2015\/09\/falusi-turizmus_itthon-hu-w.jpg?resize=350%2C200&ssl=1","width":350,"height":200},"classes":[]},{"id":266,"url":"https:\/\/bukkleader.hu\/old\/2012-oktober-25-i-hacs-eloadasok-bemutatoi\/","url_meta":{"origin":377,"position":5},"title":"2012. okt\u00f3ber 25-i HACS el\u0151ad\u00e1sok bemutat\u00f3i","date":"2012-10-30","format":false,"excerpt":"Let\u00f6lthet\u0151k az okt\u00f3ber 25-i HACS szakmai f\u00f3rumon elhangzott el\u0151ad\u00e1sok bemutat\u00f3iA B\u00fckk-T\u00e9rs\u00e9gi LEADER Egyes\u00fclet a 2012. okt\u00f3ber 25-\u00e9n a b\u0151csi Faluh\u00e1zban szakmai f\u00f3rumot tartott a tagjai \u00e9s potenci\u00e1lis p\u00e1ly\u00e1z\u00f3i r\u00e9sz\u00e9re (megh\u00edv\u00f3 let\u00f6lt\u00e9se >>). A f\u00f3rumon a HACS munkat\u00e1rsai bemutatt\u00e1k a 2012. november 15-ig p\u00e1ly\u00e1zhat\u00f3 EMVA III. falumeg\u00faj\u00edt\u00e1s \u00e9s \u2013fejleszt\u00e9s jogc\u00edm t\u00e1mogat\u00e1si\u2026","rel":"","context":"In &quot;H\u00edreink, k\u00f6zlem\u00e9nyeink&quot;","img":{"alt_text":"eu-kohezio-w","src":"https:\/\/i2.wp.com\/bukkleader.hu\/old\/wp-content\/uploads\/2015\/09\/eu-kohezio-w.jpg?resize=350%2C200&ssl=1","width":350,"height":200},"classes":[]}],"_links":{"self":[{"href":"https:\/\/bukkleader.hu\/old\/wp-json\/wp\/v2\/posts\/377"}],"collection":[{"href":"https:\/\/bukkleader.hu\/old\/wp-json\/wp\/v2\/posts"}],"about":[{"href":"https:\/\/bukkleader.hu\/old\/wp-json\/wp\/v2\/types\/post"}],"author":[{"embeddable":true,"href":"https:\/\/bukkleader.hu\/old\/wp-json\/wp\/v2\/users\/1"}],"replies":[{"embeddable":true,"href":"https:\/\/bukkleader.hu\/old\/wp-json\/wp\/v2\/comments?post=377"}],"version-history":[{"count":1,"href":"https:\/\/bukkleader.hu\/old\/wp-json\/wp\/v2\/posts\/377\/revisions"}],"predecessor-version":[{"id":378,"href":"https:\/\/bukkleader.hu\/old\/wp-json\/wp\/v2\/posts\/377\/revisions\/378"}],"wp:featuredmedia":[{"embeddable":true,"href":"https:\/\/bukkleader.hu\/old\/wp-json\/wp\/v2\/media\/229"}],"wp:attachment":[{"href":"https:\/\/bukkleader.hu\/old\/wp-json\/wp\/v2\/media?parent=377"}],"wp:term":[{"taxonomy":"category","embeddable":true,"href":"https:\/\/bukkleader.hu\/old\/wp-json\/wp\/v2\/categories?post=377"},{"taxonomy":"post_tag","embeddable":true,"href":"https:\/\/bukkleader.hu\/old\/wp-json\/wp\/v2\/tags?post=377"}],"curies":[{"name":"wp","href":"https:\/\/api.w.org\/{rel}","templated":true}]}}