{"id":375,"date":"2014-03-25T15:22:35","date_gmt":"2014-03-25T14:22:35","guid":{"rendered":"https:\/\/bukkleader.hu\/old\/new\/?p=375"},"modified":"2015-09-22T15:23:35","modified_gmt":"2015-09-22T13:23:35","slug":"rolunk-irtak-eddigi-munkajat-ertekelte-a-bukk-makk-leader-akciocsoport","status":"publish","type":"post","link":"https:\/\/bukkleader.hu\/old\/rolunk-irtak-eddigi-munkajat-ertekelte-a-bukk-makk-leader-akciocsoport\/","title":{"rendered":"R\u00f3lunk \u00edrt\u00e1k: \u201eEddigi munk\u00e1j\u00e1t \u00e9rt\u00e9kelte a B\u00fckk-Makk Leader Akci\u00f3csoport\u201d"},"content":{"rendered":"<p class=\"style6\" style=\"text-align: justify;\">\u201e2014. m\u00e1rcius 4-\u00e9n Saj\u00f3perti k\u00f6zs\u00e9gben tartotta \u00fcl\u00e9s\u00e9t a B\u00fckk-Makk Leader Akci\u00f3csoport. Az \u00fcl\u00e9sen \u00e9rt\u00e9kelt\u00e9k az eddig el\u00e9rt eredm\u00e9nyeket \u00e9s felv\u00e1zolt\u00e1k a k\u00f6vetkez\u0151 tervez\u00e9si ciklus feladatait. Egy j\u00f3l m\u0171k\u00f6d\u0151 leader csoportba r\u00e9szt v\u00e1llalnak az \u00f6nkorm\u00e1nyzatok mellett a civil szervezetek, egyes\u00fcletek \u00e9s gazdas\u00e1gi t\u00e1rsas\u00e1gok is, hogy k\u00f6z\u00f6sen tudjanak olyan feladatokat \u00e9s c\u00e9lokat kit\u0171zni, amelyek el\u0151seg\u00edtik az adott t\u00e9rs\u00e9g felemelked\u00e9s\u00e9t.\u201d<\/p>\n<p class=\"style6\">Tov\u00e1bb <a href=\"http:\/\/www.web.bvmedia.hu\/index.php?option=com_content&amp;view=article&amp;id=6059%3Aeddigi-munkajat-ertekelte-a-buekk-makk-leader-akciocsoport&amp;catid=576%3Atersegi&amp;Itemid=109\" target=\"_blank\">a teljes cikkhez \u00e9s vide\u00f3hoz az Eleven TV weboldal\u00e1ra &gt;&gt;<\/a><\/p>\n<div class=\"sharedaddy sd-sharing-enabled\"><div class=\"robots-nocontent sd-block sd-social sd-social-icon sd-sharing\"><h3 class=\"sd-title\">Share this:<\/h3><div class=\"sd-content\"><ul><li class=\"share-facebook\"><a rel=\"nofollow noopener noreferrer\" data-shared=\"sharing-facebook-375\" class=\"share-facebook sd-button share-icon no-text\" href=\"https:\/\/bukkleader.hu\/old\/rolunk-irtak-eddigi-munkajat-ertekelte-a-bukk-makk-leader-akciocsoport\/?share=facebook\" target=\"_blank\" title=\"Click to share on Facebook\"><span><\/span><span class=\"sharing-screen-reader-text\">Click to share on Facebook (Opens in new window)<\/span><\/a><\/li><li class=\"share-twitter\"><a rel=\"nofollow noopener noreferrer\" data-shared=\"sharing-twitter-375\" class=\"share-twitter sd-button share-icon no-text\" href=\"https:\/\/bukkleader.hu\/old\/rolunk-irtak-eddigi-munkajat-ertekelte-a-bukk-makk-leader-akciocsoport\/?share=twitter\" target=\"_blank\" title=\"Click to share on Twitter\"><span><\/span><span class=\"sharing-screen-reader-text\">Click to share on Twitter (Opens in new window)<\/span><\/a><\/li><li class=\"share-print\"><a rel=\"nofollow noopener noreferrer\" data-shared=\"\" class=\"share-print sd-button share-icon no-text\" href=\"https:\/\/bukkleader.hu\/old\/rolunk-irtak-eddigi-munkajat-ertekelte-a-bukk-makk-leader-akciocsoport\/\" target=\"_blank\" title=\"Click to print\"><span><\/span><span class=\"sharing-screen-reader-text\">Click to print (Opens in new window)<\/span><\/a><\/li><li class=\"share-email\"><a rel=\"nofollow noopener noreferrer\" data-shared=\"\" class=\"share-email sd-button share-icon no-text\" href=\"https:\/\/bukkleader.hu\/old\/rolunk-irtak-eddigi-munkajat-ertekelte-a-bukk-makk-leader-akciocsoport\/?share=email\" target=\"_blank\" title=\"Click to email this to a friend\"><span><\/span><span class=\"sharing-screen-reader-text\">Click to email this to a friend (Opens in new window)<\/span><\/a><\/li><li class=\"share-end\"><\/li><\/ul><\/div><\/div><\/div>","protected":false},"excerpt":{"rendered":"<p>\u201e2014. m\u00e1rcius 4-\u00e9n Saj\u00f3perti k\u00f6zs\u00e9gben tartotta \u00fcl\u00e9s\u00e9t a B\u00fckk-Makk Leader Akci\u00f3csoport. Az \u00fcl\u00e9sen \u00e9rt\u00e9kelt\u00e9k az eddig el\u00e9rt eredm\u00e9nyeket \u00e9s felv\u00e1zolt\u00e1k a k\u00f6vetkez\u0151 tervez\u00e9si ciklus feladatait. Egy j\u00f3l m\u0171k\u00f6d\u0151 leader csoportba r\u00e9szt v\u00e1llalnak az \u00f6nkorm\u00e1nyzatok mellett a civil szervezetek, egyes\u00fcletek \u00e9s gazdas\u00e1gi t\u00e1rsas\u00e1gok is, hogy k\u00f6z\u00f6sen tudjanak olyan feladatokat \u00e9s c\u00e9lokat kit\u0171zni, amelyek el\u0151seg\u00edtik az adott [&hellip;]<\/p>\n<div class=\"sharedaddy sd-sharing-enabled\"><div class=\"robots-nocontent sd-block sd-social sd-social-icon sd-sharing\"><h3 class=\"sd-title\">Share this:<\/h3><div class=\"sd-content\"><ul><li class=\"share-facebook\"><a rel=\"nofollow noopener noreferrer\" data-shared=\"sharing-facebook-375\" class=\"share-facebook sd-button share-icon no-text\" href=\"https:\/\/bukkleader.hu\/old\/rolunk-irtak-eddigi-munkajat-ertekelte-a-bukk-makk-leader-akciocsoport\/?share=facebook\" target=\"_blank\" title=\"Click to share on Facebook\"><span><\/span><span class=\"sharing-screen-reader-text\">Click to share on Facebook (Opens in new window)<\/span><\/a><\/li><li class=\"share-twitter\"><a rel=\"nofollow noopener noreferrer\" data-shared=\"sharing-twitter-375\" class=\"share-twitter sd-button share-icon no-text\" href=\"https:\/\/bukkleader.hu\/old\/rolunk-irtak-eddigi-munkajat-ertekelte-a-bukk-makk-leader-akciocsoport\/?share=twitter\" target=\"_blank\" title=\"Click to share on Twitter\"><span><\/span><span class=\"sharing-screen-reader-text\">Click to share on Twitter (Opens in new window)<\/span><\/a><\/li><li class=\"share-print\"><a rel=\"nofollow noopener noreferrer\" data-shared=\"\" class=\"share-print sd-button share-icon no-text\" href=\"https:\/\/bukkleader.hu\/old\/rolunk-irtak-eddigi-munkajat-ertekelte-a-bukk-makk-leader-akciocsoport\/\" target=\"_blank\" title=\"Click to print\"><span><\/span><span class=\"sharing-screen-reader-text\">Click to print (Opens in new window)<\/span><\/a><\/li><li class=\"share-email\"><a rel=\"nofollow noopener noreferrer\" data-shared=\"\" class=\"share-email sd-button share-icon no-text\" href=\"https:\/\/bukkleader.hu\/old\/rolunk-irtak-eddigi-munkajat-ertekelte-a-bukk-makk-leader-akciocsoport\/?share=email\" target=\"_blank\" title=\"Click to email this to a friend\"><span><\/span><span class=\"sharing-screen-reader-text\">Click to email this to a friend (Opens in new window)<\/span><\/a><\/li><li class=\"share-end\"><\/li><\/ul><\/div><\/div><\/div>","protected":false},"author":1,"featured_media":297,"comment_status":"open","ping_status":"closed","sticky":false,"template":"","format":"standard","meta":{"_bbp_topic_count":0,"_bbp_reply_count":0,"_bbp_total_topic_count":0,"_bbp_total_reply_count":0,"_bbp_voice_count":0,"_bbp_anonymous_reply_count":0,"_bbp_topic_count_hidden":0,"_bbp_reply_count_hidden":0,"_bbp_forum_subforum_count":0,"spay_email":"","jetpack_publicize_message":"","jetpack_is_tweetstorm":false,"jetpack_publicize_feature_enabled":true},"categories":[1],"tags":[],"jetpack_featured_media_url":"https:\/\/bukkleader.hu\/old\/wp-content\/uploads\/2015\/09\/sajtoszemle-w.jpg","jetpack_publicize_connections":[],"jetpack_sharing_enabled":true,"jetpack-related-posts":[{"id":176,"url":"https:\/\/bukkleader.hu\/old\/uj-leader-helyi-akciocsoport-alakitasa\/","url_meta":{"origin":375,"position":0},"title":"\u00daj LEADER Helyi Akci\u00f3csoport alak\u00edt\u00e1sa","date":"2012-06-09","format":false,"excerpt":"A B\u00fckk-Miskolc T\u00e9rs\u00e9gi vid\u00e9kfejleszt\u00e9si k\u00f6z\u00f6ss\u00e9g \u00faj LEADER Helyi Akci\u00f3csoportot alak\u00edtottAz 54\/2011. VM rendelet szerint \u201e2012. \u00e1prilis 30-\u00e1t k\u00f6vet\u0151en LEADER HACS c\u00edmmel kiz\u00e1r\u00f3lag egyes\u00fclet rendelkezhet, illetve e c\u00edmet csak egyes\u00fclet nyerheti el.\u201d A nagy sikereket el\u00e9rt B\u00dcKK-MAK LEADER vid\u00e9kfejleszt\u00e9si k\u00f6z\u00f6ss\u00e9g a tov\u00e1bbi - a 2012-2015. id\u0151szakban p\u00e1ly\u00e1zhat\u00f3 - vid\u00e9kfejleszt\u00e9si forr\u00e1sok megszerz\u00e9se\u2026","rel":"","context":"In &quot;Eredm\u00e9nyeink&quot;","img":{"alt_text":"z\u00f6ld pipa","src":"https:\/\/i2.wp.com\/bukkleader.hu\/old\/wp-content\/uploads\/2012\/06\/zold-pipa384w.jpg?resize=350%2C200&ssl=1","width":350,"height":200},"classes":[]},{"id":191,"url":"https:\/\/bukkleader.hu\/old\/turisztikai-tevekenysegek-osztonzese\/","url_meta":{"origin":375,"position":1},"title":"Turisztikai tev\u00e9kenys\u00e9gek \u00f6szt\u00f6nz\u00e9se","date":"2012-06-12","format":false,"excerpt":"Megjelent a turisztikai tev\u00e9kenys\u00e9gek \u00f6szt\u00f6nz\u00e9s\u00e9hez az EMVA-b\u00f3l ny\u00fajtand\u00f3 t\u00e1mogat\u00e1sokr\u00f3l sz\u00f3l\u00f3 rendelet, valamint m\u00f3dosult a mikrov\u00e1llalkoz\u00e1sok fejleszt\u00e9s\u00e9re vonatkoz\u00f3 jogc\u00edmrendelet.Megjelent a 52\/2012. (VI. 8.) VM rendelet az Eur\u00f3pai Mez\u0151gazdas\u00e1gi Vid\u00e9kfejleszt\u00e9si Alapb\u00f3l a turisztikai tev\u00e9kenys\u00e9gek \u00f6szt\u00f6nz\u00e9s\u00e9heza LEADER Helyi Akci\u00f3csoportok k\u00f6zrem\u0171k\u00f6d\u00e9s\u00e9vel 2012-t\u00f5l ny\u00fajtand\u00f3 t\u00e1mogat\u00e1sok r\u00e9szletes felt\u00e9teleir\u00f5l. A rendelet 7. mell\u00e9klete szerinta B\u00fckk-T\u00e9rs\u00e9gi LEADER Egyes\u00fclet\u2026","rel":"","context":"In &quot;H\u00edreink, k\u00f6zlem\u00e9nyeink&quot;","img":{"alt_text":"paragrafus","src":"https:\/\/i0.wp.com\/bukkleader.hu\/old\/wp-content\/uploads\/2012\/06\/paragrafus384w.jpg?resize=350%2C200&ssl=1","width":350,"height":200},"classes":[]},{"id":480,"url":"https:\/\/bukkleader.hu\/old\/meghivo-nyilvanos-elnoksegi-ulesre\/","url_meta":{"origin":375,"position":2},"title":"Megh\u00edv\u00f3 nyilv\u00e1nos eln\u00f6ks\u00e9gi \u00fcl\u00e9sre","date":"2015-10-19","format":false,"excerpt":"A B\u00fckk-T\u00e9rs\u00e9gi LEADER Egyes\u00fclet k\u00f6vetkez\u0151 eln\u00f6ks\u00e9gi \u00fcl\u00e9s\u00e9t 2015.10.21-\u00e9n tartja, a mell\u00e9kelt megh\u00edv\u00f3 szerint. Az eln\u00f6ks\u00e9gi \u00fcl\u00e9s nyilv\u00e1nos, minden \u00e9rdekl\u0151d\u0151t v\u00e1runk!Megh\u00edv\u00f3 let\u00f6lt\u00e9se itt >>","rel":"","context":"In &quot;H\u00edreink, k\u00f6zlem\u00e9nyeink&quot;","img":{"alt_text":"","src":"","width":0,"height":0},"classes":[]},{"id":322,"url":"https:\/\/bukkleader.hu\/old\/negymilliard-forint-tobbletforras-falumegujitasra-es-videki-orokseg-megorzesere\/","url_meta":{"origin":375,"position":3},"title":"N\u00e9gymilli\u00e1rd forint t\u00f6bbletforr\u00e1s falumeg\u00faj\u00edt\u00e1sra \u00e9s vid\u00e9ki \u00f6r\u00f6ks\u00e9g meg\u0151rz\u00e9s\u00e9re","date":"2013-05-28","format":false,"excerpt":"\u201eN\u00e9gymilli\u00e1rd forint t\u00f6bbletforr\u00e1st biztos\u00edt a vid\u00e9kfejleszt\u00e9si t\u00e1rca a Leader helyi vid\u00e9kfejleszt\u00e9si akci\u00f3csoportoknak a falumeg\u00faj\u00edt\u00e1si, -fejleszt\u00e9si, valamint a vid\u00e9ki \u00f6r\u00f6ks\u00e9g meg\u0151rz\u00e9s\u00e9t szolg\u00e1l\u00f3 p\u00e1ly\u00e1zatok finansz\u00edroz\u00e1sra - k\u00f6z\u00f6lte a szakt\u00e1rca vid\u00e9kfejleszt\u00e9s\u00e9rt felel\u0151s \u00e1llamtitk\u00e1ra h\u00e9tf\u0151n Budapesten, sajt\u00f3t\u00e1j\u00e9koztat\u00f3n. V. N\u00e9meth Zsolt elmondta: a falumeg\u00faj\u00edt\u00e1sra \u00e9s a vid\u00e9ki \u00f6r\u00f6ks\u00e9g meg\u0151rz\u00e9s\u00e9re ford\u00edthat\u00f3 \u00f6sszegre 88 vid\u00e9kfejleszt\u00e9si akci\u00f3csoport ter\u00fclet\u00e9r\u0151l\u2026","rel":"","context":"In &quot;H\u00edreink, k\u00f6zlem\u00e9nyeink&quot;","img":{"alt_text":"magyar-cimer","src":"https:\/\/i0.wp.com\/bukkleader.hu\/old\/wp-content\/uploads\/2015\/09\/magyar-cimer1.jpg?resize=350%2C200&ssl=1","width":350,"height":200},"classes":[]},{"id":800,"url":"https:\/\/bukkleader.hu\/old\/meghivo-elnoksegi-ulesre\/","url_meta":{"origin":375,"position":4},"title":"MEGH\u00cdV\u00d3 &#8211; Eln\u00f6ks\u00e9gi \u00fcl\u00e9sre","date":"2016-02-02","format":false,"excerpt":"A B\u00fckk-T\u00e9rs\u00e9gi LEADER Egyes\u00fclet Eln\u00f6ks\u00e9gi \u00fcl\u00e9st tart a mell\u00e9kelt megh\u00edv\u00f3 szerintMegh\u00edv\u00f3 let\u00f6lt\u00e9se >>\u00a0Meghiv\u00f3 eln\u00f6ks\u00e9gi \u00fcl\u00e9sre","rel":"","context":"In &quot;H\u00edreink, k\u00f6zlem\u00e9nyeink&quot;","img":{"alt_text":"","src":"https:\/\/i1.wp.com\/bukkleader.hu\/old\/wp-content\/uploads\/2016\/02\/eln\u00f6ks\u00e9gi1.jpg?resize=350%2C200&ssl=1","width":350,"height":200},"classes":[]},{"id":398,"url":"https:\/\/bukkleader.hu\/old\/figyelem-tobb-emva-jogcimrendelet-modositasra-kerult\/","url_meta":{"origin":375,"position":5},"title":"Figyelem! T\u00f6bb EMVA jogc\u00edmrendelet m\u00f3dos\u00edt\u00e1sra ker\u00fclt","date":"2014-09-23","format":false,"excerpt":"2014. szeptember 15-\u00e9n megjelent az 1\/2014. (IX. 15.) MVM\u00a0rendelet Az Eur\u00f3pai Mez\u0151gazdas\u00e1gi Vid\u00e9kfejleszt\u00e9si Alapb\u00f3l finansz\u00edrozott egyes agr\u00e1rt\u00e1mogat\u00e1si t\u00e1rgy\u00fa miniszteri rendeletek m\u00f3dos\u00edt\u00e1s\u00e1r\u00f3l. A rendelet t\u00f6bbek k\u00f6z\u00f6tt tartalmazza:\u00a0A\u00a0LEADER Helyi Akci\u00f3csoportok feladat ell\u00e1t\u00e1s\u00e1hoz az\u00a0Eur\u00f3pai Mez\u0151gazdas\u00e1gi Vid\u00e9kfejleszt\u00e9si Alapb\u00f3l ny\u00fajtand\u00f3 vid\u00e9kfejleszt\u00e9si t\u00e1mogat\u00e1s r\u00e9szletes felt\u00e9teleir\u0151l sz\u00f3l\u00f330\/2012. (III. 24.) VM\u00a0rendelet m\u00f3dos\u00edt\u00e1s\u00e1t, az\u00a0Eur\u00f3pai Mez\u0151gazdas\u00e1gi Vid\u00e9kfejleszt\u00e9si Alapb\u00f3l a\u00a0mikrov\u00e1llalkoz\u00e1sok l\u00e9trehoz\u00e1s\u00e1ra\u2026","rel":"","context":"In &quot;H\u00edreink, k\u00f6zlem\u00e9nyeink&quot;","img":{"alt_text":"paragrafus","src":"https:\/\/i0.wp.com\/bukkleader.hu\/old\/wp-content\/uploads\/2012\/06\/paragrafus384w.jpg?resize=350%2C200&ssl=1","width":350,"height":200},"classes":[]}],"_links":{"self":[{"href":"https:\/\/bukkleader.hu\/old\/wp-json\/wp\/v2\/posts\/375"}],"collection":[{"href":"https:\/\/bukkleader.hu\/old\/wp-json\/wp\/v2\/posts"}],"about":[{"href":"https:\/\/bukkleader.hu\/old\/wp-json\/wp\/v2\/types\/post"}],"author":[{"embeddable":true,"href":"https:\/\/bukkleader.hu\/old\/wp-json\/wp\/v2\/users\/1"}],"replies":[{"embeddable":true,"href":"https:\/\/bukkleader.hu\/old\/wp-json\/wp\/v2\/comments?post=375"}],"version-history":[{"count":1,"href":"https:\/\/bukkleader.hu\/old\/wp-json\/wp\/v2\/posts\/375\/revisions"}],"predecessor-version":[{"id":376,"href":"https:\/\/bukkleader.hu\/old\/wp-json\/wp\/v2\/posts\/375\/revisions\/376"}],"wp:featuredmedia":[{"embeddable":true,"href":"https:\/\/bukkleader.hu\/old\/wp-json\/wp\/v2\/media\/297"}],"wp:attachment":[{"href":"https:\/\/bukkleader.hu\/old\/wp-json\/wp\/v2\/media?parent=375"}],"wp:term":[{"taxonomy":"category","embeddable":true,"href":"https:\/\/bukkleader.hu\/old\/wp-json\/wp\/v2\/categories?post=375"},{"taxonomy":"post_tag","embeddable":true,"href":"https:\/\/bukkleader.hu\/old\/wp-json\/wp\/v2\/tags?post=375"}],"curies":[{"name":"wp","href":"https:\/\/api.w.org\/{rel}","templated":true}]}}