{"id":373,"date":"2014-02-28T15:20:37","date_gmt":"2014-02-28T14:20:37","guid":{"rendered":"https:\/\/bukkleader.hu\/old\/new\/?p=373"},"modified":"2015-09-22T15:22:10","modified_gmt":"2015-09-22T13:22:10","slug":"2014-marcius-19-ig-kotelezo-monitoring-adatszolgaltatas","status":"publish","type":"post","link":"https:\/\/bukkleader.hu\/old\/2014-marcius-19-ig-kotelezo-monitoring-adatszolgaltatas\/","title":{"rendered":"2014. m\u00e1rcius 19-ig K\u00d6TELEZ\u0150 MONITORING ADATSZOLG\u00c1LTAT\u00c1S"},"content":{"rendered":"<p style=\"text-align: justify;\">Az Eur\u00f3pai Mez\u0151gazdas\u00e1gi Vid\u00e9kfejleszt\u00e9si Alap (EMVA) \u00e9s az Eur\u00f3pai Hal\u00e1szati Alap (EHA) keret\u00e9ben t\u00e1mogat\u00e1st elnyert \u00fcgyfelek a <a href=\"https:\/\/www.mvh.gov.hu\/portal\/MVHPortal\/default\/mainmenu\/kozlemenyek\/mvhk262014\" target=\"_blank\">26\/2014. (II. 17.) sz.<\/a> \u00e9s a <a href=\"https:\/\/www.mvh.gov.hu\/portal\/MVHPortal\/default\/mainmenu\/kozlemenyek\/mvhk272014\" target=\"_blank\">27\/2014. (II. 17.) sz. MVH k\u00f6zlem\u00e9ny<\/a>ek alapj\u00e1n <strong>2014. febru\u00e1r 17. \u2013 2014. m\u00e1rcius 19. id\u0151szakban monitoring adatszolg\u00e1ltat\u00e1sra k\u00f6telezettek<\/strong>. <!--more-->Az adatszolg\u00e1ltat\u00e1s kiz\u00e1r\u00f3lag <strong>elektronikus \u00faton, \u00fcgyf\u00e9lkapun kereszt\u00fcl<\/strong>teljes\u00edthet\u0151. Meghatalmaz\u00e1s r\u00f6gz\u00edt\u00e9s\u00e9hez elvesz\u00edtett, elfelejtett jelsz\u00f3 eset\u00e9n \u00faj jelsz\u00f3 a <a href=\"http:\/\/www.mvh.gov.hu\/portal\/MVHPortal\/default\/mainmenu\/ugyfelnyilvantartas\/hatalyos_ugyfelnyilvantartasi__20131029_1040673\" target=\"_blank\">G1040 nyomtatv\u00e1nyon<\/a>, szem\u00e9lyesen vagy postai \u00faton k\u00e9rhet\u0151. A <strong>meghatalmaz\u00e1st<\/strong> <strong>k\u00f6telez\u0151 legk\u00e9s\u0151bb az adatszolg\u00e1ltat\u00e1s beny\u00fajt\u00e1s\u00e1t \u00f6t nappal megel\u0151z\u0151en<\/strong> postai \u00faton vagy szem\u00e9lyesen beny\u00fajtani az illet\u00e9kes megyei MVH kirendelts\u00e9g\u00e9hez. A monitoring adatszolg\u00e1ltat\u00e1s teljes\u00edt\u00e9s\u00e9t\u00a0<a href=\"http:\/\/www.mvh.gov.hu\/portal\/MVHPortal\/default\/mainmenu\/alkalmazasok\/info?tartalom_id=1009075\" target=\"_blank\">\u00fatmutat\u00f3k<\/a> <a href=\"http:\/\/www.mvh.gov.hu\/portal\/MVHPortal\/default\/mainmenu\/alkalmazasok\/info?tartalom_id=1009075\" target=\"_blank\">\u00e9s seg\u00e9dletek <\/a>seg\u00edtik, a szolg\u00e1ltatand\u00f3 adatok list\u00e1ja <a href=\"http:\/\/www.mvh.gov.hu\/portal\/MVHPortal\/default\/mainmenu\/tamogatasok\/MVHJogcimKeresoPortletWindow?tamogatas_id=1000139&amp;mutat=T%C3%A1mogat%C3%A1s%2Br%C3%A9szletei&amp;tartalom_id=1042286\" target=\"_blank\">ezen a linken<\/a> tal\u00e1lhat\u00f3.<\/p>\n<div class=\"sharedaddy sd-sharing-enabled\"><div class=\"robots-nocontent sd-block sd-social sd-social-icon sd-sharing\"><h3 class=\"sd-title\">Share this:<\/h3><div class=\"sd-content\"><ul><li class=\"share-facebook\"><a rel=\"nofollow noopener noreferrer\" data-shared=\"sharing-facebook-373\" class=\"share-facebook sd-button share-icon no-text\" href=\"https:\/\/bukkleader.hu\/old\/2014-marcius-19-ig-kotelezo-monitoring-adatszolgaltatas\/?share=facebook\" target=\"_blank\" title=\"Click to share on Facebook\"><span><\/span><span class=\"sharing-screen-reader-text\">Click to share on Facebook (Opens in new window)<\/span><\/a><\/li><li class=\"share-twitter\"><a rel=\"nofollow noopener noreferrer\" data-shared=\"sharing-twitter-373\" class=\"share-twitter sd-button share-icon no-text\" href=\"https:\/\/bukkleader.hu\/old\/2014-marcius-19-ig-kotelezo-monitoring-adatszolgaltatas\/?share=twitter\" target=\"_blank\" title=\"Click to share on Twitter\"><span><\/span><span class=\"sharing-screen-reader-text\">Click to share on Twitter (Opens in new window)<\/span><\/a><\/li><li class=\"share-print\"><a rel=\"nofollow noopener noreferrer\" data-shared=\"\" class=\"share-print sd-button share-icon no-text\" href=\"https:\/\/bukkleader.hu\/old\/2014-marcius-19-ig-kotelezo-monitoring-adatszolgaltatas\/\" target=\"_blank\" title=\"Click to print\"><span><\/span><span class=\"sharing-screen-reader-text\">Click to print (Opens in new window)<\/span><\/a><\/li><li class=\"share-email\"><a rel=\"nofollow noopener noreferrer\" data-shared=\"\" class=\"share-email sd-button share-icon no-text\" href=\"https:\/\/bukkleader.hu\/old\/2014-marcius-19-ig-kotelezo-monitoring-adatszolgaltatas\/?share=email\" target=\"_blank\" title=\"Click to email this to a friend\"><span><\/span><span class=\"sharing-screen-reader-text\">Click to email this to a friend (Opens in new window)<\/span><\/a><\/li><li class=\"share-end\"><\/li><\/ul><\/div><\/div><\/div>","protected":false},"excerpt":{"rendered":"<p>Az Eur\u00f3pai Mez\u0151gazdas\u00e1gi Vid\u00e9kfejleszt\u00e9si Alap (EMVA) \u00e9s az Eur\u00f3pai Hal\u00e1szati Alap (EHA) keret\u00e9ben t\u00e1mogat\u00e1st elnyert \u00fcgyfelek a 26\/2014. (II. 17.) sz. \u00e9s a 27\/2014. (II. 17.) sz. MVH k\u00f6zlem\u00e9nyek alapj\u00e1n 2014. febru\u00e1r 17. \u2013 2014. m\u00e1rcius 19. id\u0151szakban monitoring adatszolg\u00e1ltat\u00e1sra k\u00f6telezettek.<\/p>\n<div class=\"sharedaddy sd-sharing-enabled\"><div class=\"robots-nocontent sd-block sd-social sd-social-icon sd-sharing\"><h3 class=\"sd-title\">Share this:<\/h3><div class=\"sd-content\"><ul><li class=\"share-facebook\"><a rel=\"nofollow noopener noreferrer\" data-shared=\"sharing-facebook-373\" class=\"share-facebook sd-button share-icon no-text\" href=\"https:\/\/bukkleader.hu\/old\/2014-marcius-19-ig-kotelezo-monitoring-adatszolgaltatas\/?share=facebook\" target=\"_blank\" title=\"Click to share on Facebook\"><span><\/span><span class=\"sharing-screen-reader-text\">Click to share on Facebook (Opens in new window)<\/span><\/a><\/li><li class=\"share-twitter\"><a rel=\"nofollow noopener noreferrer\" data-shared=\"sharing-twitter-373\" class=\"share-twitter sd-button share-icon no-text\" href=\"https:\/\/bukkleader.hu\/old\/2014-marcius-19-ig-kotelezo-monitoring-adatszolgaltatas\/?share=twitter\" target=\"_blank\" title=\"Click to share on Twitter\"><span><\/span><span class=\"sharing-screen-reader-text\">Click to share on Twitter (Opens in new window)<\/span><\/a><\/li><li class=\"share-print\"><a rel=\"nofollow noopener noreferrer\" data-shared=\"\" class=\"share-print sd-button share-icon no-text\" href=\"https:\/\/bukkleader.hu\/old\/2014-marcius-19-ig-kotelezo-monitoring-adatszolgaltatas\/\" target=\"_blank\" title=\"Click to print\"><span><\/span><span class=\"sharing-screen-reader-text\">Click to print (Opens in new window)<\/span><\/a><\/li><li class=\"share-email\"><a rel=\"nofollow noopener noreferrer\" data-shared=\"\" class=\"share-email sd-button share-icon no-text\" href=\"https:\/\/bukkleader.hu\/old\/2014-marcius-19-ig-kotelezo-monitoring-adatszolgaltatas\/?share=email\" target=\"_blank\" title=\"Click to email this to a friend\"><span><\/span><span class=\"sharing-screen-reader-text\">Click to email this to a friend (Opens in new window)<\/span><\/a><\/li><li class=\"share-end\"><\/li><\/ul><\/div><\/div><\/div>","protected":false},"author":1,"featured_media":262,"comment_status":"open","ping_status":"closed","sticky":false,"template":"","format":"standard","meta":{"_bbp_topic_count":0,"_bbp_reply_count":0,"_bbp_total_topic_count":0,"_bbp_total_reply_count":0,"_bbp_voice_count":0,"_bbp_anonymous_reply_count":0,"_bbp_topic_count_hidden":0,"_bbp_reply_count_hidden":0,"_bbp_forum_subforum_count":0,"spay_email":"","jetpack_publicize_message":"","jetpack_is_tweetstorm":false,"jetpack_publicize_feature_enabled":true},"categories":[1],"tags":[],"jetpack_featured_media_url":"https:\/\/bukkleader.hu\/old\/wp-content\/uploads\/2015\/09\/mvh-logo-w.jpg","jetpack_publicize_connections":[],"jetpack_sharing_enabled":true,"jetpack-related-posts":[{"id":410,"url":"https:\/\/bukkleader.hu\/old\/figyelem-jogszabaly-modositasok-2\/","url_meta":{"origin":373,"position":0},"title":"Figyelem! Jogszab\u00e1ly m\u00f3dos\u00edt\u00e1sok","date":"2014-11-25","format":false,"excerpt":"Megjelent a 8\/2014. (XI. 19.) MvM rendelet az Eur\u00f3pai Mez\u0151gazdas\u00e1gi Vid\u00e9kfejleszt\u00e9si Alapb\u00f3l finansz\u00edrozott egyes agr\u00e1rt\u00e1mogat\u00e1si t\u00e1rgy\u00fa miniszteri rendeletek m\u00f3dos\u00edt\u00e1s\u00e1r\u00f3l. A rendelet a 23\/2007. (IV. 17.) FVM rendelet (Vhr. - v\u00e9grehajt\u00e1si rendelet) valamint t\u00f6bb t\u00e1mogat\u00e1si jogc\u00edmrendelet m\u00f3dos\u00edt\u00e1s\u00e1t tartalmazza. Az MvM rendelet a Magyar K\u00f6zl\u00f6ny 2014.11.19-i, 157. sz\u00e1m\u00e1ban olvashat\u00f3, mely el\u00e9rhet\u0151 innen\u2026","rel":"","context":"In &quot;H\u00edreink, k\u00f6zlem\u00e9nyeink&quot;","img":{"alt_text":"paragrafus","src":"https:\/\/i0.wp.com\/bukkleader.hu\/old\/wp-content\/uploads\/2012\/06\/paragrafus384w.jpg?resize=350%2C200&ssl=1","width":350,"height":200},"classes":[]},{"id":251,"url":"https:\/\/bukkleader.hu\/old\/kozponti-szerepet-kap-a-leader-szemleletmod\/","url_meta":{"origin":373,"position":1},"title":"K\u00f6zponti szerepet kap a LEADER szeml\u00e9letm\u00f3d","date":"2012-09-23","format":false,"excerpt":"K\u00f6zponti szerepet kap a 2014-2020-as tervez\u00e9sben a LEADER szeml\u00e9letm\u00f3d\u201eAz elm\u00falt 20 \u00e9v sor\u00e1n hat\u00e9kony \u00e9s eredm\u00e9nyes eszk\u00f6znek bizonyult a fejleszt\u00e9spolitik\u00e1k megval\u00f3\u00ads\u00edt\u00e1s\u00e1ban a k\u00f6z\u00f6ss\u00e9g \u00e1ltal ir\u00e1ny\u00edtott helyi fejleszt\u00e9s (CLLD) LEADER szeml\u00e9letm\u00f3dja [\u2026] A k\u00f6z\u00f6ss\u00e9g \u00e1ltal ir\u00e1ny\u00edtott helyi fejleszt\u00e9sr\u0151l sz\u00f3l\u00f3 rendelettervezet (28-31. cikk) (4) a LEADER szem\u00adl\u00e9letm\u00f3dj\u00e1n alapul, \u00e9s \u00e9rinti a K\u00f6z\u00f6s\u2026","rel":"","context":"In &quot;H\u00edreink, k\u00f6zlem\u00e9nyeink&quot;","img":{"alt_text":"","src":"","width":0,"height":0},"classes":[]},{"id":379,"url":"https:\/\/bukkleader.hu\/old\/figyelem-jogszabaly-modositasok\/","url_meta":{"origin":373,"position":2},"title":"FIGYELEM! Jogszab\u00e1ly m\u00f3dos\u00edt\u00e1sok","date":"2014-04-07","format":false,"excerpt":"2014. \u00e1prilis 03-ai d\u00e1tummal megjelent a Magyar K\u00f6zl\u00f6ny 2014. \u00e9vi 50. sz\u00e1m\u00e1ban az agr\u00e1r-szaktan\u00e1csad\u00e1ssal kapcsolatos \u00e9s az Eur\u00f3pai Mez\u0151gazdas\u00e1gi Vid\u00e9kfejleszt\u00e9si Alapb\u00f3l finansz\u00edrozott egyes agr\u00e1rt\u00e1mogat\u00e1si t\u00e1rgy\u00fa miniszteri rendeletek m\u00f3dos\u00edt\u00e1s\u00e1r\u00f3l sz\u00f3l\u00f3 32\/2014. (IV. 3.) VM rendelet, amely t\u00f6bbek k\u00f6z\u00f6tt tartalmazza: az Eur\u00f3pai Mez\u0151gazdas\u00e1gi Vid\u00e9kfejleszt\u00e9si Alapb\u00f3l a Helyi Vid\u00e9kfejleszt\u00e9si Strat\u00e9gi\u00e1k LEADER fejezet\u00e9nek v\u00e9grehajt\u00e1s\u00e1hoz\u2026","rel":"","context":"In &quot;H\u00edreink, k\u00f6zlem\u00e9nyeink&quot;","img":{"alt_text":"paragrafus","src":"https:\/\/i0.wp.com\/bukkleader.hu\/old\/wp-content\/uploads\/2012\/06\/paragrafus384w.jpg?resize=350%2C200&ssl=1","width":350,"height":200},"classes":[]},{"id":408,"url":"https:\/\/bukkleader.hu\/old\/kormanyrendelet-jelent-meg-a-2014-2020-idoszaki-tamogatasok-felhasznalasi-rendjerol\/","url_meta":{"origin":373,"position":3},"title":"Korm\u00e1nyrendelet jelent meg a 2014-2020 id\u0151szaki t\u00e1mogat\u00e1sok felhaszn\u00e1l\u00e1si rendj\u00e9r\u0151l","date":"2014-11-18","format":false,"excerpt":"Megjelent a 272\/2014. (XI. 05.) Korm. rendelet a 2014-2020 programoz\u00e1si id\u0151szakban az egyes eur\u00f3pai uni\u00f3s alapokb\u00f3l sz\u00e1rmaz\u00f3 t\u00e1mogat\u00e1sok felhaszn\u00e1l\u00e1si rendj\u00e9r\u0151l. A Korm. rendelet a Magyar K\u00f6zl\u00f6ny 2014.11.05-i, 151. sz\u00e1m\u00e1ban olvashat\u00f3, mely el\u00e9rhet\u0151 innen >>","rel":"","context":"In &quot;H\u00edreink, k\u00f6zlem\u00e9nyeink&quot;","img":{"alt_text":"eu z\u00e1szl\u00f3","src":"https:\/\/i0.wp.com\/bukkleader.hu\/old\/wp-content\/uploads\/2012\/06\/eu-zaszlo384w.jpg?resize=350%2C200&ssl=1","width":350,"height":200},"classes":[]},{"id":398,"url":"https:\/\/bukkleader.hu\/old\/figyelem-tobb-emva-jogcimrendelet-modositasra-kerult\/","url_meta":{"origin":373,"position":4},"title":"Figyelem! T\u00f6bb EMVA jogc\u00edmrendelet m\u00f3dos\u00edt\u00e1sra ker\u00fclt","date":"2014-09-23","format":false,"excerpt":"2014. szeptember 15-\u00e9n megjelent az 1\/2014. (IX. 15.) MVM\u00a0rendelet Az Eur\u00f3pai Mez\u0151gazdas\u00e1gi Vid\u00e9kfejleszt\u00e9si Alapb\u00f3l finansz\u00edrozott egyes agr\u00e1rt\u00e1mogat\u00e1si t\u00e1rgy\u00fa miniszteri rendeletek m\u00f3dos\u00edt\u00e1s\u00e1r\u00f3l. A rendelet t\u00f6bbek k\u00f6z\u00f6tt tartalmazza:\u00a0A\u00a0LEADER Helyi Akci\u00f3csoportok feladat ell\u00e1t\u00e1s\u00e1hoz az\u00a0Eur\u00f3pai Mez\u0151gazdas\u00e1gi Vid\u00e9kfejleszt\u00e9si Alapb\u00f3l ny\u00fajtand\u00f3 vid\u00e9kfejleszt\u00e9si t\u00e1mogat\u00e1s r\u00e9szletes felt\u00e9teleir\u0151l sz\u00f3l\u00f330\/2012. (III. 24.) VM\u00a0rendelet m\u00f3dos\u00edt\u00e1s\u00e1t, az\u00a0Eur\u00f3pai Mez\u0151gazdas\u00e1gi Vid\u00e9kfejleszt\u00e9si Alapb\u00f3l a\u00a0mikrov\u00e1llalkoz\u00e1sok l\u00e9trehoz\u00e1s\u00e1ra\u2026","rel":"","context":"In &quot;H\u00edreink, k\u00f6zlem\u00e9nyeink&quot;","img":{"alt_text":"paragrafus","src":"https:\/\/i0.wp.com\/bukkleader.hu\/old\/wp-content\/uploads\/2012\/06\/paragrafus384w.jpg?resize=350%2C200&ssl=1","width":350,"height":200},"classes":[]},{"id":367,"url":"https:\/\/bukkleader.hu\/old\/2014-januar-15-ig-nyujthatok-be-a-turisztikai-palyazatok\/","url_meta":{"origin":373,"position":5},"title":"2014. janu\u00e1r 15-ig ny\u00fajthat\u00f3k be a turisztikai p\u00e1ly\u00e1zatok","date":"2013-12-18","format":false,"excerpt":"Az EMVA t\u00e1rsfinansz\u00edroz\u00e1s\u00fa int\u00e9zked\u00e9sek Ir\u00e1ny\u00edt\u00f3 Hat\u00f3s\u00e1g\u00e1nak 304\/2013. (XII. 16.) k\u00f6zlem\u00e9nye szerint \u201eAz Eur\u00f3pai Mez\u0151gazdas\u00e1gi Vid\u00e9kfejleszt\u00e9si Alapb\u00f3l a turisztikai tev\u00e9kenys\u00e9gek \u00f6szt\u00f6nz\u00e9s\u00e9hez a LEADER Helyi Akci\u00f3csoportok k\u00f6zrem\u0171k\u00f6d\u00e9s\u00e9vel 2013-ban ny\u00fajtand\u00f3 t\u00e1mogat\u00e1sok r\u00e9szletes felt\u00e9teleir\u0151l sz\u00f3l\u00f3 104\/2013. (XI. 14.) VM rendelet 11. \u00a7 (1) bekezd\u00e9s\u00e9nek folyamatban l\u00e9v\u0151 m\u00f3dos\u00edt\u00e1sa alapj\u00e1nt\u00e1mogat\u00e1si k\u00e9relmet \u2013 2013. december 20. helyett\u2026","rel":"","context":"In &quot;H\u00edreink, k\u00f6zlem\u00e9nyeink&quot;","img":{"alt_text":"felki\u00e1llt\u00f3 jel","src":"https:\/\/i0.wp.com\/bukkleader.hu\/old\/wp-content\/uploads\/2012\/06\/felkialto-jel384w.jpg?resize=350%2C200&ssl=1","width":350,"height":200},"classes":[]}],"_links":{"self":[{"href":"https:\/\/bukkleader.hu\/old\/wp-json\/wp\/v2\/posts\/373"}],"collection":[{"href":"https:\/\/bukkleader.hu\/old\/wp-json\/wp\/v2\/posts"}],"about":[{"href":"https:\/\/bukkleader.hu\/old\/wp-json\/wp\/v2\/types\/post"}],"author":[{"embeddable":true,"href":"https:\/\/bukkleader.hu\/old\/wp-json\/wp\/v2\/users\/1"}],"replies":[{"embeddable":true,"href":"https:\/\/bukkleader.hu\/old\/wp-json\/wp\/v2\/comments?post=373"}],"version-history":[{"count":1,"href":"https:\/\/bukkleader.hu\/old\/wp-json\/wp\/v2\/posts\/373\/revisions"}],"predecessor-version":[{"id":374,"href":"https:\/\/bukkleader.hu\/old\/wp-json\/wp\/v2\/posts\/373\/revisions\/374"}],"wp:featuredmedia":[{"embeddable":true,"href":"https:\/\/bukkleader.hu\/old\/wp-json\/wp\/v2\/media\/262"}],"wp:attachment":[{"href":"https:\/\/bukkleader.hu\/old\/wp-json\/wp\/v2\/media?parent=373"}],"wp:term":[{"taxonomy":"category","embeddable":true,"href":"https:\/\/bukkleader.hu\/old\/wp-json\/wp\/v2\/categories?post=373"},{"taxonomy":"post_tag","embeddable":true,"href":"https:\/\/bukkleader.hu\/old\/wp-json\/wp\/v2\/tags?post=373"}],"curies":[{"name":"wp","href":"https:\/\/api.w.org\/{rel}","templated":true}]}}