{"id":371,"date":"2014-02-28T15:17:20","date_gmt":"2014-02-28T14:17:20","guid":{"rendered":"https:\/\/bukkleader.hu\/old\/new\/?p=371"},"modified":"2015-09-22T15:20:01","modified_gmt":"2015-09-22T13:20:01","slug":"kifizetesi-kerelem-benyujtasi-idoszak-2014-februar-01-2014-majus-31","status":"publish","type":"post","link":"https:\/\/bukkleader.hu\/old\/kifizetesi-kerelem-benyujtasi-idoszak-2014-februar-01-2014-majus-31\/","title":{"rendered":"Kifizet\u00e9si k\u00e9relem beny\u00fajt\u00e1si id\u0151szak: 2014. febru\u00e1r 01. \u2013 2014. m\u00e1jus 31."},"content":{"rendered":"<p class=\"style6\" style=\"text-align: justify;\">A HACS illet\u00e9kess\u00e9gi k\u00f6r\u00e9be tartoz\u00f3, t\u00e1mogatott int\u00e9zked\u00e9sek vonatkoz\u00e1s\u00e1ban <strong>a 2014. febru\u00e1r 01. \u2013 2014. m\u00e1jus 31. id\u0151szakban<\/strong> beny\u00fajthat\u00f3k a megval\u00f3s\u00edtott vagy megval\u00f3s\u00edt\u00e1s alatt \u00e1ll\u00f3 projektek kifizet\u00e9si k\u00e9relmei, az al\u00e1bbi el\u0151\u00edr\u00e1sok alapj\u00e1n:<!--more--><\/p>\n<ul style=\"list-style-type: disc;\">\n<li class=\"style6\">A Helyi Vid\u00e9kfejleszt\u00e9si Strat\u00e9gi\u00e1k LEADER fejezet\u00e9nek v\u00e9grehajt\u00e1s\u00e1hoz ny\u00fajtand\u00f3 t\u00e1mogat\u00e1s: <a href=\"http:\/\/www.mvh.gov.hu\/portal\/MVHPortal\/default\/mainmenu\/kozlemenyek\/mvhk132014\" target=\"_blank\">13\/2014. (I.22.) sz\u00e1m\u00fa MVH K\u00f6zlem\u00e9ny &gt;&gt;<\/a><\/li>\n<li class=\"style6\">A turisztikai tev\u00e9kenys\u00e9gek \u00f6szt\u00f6nz\u00e9s\u00e9hez ny\u00fajtand\u00f3 t\u00e1mogat\u00e1s: <a href=\"http:\/\/www.mvh.gov.hu\/portal\/MVHPortal\/default\/mainmenu\/kozlemenyek\/mvhk92014\" target=\"_blank\">9\/2014. (I. 22.) sz\u00e1m\u00fa MVH K\u00f6zlem\u00e9ny &gt;&gt;<\/a><\/li>\n<li class=\"style6\">A falumeg\u00faj\u00edt\u00e1sra \u00e9s -fejleszt\u00e9sre ny\u00fajtand\u00f3 t\u00e1mogat\u00e1s: <a href=\"http:\/\/www.mvh.gov.hu\/portal\/MVHPortal\/default\/mainmenu\/kozlemenyek\/mvhk82014\" target=\"_blank\">8\/2014. (I. 22.) sz\u00e1m\u00fa MVH K\u00f6zlem\u00e9ny &gt;&gt;<\/a><\/li>\n<li class=\"style6\">A mikrov\u00e1llalkoz\u00e1sok l\u00e9trehoz\u00e1s\u00e1ra \u00e9s fejleszt\u00e9s\u00e9re ny\u00fajtand\u00f3 t\u00e1mogat\u00e1s:<a href=\"http:\/\/www.mvh.gov.hu\/portal\/MVHPortal\/default\/mainmenu\/kozlemenyek\/mvhk72014\" target=\"_blank\"> 7\/2014. (I. 22.) sz\u00e1m\u00fa MVH K\u00f6zlem\u00e9ny &gt;&gt;<\/a><\/li>\n<li class=\"style6\">A vid\u00e9ki \u00f6r\u00f6ks\u00e9g meg\u0151rz\u00e9s\u00e9hez ny\u00fajtand\u00f3 t\u00e1mogat\u00e1s: <a href=\"http:\/\/www.mvh.gov.hu\/portal\/MVHPortal\/default\/mainmenu\/kozlemenyek\/mvhk32014\" target=\"_blank\">3\/2014. (I. 22.) sz\u00e1m\u00fa MVH K\u00f6zlem\u00e9ny &gt;&gt;<\/a><\/li>\n<\/ul>\n<p><em>LEADER projektgazd\u00e1k FIGYELM\u00c9BE:<\/em><\/p>\n<p style=\"text-align: justify;\">Az \u00fcgyf\u00e9l k\u00f6teles a t\u00e1mogat\u00e1si hat\u00e1rozat k\u00f6zl\u00e9s\u00e9t\u0151l sz\u00e1m\u00edtott <strong>HAT H\u00d3NAPON BEL\u00dcL a t\u00e1mogat\u00e1si hat\u00e1rozatban j\u00f3v\u00e1hagyott \u2013 \u00e9s a t\u00e1mogat\u00e1si hat\u00e1rozattal j\u00f3v\u00e1hagyott egy\u00e9b elsz\u00e1molhat\u00f3 kiad\u00e1sok \u00f6sszeg\u00e9vel cs\u00f6kkentett \u2013 T\u00c1MOGAT\u00c1SI \u00d6SSZEG LEGAL\u00c1BB 10 %-\u00c1VAL ELSZ\u00c1MOLNI<\/strong>. Ez azt jelenti, hogy amennyiben a hat\u00e1rozat k\u00e9zhezv\u00e9tel\u00e9t\u0151l sz\u00e1m\u00edtott hat h\u00f3napos hat\u00e1rid\u0151 lej\u00e1rtakor kifizet\u00e9si id\u0151szak \u00e9pp nincs nyitva, \u00fagy az \u00fcgyf\u00e9l <strong>legk\u00e9s\u0151bb a megel\u0151z\u0151en nyitva \u00e1ll\u00f3 id\u0151szak utols\u00f3 napj\u00e1ig<\/strong> k\u00f6teles beny\u00fajtani a kifizet\u00e9si k\u00e9relm\u00e9t. <strong>A hat\u00e1rid\u0151 t\u00fall\u00e9p\u00e9se a k\u00e9relem elutas\u00edt\u00e1s\u00e1t \u00e9s a t\u00e1mogat\u00e1si jogosults\u00e1g megsz\u00fcntet\u00e9s\u00e9t vonja maga ut\u00e1n.<\/strong><\/p>\n<div class=\"sharedaddy sd-sharing-enabled\"><div class=\"robots-nocontent sd-block sd-social sd-social-icon sd-sharing\"><h3 class=\"sd-title\">Share this:<\/h3><div class=\"sd-content\"><ul><li class=\"share-facebook\"><a rel=\"nofollow noopener noreferrer\" data-shared=\"sharing-facebook-371\" class=\"share-facebook sd-button share-icon no-text\" href=\"https:\/\/bukkleader.hu\/old\/kifizetesi-kerelem-benyujtasi-idoszak-2014-februar-01-2014-majus-31\/?share=facebook\" target=\"_blank\" title=\"Click to share on Facebook\"><span><\/span><span class=\"sharing-screen-reader-text\">Click to share on Facebook (Opens in new window)<\/span><\/a><\/li><li class=\"share-twitter\"><a rel=\"nofollow noopener noreferrer\" data-shared=\"sharing-twitter-371\" class=\"share-twitter sd-button share-icon no-text\" href=\"https:\/\/bukkleader.hu\/old\/kifizetesi-kerelem-benyujtasi-idoszak-2014-februar-01-2014-majus-31\/?share=twitter\" target=\"_blank\" title=\"Click to share on Twitter\"><span><\/span><span class=\"sharing-screen-reader-text\">Click to share on Twitter (Opens in new window)<\/span><\/a><\/li><li class=\"share-print\"><a rel=\"nofollow noopener noreferrer\" data-shared=\"\" class=\"share-print sd-button share-icon no-text\" href=\"https:\/\/bukkleader.hu\/old\/kifizetesi-kerelem-benyujtasi-idoszak-2014-februar-01-2014-majus-31\/\" target=\"_blank\" title=\"Click to print\"><span><\/span><span class=\"sharing-screen-reader-text\">Click to print (Opens in new window)<\/span><\/a><\/li><li class=\"share-email\"><a rel=\"nofollow noopener noreferrer\" data-shared=\"\" class=\"share-email sd-button share-icon no-text\" href=\"https:\/\/bukkleader.hu\/old\/kifizetesi-kerelem-benyujtasi-idoszak-2014-februar-01-2014-majus-31\/?share=email\" target=\"_blank\" title=\"Click to email this to a friend\"><span><\/span><span class=\"sharing-screen-reader-text\">Click to email this to a friend (Opens in new window)<\/span><\/a><\/li><li class=\"share-end\"><\/li><\/ul><\/div><\/div><\/div>","protected":false},"excerpt":{"rendered":"<p>A HACS illet\u00e9kess\u00e9gi k\u00f6r\u00e9be tartoz\u00f3, t\u00e1mogatott int\u00e9zked\u00e9sek vonatkoz\u00e1s\u00e1ban a 2014. febru\u00e1r 01. \u2013 2014. m\u00e1jus 31. id\u0151szakban beny\u00fajthat\u00f3k a megval\u00f3s\u00edtott vagy megval\u00f3s\u00edt\u00e1s alatt \u00e1ll\u00f3 projektek kifizet\u00e9si k\u00e9relmei, az al\u00e1bbi el\u0151\u00edr\u00e1sok alapj\u00e1n:<\/p>\n<div class=\"sharedaddy sd-sharing-enabled\"><div class=\"robots-nocontent sd-block sd-social sd-social-icon sd-sharing\"><h3 class=\"sd-title\">Share this:<\/h3><div class=\"sd-content\"><ul><li class=\"share-facebook\"><a rel=\"nofollow noopener noreferrer\" data-shared=\"sharing-facebook-371\" class=\"share-facebook sd-button share-icon no-text\" href=\"https:\/\/bukkleader.hu\/old\/kifizetesi-kerelem-benyujtasi-idoszak-2014-februar-01-2014-majus-31\/?share=facebook\" target=\"_blank\" title=\"Click to share on Facebook\"><span><\/span><span class=\"sharing-screen-reader-text\">Click to share on Facebook (Opens in new window)<\/span><\/a><\/li><li class=\"share-twitter\"><a rel=\"nofollow noopener noreferrer\" data-shared=\"sharing-twitter-371\" class=\"share-twitter sd-button share-icon no-text\" href=\"https:\/\/bukkleader.hu\/old\/kifizetesi-kerelem-benyujtasi-idoszak-2014-februar-01-2014-majus-31\/?share=twitter\" target=\"_blank\" title=\"Click to share on Twitter\"><span><\/span><span class=\"sharing-screen-reader-text\">Click to share on Twitter (Opens in new window)<\/span><\/a><\/li><li class=\"share-print\"><a rel=\"nofollow noopener noreferrer\" data-shared=\"\" class=\"share-print sd-button share-icon no-text\" href=\"https:\/\/bukkleader.hu\/old\/kifizetesi-kerelem-benyujtasi-idoszak-2014-februar-01-2014-majus-31\/\" target=\"_blank\" title=\"Click to print\"><span><\/span><span class=\"sharing-screen-reader-text\">Click to print (Opens in new window)<\/span><\/a><\/li><li class=\"share-email\"><a rel=\"nofollow noopener noreferrer\" data-shared=\"\" class=\"share-email sd-button share-icon no-text\" href=\"https:\/\/bukkleader.hu\/old\/kifizetesi-kerelem-benyujtasi-idoszak-2014-februar-01-2014-majus-31\/?share=email\" target=\"_blank\" title=\"Click to email this to a friend\"><span><\/span><span class=\"sharing-screen-reader-text\">Click to email this to a friend (Opens in new window)<\/span><\/a><\/li><li class=\"share-end\"><\/li><\/ul><\/div><\/div><\/div>","protected":false},"author":1,"featured_media":229,"comment_status":"open","ping_status":"closed","sticky":false,"template":"","format":"standard","meta":{"_bbp_topic_count":0,"_bbp_reply_count":0,"_bbp_total_topic_count":0,"_bbp_total_reply_count":0,"_bbp_voice_count":0,"_bbp_anonymous_reply_count":0,"_bbp_topic_count_hidden":0,"_bbp_reply_count_hidden":0,"_bbp_forum_subforum_count":0,"spay_email":"","jetpack_publicize_message":"","jetpack_is_tweetstorm":false,"jetpack_publicize_feature_enabled":true},"categories":[1],"tags":[],"jetpack_featured_media_url":"https:\/\/bukkleader.hu\/old\/wp-content\/uploads\/2012\/06\/felkialto-jel384w.jpg","jetpack_publicize_connections":[],"jetpack_sharing_enabled":true,"jetpack-related-posts":[{"id":303,"url":"https:\/\/bukkleader.hu\/old\/2013-februar-01-tol-2013-majus-31-ig-nyujthatok-be-a-leader-kifizetesi-kerelmek\/","url_meta":{"origin":371,"position":0},"title":"2013. febru\u00e1r 01-t\u0151l 2013. m\u00e1jus 31-ig ny\u00fajthat\u00f3k be a LEADER kifizet\u00e9si k\u00e9relmek","date":"2013-01-31","format":false,"excerpt":"Megjelent a 19\/2013. (I.22.) sz\u00e1m\u00fa MVH k\u00f6zlem\u00e9ny az Eur\u00f3pai Mez\u0151gazdas\u00e1gi Vid\u00e9kfejleszt\u00e9si Alapb\u00f3l a Helyi Vid\u00e9kfejleszt\u00e9si Strat\u00e9gi\u00e1k LEADER fejezet\u00e9nek v\u00e9grehajt\u00e1s\u00e1hoz ny\u00fajtand\u00f3 t\u00e1mogat\u00e1s kifizet\u00e9s\u00e9nek ig\u00e9nyl\u00e9s\u00e9r\u0151l. A k\u00f6zlem\u00e9ny szerint az EMVA IV. \u2013 LEADER kifizet\u00e9si k\u00e9relmek 2013. febru\u00e1r 01. \u2013 2013. m\u00e1jus 31. id\u0151szakban elektronikus \u00faton ny\u00fajthat\u00f3k be.Az MVH k\u00f6zlem\u00e9ny \u00e9s az azzal\u2026","rel":"","context":"In &quot;H\u00edreink, k\u00f6zlem\u00e9nyeink&quot;","img":{"alt_text":"mhv-logo","src":"https:\/\/i2.wp.com\/bukkleader.hu\/old\/wp-content\/uploads\/2015\/09\/mvh-logo-w.jpg?resize=350%2C200&ssl=1","width":350,"height":200},"classes":[]},{"id":202,"url":"https:\/\/bukkleader.hu\/old\/mvh-kozlemeny\/","url_meta":{"origin":371,"position":1},"title":"MVH k\u00f6zlem\u00e9ny","date":"2012-08-01","format":false,"excerpt":"Megjelent a LEADER p\u00e1ly\u00e1zatok elsz\u00e1mol\u00e1s\u00e1ra vonatkoz\u00f3 MVH k\u00f6zlem\u00e9nyMegjelent a 107\/2012. (VII. 20.) sz\u00e1m\u00fa MVH K\u00f6zlem\u00e9ny az Eur\u00f3pai Mez\u0151gazdas\u00e1gi Vid\u00e9kfejleszt\u00e9si Alapb\u00f3l a Helyi Vid\u00e9kfejleszt\u00e9si Strat\u00e9gi\u00e1k LEADER fejezet\u00e9nek v\u00e9grehajt\u00e1s\u00e1hoz ny\u00fajtand\u00f3 t\u00e1mogat\u00e1s kifizet\u00e9s\u00e9nek ig\u00e9nyl\u00e9s\u00e9r\u0151l.A k\u00f6zlem\u00e9ny \u00e9s mell\u00e9kleteinek let\u00f6lt\u00e9se >>\u00a0 A k\u00f6zlem\u00e9ny m\u00f3dos\u00edt\u00e1s\u00e1nak let\u00f6lt\u00e9se >>","rel":"","context":"In &quot;H\u00edreink, k\u00f6zlem\u00e9nyeink&quot;","img":{"alt_text":"","src":"","width":0,"height":0},"classes":[]},{"id":222,"url":"https:\/\/bukkleader.hu\/old\/elektronikus-uton-is-benyujthatok-a-leader-kifizetesi-kerelmek\/","url_meta":{"origin":371,"position":2},"title":"Elektronikus \u00faton is beny\u00fajthat\u00f3k a LEADER kifizet\u00e9si k\u00e9relmek","date":"2012-08-22","format":false,"excerpt":"Megjelent a 128\/2012. (VIII. 06.) MVH k\u00f6zlem\u00e9ny az Eur\u00f3pai Mez\u0151gazdas\u00e1gi Vid\u00e9kfejleszt\u00e9si Alapb\u00f3l a Helyi Vid\u00e9kfejleszt\u00e9si Strat\u00e9gi\u00e1k LEADER fejezet\u00e9nek v\u00e9grehajt\u00e1s\u00e1hoz ny\u00fajtand\u00f3 t\u00e1mogat\u00e1s kifizet\u00e9s\u00e9nek ig\u00e9nyl\u00e9s\u00e9r\u0151l sz\u00f3l\u00f3 107\/2012. (VII. 20.) sz\u00e1m\u00fa MVH k\u00f6zlem\u00e9ny m\u00f3dos\u00edt\u00e1s\u00e1r\u00f3l. A k\u00f6zlem\u00e9ny szerint a kifizet\u00e9si k\u00e9relmek elektronikus m\u00f3don t\u00f6rt\u00e9n\u0151 beny\u00fajt\u00e1s\u00e1hoz rendelkez\u00e9sre \u00e1ll a megfelel\u0151 fel\u00fclet, \u00edgy a kifizet\u00e9si k\u00e9relmek\u2026","rel":"","context":"In &quot;H\u00edreink, k\u00f6zlem\u00e9nyeink&quot;","img":{"alt_text":"mhv-logo","src":"https:\/\/i2.wp.com\/bukkleader.hu\/old\/wp-content\/uploads\/2015\/09\/mvh-logo-w.jpg?resize=350%2C200&ssl=1","width":350,"height":200},"classes":[]},{"id":373,"url":"https:\/\/bukkleader.hu\/old\/2014-marcius-19-ig-kotelezo-monitoring-adatszolgaltatas\/","url_meta":{"origin":371,"position":3},"title":"2014. m\u00e1rcius 19-ig K\u00d6TELEZ\u0150 MONITORING ADATSZOLG\u00c1LTAT\u00c1S","date":"2014-02-28","format":false,"excerpt":"Az Eur\u00f3pai Mez\u0151gazdas\u00e1gi Vid\u00e9kfejleszt\u00e9si Alap (EMVA) \u00e9s az Eur\u00f3pai Hal\u00e1szati Alap (EHA) keret\u00e9ben t\u00e1mogat\u00e1st elnyert \u00fcgyfelek a 26\/2014. (II. 17.) sz. \u00e9s a 27\/2014. (II. 17.) sz. MVH k\u00f6zlem\u00e9nyek alapj\u00e1n 2014. febru\u00e1r 17. \u2013 2014. m\u00e1rcius 19. id\u0151szakban monitoring adatszolg\u00e1ltat\u00e1sra k\u00f6telezettek. Az adatszolg\u00e1ltat\u00e1s kiz\u00e1r\u00f3lag elektronikus \u00faton, \u00fcgyf\u00e9lkapun kereszt\u00fclteljes\u00edthet\u0151. Meghatalmaz\u00e1s r\u00f6gz\u00edt\u00e9s\u00e9hez\u2026","rel":"","context":"In &quot;H\u00edreink, k\u00f6zlem\u00e9nyeink&quot;","img":{"alt_text":"mhv-logo","src":"https:\/\/i2.wp.com\/bukkleader.hu\/old\/wp-content\/uploads\/2015\/09\/mvh-logo-w.jpg?resize=350%2C200&ssl=1","width":350,"height":200},"classes":[]},{"id":379,"url":"https:\/\/bukkleader.hu\/old\/figyelem-jogszabaly-modositasok\/","url_meta":{"origin":371,"position":4},"title":"FIGYELEM! Jogszab\u00e1ly m\u00f3dos\u00edt\u00e1sok","date":"2014-04-07","format":false,"excerpt":"2014. \u00e1prilis 03-ai d\u00e1tummal megjelent a Magyar K\u00f6zl\u00f6ny 2014. \u00e9vi 50. sz\u00e1m\u00e1ban az agr\u00e1r-szaktan\u00e1csad\u00e1ssal kapcsolatos \u00e9s az Eur\u00f3pai Mez\u0151gazdas\u00e1gi Vid\u00e9kfejleszt\u00e9si Alapb\u00f3l finansz\u00edrozott egyes agr\u00e1rt\u00e1mogat\u00e1si t\u00e1rgy\u00fa miniszteri rendeletek m\u00f3dos\u00edt\u00e1s\u00e1r\u00f3l sz\u00f3l\u00f3 32\/2014. (IV. 3.) VM rendelet, amely t\u00f6bbek k\u00f6z\u00f6tt tartalmazza: az Eur\u00f3pai Mez\u0151gazdas\u00e1gi Vid\u00e9kfejleszt\u00e9si Alapb\u00f3l a Helyi Vid\u00e9kfejleszt\u00e9si Strat\u00e9gi\u00e1k LEADER fejezet\u00e9nek v\u00e9grehajt\u00e1s\u00e1hoz\u2026","rel":"","context":"In &quot;H\u00edreink, k\u00f6zlem\u00e9nyeink&quot;","img":{"alt_text":"paragrafus","src":"https:\/\/i0.wp.com\/bukkleader.hu\/old\/wp-content\/uploads\/2012\/06\/paragrafus384w.jpg?resize=350%2C200&ssl=1","width":350,"height":200},"classes":[]},{"id":5919,"url":"https:\/\/bukkleader.hu\/old\/figyelem-a-magyar-allamkincstar-uj-kozlemenye-a-kifizetesi-igenylessel-kapcsolatban\/","url_meta":{"origin":371,"position":5},"title":"FIGYELEM! A Magyar \u00c1llamkincst\u00e1r \u00faj k\u00f6zlem\u00e9nye a kifizet\u00e9si ig\u00e9nyl\u00e9ssel kapcsolatban","date":"2021-05-07","format":false,"excerpt":"Tisztelt Kedvezm\u00e9nyezettek! T\u00e1j\u00e9koztatjuk \u00d6n\u00f6ket, hogy a Magyar \u00c1llamkincst\u00e1r k\u00fcls\u0151 honlapj\u00e1n k\u00f6zz\u00e9t\u00e9telre ker\u00fclt a 30\/2021. (V. 5.) Kincst\u00e1r K\u00f6zlem\u00e9ny a Vid\u00e9kfejleszt\u00e9si Program keret\u00e9ben ny\u00fajtand\u00f3 t\u00e1mogat\u00e1s ig\u00e9nybev\u00e9tele ir\u00e1nti kifizet\u00e9si ig\u00e9nyl\u00e9ssel kapcsolatos \u00e1ltal\u00e1nos t\u00e1j\u00e9koztat\u00e1sr\u00f3l. A k\u00f6zlem\u00e9ny hat\u00e1lyba l\u00e9p\u00e9s\u00e9vel egyidej\u0171leg hat\u00e1ly\u00e1t veszti a Vid\u00e9kfejleszt\u00e9si Program keret\u00e9ben ny\u00fajtand\u00f3 t\u00e1mogat\u00e1s ig\u00e9nybev\u00e9tele ir\u00e1nti kifizet\u00e9si ig\u00e9nyl\u00e9ssel kapcsolatos \u00e1ltal\u00e1nos\u2026","rel":"","context":"In &quot;H\u00edreink, k\u00f6zlem\u00e9nyeink&quot;","img":{"alt_text":"magyar-cimer","src":"https:\/\/i0.wp.com\/bukkleader.hu\/old\/wp-content\/uploads\/2015\/09\/magyar-cimer.jpg?resize=350%2C200&ssl=1","width":350,"height":200},"classes":[]}],"_links":{"self":[{"href":"https:\/\/bukkleader.hu\/old\/wp-json\/wp\/v2\/posts\/371"}],"collection":[{"href":"https:\/\/bukkleader.hu\/old\/wp-json\/wp\/v2\/posts"}],"about":[{"href":"https:\/\/bukkleader.hu\/old\/wp-json\/wp\/v2\/types\/post"}],"author":[{"embeddable":true,"href":"https:\/\/bukkleader.hu\/old\/wp-json\/wp\/v2\/users\/1"}],"replies":[{"embeddable":true,"href":"https:\/\/bukkleader.hu\/old\/wp-json\/wp\/v2\/comments?post=371"}],"version-history":[{"count":1,"href":"https:\/\/bukkleader.hu\/old\/wp-json\/wp\/v2\/posts\/371\/revisions"}],"predecessor-version":[{"id":372,"href":"https:\/\/bukkleader.hu\/old\/wp-json\/wp\/v2\/posts\/371\/revisions\/372"}],"wp:featuredmedia":[{"embeddable":true,"href":"https:\/\/bukkleader.hu\/old\/wp-json\/wp\/v2\/media\/229"}],"wp:attachment":[{"href":"https:\/\/bukkleader.hu\/old\/wp-json\/wp\/v2\/media?parent=371"}],"wp:term":[{"taxonomy":"category","embeddable":true,"href":"https:\/\/bukkleader.hu\/old\/wp-json\/wp\/v2\/categories?post=371"},{"taxonomy":"post_tag","embeddable":true,"href":"https:\/\/bukkleader.hu\/old\/wp-json\/wp\/v2\/tags?post=371"}],"curies":[{"name":"wp","href":"https:\/\/api.w.org\/{rel}","templated":true}]}}