{"id":365,"date":"2013-11-19T15:10:22","date_gmt":"2013-11-19T14:10:22","guid":{"rendered":"https:\/\/bukkleader.hu\/old\/new\/?p=365"},"modified":"2015-09-22T15:11:14","modified_gmt":"2015-09-22T13:11:14","slug":"hogyan-tervezzunk-2014-2020","status":"publish","type":"post","link":"https:\/\/bukkleader.hu\/old\/hogyan-tervezzunk-2014-2020\/","title":{"rendered":"&#8220;Hogyan tervezz\u00fcnk? &#8211; 2014-2020&#8221;"},"content":{"rendered":"<p style=\"text-align: justify;\">A B\u00fckk-T\u00e9rs\u00e9gi LEADER Egyes\u00fclet az elm\u00falt hetekben, december h\u00f3nap k\u00f6zep\u00e9ig telep\u00fcl\u00e9si szakmai f\u00f3rumokat szervez, melyek f\u0151 t\u00e9m\u00e1ja: &#8220;<strong>hogyan kell v\u00e1llalkoz\u00e1sunkat, nonprofit szervezet\u00fcnket, egyh\u00e1zunkat, \u00f6nkorm\u00e1nyzatunkat beprogramozni a 2014-2020 tervez\u00e9si id\u0151szak t\u00e1mogat\u00e1si rendszer\u00e9be?<\/strong>&#8221; Tagjaink k\u00e9r\u00e9seknek megfelel\u0151en Dr. Nagy J\u00f3zsef eln\u00f6k a szakmai f\u00f3rumokon tartott el\u0151ad\u00e1s\u00e1nak bemutat\u00f3j\u00e1t k\u00f6zz\u00e9tessz\u00fck, <a href=\"https:\/\/bukkleader.hu\/old\/downloads\/hogyan_tervezzunk.ppt\" target=\"_blank\">let\u00f6lthet\u0151 itt &gt;<\/a><\/p>\n<div class=\"sharedaddy sd-sharing-enabled\"><div class=\"robots-nocontent sd-block sd-social sd-social-icon sd-sharing\"><h3 class=\"sd-title\">Share this:<\/h3><div class=\"sd-content\"><ul><li class=\"share-facebook\"><a rel=\"nofollow noopener noreferrer\" data-shared=\"sharing-facebook-365\" class=\"share-facebook sd-button share-icon no-text\" href=\"https:\/\/bukkleader.hu\/old\/hogyan-tervezzunk-2014-2020\/?share=facebook\" target=\"_blank\" title=\"Click to share on Facebook\"><span><\/span><span class=\"sharing-screen-reader-text\">Click to share on Facebook (Opens in new window)<\/span><\/a><\/li><li class=\"share-twitter\"><a rel=\"nofollow noopener noreferrer\" data-shared=\"sharing-twitter-365\" class=\"share-twitter sd-button share-icon no-text\" href=\"https:\/\/bukkleader.hu\/old\/hogyan-tervezzunk-2014-2020\/?share=twitter\" target=\"_blank\" title=\"Click to share on Twitter\"><span><\/span><span class=\"sharing-screen-reader-text\">Click to share on Twitter (Opens in new window)<\/span><\/a><\/li><li class=\"share-print\"><a rel=\"nofollow noopener noreferrer\" data-shared=\"\" class=\"share-print sd-button share-icon no-text\" href=\"https:\/\/bukkleader.hu\/old\/hogyan-tervezzunk-2014-2020\/\" target=\"_blank\" title=\"Click to print\"><span><\/span><span class=\"sharing-screen-reader-text\">Click to print (Opens in new window)<\/span><\/a><\/li><li class=\"share-email\"><a rel=\"nofollow noopener noreferrer\" data-shared=\"\" class=\"share-email sd-button share-icon no-text\" href=\"https:\/\/bukkleader.hu\/old\/hogyan-tervezzunk-2014-2020\/?share=email\" target=\"_blank\" title=\"Click to email this to a friend\"><span><\/span><span class=\"sharing-screen-reader-text\">Click to email this to a friend (Opens in new window)<\/span><\/a><\/li><li class=\"share-end\"><\/li><\/ul><\/div><\/div><\/div>","protected":false},"excerpt":{"rendered":"<p>A B\u00fckk-T\u00e9rs\u00e9gi LEADER Egyes\u00fclet az elm\u00falt hetekben, december h\u00f3nap k\u00f6zep\u00e9ig telep\u00fcl\u00e9si szakmai f\u00f3rumokat szervez, melyek f\u0151 t\u00e9m\u00e1ja: &#8220;hogyan kell v\u00e1llalkoz\u00e1sunkat, nonprofit szervezet\u00fcnket, egyh\u00e1zunkat, \u00f6nkorm\u00e1nyzatunkat beprogramozni a 2014-2020 tervez\u00e9si id\u0151szak t\u00e1mogat\u00e1si rendszer\u00e9be?&#8221; Tagjaink k\u00e9r\u00e9seknek megfelel\u0151en Dr. Nagy J\u00f3zsef eln\u00f6k a szakmai f\u00f3rumokon tartott el\u0151ad\u00e1s\u00e1nak bemutat\u00f3j\u00e1t k\u00f6zz\u00e9tessz\u00fck, let\u00f6lthet\u0151 itt &gt;<\/p>\n<div class=\"sharedaddy sd-sharing-enabled\"><div class=\"robots-nocontent sd-block sd-social sd-social-icon sd-sharing\"><h3 class=\"sd-title\">Share this:<\/h3><div class=\"sd-content\"><ul><li class=\"share-facebook\"><a rel=\"nofollow noopener noreferrer\" data-shared=\"sharing-facebook-365\" class=\"share-facebook sd-button share-icon no-text\" href=\"https:\/\/bukkleader.hu\/old\/hogyan-tervezzunk-2014-2020\/?share=facebook\" target=\"_blank\" title=\"Click to share on Facebook\"><span><\/span><span class=\"sharing-screen-reader-text\">Click to share on Facebook (Opens in new window)<\/span><\/a><\/li><li class=\"share-twitter\"><a rel=\"nofollow noopener noreferrer\" data-shared=\"sharing-twitter-365\" class=\"share-twitter sd-button share-icon no-text\" href=\"https:\/\/bukkleader.hu\/old\/hogyan-tervezzunk-2014-2020\/?share=twitter\" target=\"_blank\" title=\"Click to share on Twitter\"><span><\/span><span class=\"sharing-screen-reader-text\">Click to share on Twitter (Opens in new window)<\/span><\/a><\/li><li class=\"share-print\"><a rel=\"nofollow noopener noreferrer\" data-shared=\"\" class=\"share-print sd-button share-icon no-text\" href=\"https:\/\/bukkleader.hu\/old\/hogyan-tervezzunk-2014-2020\/\" target=\"_blank\" title=\"Click to print\"><span><\/span><span class=\"sharing-screen-reader-text\">Click to print (Opens in new window)<\/span><\/a><\/li><li class=\"share-email\"><a rel=\"nofollow noopener noreferrer\" data-shared=\"\" class=\"share-email sd-button share-icon no-text\" href=\"https:\/\/bukkleader.hu\/old\/hogyan-tervezzunk-2014-2020\/?share=email\" target=\"_blank\" title=\"Click to email this to a friend\"><span><\/span><span class=\"sharing-screen-reader-text\">Click to email this to a friend (Opens in new window)<\/span><\/a><\/li><li class=\"share-end\"><\/li><\/ul><\/div><\/div><\/div>","protected":false},"author":1,"featured_media":291,"comment_status":"open","ping_status":"closed","sticky":false,"template":"","format":"standard","meta":{"_bbp_topic_count":0,"_bbp_reply_count":0,"_bbp_total_topic_count":0,"_bbp_total_reply_count":0,"_bbp_voice_count":0,"_bbp_anonymous_reply_count":0,"_bbp_topic_count_hidden":0,"_bbp_reply_count_hidden":0,"_bbp_forum_subforum_count":0,"spay_email":"","jetpack_publicize_message":"","jetpack_is_tweetstorm":false,"jetpack_publicize_feature_enabled":true},"categories":[1],"tags":[],"jetpack_featured_media_url":"https:\/\/bukkleader.hu\/old\/wp-content\/uploads\/2015\/09\/bukk-leader-logo-w.jpg","jetpack_publicize_connections":[],"jetpack_sharing_enabled":true,"jetpack-related-posts":[{"id":4541,"url":"https:\/\/bukkleader.hu\/old\/meghivo-a-bukk-tersegi-leader-egyesulet-szakmai-forumara-2020-11-06\/","url_meta":{"origin":365,"position":0},"title":"Megh\u00edv\u00f3 a B\u00fckk-T\u00e9rs\u00e9gi LEADER Egyes\u00fclet Szakmai F\u00f3rum\u00e1ra &#8211; 2020.11.06.","date":"2020-10-26","format":false,"excerpt":"A B\u00fckk-T\u00e9rs\u00e9gi LEADER Egyes\u00fclet 2020. november 6-\u00e1n 16:00 \u00f3r\u00e1t\u00f3l szakmai f\u00f3rumot tart Borsodgeszten, melyre minden \u00e9rdekl\u0151d\u0151t tisztelettel megh\u00edvunk. A f\u00f3rum programja:","rel":"","context":"In &quot;H\u00edreink, k\u00f6zlem\u00e9nyeink&quot;","img":{"alt_text":"","src":"https:\/\/i1.wp.com\/bukkleader.hu\/old\/wp-content\/uploads\/2020\/11\/Megh\u00c3\u00adv\u00c3\u00b3_Borsodgeszt_page-0001.jpg?resize=350%2C200&ssl=1","width":350,"height":200},"classes":[]},{"id":282,"url":"https:\/\/bukkleader.hu\/old\/a-videkfejlesztesi-miniszterium-megkezdte-a-2014-2020-idoszak-tervezeset\/","url_meta":{"origin":365,"position":1},"title":"A Vid\u00e9kfejleszt\u00e9si Miniszt\u00e9rium megkezdte a 2014-2020 id\u0151szak tervez\u00e9s\u00e9t","date":"2012-12-12","format":false,"excerpt":"\u201eA vid\u00e9kfejleszt\u00e9si t\u00e1rca \u00e9s a 2014-2020-as tervez\u00e9s koordin\u00e1ci\u00f3j\u00e1\u00e9rt felel\u0151s NAKVI r\u00e9gi\u00f3s f\u00f3rumokon tal\u00e1lkozott a megy\u00e9k, valamint a LEADER Helyi Akci\u00f3csoportok k\u00e9pvisel\u0151ivel, hogy egy\u00fctt jel\u00f6lj\u00e9k ki a k\u00f6vetkez\u0151 programoz\u00e1si id\u0151szak ir\u00e1nyait \u00e9s egyeztess\u00e9k elk\u00e9pzel\u00e9seiket.\u201d Tov\u00e1bb a teljes cikkhez a www.umvp.eu weboldalra >>","rel":"","context":"In &quot;H\u00edreink, k\u00f6zlem\u00e9nyeink&quot;","img":{"alt_text":"Vid\u00e9kfejleszt\u00e9si Miniszt\u00e9rium","src":"https:\/\/i2.wp.com\/bukkleader.hu\/old\/wp-content\/uploads\/2015\/09\/384-2-vfm-w.jpg?resize=350%2C200&ssl=1","width":350,"height":200},"classes":[]},{"id":396,"url":"https:\/\/bukkleader.hu\/old\/3500-milliard-forint-a-videknek-2014-2020-kozott\/","url_meta":{"origin":365,"position":2},"title":"3500 milli\u00e1rd forint a vid\u00e9knek 2014-2020 k\u00f6z\u00f6tt","date":"2014-08-15","format":false,"excerpt":"\"A 2014-2020-as eur\u00f3pai uni\u00f3s id\u0151szak vid\u00e9kfejleszt\u00e9si lehet\u0151s\u00e9geir\u0151l tartottak szakmai f\u00f3rumot Zselickislakon, ahol hangs\u00falyozt\u00e1k: a f\u0151 c\u00e9l a n\u00e9pess\u00e9g \u00e9s a munkahelyek megtart\u00e1sa, valamint a gazdas\u00e1gfejleszt\u00e9s. A k\u00f6vetkez\u0151 h\u00e9t \u00e9vben vid\u00e9kfejleszt\u00e9sre kevesebb, de a k\u00f6zvetlen t\u00e1mogat\u00e1sokkal \u00f6sszess\u00e9g\u00e9ben t\u00f6bb forr\u00e1s jut a vid\u00e9k t\u00e1mogat\u00e1s\u00e1ra, mint a megel\u0151z\u0151 ciklusban.\" Tov\u00e1bb a teljes cikkhez\u2026","rel":"","context":"In &quot;H\u00edreink, k\u00f6zlem\u00e9nyeink&quot;","img":{"alt_text":"eu z\u00e1szl\u00f3","src":"https:\/\/i0.wp.com\/bukkleader.hu\/old\/wp-content\/uploads\/2012\/06\/eu-zaszlo384w.jpg?resize=350%2C200&ssl=1","width":350,"height":200},"classes":[]},{"id":102,"url":"https:\/\/bukkleader.hu\/old\/2012-julius-01-2012-szeptember-30-idoszak\/","url_meta":{"origin":365,"position":3},"title":"2012. j\u00falius 01. \u2013 2012. szeptember 30. id\u0151szak","date":"2012-10-01","format":false,"excerpt":"A B\u00fckk-T\u00e9rs\u00e9gi LEADER Egyes\u00fclet legfontosabb feladatai a 2012.07.01. \u2013 09.30. id\u0151szakban az EMVA III. falumeg\u00faj\u00edt\u00e1s \u00e9s \u2013fejleszt\u00e9s jogc\u00edm el\u0151k\u00e9sz\u00edt\u00e9se, a szakmai kapcsolat\u00e9p\u00edt\u00e9s \u00e9s az 2014-2020 id\u0151szak EU-s tervez\u00e9s\u00e9be val\u00f3 bekapcsol\u00f3d\u00e1s voltak. Munk\u00e1nkr\u00f3l 1 t\u00e9rs\u00e9gi \u00fajs\u00e1gban, 2 szakmai kiadv\u00e1nyban \u00e9s 3 weboldalon jelent meg tud\u00f3s\u00edt\u00e1s.A t\u00e1mogat\u00e1si id\u0151szakban t\u00e1rgyal\u00e1sokat folytattunk a Nemzeti\u2026","rel":"","context":"In &quot;Munkabesz\u00e1mol\u00f3k&quot;","img":{"alt_text":"","src":"","width":0,"height":0},"classes":[]},{"id":492,"url":"https:\/\/bukkleader.hu\/old\/bejelentkezes-a-2007-2014-es-leader-programzaro-rendezvenyre\/","url_meta":{"origin":365,"position":4},"title":"Bejelentkez\u00e9s a 2007-2014-es LEADER programz\u00e1r\u00f3 rendezv\u00e9nyre","date":"2015-10-21","format":false,"excerpt":"A B\u00fckk-T\u00e9rs\u00e9gi LEADER Egyes\u00fclet tisztelettel megh\u00edvja a LEADER t\u00e9rs\u00e9g \u00f6nkorm\u00e1nyzatait, civil szervezeteit, v\u00e1llalkoz\u00e1sait, mag\u00e1nszem\u00e9lyeit \u00e9s a 2007-2014-es id\u0151szak nyertes projektgazd\u00e1it a k\u00e9t helysz\u00ednen megtart\u00e1sra ker\u00fcl\u0151 2007-2014-es LEADER programz\u00e1r\u00f3 rendezv\u00e9nyre.Felk\u00e9rj\u00fck. a projektgazd\u00e1kat, hogy mutass\u00e1k be a megval\u00f3sult projekteket. Lehet\u0151s\u00e9get biztos\u00edtunk projektoros kivet\u00edt\u00e9sre \u00e9s honlap, fot\u00f3, egy\u00e9b t\u00e1j\u00e9koztat\u00f3 anyagok, kiadv\u00e1nyok bemutat\u00e1s\u00e1ra.A szakmai\u2026","rel":"","context":"In &quot;H\u00edreink, k\u00f6zlem\u00e9nyeink&quot;","img":{"alt_text":"bukk-leader-logo-w","src":"https:\/\/i2.wp.com\/bukkleader.hu\/old\/wp-content\/uploads\/2015\/09\/bukk-leader-logo-w.jpg?resize=350%2C200&ssl=1","width":350,"height":200},"classes":[]},{"id":266,"url":"https:\/\/bukkleader.hu\/old\/2012-oktober-25-i-hacs-eloadasok-bemutatoi\/","url_meta":{"origin":365,"position":5},"title":"2012. okt\u00f3ber 25-i HACS el\u0151ad\u00e1sok bemutat\u00f3i","date":"2012-10-30","format":false,"excerpt":"Let\u00f6lthet\u0151k az okt\u00f3ber 25-i HACS szakmai f\u00f3rumon elhangzott el\u0151ad\u00e1sok bemutat\u00f3iA B\u00fckk-T\u00e9rs\u00e9gi LEADER Egyes\u00fclet a 2012. okt\u00f3ber 25-\u00e9n a b\u0151csi Faluh\u00e1zban szakmai f\u00f3rumot tartott a tagjai \u00e9s potenci\u00e1lis p\u00e1ly\u00e1z\u00f3i r\u00e9sz\u00e9re (megh\u00edv\u00f3 let\u00f6lt\u00e9se >>). A f\u00f3rumon a HACS munkat\u00e1rsai bemutatt\u00e1k a 2012. november 15-ig p\u00e1ly\u00e1zhat\u00f3 EMVA III. falumeg\u00faj\u00edt\u00e1s \u00e9s \u2013fejleszt\u00e9s jogc\u00edm t\u00e1mogat\u00e1si\u2026","rel":"","context":"In &quot;H\u00edreink, k\u00f6zlem\u00e9nyeink&quot;","img":{"alt_text":"eu-kohezio-w","src":"https:\/\/i2.wp.com\/bukkleader.hu\/old\/wp-content\/uploads\/2015\/09\/eu-kohezio-w.jpg?resize=350%2C200&ssl=1","width":350,"height":200},"classes":[]}],"_links":{"self":[{"href":"https:\/\/bukkleader.hu\/old\/wp-json\/wp\/v2\/posts\/365"}],"collection":[{"href":"https:\/\/bukkleader.hu\/old\/wp-json\/wp\/v2\/posts"}],"about":[{"href":"https:\/\/bukkleader.hu\/old\/wp-json\/wp\/v2\/types\/post"}],"author":[{"embeddable":true,"href":"https:\/\/bukkleader.hu\/old\/wp-json\/wp\/v2\/users\/1"}],"replies":[{"embeddable":true,"href":"https:\/\/bukkleader.hu\/old\/wp-json\/wp\/v2\/comments?post=365"}],"version-history":[{"count":1,"href":"https:\/\/bukkleader.hu\/old\/wp-json\/wp\/v2\/posts\/365\/revisions"}],"predecessor-version":[{"id":366,"href":"https:\/\/bukkleader.hu\/old\/wp-json\/wp\/v2\/posts\/365\/revisions\/366"}],"wp:featuredmedia":[{"embeddable":true,"href":"https:\/\/bukkleader.hu\/old\/wp-json\/wp\/v2\/media\/291"}],"wp:attachment":[{"href":"https:\/\/bukkleader.hu\/old\/wp-json\/wp\/v2\/media?parent=365"}],"wp:term":[{"taxonomy":"category","embeddable":true,"href":"https:\/\/bukkleader.hu\/old\/wp-json\/wp\/v2\/categories?post=365"},{"taxonomy":"post_tag","embeddable":true,"href":"https:\/\/bukkleader.hu\/old\/wp-json\/wp\/v2\/tags?post=365"}],"curies":[{"name":"wp","href":"https:\/\/api.w.org\/{rel}","templated":true}]}}