{"id":363,"date":"2013-11-18T15:08:32","date_gmt":"2013-11-18T14:08:32","guid":{"rendered":"https:\/\/bukkleader.hu\/old\/new\/?p=363"},"modified":"2015-09-22T15:09:53","modified_gmt":"2015-09-22T13:09:53","slug":"megjelent-a-kistersegi-kozlekedesi-szolgaltatasok-fejlesztese-soran-alkalmazando-gepjarmu-katalogusrol-szolo-ih-kozlemeny","status":"publish","type":"post","link":"https:\/\/bukkleader.hu\/old\/megjelent-a-kistersegi-kozlekedesi-szolgaltatasok-fejlesztese-soran-alkalmazando-gepjarmu-katalogusrol-szolo-ih-kozlemeny\/","title":{"rendered":"Megjelent a kist\u00e9rs\u00e9gi k\u00f6zleked\u00e9si szolg\u00e1ltat\u00e1sok fejleszt\u00e9se sor\u00e1n alkalmazand\u00f3 g\u00e9pj\u00e1rm\u0171 katal\u00f3gusr\u00f3l sz\u00f3l\u00f3 IH k\u00f6zlem\u00e9ny"},"content":{"rendered":"<p style=\"text-align: justify;\">Megjelent az EMVA t\u00e1rsfinansz\u00edroz\u00e1s\u00fa int\u00e9zked\u00e9sek Ir\u00e1ny\u00edt\u00f3 Hat\u00f3s\u00e1g\u00e1nak a <a href=\"http:\/\/www.kormany.hu\/download\/c\/15\/11000\/IH.zip#!DocumentBrowse\" target=\"_blank\">289\/2013. (XI. 14.) k\u00f6zlem\u00e9nye<\/a> az Eur\u00f3pai Mez\u0151gazdas\u00e1gi Vid\u00e9kfejleszt\u00e9si Alapb\u00f3l ny\u00fajtand\u00f3, a vid\u00e9ki gazdas\u00e1g \u00e9s a lakoss\u00e1g sz\u00e1m\u00e1ra ny\u00fajtott alapszolg\u00e1ltat\u00e1sok fejleszt\u00e9s\u00e9re 2013-t\u00f3l ig\u00e9nybe vehet\u0151 t\u00e1mogat\u00e1sok r\u00e9szletes felt\u00e9teleir\u0151l sz\u00f3l\u00f3 <a href=\"http:\/\/www.kozlonyok.hu\/nkonline\/MKPDF\/hiteles\/MK13185.pdf\" target=\"_blank\">103\/2013. (XI. 08.) VM rendelet<\/a>r\u0151l, valamint a kist\u00e9rs\u00e9gi k\u00f6zleked\u00e9si szolg\u00e1ltat\u00e1sok fejleszt\u00e9se keret\u00e9ben a <strong>k\u00f6telez\u0151 arculati elemek alkalmaz\u00e1s\u00e1ra vonatkoz\u00f3 Arculati \u00fatmutat\u00f3r\u00f3l, tov\u00e1bb\u00e1 a \u201eG\u00e9pj\u00e1rm\u0171 katal\u00f3gus a kist\u00e9rs\u00e9gi k\u00f6zleked\u00e9si szolg\u00e1ltat\u00e1sok fejleszt\u00e9s\u00e9hez\u201d c\u00edm\u0171 katal\u00f3gusr\u00f3l<\/strong>.<\/p>\n<p>A k\u00f6zlem\u00e9ny let\u00f6lt\u00e9se: <a title=\"\" href=\"http:\/\/www.kormany.hu\/download\/c\/15\/11000\/IH.zip#!DocumentBrowse\" target=\"_blank\">http:\/\/www.kormany.hu\/download\/c\/15\/11000\/IH.zip<\/a><\/p>\n<div class=\"sharedaddy sd-sharing-enabled\"><div class=\"robots-nocontent sd-block sd-social sd-social-icon sd-sharing\"><h3 class=\"sd-title\">Share this:<\/h3><div class=\"sd-content\"><ul><li class=\"share-facebook\"><a rel=\"nofollow noopener noreferrer\" data-shared=\"sharing-facebook-363\" class=\"share-facebook sd-button share-icon no-text\" href=\"https:\/\/bukkleader.hu\/old\/megjelent-a-kistersegi-kozlekedesi-szolgaltatasok-fejlesztese-soran-alkalmazando-gepjarmu-katalogusrol-szolo-ih-kozlemeny\/?share=facebook\" target=\"_blank\" title=\"Click to share on Facebook\"><span><\/span><span class=\"sharing-screen-reader-text\">Click to share on Facebook (Opens in new window)<\/span><\/a><\/li><li class=\"share-twitter\"><a rel=\"nofollow noopener noreferrer\" data-shared=\"sharing-twitter-363\" class=\"share-twitter sd-button share-icon no-text\" href=\"https:\/\/bukkleader.hu\/old\/megjelent-a-kistersegi-kozlekedesi-szolgaltatasok-fejlesztese-soran-alkalmazando-gepjarmu-katalogusrol-szolo-ih-kozlemeny\/?share=twitter\" target=\"_blank\" title=\"Click to share on Twitter\"><span><\/span><span class=\"sharing-screen-reader-text\">Click to share on Twitter (Opens in new window)<\/span><\/a><\/li><li class=\"share-print\"><a rel=\"nofollow noopener noreferrer\" data-shared=\"\" class=\"share-print sd-button share-icon no-text\" href=\"https:\/\/bukkleader.hu\/old\/megjelent-a-kistersegi-kozlekedesi-szolgaltatasok-fejlesztese-soran-alkalmazando-gepjarmu-katalogusrol-szolo-ih-kozlemeny\/\" target=\"_blank\" title=\"Click to print\"><span><\/span><span class=\"sharing-screen-reader-text\">Click to print (Opens in new window)<\/span><\/a><\/li><li class=\"share-email\"><a rel=\"nofollow noopener noreferrer\" data-shared=\"\" class=\"share-email sd-button share-icon no-text\" href=\"https:\/\/bukkleader.hu\/old\/megjelent-a-kistersegi-kozlekedesi-szolgaltatasok-fejlesztese-soran-alkalmazando-gepjarmu-katalogusrol-szolo-ih-kozlemeny\/?share=email\" target=\"_blank\" title=\"Click to email this to a friend\"><span><\/span><span class=\"sharing-screen-reader-text\">Click to email this to a friend (Opens in new window)<\/span><\/a><\/li><li class=\"share-end\"><\/li><\/ul><\/div><\/div><\/div>","protected":false},"excerpt":{"rendered":"<p>Megjelent az EMVA t\u00e1rsfinansz\u00edroz\u00e1s\u00fa int\u00e9zked\u00e9sek Ir\u00e1ny\u00edt\u00f3 Hat\u00f3s\u00e1g\u00e1nak a 289\/2013. (XI. 14.) k\u00f6zlem\u00e9nye az Eur\u00f3pai Mez\u0151gazdas\u00e1gi Vid\u00e9kfejleszt\u00e9si Alapb\u00f3l ny\u00fajtand\u00f3, a vid\u00e9ki gazdas\u00e1g \u00e9s a lakoss\u00e1g sz\u00e1m\u00e1ra ny\u00fajtott alapszolg\u00e1ltat\u00e1sok fejleszt\u00e9s\u00e9re 2013-t\u00f3l ig\u00e9nybe vehet\u0151 t\u00e1mogat\u00e1sok r\u00e9szletes felt\u00e9teleir\u0151l sz\u00f3l\u00f3 103\/2013. (XI. 08.) VM rendeletr\u0151l, valamint a kist\u00e9rs\u00e9gi k\u00f6zleked\u00e9si szolg\u00e1ltat\u00e1sok fejleszt\u00e9se keret\u00e9ben a k\u00f6telez\u0151 arculati elemek alkalmaz\u00e1s\u00e1ra vonatkoz\u00f3 Arculati \u00fatmutat\u00f3r\u00f3l, [&hellip;]<\/p>\n<div class=\"sharedaddy sd-sharing-enabled\"><div class=\"robots-nocontent sd-block sd-social sd-social-icon sd-sharing\"><h3 class=\"sd-title\">Share this:<\/h3><div class=\"sd-content\"><ul><li class=\"share-facebook\"><a rel=\"nofollow noopener noreferrer\" data-shared=\"sharing-facebook-363\" class=\"share-facebook sd-button share-icon no-text\" href=\"https:\/\/bukkleader.hu\/old\/megjelent-a-kistersegi-kozlekedesi-szolgaltatasok-fejlesztese-soran-alkalmazando-gepjarmu-katalogusrol-szolo-ih-kozlemeny\/?share=facebook\" target=\"_blank\" title=\"Click to share on Facebook\"><span><\/span><span class=\"sharing-screen-reader-text\">Click to share on Facebook (Opens in new window)<\/span><\/a><\/li><li class=\"share-twitter\"><a rel=\"nofollow noopener noreferrer\" data-shared=\"sharing-twitter-363\" class=\"share-twitter sd-button share-icon no-text\" href=\"https:\/\/bukkleader.hu\/old\/megjelent-a-kistersegi-kozlekedesi-szolgaltatasok-fejlesztese-soran-alkalmazando-gepjarmu-katalogusrol-szolo-ih-kozlemeny\/?share=twitter\" target=\"_blank\" title=\"Click to share on Twitter\"><span><\/span><span class=\"sharing-screen-reader-text\">Click to share on Twitter (Opens in new window)<\/span><\/a><\/li><li class=\"share-print\"><a rel=\"nofollow noopener noreferrer\" data-shared=\"\" class=\"share-print sd-button share-icon no-text\" href=\"https:\/\/bukkleader.hu\/old\/megjelent-a-kistersegi-kozlekedesi-szolgaltatasok-fejlesztese-soran-alkalmazando-gepjarmu-katalogusrol-szolo-ih-kozlemeny\/\" target=\"_blank\" title=\"Click to print\"><span><\/span><span class=\"sharing-screen-reader-text\">Click to print (Opens in new window)<\/span><\/a><\/li><li class=\"share-email\"><a rel=\"nofollow noopener noreferrer\" data-shared=\"\" class=\"share-email sd-button share-icon no-text\" href=\"https:\/\/bukkleader.hu\/old\/megjelent-a-kistersegi-kozlekedesi-szolgaltatasok-fejlesztese-soran-alkalmazando-gepjarmu-katalogusrol-szolo-ih-kozlemeny\/?share=email\" target=\"_blank\" title=\"Click to email this to a friend\"><span><\/span><span class=\"sharing-screen-reader-text\">Click to email this to a friend (Opens in new window)<\/span><\/a><\/li><li class=\"share-end\"><\/li><\/ul><\/div><\/div><\/div>","protected":false},"author":1,"featured_media":274,"comment_status":"open","ping_status":"closed","sticky":false,"template":"","format":"standard","meta":{"_bbp_topic_count":0,"_bbp_reply_count":0,"_bbp_total_topic_count":0,"_bbp_total_reply_count":0,"_bbp_voice_count":0,"_bbp_anonymous_reply_count":0,"_bbp_topic_count_hidden":0,"_bbp_reply_count_hidden":0,"_bbp_forum_subforum_count":0,"spay_email":"","jetpack_publicize_message":"","jetpack_is_tweetstorm":false,"jetpack_publicize_feature_enabled":true},"categories":[1],"tags":[],"jetpack_featured_media_url":"https:\/\/bukkleader.hu\/old\/wp-content\/uploads\/2015\/09\/384-1-daranyi-ignac-terv.jpg","jetpack_publicize_connections":[],"jetpack_sharing_enabled":true,"jetpack-related-posts":[{"id":332,"url":"https:\/\/bukkleader.hu\/old\/2013-ban-is-palyazhatok-lesznek-a-falu-es-tanyabuszok\/","url_meta":{"origin":363,"position":0},"title":"2013-ban is p\u00e1ly\u00e1zhat\u00f3k lesznek a falu- \u00e9s tanyabuszok","date":"2013-08-03","format":false,"excerpt":"A Vid\u00e9kfejleszt\u00e9si Miniszt\u00e9rium k\u00f6zigazgat\u00e1si egyeztet\u00e9sre bocs\u00e1totta az Eur\u00f3pai Mez\u0151gazdas\u00e1gi Vid\u00e9kfejleszt\u00e9si Alapb\u00f3l ny\u00fajtand\u00f3, a vid\u00e9ki gazdas\u00e1g \u00e9s a lakoss\u00e1g sz\u00e1m\u00e1ra ny\u00fajtott alapszolg\u00e1ltat\u00e1sok fejleszt\u00e9s\u00e9re 2013-t\u00f3l ig\u00e9nybe vehet\u0151 t\u00e1mogat\u00e1sok r\u00e9szletes felt\u00e9teleir\u0151l sz\u00f3l\u00f3 rendelet tervezet\u00e9t. A rendelet tervezete alapj\u00e1n t\u00e1mogat\u00e1s vehet\u0151 ig\u00e9nybe, el\u0151rel\u00e1that\u00f3lag a kist\u00e9rs\u00e9gi k\u00f6zleked\u00e9si szolg\u00e1ltat\u00e1s fejleszt\u00e9s\u00e9re falu- \u00e9s tanyagondnoki szolg\u00e1ltat\u00e1s ell\u00e1t\u00e1s\u00e1hoz kapcsol\u00f3d\u00f3an\u2026","rel":"","context":"In &quot;H\u00edreink, k\u00f6zlem\u00e9nyeink&quot;","img":{"alt_text":"","src":"","width":0,"height":0},"classes":[]},{"id":353,"url":"https:\/\/bukkleader.hu\/old\/palyazati-lehetoseg-a-videki-gazdasag-es-a-lakossag-szamara-nyujtott-alapszolgaltatasok-fejlesztesere\/","url_meta":{"origin":363,"position":1},"title":"P\u00e1ly\u00e1zati lehet\u0151s\u00e9g \u201ea vid\u00e9ki gazdas\u00e1g \u00e9s a lakoss\u00e1g sz\u00e1m\u00e1ra ny\u00fajtott alapszolg\u00e1ltat\u00e1sok fejleszt\u00e9s\u00e9re\u201d","date":"2013-11-14","format":false,"excerpt":"Megjelent a vid\u00e9kfejleszt\u00e9si miniszter 103\/2013. (XI. 8.) VM rendelete az Eur\u00f3pai Mez\u0151gazdas\u00e1gi Vid\u00e9kfejleszt\u00e9si Alapb\u00f3l ny\u00fajtand\u00f3, a vid\u00e9ki gazdas\u00e1g \u00e9s a lakoss\u00e1g sz\u00e1m\u00e1ra ny\u00fajtott alapszolg\u00e1ltat\u00e1sok fejleszt\u00e9s\u00e9re 2013-t\u00f3l ig\u00e9nybe vehet\u0151 t\u00e1mogat\u00e1sok r\u00e9szletes felt\u00e9teleir\u0151l. A rendelet alapj\u00e1n t\u00e1mogat\u00e1s vehet\u0151 ig\u00e9nybe t\u00f6bbek k\u00f6z\u00f6tt a\u00a0kist\u00e9rs\u00e9gi k\u00f6zleked\u00e9si szolg\u00e1ltat\u00e1s fejleszt\u00e9s\u00e9re falu- \u00e9s tanyagondnoki szolg\u00e1ltat\u00e1s ell\u00e1t\u00e1s\u00e1hoz kapcsol\u00f3d\u00f3an(1. c\u00e9lter\u00fclet).\u2026","rel":"","context":"In &quot;H\u00edreink, k\u00f6zlem\u00e9nyeink&quot;","img":{"alt_text":"elektromos-auto2-w","src":"https:\/\/i1.wp.com\/bukkleader.hu\/old\/wp-content\/uploads\/2015\/09\/elektromos-auto2-w.jpg?resize=350%2C200&ssl=1","width":350,"height":200},"classes":[]},{"id":379,"url":"https:\/\/bukkleader.hu\/old\/figyelem-jogszabaly-modositasok\/","url_meta":{"origin":363,"position":2},"title":"FIGYELEM! Jogszab\u00e1ly m\u00f3dos\u00edt\u00e1sok","date":"2014-04-07","format":false,"excerpt":"2014. \u00e1prilis 03-ai d\u00e1tummal megjelent a Magyar K\u00f6zl\u00f6ny 2014. \u00e9vi 50. sz\u00e1m\u00e1ban az agr\u00e1r-szaktan\u00e1csad\u00e1ssal kapcsolatos \u00e9s az Eur\u00f3pai Mez\u0151gazdas\u00e1gi Vid\u00e9kfejleszt\u00e9si Alapb\u00f3l finansz\u00edrozott egyes agr\u00e1rt\u00e1mogat\u00e1si t\u00e1rgy\u00fa miniszteri rendeletek m\u00f3dos\u00edt\u00e1s\u00e1r\u00f3l sz\u00f3l\u00f3 32\/2014. (IV. 3.) VM rendelet, amely t\u00f6bbek k\u00f6z\u00f6tt tartalmazza: az Eur\u00f3pai Mez\u0151gazdas\u00e1gi Vid\u00e9kfejleszt\u00e9si Alapb\u00f3l a Helyi Vid\u00e9kfejleszt\u00e9si Strat\u00e9gi\u00e1k LEADER fejezet\u00e9nek v\u00e9grehajt\u00e1s\u00e1hoz\u2026","rel":"","context":"In &quot;H\u00edreink, k\u00f6zlem\u00e9nyeink&quot;","img":{"alt_text":"paragrafus","src":"https:\/\/i0.wp.com\/bukkleader.hu\/old\/wp-content\/uploads\/2012\/06\/paragrafus384w.jpg?resize=350%2C200&ssl=1","width":350,"height":200},"classes":[]},{"id":367,"url":"https:\/\/bukkleader.hu\/old\/2014-januar-15-ig-nyujthatok-be-a-turisztikai-palyazatok\/","url_meta":{"origin":363,"position":3},"title":"2014. janu\u00e1r 15-ig ny\u00fajthat\u00f3k be a turisztikai p\u00e1ly\u00e1zatok","date":"2013-12-18","format":false,"excerpt":"Az EMVA t\u00e1rsfinansz\u00edroz\u00e1s\u00fa int\u00e9zked\u00e9sek Ir\u00e1ny\u00edt\u00f3 Hat\u00f3s\u00e1g\u00e1nak 304\/2013. (XII. 16.) k\u00f6zlem\u00e9nye szerint \u201eAz Eur\u00f3pai Mez\u0151gazdas\u00e1gi Vid\u00e9kfejleszt\u00e9si Alapb\u00f3l a turisztikai tev\u00e9kenys\u00e9gek \u00f6szt\u00f6nz\u00e9s\u00e9hez a LEADER Helyi Akci\u00f3csoportok k\u00f6zrem\u0171k\u00f6d\u00e9s\u00e9vel 2013-ban ny\u00fajtand\u00f3 t\u00e1mogat\u00e1sok r\u00e9szletes felt\u00e9teleir\u0151l sz\u00f3l\u00f3 104\/2013. (XI. 14.) VM rendelet 11. \u00a7 (1) bekezd\u00e9s\u00e9nek folyamatban l\u00e9v\u0151 m\u00f3dos\u00edt\u00e1sa alapj\u00e1nt\u00e1mogat\u00e1si k\u00e9relmet \u2013 2013. december 20. helyett\u2026","rel":"","context":"In &quot;H\u00edreink, k\u00f6zlem\u00e9nyeink&quot;","img":{"alt_text":"felki\u00e1llt\u00f3 jel","src":"https:\/\/i0.wp.com\/bukkleader.hu\/old\/wp-content\/uploads\/2012\/06\/felkialto-jel384w.jpg?resize=350%2C200&ssl=1","width":350,"height":200},"classes":[]},{"id":2449,"url":"https:\/\/bukkleader.hu\/old\/megjelent-a-turisztikai-szolgaltatasok-fejlesztese-vp6-19-2-1-15-9-20-helyi-felhivas\/","url_meta":{"origin":363,"position":4},"title":"Megjelent a TURISZTIKAI SZOLG\u00c1LTAT\u00c1SOK FEJLESZT\u00c9SE (VP6-19.2.1.-15-9-20) helyi felh\u00edv\u00e1s!","date":"2020-02-25","format":false,"excerpt":"Megjelent a TURISZTIKAI SZOLG\u00c1LTAT\u00c1SOK FEJLESZT\u00c9SE (VP6-19.2.1.-15-9-20) helyi felh\u00edv\u00e1s! A felh\u00edv\u00e1s \u00e9s mell\u00e9kletei let\u00f6lthet\u0151k a Magyar \u00c1llamkincst\u00e1r honlapj\u00e1r\u00f3l: https:\/\/e-kerelem.mvh.allamkincstar.gov.hu\/enter\/leaderbongeszo\/leaderBongeszo.xhtml (A linkre l\u00e9pve Helyi Akci\u00f3csoportn\u00e1l v\u00e1lassz\u00e1k ki a leg\u00f6rd\u00fcl\u0151 men\u00fcb\u0151l a B\u00fckk-T\u00e9rs\u00e9gi LEADER Egyes\u00fcletet, vagy a Telep\u00fcl\u00e9sn\u00e9l a megval\u00f3s\u00edt\u00e1s tervezett helysz\u00edn\u00e9t. A megjelen\u0151 list\u00e1b\u00f3l a \"Turisztikai szolg\u00e1ltat\u00e1sok fejleszt\u00e9se c\u00edm\u0171\" felh\u00edv\u00e1s a relev\u00e1ns.\u2026","rel":"","context":"In &quot;Dokumentumok&quot;","img":{"alt_text":"","src":"https:\/\/i0.wp.com\/bukkleader.hu\/old\/wp-content\/uploads\/2018\/08\/p\u00e1ly\u00e1zati-felh\u00edv\u00e1s.jpg?resize=350%2C200&ssl=1","width":350,"height":200},"classes":[]},{"id":361,"url":"https:\/\/bukkleader.hu\/old\/megjelent-az-emva-turisztikai-tevekenysegek-osztonzese-jogcimrendelet\/","url_meta":{"origin":363,"position":5},"title":"Megjelent az EMVA \u201eturisztikai tev\u00e9kenys\u00e9gek \u00f6szt\u00f6nz\u00e9se\u201d jogc\u00edmrendelet","date":"2013-11-18","format":false,"excerpt":"Megjelent a vid\u00e9kfejleszt\u00e9si miniszter 104\/2013. (XI. 14.) VM rendelete az Eur\u00f3pai Mez\u0151gazdas\u00e1gi Vid\u00e9kfejleszt\u00e9si Alapb\u00f3l a turisztikai tev\u00e9kenys\u00e9gek \u00f6szt\u00f6nz\u00e9s\u00e9hez a LEADER Helyi Akci\u00f3csoportok k\u00f6zrem\u0171k\u00f6d\u00e9s\u00e9vel 2013-ban ny\u00fajtand\u00f3 t\u00e1mogat\u00e1sok r\u00e9szletes felt\u00e9teleir\u0151l.A rendeletet tartalmaz\u00f3 Magyar K\u00f6zl\u00f6ny let\u00f6lt\u00e9se: http:\/\/www.kozlonyok.hu\/nkonline\/MKPDF\/hiteles\/MK13188.pdf","rel":"","context":"In &quot;H\u00edreink, k\u00f6zlem\u00e9nyeink&quot;","img":{"alt_text":"paragrafus","src":"https:\/\/i0.wp.com\/bukkleader.hu\/old\/wp-content\/uploads\/2012\/06\/paragrafus384w.jpg?resize=350%2C200&ssl=1","width":350,"height":200},"classes":[]}],"_links":{"self":[{"href":"https:\/\/bukkleader.hu\/old\/wp-json\/wp\/v2\/posts\/363"}],"collection":[{"href":"https:\/\/bukkleader.hu\/old\/wp-json\/wp\/v2\/posts"}],"about":[{"href":"https:\/\/bukkleader.hu\/old\/wp-json\/wp\/v2\/types\/post"}],"author":[{"embeddable":true,"href":"https:\/\/bukkleader.hu\/old\/wp-json\/wp\/v2\/users\/1"}],"replies":[{"embeddable":true,"href":"https:\/\/bukkleader.hu\/old\/wp-json\/wp\/v2\/comments?post=363"}],"version-history":[{"count":1,"href":"https:\/\/bukkleader.hu\/old\/wp-json\/wp\/v2\/posts\/363\/revisions"}],"predecessor-version":[{"id":364,"href":"https:\/\/bukkleader.hu\/old\/wp-json\/wp\/v2\/posts\/363\/revisions\/364"}],"wp:featuredmedia":[{"embeddable":true,"href":"https:\/\/bukkleader.hu\/old\/wp-json\/wp\/v2\/media\/274"}],"wp:attachment":[{"href":"https:\/\/bukkleader.hu\/old\/wp-json\/wp\/v2\/media?parent=363"}],"wp:term":[{"taxonomy":"category","embeddable":true,"href":"https:\/\/bukkleader.hu\/old\/wp-json\/wp\/v2\/categories?post=363"},{"taxonomy":"post_tag","embeddable":true,"href":"https:\/\/bukkleader.hu\/old\/wp-json\/wp\/v2\/tags?post=363"}],"curies":[{"name":"wp","href":"https:\/\/api.w.org\/{rel}","templated":true}]}}