{"id":356,"date":"2013-11-14T14:59:02","date_gmt":"2013-11-14T13:59:02","guid":{"rendered":"https:\/\/bukkleader.hu\/old\/new\/?p=356"},"modified":"2015-09-22T15:02:06","modified_gmt":"2015-09-22T13:02:06","slug":"emva-iii-iv-palyazati-eredmenyeink-es-tovabbi-palyazati-lehetosegek-a-2013-evben","status":"publish","type":"post","link":"https:\/\/bukkleader.hu\/old\/emva-iii-iv-palyazati-eredmenyeink-es-tovabbi-palyazati-lehetosegek-a-2013-evben\/","title":{"rendered":"EMVA III-IV. p\u00e1ly\u00e1zati eredm\u00e9nyeink \u00e9s tov\u00e1bbi p\u00e1ly\u00e1zati lehet\u0151s\u00e9gek a 2013. \u00e9vben"},"content":{"rendered":"<p style=\"text-align: justify;\">A \u201e<a href=\"https:\/\/bukkleader.hu\/old\/nyertes-palyazoink-2008-2014-es-idoszakban\/\" target=\"_blank\">Nyertes p\u00e1ly\u00e1z\u00f3ink<\/a>\u201d men\u00fcpontban el\u00e9rhet\u0151k a 2013. \u00e9vben az EMVA III. Falumeg\u00faj\u00edt\u00e1s \u00e9s \u2013 fejleszt\u00e9s jogc\u00edmen \u00e9s az EMVA IV. LEADER idei fordul\u00f3j\u00e1ban t\u00e1mogat\u00e1st nyert p\u00e1ly\u00e1z\u00f3ink list\u00e1ja, melyek szerint <span class=\"style212\"><strong>16 db <\/strong><\/span><strong>falufejleszt\u00e9si p\u00e1ly\u00e1zat<\/strong> ker\u00fclt t\u00e1mogat\u00e1sra, <strong><span class=\"style212\">142.153.203,- Ft <\/span>lek\u00f6t\u00f6tt forr\u00e1ssal<\/strong>, valamint a <span class=\"style212\"><strong>LEADER <\/strong><\/span><strong>2013. \u00e9vi fordul\u00f3j\u00e1ban<\/strong> (2013.06.17-i beny\u00fajt\u00e1si id\u0151szak) eddig<strong class=\"style6\"> <span class=\"style212\">45 db<\/span> nyertes p\u00e1ly\u00e1zattal<\/strong> \u00f6sszesen <span class=\"style212\"><strong>338.130.362,- Ft<\/strong><\/span><strong> fejleszt\u00e9si forr\u00e1s ker\u00fclt lek\u00f6t\u00e9sre<\/strong>.<!--more-->\u00a0A LEADER t\u00e1mogat\u00e1si hat\u00e1rozatokat a munkaszervezet post\u00e1ra adta. A LEADER t\u00e1mogat\u00e1si id\u0151szak\u00e1nak <strong>2013.09.24-i \u201e\u00fajra nyit\u00e1sa\u201d sor\u00e1n beny\u00fajtott szolg\u00e1ltat\u00e1sfejleszt\u00e9si p\u00e1ly\u00e1zatok b\u00edr\u00e1lata folyamatban van, mely el\u0151rel\u00e1that\u00f3lag december h\u00f3napban z\u00e1rul le<\/strong>, t\u00e1mogat\u00e1sukra kev\u00e9s forr\u00e1s \u00e1ll rendelkez\u00e9sre, ez\u00e9rt a HACS plusz forr\u00e1s meg\u00edt\u00e9l\u00e9s\u00e9t fogja k\u00e9rv\u00e9nyezni a Vid\u00e9kfejleszt\u00e9si Miniszt\u00e9riumt\u00f3l.<br \/>Hamarosan, november 2. fel\u00e9ben v\u00e1rhat\u00f3 az <strong>EMVA III. Turisztikai tev\u00e9kenys\u00e9gek \u00f6szt\u00f6nz\u00e9se<\/strong> p\u00e1ly\u00e1zati id\u0151szak \u00fajb\u00f3li megnyit\u00e1sa, mely keret\u00e9ben a B\u00fckk-T\u00e9rs\u00e9gi LEADER Egyes\u00fclet telep\u00fcl\u00e9seir\u0151l <strong class=\"style212\">projektenk\u00e9nt 10 milli\u00f3 Ft<\/strong> p\u00e1ly\u00e1zhat\u00f3, <strong>a rendelkez\u00e9sre \u00e1ll\u00f3 forr\u00e1s \u00f6sszesen <span class=\"style212\">100 milli\u00f3 F<\/span>t<\/strong>.<br \/>A b\u00edr\u00e1lat alatt \u00e1ll\u00f3 LEADER p\u00e1ly\u00e1zatokkal \u00e9s a beny\u00fajtand\u00f3 turisztikai p\u00e1ly\u00e1zatokkal <strong>a HACS 2008-2013. \u00e9vekre meghat\u00e1rozott fejleszt\u00e9si forr\u00e1sai marad\u00e9ktalanul lek\u00f6t\u00e9sre ker\u00fclnek<\/strong>.<\/p>\n<p style=\"text-align: justify;\"><em> Kapcsol\u00f3d\u00f3 let\u00f6lt\u00e9s: <\/em><a href=\"https:\/\/bukkleader.hu\/old\/downloads\/turisztika_tervezet.docx\" target=\"_blank\">Az EMVA III. Turisztikai tev\u00e9kenys\u00e9gek \u00f6szt\u00f6nz\u00e9se jogc\u00edm jogc\u00edmrendelet\u00e9nek TERVEZETE &gt;&gt;<\/a><\/p>\n<div class=\"sharedaddy sd-sharing-enabled\"><div class=\"robots-nocontent sd-block sd-social sd-social-icon sd-sharing\"><h3 class=\"sd-title\">Share this:<\/h3><div class=\"sd-content\"><ul><li class=\"share-facebook\"><a rel=\"nofollow noopener noreferrer\" data-shared=\"sharing-facebook-356\" class=\"share-facebook sd-button share-icon no-text\" href=\"https:\/\/bukkleader.hu\/old\/emva-iii-iv-palyazati-eredmenyeink-es-tovabbi-palyazati-lehetosegek-a-2013-evben\/?share=facebook\" target=\"_blank\" title=\"Click to share on Facebook\"><span><\/span><span class=\"sharing-screen-reader-text\">Click to share on Facebook (Opens in new window)<\/span><\/a><\/li><li class=\"share-twitter\"><a rel=\"nofollow noopener noreferrer\" data-shared=\"sharing-twitter-356\" class=\"share-twitter sd-button share-icon no-text\" href=\"https:\/\/bukkleader.hu\/old\/emva-iii-iv-palyazati-eredmenyeink-es-tovabbi-palyazati-lehetosegek-a-2013-evben\/?share=twitter\" target=\"_blank\" title=\"Click to share on Twitter\"><span><\/span><span class=\"sharing-screen-reader-text\">Click to share on Twitter (Opens in new window)<\/span><\/a><\/li><li class=\"share-print\"><a rel=\"nofollow noopener noreferrer\" data-shared=\"\" class=\"share-print sd-button share-icon no-text\" href=\"https:\/\/bukkleader.hu\/old\/emva-iii-iv-palyazati-eredmenyeink-es-tovabbi-palyazati-lehetosegek-a-2013-evben\/\" target=\"_blank\" title=\"Click to print\"><span><\/span><span class=\"sharing-screen-reader-text\">Click to print (Opens in new window)<\/span><\/a><\/li><li class=\"share-email\"><a rel=\"nofollow noopener noreferrer\" data-shared=\"\" class=\"share-email sd-button share-icon no-text\" href=\"https:\/\/bukkleader.hu\/old\/emva-iii-iv-palyazati-eredmenyeink-es-tovabbi-palyazati-lehetosegek-a-2013-evben\/?share=email\" target=\"_blank\" title=\"Click to email this to a friend\"><span><\/span><span class=\"sharing-screen-reader-text\">Click to email this to a friend (Opens in new window)<\/span><\/a><\/li><li class=\"share-end\"><\/li><\/ul><\/div><\/div><\/div>","protected":false},"excerpt":{"rendered":"<p>A \u201eNyertes p\u00e1ly\u00e1z\u00f3ink\u201d men\u00fcpontban el\u00e9rhet\u0151k a 2013. \u00e9vben az EMVA III. Falumeg\u00faj\u00edt\u00e1s \u00e9s \u2013 fejleszt\u00e9s jogc\u00edmen \u00e9s az EMVA IV. LEADER idei fordul\u00f3j\u00e1ban t\u00e1mogat\u00e1st nyert p\u00e1ly\u00e1z\u00f3ink list\u00e1ja, melyek szerint 16 db falufejleszt\u00e9si p\u00e1ly\u00e1zat ker\u00fclt t\u00e1mogat\u00e1sra, 142.153.203,- Ft lek\u00f6t\u00f6tt forr\u00e1ssal, valamint a LEADER 2013. \u00e9vi fordul\u00f3j\u00e1ban (2013.06.17-i beny\u00fajt\u00e1si id\u0151szak) eddig 45 db nyertes p\u00e1ly\u00e1zattal \u00f6sszesen 338.130.362,- [&hellip;]<\/p>\n<div class=\"sharedaddy sd-sharing-enabled\"><div class=\"robots-nocontent sd-block sd-social sd-social-icon sd-sharing\"><h3 class=\"sd-title\">Share this:<\/h3><div class=\"sd-content\"><ul><li class=\"share-facebook\"><a rel=\"nofollow noopener noreferrer\" data-shared=\"sharing-facebook-356\" class=\"share-facebook sd-button share-icon no-text\" href=\"https:\/\/bukkleader.hu\/old\/emva-iii-iv-palyazati-eredmenyeink-es-tovabbi-palyazati-lehetosegek-a-2013-evben\/?share=facebook\" target=\"_blank\" title=\"Click to share on Facebook\"><span><\/span><span class=\"sharing-screen-reader-text\">Click to share on Facebook (Opens in new window)<\/span><\/a><\/li><li class=\"share-twitter\"><a rel=\"nofollow noopener noreferrer\" data-shared=\"sharing-twitter-356\" class=\"share-twitter sd-button share-icon no-text\" href=\"https:\/\/bukkleader.hu\/old\/emva-iii-iv-palyazati-eredmenyeink-es-tovabbi-palyazati-lehetosegek-a-2013-evben\/?share=twitter\" target=\"_blank\" title=\"Click to share on Twitter\"><span><\/span><span class=\"sharing-screen-reader-text\">Click to share on Twitter (Opens in new window)<\/span><\/a><\/li><li class=\"share-print\"><a rel=\"nofollow noopener noreferrer\" data-shared=\"\" class=\"share-print sd-button share-icon no-text\" href=\"https:\/\/bukkleader.hu\/old\/emva-iii-iv-palyazati-eredmenyeink-es-tovabbi-palyazati-lehetosegek-a-2013-evben\/\" target=\"_blank\" title=\"Click to print\"><span><\/span><span class=\"sharing-screen-reader-text\">Click to print (Opens in new window)<\/span><\/a><\/li><li class=\"share-email\"><a rel=\"nofollow noopener noreferrer\" data-shared=\"\" class=\"share-email sd-button share-icon no-text\" href=\"https:\/\/bukkleader.hu\/old\/emva-iii-iv-palyazati-eredmenyeink-es-tovabbi-palyazati-lehetosegek-a-2013-evben\/?share=email\" target=\"_blank\" title=\"Click to email this to a friend\"><span><\/span><span class=\"sharing-screen-reader-text\">Click to email this to a friend (Opens in new window)<\/span><\/a><\/li><li class=\"share-end\"><\/li><\/ul><\/div><\/div><\/div>","protected":false},"author":1,"featured_media":291,"comment_status":"open","ping_status":"closed","sticky":false,"template":"","format":"standard","meta":{"_bbp_topic_count":0,"_bbp_reply_count":0,"_bbp_total_topic_count":0,"_bbp_total_reply_count":0,"_bbp_voice_count":0,"_bbp_anonymous_reply_count":0,"_bbp_topic_count_hidden":0,"_bbp_reply_count_hidden":0,"_bbp_forum_subforum_count":0,"spay_email":"","jetpack_publicize_message":"","jetpack_is_tweetstorm":false,"jetpack_publicize_feature_enabled":true},"categories":[1],"tags":[],"jetpack_featured_media_url":"https:\/\/bukkleader.hu\/old\/wp-content\/uploads\/2015\/09\/bukk-leader-logo-w.jpg","jetpack_publicize_connections":[],"jetpack_sharing_enabled":true,"jetpack-related-posts":[{"id":108,"url":"https:\/\/bukkleader.hu\/old\/2013-aprilis-01-2013-junius-30-idoszak\/","url_meta":{"origin":356,"position":0},"title":"2013. \u00e1prilis 01. &#8211; 2013. j\u00fanius 30. id\u0151szak","date":"2013-07-01","format":false,"excerpt":"A B\u00fckk-T\u00e9rs\u00e9gi LEADER Egyes\u00fclet munkaszervezet\u00e9nek legfontosabb feladatai a 2013.03.01. \u2013 06.30. id\u0151szakban a HACS-hoz be\u00e9rkezett EMVA III. falumeg\u00faj\u00edt\u00e1s \u00e9s \u2013fejleszt\u00e9s p\u00e1ly\u00e1zatok rangsor\u00e1nak kialak\u00edt\u00e1sa \u00e9s t\u00e1mogat\u00e1si hat\u00e1rozataik ki\u00e1ll\u00edt\u00e1sa, a LEADER III. t\u00e1mogat\u00e1si id\u0151szak\u00e1nak el\u0151k\u00e9sz\u00edt\u00e9se, a HVS fel\u00fclvizsg\u00e1lata \u00e9s a LEADER el\u0151p\u00e1ly\u00e1zatok befogad\u00e1sa, a p\u00e1ly\u00e1zatok \u00fcgyint\u00e9z\u00e9s\u00e9nek megkezd\u00e9se voltak.Az EMVA III. falumeg\u00faj\u00edt\u00e1s \u00e9s\u2026","rel":"","context":"In &quot;Munkabesz\u00e1mol\u00f3k&quot;","img":{"alt_text":"","src":"","width":0,"height":0},"classes":[]},{"id":112,"url":"https:\/\/bukkleader.hu\/old\/2013-oktober-01-2013-december-31-idoszak\/","url_meta":{"origin":356,"position":1},"title":"2013. okt\u00f3ber 01. &#8211; 2013. december 31. id\u0151szak","date":"2014-01-02","format":false,"excerpt":"A B\u00fckk-T\u00e9rs\u00e9gi LEADER Egyes\u00fclet munkaszervezet\u00e9nek legfontosabb feladatai a 2013.10.01. \u2013 12.31. id\u0151szakban a 2013. \u00e9vben beny\u00fajtott LEADER p\u00e1ly\u00e1zatok v\u00e9gs\u0151 t\u00e1mogat\u00e1si rangsorainak \u00f6ssze\u00e1ll\u00edt\u00e1sa, a p\u00e1ly\u00e1z\u00f3k tan\u00e1csol\u00e1sa a turisztikai p\u00e1ly\u00e1zataik el\u0151k\u00e9sz\u00edt\u00e9s\u00e9hez, a LEADER t\u00e9rs\u00e9gek k\u00f6z\u00f6tti egy\u00fcttm\u0171k\u00f6d\u00e9si p\u00e1ly\u00e1zatok beny\u00fajt\u00e1sa \u00e9s a 2014-2020 id\u0151szaki \u00faj Vid\u00e9kfejleszt\u00e9si Program megval\u00f3s\u00edt\u00e1s\u00e1nak el\u0151k\u00e9sz\u00edt\u00e9se voltak. Tov\u00e1bb\u00e1 a HACS a\u2026","rel":"","context":"In &quot;Munkabesz\u00e1mol\u00f3k&quot;","img":{"alt_text":"","src":"","width":0,"height":0},"classes":[]},{"id":266,"url":"https:\/\/bukkleader.hu\/old\/2012-oktober-25-i-hacs-eloadasok-bemutatoi\/","url_meta":{"origin":356,"position":2},"title":"2012. okt\u00f3ber 25-i HACS el\u0151ad\u00e1sok bemutat\u00f3i","date":"2012-10-30","format":false,"excerpt":"Let\u00f6lthet\u0151k az okt\u00f3ber 25-i HACS szakmai f\u00f3rumon elhangzott el\u0151ad\u00e1sok bemutat\u00f3iA B\u00fckk-T\u00e9rs\u00e9gi LEADER Egyes\u00fclet a 2012. okt\u00f3ber 25-\u00e9n a b\u0151csi Faluh\u00e1zban szakmai f\u00f3rumot tartott a tagjai \u00e9s potenci\u00e1lis p\u00e1ly\u00e1z\u00f3i r\u00e9sz\u00e9re (megh\u00edv\u00f3 let\u00f6lt\u00e9se >>). A f\u00f3rumon a HACS munkat\u00e1rsai bemutatt\u00e1k a 2012. november 15-ig p\u00e1ly\u00e1zhat\u00f3 EMVA III. falumeg\u00faj\u00edt\u00e1s \u00e9s \u2013fejleszt\u00e9s jogc\u00edm t\u00e1mogat\u00e1si\u2026","rel":"","context":"In &quot;H\u00edreink, k\u00f6zlem\u00e9nyeink&quot;","img":{"alt_text":"eu-kohezio-w","src":"https:\/\/i2.wp.com\/bukkleader.hu\/old\/wp-content\/uploads\/2015\/09\/eu-kohezio-w.jpg?resize=350%2C200&ssl=1","width":350,"height":200},"classes":[]},{"id":104,"url":"https:\/\/bukkleader.hu\/old\/2012-oktober-01-2012-december-31-idoszak\/","url_meta":{"origin":356,"position":3},"title":"2012. okt\u00f3ber 01. \u2013 2012. december 31. id\u0151szak","date":"2013-01-02","format":false,"excerpt":"A B\u00fckk-T\u00e9rs\u00e9gi LEADER Egyes\u00fclet munkaszervezet\u00e9nek legfontosabb feladatai a 2012.10.01. \u2013 12.31. id\u0151szakban az EMVA III. falumeg\u00faj\u00edt\u00e1s \u00e9s \u2013fejleszt\u00e9s p\u00e1ly\u00e1zati id\u0151szak el\u0151k\u00e9sz\u00edt\u00e9se, a szakmai kapcsolat\u00e9p\u00edt\u00e9s \u00e9s az 2014-2020 id\u0151szak EU-s tervez\u00e9s\u00e9vel kapcsolatos egyeztet\u00e9seken val\u00f3 r\u00e9szv\u00e9tel voltak.A vid\u00e9kfejleszt\u00e9si k\u00f6z\u00f6ss\u00e9g min\u00e9l sz\u00e9lesebb k\u00f6r\u0171 t\u00e1j\u00e9koztat\u00e1sa \u00e9rdek\u00e9ben a t\u00e1mogat\u00e1si id\u0151szakban \u00f6sszesen 9 szakmai f\u00f3rumot tartottunk,\u2026","rel":"","context":"In &quot;Munkabesz\u00e1mol\u00f3k&quot;","img":{"alt_text":"","src":"","width":0,"height":0},"classes":[]},{"id":285,"url":"https:\/\/bukkleader.hu\/old\/beerkeztek-az-emva-iii-falumegujitas-es-fejlesztes-palyazatok\/","url_meta":{"origin":356,"position":4},"title":"Be\u00e9rkeztek az EMVA III. Falumeg\u00faj\u00edt\u00e1s \u00e9s \u2013fejleszt\u00e9s p\u00e1ly\u00e1zatok","date":"2012-12-12","format":false,"excerpt":"2012. november 30-i hat\u00e1rid\u0151ig a B\u00fckk-T\u00e9rs\u00e9gi LEADER Egyes\u00fclethez \u00f6sszesen 27 db EMVA III. falumeg\u00faj\u00edt\u00e1s \u00e9s -fejleszt\u00e9si p\u00e1ly\u00e1zat \u00e9rkezett be, mintegy 260 milli\u00f3 Ft-os t\u00e1mogat\u00e1si ig\u00e9nnyel. A p\u00e1ly\u00e1zatok \u00fcgyint\u00e9z\u00e9s\u00e9t a HACS munkat\u00e1rsai megkezdt\u00e9k. A jogc\u00edmben a HACS rendelkez\u00e9s\u00e9re \u00e1ll\u00f3 keret 134 milli\u00f3 Ft, teh\u00e1t - amennyiben tov\u00e1bbi forr\u00e1sok nem szabadulnak fel\u2026","rel":"","context":"In &quot;Eredm\u00e9nyeink&quot;","img":{"alt_text":"boritek-w","src":"https:\/\/i2.wp.com\/bukkleader.hu\/old\/wp-content\/uploads\/2015\/09\/boritek-w.jpg?resize=350%2C200&ssl=1","width":350,"height":200},"classes":[]},{"id":102,"url":"https:\/\/bukkleader.hu\/old\/2012-julius-01-2012-szeptember-30-idoszak\/","url_meta":{"origin":356,"position":5},"title":"2012. j\u00falius 01. \u2013 2012. szeptember 30. id\u0151szak","date":"2012-10-01","format":false,"excerpt":"A B\u00fckk-T\u00e9rs\u00e9gi LEADER Egyes\u00fclet legfontosabb feladatai a 2012.07.01. \u2013 09.30. id\u0151szakban az EMVA III. falumeg\u00faj\u00edt\u00e1s \u00e9s \u2013fejleszt\u00e9s jogc\u00edm el\u0151k\u00e9sz\u00edt\u00e9se, a szakmai kapcsolat\u00e9p\u00edt\u00e9s \u00e9s az 2014-2020 id\u0151szak EU-s tervez\u00e9s\u00e9be val\u00f3 bekapcsol\u00f3d\u00e1s voltak. Munk\u00e1nkr\u00f3l 1 t\u00e9rs\u00e9gi \u00fajs\u00e1gban, 2 szakmai kiadv\u00e1nyban \u00e9s 3 weboldalon jelent meg tud\u00f3s\u00edt\u00e1s.A t\u00e1mogat\u00e1si id\u0151szakban t\u00e1rgyal\u00e1sokat folytattunk a Nemzeti\u2026","rel":"","context":"In &quot;Munkabesz\u00e1mol\u00f3k&quot;","img":{"alt_text":"","src":"","width":0,"height":0},"classes":[]}],"_links":{"self":[{"href":"https:\/\/bukkleader.hu\/old\/wp-json\/wp\/v2\/posts\/356"}],"collection":[{"href":"https:\/\/bukkleader.hu\/old\/wp-json\/wp\/v2\/posts"}],"about":[{"href":"https:\/\/bukkleader.hu\/old\/wp-json\/wp\/v2\/types\/post"}],"author":[{"embeddable":true,"href":"https:\/\/bukkleader.hu\/old\/wp-json\/wp\/v2\/users\/1"}],"replies":[{"embeddable":true,"href":"https:\/\/bukkleader.hu\/old\/wp-json\/wp\/v2\/comments?post=356"}],"version-history":[{"count":2,"href":"https:\/\/bukkleader.hu\/old\/wp-json\/wp\/v2\/posts\/356\/revisions"}],"predecessor-version":[{"id":358,"href":"https:\/\/bukkleader.hu\/old\/wp-json\/wp\/v2\/posts\/356\/revisions\/358"}],"wp:featuredmedia":[{"embeddable":true,"href":"https:\/\/bukkleader.hu\/old\/wp-json\/wp\/v2\/media\/291"}],"wp:attachment":[{"href":"https:\/\/bukkleader.hu\/old\/wp-json\/wp\/v2\/media?parent=356"}],"wp:term":[{"taxonomy":"category","embeddable":true,"href":"https:\/\/bukkleader.hu\/old\/wp-json\/wp\/v2\/categories?post=356"},{"taxonomy":"post_tag","embeddable":true,"href":"https:\/\/bukkleader.hu\/old\/wp-json\/wp\/v2\/tags?post=356"}],"curies":[{"name":"wp","href":"https:\/\/api.w.org\/{rel}","templated":true}]}}