{"id":353,"date":"2013-11-14T14:53:45","date_gmt":"2013-11-14T13:53:45","guid":{"rendered":"https:\/\/bukkleader.hu\/old\/new\/?p=353"},"modified":"2015-09-22T14:58:42","modified_gmt":"2015-09-22T12:58:42","slug":"palyazati-lehetoseg-a-videki-gazdasag-es-a-lakossag-szamara-nyujtott-alapszolgaltatasok-fejlesztesere","status":"publish","type":"post","link":"https:\/\/bukkleader.hu\/old\/palyazati-lehetoseg-a-videki-gazdasag-es-a-lakossag-szamara-nyujtott-alapszolgaltatasok-fejlesztesere\/","title":{"rendered":"P\u00e1ly\u00e1zati lehet\u0151s\u00e9g \u201ea vid\u00e9ki gazdas\u00e1g \u00e9s a lakoss\u00e1g sz\u00e1m\u00e1ra ny\u00fajtott alapszolg\u00e1ltat\u00e1sok fejleszt\u00e9s\u00e9re\u201d"},"content":{"rendered":"<p style=\"text-align: justify;\">Megjelent a vid\u00e9kfejleszt\u00e9si miniszter <a href=\"http:\/\/www.kozlonyok.hu\/nkonline\/MKPDF\/hiteles\/MK13185.pdf\" target=\"_blank\">103\/2013. (XI. 8.) VM rendelete<\/a> az Eur\u00f3pai Mez\u0151gazdas\u00e1gi Vid\u00e9kfejleszt\u00e9si Alapb\u00f3l ny\u00fajtand\u00f3, a vid\u00e9ki gazdas\u00e1g \u00e9s a lakoss\u00e1g sz\u00e1m\u00e1ra ny\u00fajtott alapszolg\u00e1ltat\u00e1sok fejleszt\u00e9s\u00e9re 2013-t\u00f3l ig\u00e9nybe vehet\u0151 t\u00e1mogat\u00e1sok r\u00e9szletes felt\u00e9teleir\u0151l.<\/p>\n<p style=\"text-align: justify;\"><!--more--> A rendelet alapj\u00e1n t\u00e1mogat\u00e1s vehet\u0151 ig\u00e9nybe t\u00f6bbek k\u00f6z\u00f6tt a\u00a0<strong>kist\u00e9rs\u00e9gi k\u00f6zleked\u00e9si szolg\u00e1ltat\u00e1s fejleszt\u00e9s\u00e9re<\/strong> <strong>falu- \u00e9s tanyagondnoki szolg\u00e1ltat\u00e1s ell\u00e1t\u00e1s\u00e1hoz kapcsol\u00f3d\u00f3an<\/strong>(1. c\u00e9lter\u00fclet)<strong>. <\/strong>A p\u00e1ly\u00e1zatokat kiz\u00e1r\u00f3lag elektronikus \u00faton, <strong>\u00fcgyf\u00e9lkapun kereszt\u00fcl<\/strong> lehet beny\u00fajtani az MVH-hoz\u00a0<strong class=\"style212\">2013. november 25-\u00e9n 08:00 \u00f3r\u00e1t\u00f3l forr\u00e1skimer\u00fcl\u00e9sig, de legk\u00e9s\u0151bb 2013. december 13-\u00e1n 18:00 \u00f3r\u00e1ig<\/strong>. A B\u00fckk-T\u00e9rs\u00e9gi LEADER Egyes\u00fclet kezdem\u00e9nyezte a Vid\u00e9kfejleszt\u00e9si Miniszt\u00e9riumn\u00e1l az 1. \u00e9s 2. c\u00e9lter\u00fcleten p\u00e1ly\u00e1zhat\u00f3, bels\u0151 \u00e9g\u00e9s\u0171 motorral hajtott kisbuszok, falubuszok mellett az <strong class=\"style212\">elektromos kisbuszok <\/strong><strong>beszerz\u00e9s\u00e9nek t\u00e1mogat\u00e1s\u00e1t, azonban a kezdem\u00e9nyez\u00e9ssel kapcsolatos d\u00f6nt\u00e9sr\u0151l inform\u00e1ci\u00f3 nem \u00e1ll a HACS rendelkez\u00e9s\u00e9re<\/strong>. A 2013. \u00e9vben \u00e9rv\u00e9nyes, a p\u00e1ly\u00e1zat keret\u00e9ben beszerezhet\u0151 j\u00e1rm\u0171vek t\u00edpusait tartalmaz\u00f3 g\u00e9pj\u00e1rm\u0171katal\u00f3gus megjelen\u00e9se a t\u00e1mogat\u00e1si id\u0151szak megnyit\u00e1s\u00e1ig v\u00e1rhat\u00f3.<\/p>\n<p style=\"text-align: justify;\"><em>Kapcsol\u00f3d\u00f3 let\u00f6lt\u00e9s<\/em><em>:<\/em> <a href=\"http:\/\/www.kozlonyok.hu\/nkonline\/MKPDF\/hiteles\/MK13185.pdf\" target=\"_blank\">A p\u00e1ly\u00e1zat jogc\u00edmrendelet\u00e9t tartalmaz\u00f3 Magyar K\u00f6zl\u00f6ny let\u00f6lt\u00e9se &gt;&gt;<\/a><\/p>\n<div class=\"sharedaddy sd-sharing-enabled\"><div class=\"robots-nocontent sd-block sd-social sd-social-icon sd-sharing\"><h3 class=\"sd-title\">Share this:<\/h3><div class=\"sd-content\"><ul><li class=\"share-facebook\"><a rel=\"nofollow noopener noreferrer\" data-shared=\"sharing-facebook-353\" class=\"share-facebook sd-button share-icon no-text\" href=\"https:\/\/bukkleader.hu\/old\/palyazati-lehetoseg-a-videki-gazdasag-es-a-lakossag-szamara-nyujtott-alapszolgaltatasok-fejlesztesere\/?share=facebook\" target=\"_blank\" title=\"Click to share on Facebook\"><span><\/span><span class=\"sharing-screen-reader-text\">Click to share on Facebook (Opens in new window)<\/span><\/a><\/li><li class=\"share-twitter\"><a rel=\"nofollow noopener noreferrer\" data-shared=\"sharing-twitter-353\" class=\"share-twitter sd-button share-icon no-text\" href=\"https:\/\/bukkleader.hu\/old\/palyazati-lehetoseg-a-videki-gazdasag-es-a-lakossag-szamara-nyujtott-alapszolgaltatasok-fejlesztesere\/?share=twitter\" target=\"_blank\" title=\"Click to share on Twitter\"><span><\/span><span class=\"sharing-screen-reader-text\">Click to share on Twitter (Opens in new window)<\/span><\/a><\/li><li class=\"share-print\"><a rel=\"nofollow noopener noreferrer\" data-shared=\"\" class=\"share-print sd-button share-icon no-text\" href=\"https:\/\/bukkleader.hu\/old\/palyazati-lehetoseg-a-videki-gazdasag-es-a-lakossag-szamara-nyujtott-alapszolgaltatasok-fejlesztesere\/\" target=\"_blank\" title=\"Click to print\"><span><\/span><span class=\"sharing-screen-reader-text\">Click to print (Opens in new window)<\/span><\/a><\/li><li class=\"share-email\"><a rel=\"nofollow noopener noreferrer\" data-shared=\"\" class=\"share-email sd-button share-icon no-text\" href=\"https:\/\/bukkleader.hu\/old\/palyazati-lehetoseg-a-videki-gazdasag-es-a-lakossag-szamara-nyujtott-alapszolgaltatasok-fejlesztesere\/?share=email\" target=\"_blank\" title=\"Click to email this to a friend\"><span><\/span><span class=\"sharing-screen-reader-text\">Click to email this to a friend (Opens in new window)<\/span><\/a><\/li><li class=\"share-end\"><\/li><\/ul><\/div><\/div><\/div>","protected":false},"excerpt":{"rendered":"<p>Megjelent a vid\u00e9kfejleszt\u00e9si miniszter 103\/2013. (XI. 8.) VM rendelete az Eur\u00f3pai Mez\u0151gazdas\u00e1gi Vid\u00e9kfejleszt\u00e9si Alapb\u00f3l ny\u00fajtand\u00f3, a vid\u00e9ki gazdas\u00e1g \u00e9s a lakoss\u00e1g sz\u00e1m\u00e1ra ny\u00fajtott alapszolg\u00e1ltat\u00e1sok fejleszt\u00e9s\u00e9re 2013-t\u00f3l ig\u00e9nybe vehet\u0151 t\u00e1mogat\u00e1sok r\u00e9szletes felt\u00e9teleir\u0151l.<\/p>\n<div class=\"sharedaddy sd-sharing-enabled\"><div class=\"robots-nocontent sd-block sd-social sd-social-icon sd-sharing\"><h3 class=\"sd-title\">Share this:<\/h3><div class=\"sd-content\"><ul><li class=\"share-facebook\"><a rel=\"nofollow noopener noreferrer\" data-shared=\"sharing-facebook-353\" class=\"share-facebook sd-button share-icon no-text\" href=\"https:\/\/bukkleader.hu\/old\/palyazati-lehetoseg-a-videki-gazdasag-es-a-lakossag-szamara-nyujtott-alapszolgaltatasok-fejlesztesere\/?share=facebook\" target=\"_blank\" title=\"Click to share on Facebook\"><span><\/span><span class=\"sharing-screen-reader-text\">Click to share on Facebook (Opens in new window)<\/span><\/a><\/li><li class=\"share-twitter\"><a rel=\"nofollow noopener noreferrer\" data-shared=\"sharing-twitter-353\" class=\"share-twitter sd-button share-icon no-text\" href=\"https:\/\/bukkleader.hu\/old\/palyazati-lehetoseg-a-videki-gazdasag-es-a-lakossag-szamara-nyujtott-alapszolgaltatasok-fejlesztesere\/?share=twitter\" target=\"_blank\" title=\"Click to share on Twitter\"><span><\/span><span class=\"sharing-screen-reader-text\">Click to share on Twitter (Opens in new window)<\/span><\/a><\/li><li class=\"share-print\"><a rel=\"nofollow noopener noreferrer\" data-shared=\"\" class=\"share-print sd-button share-icon no-text\" href=\"https:\/\/bukkleader.hu\/old\/palyazati-lehetoseg-a-videki-gazdasag-es-a-lakossag-szamara-nyujtott-alapszolgaltatasok-fejlesztesere\/\" target=\"_blank\" title=\"Click to print\"><span><\/span><span class=\"sharing-screen-reader-text\">Click to print (Opens in new window)<\/span><\/a><\/li><li class=\"share-email\"><a rel=\"nofollow noopener noreferrer\" data-shared=\"\" class=\"share-email sd-button share-icon no-text\" href=\"https:\/\/bukkleader.hu\/old\/palyazati-lehetoseg-a-videki-gazdasag-es-a-lakossag-szamara-nyujtott-alapszolgaltatasok-fejlesztesere\/?share=email\" target=\"_blank\" title=\"Click to email this to a friend\"><span><\/span><span class=\"sharing-screen-reader-text\">Click to email this to a friend (Opens in new window)<\/span><\/a><\/li><li class=\"share-end\"><\/li><\/ul><\/div><\/div><\/div>","protected":false},"author":1,"featured_media":354,"comment_status":"open","ping_status":"closed","sticky":false,"template":"","format":"standard","meta":{"_bbp_topic_count":0,"_bbp_reply_count":0,"_bbp_total_topic_count":0,"_bbp_total_reply_count":0,"_bbp_voice_count":0,"_bbp_anonymous_reply_count":0,"_bbp_topic_count_hidden":0,"_bbp_reply_count_hidden":0,"_bbp_forum_subforum_count":0,"spay_email":"","jetpack_publicize_message":"","jetpack_is_tweetstorm":false,"jetpack_publicize_feature_enabled":true},"categories":[1],"tags":[],"jetpack_featured_media_url":"https:\/\/bukkleader.hu\/old\/wp-content\/uploads\/2015\/09\/elektromos-auto2-w.jpg","jetpack_publicize_connections":[],"jetpack_sharing_enabled":true,"jetpack-related-posts":[{"id":332,"url":"https:\/\/bukkleader.hu\/old\/2013-ban-is-palyazhatok-lesznek-a-falu-es-tanyabuszok\/","url_meta":{"origin":353,"position":0},"title":"2013-ban is p\u00e1ly\u00e1zhat\u00f3k lesznek a falu- \u00e9s tanyabuszok","date":"2013-08-03","format":false,"excerpt":"A Vid\u00e9kfejleszt\u00e9si Miniszt\u00e9rium k\u00f6zigazgat\u00e1si egyeztet\u00e9sre bocs\u00e1totta az Eur\u00f3pai Mez\u0151gazdas\u00e1gi Vid\u00e9kfejleszt\u00e9si Alapb\u00f3l ny\u00fajtand\u00f3, a vid\u00e9ki gazdas\u00e1g \u00e9s a lakoss\u00e1g sz\u00e1m\u00e1ra ny\u00fajtott alapszolg\u00e1ltat\u00e1sok fejleszt\u00e9s\u00e9re 2013-t\u00f3l ig\u00e9nybe vehet\u0151 t\u00e1mogat\u00e1sok r\u00e9szletes felt\u00e9teleir\u0151l sz\u00f3l\u00f3 rendelet tervezet\u00e9t. A rendelet tervezete alapj\u00e1n t\u00e1mogat\u00e1s vehet\u0151 ig\u00e9nybe, el\u0151rel\u00e1that\u00f3lag a kist\u00e9rs\u00e9gi k\u00f6zleked\u00e9si szolg\u00e1ltat\u00e1s fejleszt\u00e9s\u00e9re falu- \u00e9s tanyagondnoki szolg\u00e1ltat\u00e1s ell\u00e1t\u00e1s\u00e1hoz kapcsol\u00f3d\u00f3an\u2026","rel":"","context":"In &quot;H\u00edreink, k\u00f6zlem\u00e9nyeink&quot;","img":{"alt_text":"","src":"","width":0,"height":0},"classes":[]},{"id":363,"url":"https:\/\/bukkleader.hu\/old\/megjelent-a-kistersegi-kozlekedesi-szolgaltatasok-fejlesztese-soran-alkalmazando-gepjarmu-katalogusrol-szolo-ih-kozlemeny\/","url_meta":{"origin":353,"position":1},"title":"Megjelent a kist\u00e9rs\u00e9gi k\u00f6zleked\u00e9si szolg\u00e1ltat\u00e1sok fejleszt\u00e9se sor\u00e1n alkalmazand\u00f3 g\u00e9pj\u00e1rm\u0171 katal\u00f3gusr\u00f3l sz\u00f3l\u00f3 IH k\u00f6zlem\u00e9ny","date":"2013-11-18","format":false,"excerpt":"Megjelent az EMVA t\u00e1rsfinansz\u00edroz\u00e1s\u00fa int\u00e9zked\u00e9sek Ir\u00e1ny\u00edt\u00f3 Hat\u00f3s\u00e1g\u00e1nak a 289\/2013. (XI. 14.) k\u00f6zlem\u00e9nye az Eur\u00f3pai Mez\u0151gazdas\u00e1gi Vid\u00e9kfejleszt\u00e9si Alapb\u00f3l ny\u00fajtand\u00f3, a vid\u00e9ki gazdas\u00e1g \u00e9s a lakoss\u00e1g sz\u00e1m\u00e1ra ny\u00fajtott alapszolg\u00e1ltat\u00e1sok fejleszt\u00e9s\u00e9re 2013-t\u00f3l ig\u00e9nybe vehet\u0151 t\u00e1mogat\u00e1sok r\u00e9szletes felt\u00e9teleir\u0151l sz\u00f3l\u00f3 103\/2013. (XI. 08.) VM rendeletr\u0151l, valamint a kist\u00e9rs\u00e9gi k\u00f6zleked\u00e9si szolg\u00e1ltat\u00e1sok fejleszt\u00e9se keret\u00e9ben a k\u00f6telez\u0151 arculati\u2026","rel":"","context":"In &quot;H\u00edreink, k\u00f6zlem\u00e9nyeink&quot;","img":{"alt_text":"384-1-daranyi-ignac-terv","src":"https:\/\/i1.wp.com\/bukkleader.hu\/old\/wp-content\/uploads\/2015\/09\/384-1-daranyi-ignac-terv.jpg?resize=350%2C200&ssl=1","width":350,"height":200},"classes":[]},{"id":379,"url":"https:\/\/bukkleader.hu\/old\/figyelem-jogszabaly-modositasok\/","url_meta":{"origin":353,"position":2},"title":"FIGYELEM! Jogszab\u00e1ly m\u00f3dos\u00edt\u00e1sok","date":"2014-04-07","format":false,"excerpt":"2014. \u00e1prilis 03-ai d\u00e1tummal megjelent a Magyar K\u00f6zl\u00f6ny 2014. \u00e9vi 50. sz\u00e1m\u00e1ban az agr\u00e1r-szaktan\u00e1csad\u00e1ssal kapcsolatos \u00e9s az Eur\u00f3pai Mez\u0151gazdas\u00e1gi Vid\u00e9kfejleszt\u00e9si Alapb\u00f3l finansz\u00edrozott egyes agr\u00e1rt\u00e1mogat\u00e1si t\u00e1rgy\u00fa miniszteri rendeletek m\u00f3dos\u00edt\u00e1s\u00e1r\u00f3l sz\u00f3l\u00f3 32\/2014. (IV. 3.) VM rendelet, amely t\u00f6bbek k\u00f6z\u00f6tt tartalmazza: az Eur\u00f3pai Mez\u0151gazdas\u00e1gi Vid\u00e9kfejleszt\u00e9si Alapb\u00f3l a Helyi Vid\u00e9kfejleszt\u00e9si Strat\u00e9gi\u00e1k LEADER fejezet\u00e9nek v\u00e9grehajt\u00e1s\u00e1hoz\u2026","rel":"","context":"In &quot;H\u00edreink, k\u00f6zlem\u00e9nyeink&quot;","img":{"alt_text":"paragrafus","src":"https:\/\/i0.wp.com\/bukkleader.hu\/old\/wp-content\/uploads\/2012\/06\/paragrafus384w.jpg?resize=350%2C200&ssl=1","width":350,"height":200},"classes":[]},{"id":212,"url":"https:\/\/bukkleader.hu\/old\/uj-ikszt-jogcimrendelet\/","url_meta":{"origin":353,"position":3},"title":"\u00daj IKSZT jogc\u00edmrendelet","date":"2012-08-22","format":false,"excerpt":"Megjelent az \u00faj IKSZT jogc\u00edmrendeletMagyar K\u00f6zl\u00f6ny 104. sz\u00e1m\u00e1ban megjelent az Eur\u00f3pai Mez\u0151gazdas\u00e1gi Vid\u00e9kfejleszt\u00e9si Alapb\u00f3l ny\u00fajtand\u00f3, a vid\u00e9ki gazdas\u00e1g \u00e9s lakoss\u00e1g sz\u00e1m\u00e1ra ny\u00fajtott alapszolg\u00e1ltat\u00e1sok k\u00f6r\u00e9ben,\u00a0az integr\u00e1lt k\u00f6z\u00f6ss\u00e9gi \u00e9s szolg\u00e1ltat\u00f3 t\u00e9r\u00a0kialak\u00edt\u00e1s\u00e1ra \u00e9s m\u0171k\u00f6dtet\u00e9s\u00e9re ig\u00e9nybe vehet\u0151 t\u00e1mogat\u00e1sok r\u00e9szletes felt\u00e9teleir\u0151l sz\u00f3l\u00f3...112\/2009. (VIII. 29.) FVM rendelet m\u00f3dos\u00edt\u00e1s\u00e1r\u00f3l sz\u00f3l\u00f3 84\/2012. (VIII. 02.) VM rendelet (IKSZT jogc\u00edmrendelet).A\u2026","rel":"","context":"In &quot;H\u00edreink, k\u00f6zlem\u00e9nyeink&quot;","img":{"alt_text":"","src":"","width":0,"height":0},"classes":[]},{"id":340,"url":"https:\/\/bukkleader.hu\/old\/ujra-leader-palyazati-idoszak\/","url_meta":{"origin":353,"position":4},"title":"\u00daJRA LEADER P\u00c1LY\u00c1ZATI ID\u0150SZAK!","date":"2013-09-24","format":false,"excerpt":"FIGYELEM! A VID\u00c9KFEJLESZT\u00c9SI MINISZT\u00c9RIUM T\u00daLIG\u00c9NYL\u00c9S MIATT ISM\u00c9TELTEN FELF\u00dcGGESZTETTE A LEADER P\u00c1LY\u00c1ZATOK BENY\u00daJT\u00c1S\u00c1T A SZOLG\u00c1LTAT\u00c1SFEJLESZT\u00c9S KATEG\u00d3RI\u00c1BAN.A VID\u00c9KFEJLESZT\u00c9SI MINISZT\u00c9RIUM (VM), MINT AZ EMVA IR\u00c1NY\u00cdT\u00d3 HAT\u00d3S\u00c1G\u00c1NAK 240\/2013. (IX. 23.) SZ\u00c1M\u00da K\u00d6ZLEM\u00c9NYE SZERINT 2013.09.24-\u00c9N REGGEL 08:00 \u00d3R\u00c1T\u00d3L \u00daJRA LEHET P\u00c1LY\u00c1ZATOT BENY\u00daJTANI A LEADER INT\u00c9ZKED\u00c9SEINK MEGVAL\u00d3S\u00cdT\u00c1S\u00c1RA, SZOLG\u00c1LTAT\u00c1SFEJLESZT\u00c9S PROJEKT KATEG\u00d3RI\u00c1BAN.A HACS az el\u0151p\u00e1ly\u00e1zati szakaszban szolg\u00e1ltat\u00e1sfejleszt\u00e9snek tekintette\u2026","rel":"","context":"In &quot;H\u00edreink, k\u00f6zlem\u00e9nyeink&quot;","img":{"alt_text":"bukk-leader-logo-w","src":"https:\/\/i2.wp.com\/bukkleader.hu\/old\/wp-content\/uploads\/2015\/09\/bukk-leader-logo-w.jpg?resize=350%2C200&ssl=1","width":350,"height":200},"classes":[]},{"id":325,"url":"https:\/\/bukkleader.hu\/old\/leader-palyazati-lehetosegek-2013\/","url_meta":{"origin":353,"position":5},"title":"LEADER P\u00c1LY\u00c1ZATI LEHET\u0150S\u00c9GEK 2013.","date":"2013-06-06","format":false,"excerpt":"FIGYELEM! MEGJELENT AZ EMVA T\u00c1RSFINANSZ\u00cdROZ\u00c1S\u00da INT\u00c9ZKED\u00c9SEK IR\u00c1NY\u00cdT\u00d3 HAT\u00d3S\u00c1G\u00c1NAK K\u00d6ZLEM\u00c9NYE A LEADER PROGRAM HARMADIK, 2013-BAN MEGHIRDETETT P\u00c1LY\u00c1ZATI K\u00d6R\u00c9HEZ KAPCSOL\u00d3D\u00d3 LEADER INT\u00c9ZKED\u00c9SI TERVEK K\u00d6ZZ\u00c9T\u00c9TEL\u00c9R\u0150L, MELY ALAPJ\u00c1N A B\u00dcKK-T\u00c9RS\u00c9GI LEADER EGYES\u00dcLETHEZ BENY\u00daJTHAT\u00d3K A PROJEKT ADATLAPOK.A B\u00fckk-T\u00e9rs\u00e9gi LEADER Egyes\u00fclet (HACS) k\u00f6zgy\u0171l\u00e9se \u00e1ltal j\u00f3v\u00e1hagyott int\u00e9zked\u00e9seket (fejleszt\u00e9si t\u00e9m\u00e1kat), valamint az el\u0151p\u00e1ly\u00e1zati szakaszra vonatkoz\u00f3 r\u00e9szletes t\u00e1mogat\u00e1si felt\u00e9teleket\u2026","rel":"","context":"In &quot;H\u00edreink, k\u00f6zlem\u00e9nyeink&quot;","img":{"alt_text":"bukk-leader-logo-w","src":"https:\/\/i2.wp.com\/bukkleader.hu\/old\/wp-content\/uploads\/2015\/09\/bukk-leader-logo-w.jpg?resize=350%2C200&ssl=1","width":350,"height":200},"classes":[]}],"_links":{"self":[{"href":"https:\/\/bukkleader.hu\/old\/wp-json\/wp\/v2\/posts\/353"}],"collection":[{"href":"https:\/\/bukkleader.hu\/old\/wp-json\/wp\/v2\/posts"}],"about":[{"href":"https:\/\/bukkleader.hu\/old\/wp-json\/wp\/v2\/types\/post"}],"author":[{"embeddable":true,"href":"https:\/\/bukkleader.hu\/old\/wp-json\/wp\/v2\/users\/1"}],"replies":[{"embeddable":true,"href":"https:\/\/bukkleader.hu\/old\/wp-json\/wp\/v2\/comments?post=353"}],"version-history":[{"count":1,"href":"https:\/\/bukkleader.hu\/old\/wp-json\/wp\/v2\/posts\/353\/revisions"}],"predecessor-version":[{"id":355,"href":"https:\/\/bukkleader.hu\/old\/wp-json\/wp\/v2\/posts\/353\/revisions\/355"}],"wp:featuredmedia":[{"embeddable":true,"href":"https:\/\/bukkleader.hu\/old\/wp-json\/wp\/v2\/media\/354"}],"wp:attachment":[{"href":"https:\/\/bukkleader.hu\/old\/wp-json\/wp\/v2\/media?parent=353"}],"wp:term":[{"taxonomy":"category","embeddable":true,"href":"https:\/\/bukkleader.hu\/old\/wp-json\/wp\/v2\/categories?post=353"},{"taxonomy":"post_tag","embeddable":true,"href":"https:\/\/bukkleader.hu\/old\/wp-json\/wp\/v2\/tags?post=353"}],"curies":[{"name":"wp","href":"https:\/\/api.w.org\/{rel}","templated":true}]}}