{"id":3527,"date":"2021-09-16T15:18:32","date_gmt":"2021-09-16T13:18:32","guid":{"rendered":"https:\/\/bukkleader.hu\/old\/?p=3527"},"modified":"2021-09-16T15:19:10","modified_gmt":"2021-09-16T13:19:10","slug":"figyelem-elado-gyumolcsfeldolgozo-kisuzem-berendezese","status":"publish","type":"post","link":"https:\/\/bukkleader.hu\/old\/figyelem-elado-gyumolcsfeldolgozo-kisuzem-berendezese\/","title":{"rendered":"FIGYELEM! Elad\u00f3 gy\u00fcm\u00f6lcsfeldolgoz\u00f3 kis\u00fczem egyben vagy r\u00e9szletekben"},"content":{"rendered":"<p>A B\u00fckk-T\u00e9rs\u00e9gi LEADER Egyes\u00fclet \u00e9rt\u00e9kes\u00edteni k\u00edv\u00e1nja <strong>gy\u00fcm\u00f6lcsfeldolgoz\u00f3 kis\u00fczem\u00e9t, egyben vagy r\u00e9szenk\u00e9nt.<\/strong><\/p>\n<p>A gy\u00fcm\u00f6lcsfeldolgoz\u00f3 kis\u00fczem az al\u00e1bbi egys\u00e9gekb\u0151l \u00e1ll:<\/p>\n<p>1) <strong>Subline S 13-13 b\u00fav\u00e1rszivatty\u00fa<\/strong> 6\u201d Mot. al.<br \/>\nQ=160 l\/min<br \/>\nH=137 M<br \/>\nVillamos teljes\u00edtm\u00e9ny: 5,5 kW<br \/>\n3&#215;400 V<br \/>\n\u00c1ramfelv\u00e9tel: 12,5 A<br \/>\nMax. emel\u0151magass\u00e1g: 204 m<br \/>\nMax. sz\u00e1ll\u00edtott v\u00edzmennyis\u00e9g: 220 l\/min<br \/>\nIde\u00e1lis munkapont: 160\/148 l\/p-m<\/p>\n<p><strong>\u00c1r: nett\u00f3 436 000 Ft<\/strong><\/p>\n<p><img data-attachment-id=\"3534\" data-permalink=\"https:\/\/bukkleader.hu\/old\/figyelem-elado-gyumolcsfeldolgozo-kisuzem-berendezese\/subline-s-13-13-buvarszivattyu-1-kisebb\/\" data-orig-file=\"https:\/\/bukkleader.hu\/old\/wp-content\/uploads\/2020\/10\/Subline-S-13-13-b\u00fav\u00e1rszivatty\u00fa-1-kisebb.jpg\" data-orig-size=\"3968,2976\" data-comments-opened=\"1\" data-image-meta=\"{&quot;aperture&quot;:&quot;0&quot;,&quot;credit&quot;:&quot;&quot;,&quot;camera&quot;:&quot;&quot;,&quot;caption&quot;:&quot;&quot;,&quot;created_timestamp&quot;:&quot;0&quot;,&quot;copyright&quot;:&quot;&quot;,&quot;focal_length&quot;:&quot;0&quot;,&quot;iso&quot;:&quot;0&quot;,&quot;shutter_speed&quot;:&quot;0&quot;,&quot;title&quot;:&quot;&quot;,&quot;orientation&quot;:&quot;0&quot;}\" data-image-title=\"Subline S 13-13 b\u00fav\u00e1rszivatty\u00fa (1) kisebb\" data-image-description=\"\" data-image-caption=\"\" data-medium-file=\"https:\/\/bukkleader.hu\/old\/wp-content\/uploads\/2020\/10\/Subline-S-13-13-b\u00fav\u00e1rszivatty\u00fa-1-kisebb-300x225.jpg\" data-large-file=\"https:\/\/bukkleader.hu\/old\/wp-content\/uploads\/2020\/10\/Subline-S-13-13-b\u00fav\u00e1rszivatty\u00fa-1-kisebb-1024x768.jpg\" loading=\"lazy\" class=\"aligncenter size-full wp-image-3534\" src=\"https:\/\/bukkleader.hu\/old\/wp-content\/uploads\/2020\/10\/Subline-S-13-13-b\u00fav\u00e1rszivatty\u00fa-1-kisebb.jpg\" alt=\"\" width=\"3968\" height=\"2976\" srcset=\"https:\/\/bukkleader.hu\/old\/wp-content\/uploads\/2020\/10\/Subline-S-13-13-b\u00fav\u00e1rszivatty\u00fa-1-kisebb.jpg 3968w, https:\/\/bukkleader.hu\/old\/wp-content\/uploads\/2020\/10\/Subline-S-13-13-b\u00fav\u00e1rszivatty\u00fa-1-kisebb-300x225.jpg 300w, https:\/\/bukkleader.hu\/old\/wp-content\/uploads\/2020\/10\/Subline-S-13-13-b\u00fav\u00e1rszivatty\u00fa-1-kisebb-768x576.jpg 768w, https:\/\/bukkleader.hu\/old\/wp-content\/uploads\/2020\/10\/Subline-S-13-13-b\u00fav\u00e1rszivatty\u00fa-1-kisebb-1024x768.jpg 1024w\" sizes=\"(max-width: 3968px) 100vw, 3968px\" \/><\/p>\n<p>2) <strong>MCS 360 tart\u00e1ly<\/strong><br \/>\n\u00dasz\u00f3fedeles tart\u00e1ly rozsdamentes ac\u00e9lb\u00f3l als\u00f3 \u00fcr\u00edt\u0151 csappal, sz\u00ednel\u0151 csappal.<br \/>\nKivitel: l\u00e1bon \u00e1ll\u00f3.<br \/>\nH\u0151szigetel\u00e9s: Igen.<br \/>\nT\u00f6lt\u00e9si t\u00e9rfogat: 360 l.<br \/>\n\u00c1tm\u00e9r\u0151: 71,6 cm<br \/>\nMagass\u00e1g: 100 cm<br \/>\nL\u00e1b: 29 cm<br \/>\nTartoz\u00e9kok: tart\u00e1ly, pormentes\u00edt\u0151 fed\u00e9l, \u00fasz\u00f3fed\u00e9l, l\u00e9gt\u00f6ml\u0151, pumpa, l\u00e9gz\u0151szelep, als\u00f3 kifoly\u00f3csap \u00be\u201d, oldals\u00f3 mintavev\u0151 csap \u00bd\u201d, sz\u00ednel\u0151csap \u00bd\u201d, fedelet \u00e9s l\u00e9gt\u00f6ml\u0151t \u00f6sszek\u00f6t\u0151 m\u0171anyag cs\u0151<\/p>\n<p><strong>\u00c1r: nett\u00f3 1 500 000 Ft<\/strong><\/p>\n<p><img data-attachment-id=\"3533\" data-permalink=\"https:\/\/bukkleader.hu\/old\/figyelem-elado-gyumolcsfeldolgozo-kisuzem-berendezese\/mcs-360-tartaly-kisebb\/\" data-orig-file=\"https:\/\/bukkleader.hu\/old\/wp-content\/uploads\/2020\/10\/MCS-360-tart\u00e1ly-kisebb.jpg\" data-orig-size=\"2976,3968\" data-comments-opened=\"1\" data-image-meta=\"{&quot;aperture&quot;:&quot;0&quot;,&quot;credit&quot;:&quot;&quot;,&quot;camera&quot;:&quot;&quot;,&quot;caption&quot;:&quot;&quot;,&quot;created_timestamp&quot;:&quot;0&quot;,&quot;copyright&quot;:&quot;&quot;,&quot;focal_length&quot;:&quot;0&quot;,&quot;iso&quot;:&quot;0&quot;,&quot;shutter_speed&quot;:&quot;0&quot;,&quot;title&quot;:&quot;&quot;,&quot;orientation&quot;:&quot;0&quot;}\" data-image-title=\"MCS 360 tart\u00e1ly kisebb\" data-image-description=\"\" data-image-caption=\"\" data-medium-file=\"https:\/\/bukkleader.hu\/old\/wp-content\/uploads\/2020\/10\/MCS-360-tart\u00e1ly-kisebb-225x300.jpg\" data-large-file=\"https:\/\/bukkleader.hu\/old\/wp-content\/uploads\/2020\/10\/MCS-360-tart\u00e1ly-kisebb-768x1024.jpg\" loading=\"lazy\" class=\"aligncenter size-full wp-image-3533\" src=\"https:\/\/bukkleader.hu\/old\/wp-content\/uploads\/2020\/10\/MCS-360-tart\u00e1ly-kisebb.jpg\" alt=\"\" width=\"2976\" height=\"3968\" srcset=\"https:\/\/bukkleader.hu\/old\/wp-content\/uploads\/2020\/10\/MCS-360-tart\u00e1ly-kisebb.jpg 2976w, https:\/\/bukkleader.hu\/old\/wp-content\/uploads\/2020\/10\/MCS-360-tart\u00e1ly-kisebb-225x300.jpg 225w, https:\/\/bukkleader.hu\/old\/wp-content\/uploads\/2020\/10\/MCS-360-tart\u00e1ly-kisebb-768x1024.jpg 768w\" sizes=\"(max-width: 2976px) 100vw, 2976px\" \/><br \/>\n3) <strong>Fruithagy\u00f3 P2 gy\u00fcm\u00f6lcs pr\u00e9s<\/strong> PLC vez.<br \/>\nKos\u00e1rm\u00e9ret: 250 liter<br \/>\nM\u00e9retek: 880 x 900 x 1600 mm<br \/>\nFed\u00e9l. v\u00e1ly\u00fa, kos\u00e1r anyaga: W.Nr. 1.4301<br \/>\nZ\u00e1r\u00f3anya anyaga: rozsdamentes ac\u00e9l<br \/>\nTart\u00f3szerkezet anyaga: ac\u00e9l<br \/>\n\u00dczemi nyom\u00e1s: 3 bar<br \/>\nMaximum nyom\u00e1s: 3 bar<br \/>\nT\u00f6meg: 105 kg<br \/>\nAz \u00e1llv\u00e1ny billenthet\u0151.<\/p>\n<p><strong>\u00c1r: nett\u00f3 914 000 Ft<\/strong><\/p>\n<p><img data-attachment-id=\"3532\" data-permalink=\"https:\/\/bukkleader.hu\/old\/figyelem-elado-gyumolcsfeldolgozo-kisuzem-berendezese\/hagyo-p2-gyumolcspres-_-1-kisebb\/\" data-orig-file=\"https:\/\/bukkleader.hu\/old\/wp-content\/uploads\/2020\/10\/Hagy\u00f3-P2-gy\u00fcm\u00f6lcspr\u00e9s-_-1-kisebb.jpg\" data-orig-size=\"2976,3968\" data-comments-opened=\"1\" data-image-meta=\"{&quot;aperture&quot;:&quot;0&quot;,&quot;credit&quot;:&quot;&quot;,&quot;camera&quot;:&quot;&quot;,&quot;caption&quot;:&quot;&quot;,&quot;created_timestamp&quot;:&quot;0&quot;,&quot;copyright&quot;:&quot;&quot;,&quot;focal_length&quot;:&quot;0&quot;,&quot;iso&quot;:&quot;0&quot;,&quot;shutter_speed&quot;:&quot;0&quot;,&quot;title&quot;:&quot;&quot;,&quot;orientation&quot;:&quot;0&quot;}\" data-image-title=\"Hagy\u00f3 P2 gy\u00fcm\u00f6lcspr\u00e9s _ 1 kisebb\" data-image-description=\"\" data-image-caption=\"\" data-medium-file=\"https:\/\/bukkleader.hu\/old\/wp-content\/uploads\/2020\/10\/Hagy\u00f3-P2-gy\u00fcm\u00f6lcspr\u00e9s-_-1-kisebb-225x300.jpg\" data-large-file=\"https:\/\/bukkleader.hu\/old\/wp-content\/uploads\/2020\/10\/Hagy\u00f3-P2-gy\u00fcm\u00f6lcspr\u00e9s-_-1-kisebb-768x1024.jpg\" loading=\"lazy\" class=\"aligncenter size-full wp-image-3532\" src=\"https:\/\/bukkleader.hu\/old\/wp-content\/uploads\/2020\/10\/Hagy\u00f3-P2-gy\u00fcm\u00f6lcspr\u00e9s-_-1-kisebb.jpg\" alt=\"\" width=\"2976\" height=\"3968\" srcset=\"https:\/\/bukkleader.hu\/old\/wp-content\/uploads\/2020\/10\/Hagy\u00f3-P2-gy\u00fcm\u00f6lcspr\u00e9s-_-1-kisebb.jpg 2976w, https:\/\/bukkleader.hu\/old\/wp-content\/uploads\/2020\/10\/Hagy\u00f3-P2-gy\u00fcm\u00f6lcspr\u00e9s-_-1-kisebb-225x300.jpg 225w, https:\/\/bukkleader.hu\/old\/wp-content\/uploads\/2020\/10\/Hagy\u00f3-P2-gy\u00fcm\u00f6lcspr\u00e9s-_-1-kisebb-768x1024.jpg 768w\" sizes=\"(max-width: 2976px) 100vw, 2976px\" \/><br \/>\n4) <strong>Gebhardt TD23 g\u0151zfejleszt\u0151<\/strong><br \/>\nTeljes\u00edtm\u00e9ny: 35 kg g\u0151z\/\u00f3ra<br \/>\nBe\u00e1ll\u00edthat\u00f3 teljes\u00edtm\u00e9nyszintek:<br \/>\nPosition 1: 16,5 Kw<br \/>\nPosition 2: 19,8 kW<br \/>\nPosition 3: 23,1 kW 35 A<\/p>\n<p><strong>\u00c1r: nett\u00f3 1 500 000 Ft<\/strong><\/p>\n<p><img data-attachment-id=\"3530\" data-permalink=\"https:\/\/bukkleader.hu\/old\/figyelem-elado-gyumolcsfeldolgozo-kisuzem-berendezese\/gebhardt-td23-gozfejleszto-_-0-kisebb\/\" data-orig-file=\"https:\/\/bukkleader.hu\/old\/wp-content\/uploads\/2020\/10\/Gebhardt-TD23-g\u0151zfejleszt\u0151-_-0-kisebb.jpg\" data-orig-size=\"2976,3968\" data-comments-opened=\"1\" data-image-meta=\"{&quot;aperture&quot;:&quot;0&quot;,&quot;credit&quot;:&quot;&quot;,&quot;camera&quot;:&quot;&quot;,&quot;caption&quot;:&quot;&quot;,&quot;created_timestamp&quot;:&quot;0&quot;,&quot;copyright&quot;:&quot;&quot;,&quot;focal_length&quot;:&quot;0&quot;,&quot;iso&quot;:&quot;0&quot;,&quot;shutter_speed&quot;:&quot;0&quot;,&quot;title&quot;:&quot;&quot;,&quot;orientation&quot;:&quot;0&quot;}\" data-image-title=\"Gebhardt TD23 g\u0151zfejleszt\u0151 _ 0 kisebb\" data-image-description=\"\" data-image-caption=\"\" data-medium-file=\"https:\/\/bukkleader.hu\/old\/wp-content\/uploads\/2020\/10\/Gebhardt-TD23-g\u0151zfejleszt\u0151-_-0-kisebb-225x300.jpg\" data-large-file=\"https:\/\/bukkleader.hu\/old\/wp-content\/uploads\/2020\/10\/Gebhardt-TD23-g\u0151zfejleszt\u0151-_-0-kisebb-768x1024.jpg\" loading=\"lazy\" class=\"aligncenter size-full wp-image-3530\" src=\"https:\/\/bukkleader.hu\/old\/wp-content\/uploads\/2020\/10\/Gebhardt-TD23-g\u0151zfejleszt\u0151-_-0-kisebb.jpg\" alt=\"\" width=\"2976\" height=\"3968\" srcset=\"https:\/\/bukkleader.hu\/old\/wp-content\/uploads\/2020\/10\/Gebhardt-TD23-g\u0151zfejleszt\u0151-_-0-kisebb.jpg 2976w, https:\/\/bukkleader.hu\/old\/wp-content\/uploads\/2020\/10\/Gebhardt-TD23-g\u0151zfejleszt\u0151-_-0-kisebb-225x300.jpg 225w, https:\/\/bukkleader.hu\/old\/wp-content\/uploads\/2020\/10\/Gebhardt-TD23-g\u0151zfejleszt\u0151-_-0-kisebb-768x1024.jpg 768w\" sizes=\"(max-width: 2976px) 100vw, 2976px\" \/><br \/>\n5) <strong>Hagy\u00f3 Magoz\u00f3 GY1000 univerz\u00e1lis magoz\u00f3g\u00e9p<\/strong><br \/>\nTeljes\u00edtm\u00e9ny: 800-1500 kg\/h (term\u00e9kt\u0151l \u00e9s szitam\u00e9rett\u0151l f\u00fcgg\u0151)<br \/>\nT\u00f6lt\u00e9si magass\u00e1g: 1420 mm<br \/>\nCefrekiad\u00f3 magass\u00e1g: 350 mm<br \/>\nMagkiad\u00e1si magass\u00e1g: 300 mm<br \/>\nM\u00e9retek (hossz\/sz\u00e9less\u00e9g\/magass\u00e1g): 1400 x 700 x 1420 mm<br \/>\nT\u00f6mege: 150 kg<br \/>\nElektromos csatlakoz\u00e1s: 2,2 kW \/ 400 V \/ 50 Hz<br \/>\nMobil (ker\u00e9ken tolhat\u00f3), teljesen rozsdamentes ac\u00e9l, legjobb korr\u00f3zi\u00f3 elleni v\u00e9detts\u00e9g.<br \/>\nA szitam\u00e9ret a gy\u00fcm\u00f6lcs fajt\u00e1j\u00e1t\u00f3l \u00e9s m\u00e9ret\u00e9t\u0151l f\u00fcgg:<br \/>\n0,8 mm: eper, m\u00e1lna, ribizli stb.<br \/>\n1,5 mm: nagyobb bogy\u00f3fajt\u00e1k<br \/>\n3,0 mm: alma, k\u00f6rte, birsalma<br \/>\n5,0 mm: cseresznye, meggy<br \/>\n8,0 mm: s\u00e1rgabarack, szilva<br \/>\n10 mm: \u0151szibarack<\/p>\n<p><strong>\u00c1r: nett\u00f3 1 500 000 Ft<\/strong><\/p>\n<p><img data-attachment-id=\"3531\" data-permalink=\"https:\/\/bukkleader.hu\/old\/figyelem-elado-gyumolcsfeldolgozo-kisuzem-berendezese\/hagyo-magozo-gy1000-_-3-kisebb\/\" data-orig-file=\"https:\/\/bukkleader.hu\/old\/wp-content\/uploads\/2020\/10\/Hagy\u00f3-Magoz\u00f3-GY1000-_-3-kisebb.jpg\" data-orig-size=\"2976,3968\" data-comments-opened=\"1\" data-image-meta=\"{&quot;aperture&quot;:&quot;0&quot;,&quot;credit&quot;:&quot;&quot;,&quot;camera&quot;:&quot;&quot;,&quot;caption&quot;:&quot;&quot;,&quot;created_timestamp&quot;:&quot;0&quot;,&quot;copyright&quot;:&quot;&quot;,&quot;focal_length&quot;:&quot;0&quot;,&quot;iso&quot;:&quot;0&quot;,&quot;shutter_speed&quot;:&quot;0&quot;,&quot;title&quot;:&quot;&quot;,&quot;orientation&quot;:&quot;0&quot;}\" data-image-title=\"Hagy\u00f3 Magoz\u00f3 GY1000 _ 3 kisebb\" data-image-description=\"\" data-image-caption=\"\" data-medium-file=\"https:\/\/bukkleader.hu\/old\/wp-content\/uploads\/2020\/10\/Hagy\u00f3-Magoz\u00f3-GY1000-_-3-kisebb-225x300.jpg\" data-large-file=\"https:\/\/bukkleader.hu\/old\/wp-content\/uploads\/2020\/10\/Hagy\u00f3-Magoz\u00f3-GY1000-_-3-kisebb-768x1024.jpg\" loading=\"lazy\" class=\"aligncenter size-full wp-image-3531\" src=\"https:\/\/bukkleader.hu\/old\/wp-content\/uploads\/2020\/10\/Hagy\u00f3-Magoz\u00f3-GY1000-_-3-kisebb.jpg\" alt=\"\" width=\"2976\" height=\"3968\" srcset=\"https:\/\/bukkleader.hu\/old\/wp-content\/uploads\/2020\/10\/Hagy\u00f3-Magoz\u00f3-GY1000-_-3-kisebb.jpg 2976w, https:\/\/bukkleader.hu\/old\/wp-content\/uploads\/2020\/10\/Hagy\u00f3-Magoz\u00f3-GY1000-_-3-kisebb-225x300.jpg 225w, https:\/\/bukkleader.hu\/old\/wp-content\/uploads\/2020\/10\/Hagy\u00f3-Magoz\u00f3-GY1000-_-3-kisebb-768x1024.jpg 768w\" sizes=\"(max-width: 2976px) 100vw, 2976px\" \/><\/p>\n<p>6) <strong>\u00c9l-Team ETZ-005 billenthet\u0151, kever\u0151s f\u0151z\u0151 \u00fcst<\/strong><br \/>\nmotoros billent\u00e9s vez\u00e9rl\u00e9ssel<br \/>\nTart\u00e1ly t\u00e9r anyaga: WNr. 1.4404. min\u0151s\u00e9g\u0171 sav\u00e1ll\u00f3 ac\u00e9l<br \/>\nEgy\u00e9b: teljes anyag\u00e1ban WNr. 1.4301 min\u0151s\u00e9g\u0171 rosdamentes ac\u00e9l<br \/>\nBels\u0151 \u00e1tm\u00e9r\u0151: 1000 mm<br \/>\nHengerpal\u00e1st: 575 mm<br \/>\nTeljes t\u00e9rfogat: 550 liter<br \/>\nHasznos t\u00e9rfogat: 500 liter<br \/>\nDuplikat\u00fara \u00fczemi nyom\u00e1sa: 0,5 bar<br \/>\nDuplikat\u00fara pr\u00f3banyom\u00e1sa: 3,0 bar<br \/>\nKever\u0151 teljes\u00edtm\u00e9nye: 0,75 kW 230V\/400V 50Hz 3L+N+PE<br \/>\nBillent\u0151 motor teljes\u00edtm\u00e9nye: 0,37 kW 230V\/400V 50Hz 3L+N+PE<br \/>\nA vez\u00e9rl\u00e9s komplett rozsdamentes vez\u00e9rl\u0151szekr\u00e9nyben van elhelyezve.<br \/>\nKis \u00e9s k\u00f6zepes m\u00e9ret\u0171 feldolgoz\u00f3 \u00fczemekben, k\u00fcl\u00f6nb\u00f6z\u0151 halmaz\u00e1llapotban l\u00e9v\u0151, a f\u0151z\u0151ed\u00e9ny anyag\u00e1ra semleges hat\u00e1s\u00fa folyad\u00e9kok \u2013 els\u0151sorban \u00e9lelmiszerek \u2013 meleg\u00edt\u00e9s\u00e9re, f\u0151z\u00e9s\u00e9re alkalmas. A g\u0151zf\u0171t\u00e9s\u0171 berendez\u00e9s folyamatos kever\u00e9s mellett megfelel\u0151 h\u0151m\u00e9rs\u00e9kletre tudja felmeleg\u00edteni, f\u0151zni a belehelyezett alapanyagot. A felf\u0151z\u00f6tt elk\u00e9sz\u00edtett term\u00e9ket motorikusan billentve \u00fcr\u00edthetj\u00fck ki a berendez\u00e9sb\u0151l.<\/p>\n<p><strong>\u00c1r: nett\u00f3 2 150 000 Ft<\/strong><\/p>\n<p><img data-attachment-id=\"3528\" data-permalink=\"https:\/\/bukkleader.hu\/old\/figyelem-elado-gyumolcsfeldolgozo-kisuzem-berendezese\/el-team-etz-005-fozoust-_-1-kisebb\/\" data-orig-file=\"https:\/\/bukkleader.hu\/old\/wp-content\/uploads\/2020\/10\/\u00c9l-Team-ETZ-005-f\u0151z\u0151\u00fcst-_-1-kisebb.jpg\" data-orig-size=\"2976,3968\" data-comments-opened=\"1\" data-image-meta=\"{&quot;aperture&quot;:&quot;0&quot;,&quot;credit&quot;:&quot;&quot;,&quot;camera&quot;:&quot;&quot;,&quot;caption&quot;:&quot;&quot;,&quot;created_timestamp&quot;:&quot;0&quot;,&quot;copyright&quot;:&quot;&quot;,&quot;focal_length&quot;:&quot;0&quot;,&quot;iso&quot;:&quot;0&quot;,&quot;shutter_speed&quot;:&quot;0&quot;,&quot;title&quot;:&quot;&quot;,&quot;orientation&quot;:&quot;0&quot;}\" data-image-title=\"\u00c9l-Team ETZ-005 f\u0151z\u0151\u00fcst _ 1 kisebb\" data-image-description=\"\" data-image-caption=\"\" data-medium-file=\"https:\/\/bukkleader.hu\/old\/wp-content\/uploads\/2020\/10\/\u00c9l-Team-ETZ-005-f\u0151z\u0151\u00fcst-_-1-kisebb-225x300.jpg\" data-large-file=\"https:\/\/bukkleader.hu\/old\/wp-content\/uploads\/2020\/10\/\u00c9l-Team-ETZ-005-f\u0151z\u0151\u00fcst-_-1-kisebb-768x1024.jpg\" loading=\"lazy\" class=\"aligncenter size-full wp-image-3528\" src=\"https:\/\/bukkleader.hu\/old\/wp-content\/uploads\/2020\/10\/\u00c9l-Team-ETZ-005-f\u0151z\u0151\u00fcst-_-1-kisebb.jpg\" alt=\"\" width=\"2976\" height=\"3968\" srcset=\"https:\/\/bukkleader.hu\/old\/wp-content\/uploads\/2020\/10\/\u00c9l-Team-ETZ-005-f\u0151z\u0151\u00fcst-_-1-kisebb.jpg 2976w, https:\/\/bukkleader.hu\/old\/wp-content\/uploads\/2020\/10\/\u00c9l-Team-ETZ-005-f\u0151z\u0151\u00fcst-_-1-kisebb-225x300.jpg 225w, https:\/\/bukkleader.hu\/old\/wp-content\/uploads\/2020\/10\/\u00c9l-Team-ETZ-005-f\u0151z\u0151\u00fcst-_-1-kisebb-768x1024.jpg 768w\" sizes=\"(max-width: 2976px) 100vw, 2976px\" \/><\/p>\n<p><img data-attachment-id=\"3529\" data-permalink=\"https:\/\/bukkleader.hu\/old\/figyelem-elado-gyumolcsfeldolgozo-kisuzem-berendezese\/el-team-etz-005-fozoust-_-2-kisebb\/\" data-orig-file=\"https:\/\/bukkleader.hu\/old\/wp-content\/uploads\/2020\/10\/\u00c9l-Team-ETZ-005-f\u0151z\u0151\u00fcst-_-2-kisebb.jpg\" data-orig-size=\"3968,2976\" data-comments-opened=\"1\" data-image-meta=\"{&quot;aperture&quot;:&quot;0&quot;,&quot;credit&quot;:&quot;&quot;,&quot;camera&quot;:&quot;&quot;,&quot;caption&quot;:&quot;&quot;,&quot;created_timestamp&quot;:&quot;0&quot;,&quot;copyright&quot;:&quot;&quot;,&quot;focal_length&quot;:&quot;0&quot;,&quot;iso&quot;:&quot;0&quot;,&quot;shutter_speed&quot;:&quot;0&quot;,&quot;title&quot;:&quot;&quot;,&quot;orientation&quot;:&quot;0&quot;}\" data-image-title=\"\u00c9l-Team ETZ-005 f\u0151z\u0151\u00fcst _ 2 kisebb\" data-image-description=\"\" data-image-caption=\"\" data-medium-file=\"https:\/\/bukkleader.hu\/old\/wp-content\/uploads\/2020\/10\/\u00c9l-Team-ETZ-005-f\u0151z\u0151\u00fcst-_-2-kisebb-300x225.jpg\" data-large-file=\"https:\/\/bukkleader.hu\/old\/wp-content\/uploads\/2020\/10\/\u00c9l-Team-ETZ-005-f\u0151z\u0151\u00fcst-_-2-kisebb-1024x768.jpg\" loading=\"lazy\" class=\"aligncenter size-full wp-image-3529\" src=\"https:\/\/bukkleader.hu\/old\/wp-content\/uploads\/2020\/10\/\u00c9l-Team-ETZ-005-f\u0151z\u0151\u00fcst-_-2-kisebb.jpg\" alt=\"\" width=\"3968\" height=\"2976\" srcset=\"https:\/\/bukkleader.hu\/old\/wp-content\/uploads\/2020\/10\/\u00c9l-Team-ETZ-005-f\u0151z\u0151\u00fcst-_-2-kisebb.jpg 3968w, https:\/\/bukkleader.hu\/old\/wp-content\/uploads\/2020\/10\/\u00c9l-Team-ETZ-005-f\u0151z\u0151\u00fcst-_-2-kisebb-300x225.jpg 300w, https:\/\/bukkleader.hu\/old\/wp-content\/uploads\/2020\/10\/\u00c9l-Team-ETZ-005-f\u0151z\u0151\u00fcst-_-2-kisebb-768x576.jpg 768w, https:\/\/bukkleader.hu\/old\/wp-content\/uploads\/2020\/10\/\u00c9l-Team-ETZ-005-f\u0151z\u0151\u00fcst-_-2-kisebb-1024x768.jpg 1024w\" sizes=\"(max-width: 3968px) 100vw, 3968px\" \/><\/p>\n<p>A fentiek egyben <strong>8 000 000 Ft + \u00c1F\u00c1-\u00e9rt<\/strong>, vagy<strong> r\u00e9szletekben az egyes r\u00e9szekn\u00e9l fent megnevezett \u00e1rakon elvihet\u0151k<\/strong>.<\/p>\n<p><strong>\u00c9rdekl\u0151dni:\u00a0<\/strong><\/p>\n<p><strong>Telefon:<\/strong> 06\/46\/576-280<br \/>\nvagy: Dr. Nagyn\u00e9 Mile Erzs\u00e9bet 06\/30\/565-2882<br \/>\n<strong>E-mail:<\/strong> hacs@bukkleader.hu<\/p>\n<div class=\"sharedaddy sd-sharing-enabled\"><div class=\"robots-nocontent sd-block sd-social sd-social-icon sd-sharing\"><h3 class=\"sd-title\">Share this:<\/h3><div class=\"sd-content\"><ul><li class=\"share-facebook\"><a rel=\"nofollow noopener noreferrer\" data-shared=\"sharing-facebook-3527\" class=\"share-facebook sd-button share-icon no-text\" href=\"https:\/\/bukkleader.hu\/old\/figyelem-elado-gyumolcsfeldolgozo-kisuzem-berendezese\/?share=facebook\" target=\"_blank\" title=\"Click to share on Facebook\"><span><\/span><span class=\"sharing-screen-reader-text\">Click to share on Facebook (Opens in new window)<\/span><\/a><\/li><li class=\"share-twitter\"><a rel=\"nofollow noopener noreferrer\" data-shared=\"sharing-twitter-3527\" class=\"share-twitter sd-button share-icon no-text\" href=\"https:\/\/bukkleader.hu\/old\/figyelem-elado-gyumolcsfeldolgozo-kisuzem-berendezese\/?share=twitter\" target=\"_blank\" title=\"Click to share on Twitter\"><span><\/span><span class=\"sharing-screen-reader-text\">Click to share on Twitter (Opens in new window)<\/span><\/a><\/li><li class=\"share-print\"><a rel=\"nofollow noopener noreferrer\" data-shared=\"\" class=\"share-print sd-button share-icon no-text\" href=\"https:\/\/bukkleader.hu\/old\/figyelem-elado-gyumolcsfeldolgozo-kisuzem-berendezese\/\" target=\"_blank\" title=\"Click to print\"><span><\/span><span class=\"sharing-screen-reader-text\">Click to print (Opens in new window)<\/span><\/a><\/li><li class=\"share-email\"><a rel=\"nofollow noopener noreferrer\" data-shared=\"\" class=\"share-email sd-button share-icon no-text\" href=\"https:\/\/bukkleader.hu\/old\/figyelem-elado-gyumolcsfeldolgozo-kisuzem-berendezese\/?share=email\" target=\"_blank\" title=\"Click to email this to a friend\"><span><\/span><span class=\"sharing-screen-reader-text\">Click to email this to a friend (Opens in new window)<\/span><\/a><\/li><li class=\"share-end\"><\/li><\/ul><\/div><\/div><\/div>","protected":false},"excerpt":{"rendered":"<p>A B\u00fckk-T\u00e9rs\u00e9gi LEADER Egyes\u00fclet \u00e9rt\u00e9kes\u00edteni k\u00edv\u00e1nja gy\u00fcm\u00f6lcsfeldolgoz\u00f3 kis\u00fczem\u00e9t, egyben vagy r\u00e9szenk\u00e9nt. A gy\u00fcm\u00f6lcsfeldolgoz\u00f3 kis\u00fczem az al\u00e1bbi egys\u00e9gekb\u0151l \u00e1ll: 1) Subline S 13-13 b\u00fav\u00e1rszivatty\u00fa 6\u201d Mot. al. Q=160 l\/min H=137 M Villamos teljes\u00edtm\u00e9ny: 5,5 kW 3&#215;400 V \u00c1ramfelv\u00e9tel: 12,5 A Max. emel\u0151magass\u00e1g: 204 m Max. sz\u00e1ll\u00edtott v\u00edzmennyis\u00e9g: 220 l\/min Ide\u00e1lis munkapont: 160\/148 l\/p-m \u00c1r: nett\u00f3 436 [&hellip;]<\/p>\n<div class=\"sharedaddy sd-sharing-enabled\"><div class=\"robots-nocontent sd-block sd-social sd-social-icon sd-sharing\"><h3 class=\"sd-title\">Share this:<\/h3><div class=\"sd-content\"><ul><li class=\"share-facebook\"><a rel=\"nofollow noopener noreferrer\" data-shared=\"sharing-facebook-3527\" class=\"share-facebook sd-button share-icon no-text\" href=\"https:\/\/bukkleader.hu\/old\/figyelem-elado-gyumolcsfeldolgozo-kisuzem-berendezese\/?share=facebook\" target=\"_blank\" title=\"Click to share on Facebook\"><span><\/span><span class=\"sharing-screen-reader-text\">Click to share on Facebook (Opens in new window)<\/span><\/a><\/li><li class=\"share-twitter\"><a rel=\"nofollow noopener noreferrer\" data-shared=\"sharing-twitter-3527\" class=\"share-twitter sd-button share-icon no-text\" href=\"https:\/\/bukkleader.hu\/old\/figyelem-elado-gyumolcsfeldolgozo-kisuzem-berendezese\/?share=twitter\" target=\"_blank\" title=\"Click to share on Twitter\"><span><\/span><span class=\"sharing-screen-reader-text\">Click to share on Twitter (Opens in new window)<\/span><\/a><\/li><li class=\"share-print\"><a rel=\"nofollow noopener noreferrer\" data-shared=\"\" class=\"share-print sd-button share-icon no-text\" href=\"https:\/\/bukkleader.hu\/old\/figyelem-elado-gyumolcsfeldolgozo-kisuzem-berendezese\/\" target=\"_blank\" title=\"Click to print\"><span><\/span><span class=\"sharing-screen-reader-text\">Click to print (Opens in new window)<\/span><\/a><\/li><li class=\"share-email\"><a rel=\"nofollow noopener noreferrer\" data-shared=\"\" class=\"share-email sd-button share-icon no-text\" href=\"https:\/\/bukkleader.hu\/old\/figyelem-elado-gyumolcsfeldolgozo-kisuzem-berendezese\/?share=email\" target=\"_blank\" title=\"Click to email this to a friend\"><span><\/span><span class=\"sharing-screen-reader-text\">Click to email this to a friend (Opens in new window)<\/span><\/a><\/li><li class=\"share-end\"><\/li><\/ul><\/div><\/div><\/div>","protected":false},"author":4,"featured_media":3537,"comment_status":"open","ping_status":"closed","sticky":false,"template":"","format":"standard","meta":{"_bbp_topic_count":0,"_bbp_reply_count":0,"_bbp_total_topic_count":0,"_bbp_total_reply_count":0,"_bbp_voice_count":0,"_bbp_anonymous_reply_count":0,"_bbp_topic_count_hidden":0,"_bbp_reply_count_hidden":0,"_bbp_forum_subforum_count":0,"spay_email":"","jetpack_publicize_message":"","jetpack_is_tweetstorm":false,"jetpack_publicize_feature_enabled":true},"categories":[1],"tags":[],"jetpack_featured_media_url":"https:\/\/bukkleader.hu\/old\/wp-content\/uploads\/2020\/10\/gyumolcsuzem2.jpg","jetpack_publicize_connections":[],"jetpack_sharing_enabled":true,"jetpack-related-posts":[{"id":8828,"url":"https:\/\/bukkleader.hu\/old\/figyelem-elado-gyumolcsfeldolgozo-kisuzem-egyben-vagy-reszletekben\/","url_meta":{"origin":3527,"position":0},"title":"FIGYELEM! Elad\u00f3 gy\u00fcm\u00f6lcsfeldolgoz\u00f3 kis\u00fczem egyben vagy r\u00e9szletekben","date":"2022-06-01","format":false,"excerpt":"A B\u00fckk-T\u00e9rs\u00e9gi LEADER Egyes\u00fclet \u00e9rt\u00e9kes\u00edteni k\u00edv\u00e1nja\u00a0gy\u00fcm\u00f6lcsfeldolgoz\u00f3 kis\u00fczem\u00e9t, egyben vagy r\u00e9szenk\u00e9nt. A gy\u00fcm\u00f6lcsfeldolgoz\u00f3 kis\u00fczem az al\u00e1bbi egys\u00e9gekb\u0151l \u00e1ll: 1)\u00a0Subline S 13-13 b\u00fav\u00e1rszivatty\u00fa\u00a06\u201d Mot. al.Q=160 l\/minH=137 MVillamos teljes\u00edtm\u00e9ny: 5,5 kW3\u00d7400 V\u00c1ramfelv\u00e9tel: 12,5 AMax. emel\u0151magass\u00e1g: 204 mMax. sz\u00e1ll\u00edtott v\u00edzmennyis\u00e9g: 220 l\/minIde\u00e1lis munkapont: 160\/148 l\/p-m \u00c1r: nett\u00f3 436 000 Ft 2)\u00a0MCS 360 tart\u00e1ly\u00dasz\u00f3fedeles tart\u00e1ly\u2026","rel":"","context":"In &quot;H\u00edreink, k\u00f6zlem\u00e9nyeink&quot;","img":{"alt_text":"","src":"https:\/\/i0.wp.com\/bukkleader.hu\/old\/wp-content\/uploads\/2020\/10\/gyumolcsuzem2.jpg?resize=350%2C200&ssl=1","width":350,"height":200},"classes":[]},{"id":8778,"url":"https:\/\/bukkleader.hu\/old\/megjelent-a-nem-mezogazdasagi-tevekenysegek-diverzifikacioja-lovas-letesitmenyek-fejlesztese-cimu-vp6-6-4-1-1-22-kodszamu-felhivas\/","url_meta":{"origin":3527,"position":1},"title":"Megjelent a &#8220;Nem mez\u0151gazdas\u00e1gi tev\u00e9kenys\u00e9gek diverzifik\u00e1ci\u00f3ja &#8211; Lovas l\u00e9tes\u00edtm\u00e9nyek fejleszt\u00e9se&#8221; c\u00edm\u0171 (VP6-6.4.1.1-22 k\u00f3dsz\u00e1m\u00fa) felh\u00edv\u00e1s","date":"2022-04-05","format":false,"excerpt":"T\u00e1j\u00e9koztatjuk a Tisztelt T\u00e1mogat\u00e1st Ig\u00e9nyl\u0151ket, hogy a Sz\u00e9chenyi 2020 keret\u00e9ben megjelent a \u201eNem mez\u0151gazdas\u00e1gi tev\u00e9kenys\u00e9gek diverzifik\u00e1ci\u00f3ja \u2013 Lovas l\u00e9tes\u00edtm\u00e9nyek fejleszt\u00e9se\u201d c\u00edm\u0171 (VP6-6.4.1.1-22 k\u00f3dsz\u00e1m\u00fa) felh\u00edv\u00e1s. A t\u00e1mogat\u00e1si k\u00e9relmek beny\u00fajt\u00e1s\u00e1ra 2022. m\u00e1jus 4. napj\u00e1t\u00f3l 2022. j\u00falius 12. napj\u00e1ig van lehet\u0151s\u00e9g. A felh\u00edv\u00e1s meghirdet\u00e9sekor a t\u00e1mogat\u00e1sra rendelkez\u00e9sre \u00e1ll\u00f3 tervezett keret\u00f6sszeg 5 milli\u00e1rd Ft.\u2026","rel":"","context":"In &quot;H\u00edreink, k\u00f6zlem\u00e9nyeink&quot;","img":{"alt_text":"","src":"https:\/\/i0.wp.com\/bukkleader.hu\/old\/wp-content\/uploads\/2022\/04\/Szechenyi-2020.jpg?resize=350%2C200&ssl=1","width":350,"height":200},"classes":[]},{"id":953,"url":"https:\/\/bukkleader.hu\/old\/elerheto-kedvezmenyezettek-tajekoztatasi-kotelezettsegei\/","url_meta":{"origin":3527,"position":2},"title":"El\u00e9rhet\u0151 a Kedvezm\u00e9nyezettek t\u00e1j\u00e9koztat\u00e1si k\u00f6telezetts\u00e9gei &#8211; \u00datmutat\u00f3 a VP vonatkoz\u00e1s\u00e1ban","date":"2016-06-14","format":false,"excerpt":"El\u00e9rhet\u0151 a Kedvezm\u00e9nyezettek t\u00e1j\u00e9koztat\u00e1si k\u00f6telezetts\u00e9gei c\u00edm\u0171 \u00fatmutat\u00f3 a Vid\u00e9kfejleszt\u00e9si Program vonatkoz\u00e1s\u00e1ban2016 j\u00fanius 14.\u00a0Megjelent honlapunkon a \u201eVid\u00e9kfejleszt\u00e9si Program 2014-2020 \u2013 Kedvezm\u00e9nyezettek t\u00e1j\u00e9koztat\u00e1si k\u00f6telezetts\u00e9gei\u201d c\u00edm\u0171 \u00fatmutat\u00f3, mely 2016. m\u00e1jus 2-t\u0151l hat\u00e1lyos. A k\u00e9zik\u00f6nyv mag\u00e1ba foglalja az ezzel kapcsolatos kommunik\u00e1ci\u00f3 valamennyi vizu\u00e1lis k\u00f6vetelm\u00e9ny\u00e9t. Minden Vid\u00e9kfejleszt\u00e9si Programot \u00e9rint\u0151 projekt eset\u00e9ben a VP KTK 2020\u2026","rel":"","context":"In &quot;H\u00edreink, k\u00f6zlem\u00e9nyeink&quot;","img":{"alt_text":"","src":"https:\/\/i2.wp.com\/bukkleader.hu\/old\/wp-content\/uploads\/2016\/06\/\u00faj-k\u00e9p.jpg?resize=350%2C200&ssl=1","width":350,"height":200},"classes":[]},{"id":1322,"url":"https:\/\/bukkleader.hu\/old\/m-e-g-h-v-o-efop-tajekoztato-polgarmesterek-szamara\/","url_meta":{"origin":3527,"position":3},"title":"M e g h \u00ed v \u00f3 &#8211; EFOP t\u00e1j\u00e9koztat\u00f3 Polg\u00e1rmesterek sz\u00e1m\u00e1ra","date":"2017-04-13","format":false,"excerpt":"A B\u00fckk-T\u00e9rs\u00e9gi LEADER Egyes\u00fclet EFOP munkacsoportja a vid\u00e9kfejleszt\u00e9si k\u00f6z\u00f6ss\u00e9g\u00fcnk sz\u00e1m\u00e1ra ki\u00edrt EFOP 1.7.1-17 \u00e9s az EFOP 2.3.1 -17 t\u00e1mogat\u00e1si rendszer lehet\u0151s\u00e9geir\u0151l szakmai t\u00e1j\u00e9koztat\u00f3 f\u00f3rumot tart, 2017. 04. 19-\u00e9n, melyre szeretettel megh\u00edvjuk Polg\u00e1rmester Asszonyt\/ Urat a mell\u00e9kelt megh\u00edv\u00f3 szerint.\u00a0 MEGH\u00cdV\u00d3\u00a0","rel":"","context":"In &quot;H\u00edreink, k\u00f6zlem\u00e9nyeink&quot;","img":{"alt_text":"","src":"https:\/\/i0.wp.com\/bukkleader.hu\/old\/wp-content\/uploads\/2017\/04\/Kezek-2.jpg?resize=350%2C200&ssl=1","width":350,"height":200},"classes":[]},{"id":259,"url":"https:\/\/bukkleader.hu\/old\/2012-oktober-15-en-nyilik-az-emva-iii\/","url_meta":{"origin":3527,"position":4},"title":"2012. okt\u00f3ber 15-\u00e9n ny\u00edlik az EMVA III","date":"2012-10-03","format":false,"excerpt":"2012. okt\u00f3ber 15-\u00e9n ny\u00edlik az EMVA III. falumeg\u00faj\u00edt\u00e1s \u00e9s \u2013fejleszt\u00e9s t\u00e1mogat\u00e1si id\u0151szakaMegjelent a 102\/2012. (X. 01.) VM rendelet az Eur\u00f3pai Mez\u0151gazdas\u00e1gi Vid\u00e9kfejleszt\u00e9si Alapb\u00f3l a falumeg\u00faj\u00edt\u00e1sra \u00e9s -fejleszt\u00e9sreLEADER Helyi Akci\u00f3csoportok k\u00f6zrem\u0171k\u00f6d\u00e9s\u00e9vel 2012-t\u0151l ig\u00e9nybe vehet\u0151 t\u00e1mogat\u00e1sok r\u00e9szletes felt\u00e9teleir\u0151l. A rendelet szerint \u201ea t\u00e1mogat\u00e1si k\u00e9relmet postai \u00faton 2012-ben okt\u00f3ber 15. \u00e9s november 15.\u2026","rel":"","context":"In &quot;H\u00edreink, k\u00f6zlem\u00e9nyeink&quot;","img":{"alt_text":"felki\u00e1llt\u00f3 jel","src":"https:\/\/i0.wp.com\/bukkleader.hu\/old\/wp-content\/uploads\/2012\/06\/felkialto-jel384w.jpg?resize=350%2C200&ssl=1","width":350,"height":200},"classes":[]},{"id":273,"url":"https:\/\/bukkleader.hu\/old\/2012-masodik-felevi-palyazati-lehetosegek\/","url_meta":{"origin":3527,"position":5},"title":"2012. m\u00e1sodik f\u00e9l\u00e9vi p\u00e1ly\u00e1zati lehet\u0151s\u00e9gek","date":"2012-11-30","format":false,"excerpt":"2012. m\u00e1sodik f\u00e9l\u00e9v\u00e9ben a Dar\u00e1nyi Ign\u00e1c Terv \u2013 \u00daj Magyarorsz\u00e1g Vid\u00e9kfejleszt\u00e9si Program keret\u00e9ben \u00fajabb EMVA III. \u00e9s LEADER vid\u00e9kfejleszt\u00e9si t\u00e1mogat\u00e1sok elnyer\u00e9s\u00e9re ny\u00edlnak lehet\u0151s\u00e9gek. A B\u00fckk-T\u00e9rs\u00e9gi LEADER Egyes\u00fclet ter\u00fclet\u00e9r\u0151l a 2012. okt\u00f3ber 15. \u2013 november 30. id\u0151szakban EMVA III. falumeg\u00faj\u00edt\u00e1s \u00e9s \u2013fejleszt\u00e9sre, valamint \u00e9v v\u00e9g\u00e9n \u2013 2013. elej\u00e9n a Helyi Vid\u00e9kfejleszt\u00e9si\u2026","rel":"","context":"In &quot;H\u00edreink, k\u00f6zlem\u00e9nyeink&quot;","img":{"alt_text":"384-1-daranyi-ignac-terv","src":"https:\/\/i1.wp.com\/bukkleader.hu\/old\/wp-content\/uploads\/2015\/09\/384-1-daranyi-ignac-terv.jpg?resize=350%2C200&ssl=1","width":350,"height":200},"classes":[]}],"_links":{"self":[{"href":"https:\/\/bukkleader.hu\/old\/wp-json\/wp\/v2\/posts\/3527"}],"collection":[{"href":"https:\/\/bukkleader.hu\/old\/wp-json\/wp\/v2\/posts"}],"about":[{"href":"https:\/\/bukkleader.hu\/old\/wp-json\/wp\/v2\/types\/post"}],"author":[{"embeddable":true,"href":"https:\/\/bukkleader.hu\/old\/wp-json\/wp\/v2\/users\/4"}],"replies":[{"embeddable":true,"href":"https:\/\/bukkleader.hu\/old\/wp-json\/wp\/v2\/comments?post=3527"}],"version-history":[{"count":6,"href":"https:\/\/bukkleader.hu\/old\/wp-json\/wp\/v2\/posts\/3527\/revisions"}],"predecessor-version":[{"id":8826,"href":"https:\/\/bukkleader.hu\/old\/wp-json\/wp\/v2\/posts\/3527\/revisions\/8826"}],"wp:featuredmedia":[{"embeddable":true,"href":"https:\/\/bukkleader.hu\/old\/wp-json\/wp\/v2\/media\/3537"}],"wp:attachment":[{"href":"https:\/\/bukkleader.hu\/old\/wp-json\/wp\/v2\/media?parent=3527"}],"wp:term":[{"taxonomy":"category","embeddable":true,"href":"https:\/\/bukkleader.hu\/old\/wp-json\/wp\/v2\/categories?post=3527"},{"taxonomy":"post_tag","embeddable":true,"href":"https:\/\/bukkleader.hu\/old\/wp-json\/wp\/v2\/tags?post=3527"}],"curies":[{"name":"wp","href":"https:\/\/api.w.org\/{rel}","templated":true}]}}