{"id":349,"date":"2013-11-14T14:50:56","date_gmt":"2013-11-14T13:50:56","guid":{"rendered":"https:\/\/bukkleader.hu\/old\/new\/?p=349"},"modified":"2015-09-22T14:51:49","modified_gmt":"2015-09-22T12:51:49","slug":"a-bukk-hegyseg-es-a-borsodi-mezoseg-elektromos-mobilitasi-egyuttmukodese","status":"publish","type":"post","link":"https:\/\/bukkleader.hu\/old\/a-bukk-hegyseg-es-a-borsodi-mezoseg-elektromos-mobilitasi-egyuttmukodese\/","title":{"rendered":"A B\u00fckk-hegys\u00e9g \u00e9s a Borsodi mez\u0151s\u00e9g elektromos mobilit\u00e1si egy\u00fcttm\u0171k\u00f6d\u00e9se"},"content":{"rendered":"<p style=\"text-align: justify;\">A \u201eLEADER t\u00e9rs\u00e9gek k\u00f6z\u00f6tti egy\u00fcttm\u0171k\u00f6d\u00e9s\u201d p\u00e1ly\u00e1zati ki\u00edr\u00e1s keret\u00e9ben k\u00f6z\u00f6s Megval\u00f3s\u00edthat\u00f3s\u00e1gi Tanulm\u00e1nyt ny\u00fajtott be <strong>a B\u00fckk-T\u00e9rs\u00e9gi LEADER Egyes\u00fclet, a B\u00dcKK-MAK LEADER Nonprofit Kft., valamint a szomsz\u00e9dos HACS t\u00e9rs\u00e9gb\u0151l Mez\u0151cs\u00e1t V\u00e1ros \u00d6nkorm\u00e1nyzata<\/strong>, melyet a Vid\u00e9kfejleszt\u00e9si Miniszt\u00e9rium pozit\u00edvan b\u00edr\u00e1lat\u00e1val t\u00e1mogat.<\/p>\n<p style=\"text-align: justify;\"><!--more--> A projekt megval\u00f3s\u00edt\u00e1sa a t\u00e1mogatott Megval\u00f3s\u00edthat\u00f3s\u00e1gi Tanulm\u00e1ny, el\u0151p\u00e1ly\u00e1zat alapj\u00e1n, a 2013. november v\u00e9g\u00e9ig beny\u00fajtand\u00f3 p\u00e1ly\u00e1zat pozit\u00edv adminisztrat\u00edv \u00e9rt\u00e9kel\u00e9se ut\u00e1n indulhat, a 2014. \u00e9vben. A projekt \u00e1ltal az egy\u00fcttm\u0171k\u00f6d\u00e9sben r\u00e9szt vev\u0151 partnerek ter\u00fclet\u00e9n (el\u0151rel\u00e1that\u00f3lag M\u00e1lyiban \u00e9s Mez\u0151cs\u00e1ton) <strong>1-1 db napelemes (PV) tetej\u0171, k\u00f6nny\u0171szerkezetes, elektromos hajt\u00e1s\u00fa j\u00e1rm\u0171 (BEV) be\u00e1ll\u00e1s\u00e1ra alkalmas, elektromos gyorst\u00f6lt\u0151vel (FA-CHAR), elektromos norm\u00e1l t\u00f6lt\u0151vel (CHAR), komplett szerviz felszerel\u00e9ssel,\u00a0 motor n\u00e9lk\u00fcli j\u00e1rm\u0171vel, elektromos hajt\u00e1sl\u00e1nccal \u00e9s akkupakkal, tov\u00e1bb\u00e1 a MAKROVIRKA t\u00edpus\u00fa smart-grid integr\u00e1ci\u00f3 hardver\u00e9vel \u00e9s szoftver\u00e9vel ell\u00e1tott, intelligens LEADER BEV T\u00f6lt\u0151 \u00e9s Szerviz F\u0151\u00e1llom\u00e1st l\u00e9tes\u00edt\u00fcnk<\/strong>. A projekt \u00f6sszhangban van az EU 2013-ban meghirdetett \u201eTiszta energi\u00e1k a k\u00f6zleked\u00e9sben, az alternat\u00edv \u00fczemanyagok eur\u00f3pai strat\u00e9gi\u00e1ja\u201d {COM (2013) 17}, \u201eIr\u00e1nyelvjavaslat az alternat\u00edv \u00fczemanyagok infrastrukt\u00far\u00e1j\u00e1nak bevezet\u00e9s\u00e9r\u0151l\u201d {COM (2013) 18} dokumentumaival. A MAKROVIRKA t\u00edpus\u00fa smart-grid DG, RES b\u00e1zis\u00fa LEADER BEV projekt eszk\u00f6zei a k\u00f6z\u00f6ss\u00e9geink \u00e9s a turist\u00e1k sz\u00e1m\u00e1ra oktat\u00f3, demonstr\u00e1ci\u00f3s eszk\u00f6zk\u00e9nt is szolg\u00e1lnak majd.<\/p>\n<div class=\"sharedaddy sd-sharing-enabled\"><div class=\"robots-nocontent sd-block sd-social sd-social-icon sd-sharing\"><h3 class=\"sd-title\">Share this:<\/h3><div class=\"sd-content\"><ul><li class=\"share-facebook\"><a rel=\"nofollow noopener noreferrer\" data-shared=\"sharing-facebook-349\" class=\"share-facebook sd-button share-icon no-text\" href=\"https:\/\/bukkleader.hu\/old\/a-bukk-hegyseg-es-a-borsodi-mezoseg-elektromos-mobilitasi-egyuttmukodese\/?share=facebook\" target=\"_blank\" title=\"Click to share on Facebook\"><span><\/span><span class=\"sharing-screen-reader-text\">Click to share on Facebook (Opens in new window)<\/span><\/a><\/li><li class=\"share-twitter\"><a rel=\"nofollow noopener noreferrer\" data-shared=\"sharing-twitter-349\" class=\"share-twitter sd-button share-icon no-text\" href=\"https:\/\/bukkleader.hu\/old\/a-bukk-hegyseg-es-a-borsodi-mezoseg-elektromos-mobilitasi-egyuttmukodese\/?share=twitter\" target=\"_blank\" title=\"Click to share on Twitter\"><span><\/span><span class=\"sharing-screen-reader-text\">Click to share on Twitter (Opens in new window)<\/span><\/a><\/li><li class=\"share-print\"><a rel=\"nofollow noopener noreferrer\" data-shared=\"\" class=\"share-print sd-button share-icon no-text\" href=\"https:\/\/bukkleader.hu\/old\/a-bukk-hegyseg-es-a-borsodi-mezoseg-elektromos-mobilitasi-egyuttmukodese\/\" target=\"_blank\" title=\"Click to print\"><span><\/span><span class=\"sharing-screen-reader-text\">Click to print (Opens in new window)<\/span><\/a><\/li><li class=\"share-email\"><a rel=\"nofollow noopener noreferrer\" data-shared=\"\" class=\"share-email sd-button share-icon no-text\" href=\"https:\/\/bukkleader.hu\/old\/a-bukk-hegyseg-es-a-borsodi-mezoseg-elektromos-mobilitasi-egyuttmukodese\/?share=email\" target=\"_blank\" title=\"Click to email this to a friend\"><span><\/span><span class=\"sharing-screen-reader-text\">Click to email this to a friend (Opens in new window)<\/span><\/a><\/li><li class=\"share-end\"><\/li><\/ul><\/div><\/div><\/div>","protected":false},"excerpt":{"rendered":"<p>A \u201eLEADER t\u00e9rs\u00e9gek k\u00f6z\u00f6tti egy\u00fcttm\u0171k\u00f6d\u00e9s\u201d p\u00e1ly\u00e1zati ki\u00edr\u00e1s keret\u00e9ben k\u00f6z\u00f6s Megval\u00f3s\u00edthat\u00f3s\u00e1gi Tanulm\u00e1nyt ny\u00fajtott be a B\u00fckk-T\u00e9rs\u00e9gi LEADER Egyes\u00fclet, a B\u00dcKK-MAK LEADER Nonprofit Kft., valamint a szomsz\u00e9dos HACS t\u00e9rs\u00e9gb\u0151l Mez\u0151cs\u00e1t V\u00e1ros \u00d6nkorm\u00e1nyzata, melyet a Vid\u00e9kfejleszt\u00e9si Miniszt\u00e9rium pozit\u00edvan b\u00edr\u00e1lat\u00e1val t\u00e1mogat.<\/p>\n<div class=\"sharedaddy sd-sharing-enabled\"><div class=\"robots-nocontent sd-block sd-social sd-social-icon sd-sharing\"><h3 class=\"sd-title\">Share this:<\/h3><div class=\"sd-content\"><ul><li class=\"share-facebook\"><a rel=\"nofollow noopener noreferrer\" data-shared=\"sharing-facebook-349\" class=\"share-facebook sd-button share-icon no-text\" href=\"https:\/\/bukkleader.hu\/old\/a-bukk-hegyseg-es-a-borsodi-mezoseg-elektromos-mobilitasi-egyuttmukodese\/?share=facebook\" target=\"_blank\" title=\"Click to share on Facebook\"><span><\/span><span class=\"sharing-screen-reader-text\">Click to share on Facebook (Opens in new window)<\/span><\/a><\/li><li class=\"share-twitter\"><a rel=\"nofollow noopener noreferrer\" data-shared=\"sharing-twitter-349\" class=\"share-twitter sd-button share-icon no-text\" href=\"https:\/\/bukkleader.hu\/old\/a-bukk-hegyseg-es-a-borsodi-mezoseg-elektromos-mobilitasi-egyuttmukodese\/?share=twitter\" target=\"_blank\" title=\"Click to share on Twitter\"><span><\/span><span class=\"sharing-screen-reader-text\">Click to share on Twitter (Opens in new window)<\/span><\/a><\/li><li class=\"share-print\"><a rel=\"nofollow noopener noreferrer\" data-shared=\"\" class=\"share-print sd-button share-icon no-text\" href=\"https:\/\/bukkleader.hu\/old\/a-bukk-hegyseg-es-a-borsodi-mezoseg-elektromos-mobilitasi-egyuttmukodese\/\" target=\"_blank\" title=\"Click to print\"><span><\/span><span class=\"sharing-screen-reader-text\">Click to print (Opens in new window)<\/span><\/a><\/li><li class=\"share-email\"><a rel=\"nofollow noopener noreferrer\" data-shared=\"\" class=\"share-email sd-button share-icon no-text\" href=\"https:\/\/bukkleader.hu\/old\/a-bukk-hegyseg-es-a-borsodi-mezoseg-elektromos-mobilitasi-egyuttmukodese\/?share=email\" target=\"_blank\" title=\"Click to email this to a friend\"><span><\/span><span class=\"sharing-screen-reader-text\">Click to email this to a friend (Opens in new window)<\/span><\/a><\/li><li class=\"share-end\"><\/li><\/ul><\/div><\/div><\/div>","protected":false},"author":1,"featured_media":232,"comment_status":"open","ping_status":"closed","sticky":false,"template":"","format":"standard","meta":{"_bbp_topic_count":0,"_bbp_reply_count":0,"_bbp_total_topic_count":0,"_bbp_total_reply_count":0,"_bbp_voice_count":0,"_bbp_anonymous_reply_count":0,"_bbp_topic_count_hidden":0,"_bbp_reply_count_hidden":0,"_bbp_forum_subforum_count":0,"spay_email":"","jetpack_publicize_message":"","jetpack_is_tweetstorm":false,"jetpack_publicize_feature_enabled":true},"categories":[1],"tags":[],"jetpack_featured_media_url":"https:\/\/bukkleader.hu\/old\/wp-content\/uploads\/2012\/07\/ChargePoint-polemount-clean-web.jpg","jetpack_publicize_connections":[],"jetpack_sharing_enabled":true,"jetpack-related-posts":[{"id":102,"url":"https:\/\/bukkleader.hu\/old\/2012-julius-01-2012-szeptember-30-idoszak\/","url_meta":{"origin":349,"position":0},"title":"2012. j\u00falius 01. \u2013 2012. szeptember 30. id\u0151szak","date":"2012-10-01","format":false,"excerpt":"A B\u00fckk-T\u00e9rs\u00e9gi LEADER Egyes\u00fclet legfontosabb feladatai a 2012.07.01. \u2013 09.30. id\u0151szakban az EMVA III. falumeg\u00faj\u00edt\u00e1s \u00e9s \u2013fejleszt\u00e9s jogc\u00edm el\u0151k\u00e9sz\u00edt\u00e9se, a szakmai kapcsolat\u00e9p\u00edt\u00e9s \u00e9s az 2014-2020 id\u0151szak EU-s tervez\u00e9s\u00e9be val\u00f3 bekapcsol\u00f3d\u00e1s voltak. Munk\u00e1nkr\u00f3l 1 t\u00e9rs\u00e9gi \u00fajs\u00e1gban, 2 szakmai kiadv\u00e1nyban \u00e9s 3 weboldalon jelent meg tud\u00f3s\u00edt\u00e1s.A t\u00e1mogat\u00e1si id\u0151szakban t\u00e1rgyal\u00e1sokat folytattunk a Nemzeti\u2026","rel":"","context":"In &quot;Munkabesz\u00e1mol\u00f3k&quot;","img":{"alt_text":"","src":"","width":0,"height":0},"classes":[]},{"id":334,"url":"https:\/\/bukkleader.hu\/old\/e-mobilitasi-informacios-nap\/","url_meta":{"origin":349,"position":1},"title":"E-mobilit\u00e1si inform\u00e1ci\u00f3s nap","date":"2013-09-08","format":false,"excerpt":"E-mobilit\u00e1si inform\u00e1ci\u00f3s nap \u00e9s Nissan LEAF tesztvezet\u00e9si lehet\u0151s\u00e9g B\u0151cs\u00f6n, 2013. szeptember 11-\u00e9nA B\u00fckk-T\u00e9rs\u00e9gi LEADER Egyes\u00fclet a B\u0151csi \u00d6nkorm\u00e1nyzattal egy\u00fcttm\u0171k\u00f6d\u00e9sben 2013. szeptember 11-\u00e9n, 10:00 \u00f3rai kezdettel a b\u0151csi Faluh\u00e1zban (R\u00e1k\u00f3czi u. 25.) megrendezi \"Az elektromos aut\u00f3z\u00e1s szerepe \u00e9s lehet\u0151s\u00e9gei a vid\u00e9k meg\u00fajul\u00e1s\u00e1ban\" c. inform\u00e1ci\u00f3s napot. Az inform\u00e1ci\u00f3s napon az Egyes\u00fclet bemutatja\u2026","rel":"","context":"In &quot;H\u00edreink, k\u00f6zlem\u00e9nyeink&quot;","img":{"alt_text":"elektromos-auto-w","src":"https:\/\/i0.wp.com\/bukkleader.hu\/old\/wp-content\/uploads\/2015\/09\/elektromos-auto-w.jpg?resize=350%2C200&ssl=1","width":350,"height":200},"classes":[]},{"id":110,"url":"https:\/\/bukkleader.hu\/old\/2013-julius-01-2013-szeptember-30-idoszak\/","url_meta":{"origin":349,"position":2},"title":"2013. j\u00falius 01. &#8211; 2013. szeptember 30. id\u0151szak","date":"2013-10-01","format":false,"excerpt":"A B\u00fckk-T\u00e9rs\u00e9gi LEADER Egyes\u00fclet munkaszervezet\u00e9nek legfontosabb feladata a 2013.07.01. \u2013 09.30. id\u0151szakban a beny\u00fajtott LEADER p\u00e1ly\u00e1zatok \u00fcgyint\u00e9z\u00e9se volt. A LEADER p\u00e1ly\u00e1zatok a HACS ter\u00fclet\u00e9r\u0151l az Ir\u00e1ny\u00edt\u00f3 Hat\u00f3s\u00e1g d\u00f6nt\u00e9s\u00e9nek megfelel\u0151en 2013.09.24-t\u0151l egy napig \u00fajra beny\u00fajthat\u00f3k voltak, szolg\u00e1ltat\u00e1sfejleszt\u00e9s kateg\u00f3ri\u00e1ban. \u00cdgy a 2013.09. h\u00f3napban rendelkez\u00e9sre \u00e1ll\u00f3 LEADER fejleszt\u00e9si forr\u00e1saink tekintet\u00e9ben \u00f6sszesen mintegy 150\u2026","rel":"","context":"In &quot;Munkabesz\u00e1mol\u00f3k&quot;","img":{"alt_text":"","src":"","width":0,"height":0},"classes":[]},{"id":104,"url":"https:\/\/bukkleader.hu\/old\/2012-oktober-01-2012-december-31-idoszak\/","url_meta":{"origin":349,"position":3},"title":"2012. okt\u00f3ber 01. \u2013 2012. december 31. id\u0151szak","date":"2013-01-02","format":false,"excerpt":"A B\u00fckk-T\u00e9rs\u00e9gi LEADER Egyes\u00fclet munkaszervezet\u00e9nek legfontosabb feladatai a 2012.10.01. \u2013 12.31. id\u0151szakban az EMVA III. falumeg\u00faj\u00edt\u00e1s \u00e9s \u2013fejleszt\u00e9s p\u00e1ly\u00e1zati id\u0151szak el\u0151k\u00e9sz\u00edt\u00e9se, a szakmai kapcsolat\u00e9p\u00edt\u00e9s \u00e9s az 2014-2020 id\u0151szak EU-s tervez\u00e9s\u00e9vel kapcsolatos egyeztet\u00e9seken val\u00f3 r\u00e9szv\u00e9tel voltak.A vid\u00e9kfejleszt\u00e9si k\u00f6z\u00f6ss\u00e9g min\u00e9l sz\u00e9lesebb k\u00f6r\u0171 t\u00e1j\u00e9koztat\u00e1sa \u00e9rdek\u00e9ben a t\u00e1mogat\u00e1si id\u0151szakban \u00f6sszesen 9 szakmai f\u00f3rumot tartottunk,\u2026","rel":"","context":"In &quot;Munkabesz\u00e1mol\u00f3k&quot;","img":{"alt_text":"","src":"","width":0,"height":0},"classes":[]},{"id":319,"url":"https:\/\/bukkleader.hu\/old\/elektromos-autot-tesztel-bukkaranyos-onkormanyzata\/","url_meta":{"origin":349,"position":4},"title":"Elektromos aut\u00f3t tesztel B\u00fckkaranyos \u00d6nkorm\u00e1nyzata","date":"2013-04-25","format":false,"excerpt":"\"A vid\u00e9ki elektromos k\u00f6zleked\u00e9s bevezet\u00e9s\u00e9re, Magyarorsz\u00e1g els\u0151 falvak\u00e9nt elektromos aut\u00f3t tesztel B\u00fckkaranyos K\u00f6zs\u00e9g \u00d6nkorm\u00e1nyzata. Az elm\u00falt \u00e9vben a B\u00fckk - T\u00e9rs\u00e9gi LEADER Egyes\u00fclet \u00e1ltal ki\u00edrt p\u00e1ly\u00e1zaton egy elektromos t\u00f6lt\u0151\u00e1llom\u00e1ssal ell\u00e1tott g\u00e9pkocsi t\u00e1rol\u00f3 \u00e9p\u00edt\u00e9s\u00e9re nyert\u00fcnk t\u00e1mogat\u00e1st. Ennek kapcs\u00e1n t\u00f6bb elektromos j\u00e1rm\u0171vet \u00e9s t\u00f6lt\u0151\u00e1llom\u00e1st forgalmaz\u00f3 c\u00e9ggel t\u00e1rgyaltunk, amelyek k\u00f6z\u00fcl a helyi MOBIL\u2013ESCO\u2026","rel":"","context":"In &quot;H\u00edreink, k\u00f6zlem\u00e9nyeink&quot;","img":{"alt_text":"elektromos-auto-w","src":"https:\/\/i0.wp.com\/bukkleader.hu\/old\/wp-content\/uploads\/2015\/09\/elektromos-auto-w.jpg?resize=350%2C200&ssl=1","width":350,"height":200},"classes":[]},{"id":99,"url":"https:\/\/bukkleader.hu\/old\/2012-majus-01-2012-junius-30-idoszak\/","url_meta":{"origin":349,"position":5},"title":"2012. m\u00e1jus 01. \u2013 2012. j\u00fanius 30. id\u0151szak","date":"2012-07-01","format":false,"excerpt":"A B\u00fckk-T\u00e9rs\u00e9gi LEADER Egyes\u00fclet az IH \u00e1ltal 2012. m\u00e1jus 1-i hat\u00e1llyal LEADER Helyi Akci\u00f3csoportk\u00e9nt elismer\u00e9sre ker\u00fclt \u00e9s \u00e1tvette a LEADER p\u00e1ly\u00e1zatokkal kapcsolatos feladatokat a B\u00dcKK-MAK LEADER Nonprofit Kft.-t\u0151l. Az Egyes\u00fclet a k\u00f6zgy\u0171l\u00e9s d\u00f6nt\u00e9se szerint saj\u00e1t munkaszervezetet alak\u00edtott, melyben a kor\u00e1bbi HACS munkat\u00e1rsai (\u00f6sszesen 8 f\u0151) a meg\u00e1llapod\u00e1ssal haszn\u00e1latba vett eszk\u00f6z\u00e1llom\u00e1nnyal,\u2026","rel":"","context":"In &quot;Munkabesz\u00e1mol\u00f3k&quot;","img":{"alt_text":"","src":"","width":0,"height":0},"classes":[]}],"_links":{"self":[{"href":"https:\/\/bukkleader.hu\/old\/wp-json\/wp\/v2\/posts\/349"}],"collection":[{"href":"https:\/\/bukkleader.hu\/old\/wp-json\/wp\/v2\/posts"}],"about":[{"href":"https:\/\/bukkleader.hu\/old\/wp-json\/wp\/v2\/types\/post"}],"author":[{"embeddable":true,"href":"https:\/\/bukkleader.hu\/old\/wp-json\/wp\/v2\/users\/1"}],"replies":[{"embeddable":true,"href":"https:\/\/bukkleader.hu\/old\/wp-json\/wp\/v2\/comments?post=349"}],"version-history":[{"count":1,"href":"https:\/\/bukkleader.hu\/old\/wp-json\/wp\/v2\/posts\/349\/revisions"}],"predecessor-version":[{"id":350,"href":"https:\/\/bukkleader.hu\/old\/wp-json\/wp\/v2\/posts\/349\/revisions\/350"}],"wp:featuredmedia":[{"embeddable":true,"href":"https:\/\/bukkleader.hu\/old\/wp-json\/wp\/v2\/media\/232"}],"wp:attachment":[{"href":"https:\/\/bukkleader.hu\/old\/wp-json\/wp\/v2\/media?parent=349"}],"wp:term":[{"taxonomy":"category","embeddable":true,"href":"https:\/\/bukkleader.hu\/old\/wp-json\/wp\/v2\/categories?post=349"},{"taxonomy":"post_tag","embeddable":true,"href":"https:\/\/bukkleader.hu\/old\/wp-json\/wp\/v2\/tags?post=349"}],"curies":[{"name":"wp","href":"https:\/\/api.w.org\/{rel}","templated":true}]}}