{"id":345,"date":"2013-11-14T14:45:01","date_gmt":"2013-11-14T13:45:01","guid":{"rendered":"https:\/\/bukkleader.hu\/old\/new\/?p=345"},"modified":"2015-09-22T14:50:21","modified_gmt":"2015-09-22T12:50:21","slug":"sajtoszemle-se-zaja-se-buze-nincs","status":"publish","type":"post","link":"https:\/\/bukkleader.hu\/old\/sajtoszemle-se-zaja-se-buze-nincs\/","title":{"rendered":"Sajt\u00f3szemle: \u201eSe zaja, se b\u0171ze nincs\u201d"},"content":{"rendered":"<p style=\"text-align: justify;\"><strong>\u201eHaz\u00e1nkban id\u00e9n els\u0151k\u00e9nt a Miskolchoz k\u00f6zeli B\u00fckkaranyos \u00f6nkorm\u00e1nyzata tesztelt \u201e\u00e1ramos\u201d kisaut\u00f3t a vid\u00e9ki elektromos k\u00f6zleked\u00e9s n\u00e9pszer\u0171s\u00edt\u00e9s\u00e9re<\/strong>.<\/p>\n<p style=\"text-align: justify;\"><!--more--><\/p>\n<p style=\"text-align: center;\"><img data-attachment-id=\"347\" data-permalink=\"https:\/\/bukkleader.hu\/old\/sajtoszemle-se-zaja-se-buze-nincs\/jascqztk_3_700x460\/\" data-orig-file=\"https:\/\/bukkleader.hu\/old\/wp-content\/uploads\/2015\/09\/jascqztk_3_700x460.jpg\" data-orig-size=\"700,467\" data-comments-opened=\"1\" data-image-meta=\"{&quot;aperture&quot;:&quot;0&quot;,&quot;credit&quot;:&quot;&quot;,&quot;camera&quot;:&quot;&quot;,&quot;caption&quot;:&quot;&quot;,&quot;created_timestamp&quot;:&quot;0&quot;,&quot;copyright&quot;:&quot;&quot;,&quot;focal_length&quot;:&quot;0&quot;,&quot;iso&quot;:&quot;0&quot;,&quot;shutter_speed&quot;:&quot;0&quot;,&quot;title&quot;:&quot;&quot;,&quot;orientation&quot;:&quot;0&quot;}\" data-image-title=\"\" data-image-description=\"\" data-image-caption=\"\" data-medium-file=\"https:\/\/bukkleader.hu\/old\/wp-content\/uploads\/2015\/09\/jascqztk_3_700x460-300x200.jpg\" data-large-file=\"https:\/\/bukkleader.hu\/old\/wp-content\/uploads\/2015\/09\/jascqztk_3_700x460.jpg\" loading=\"lazy\" class=\"aligncenter wp-image-347 size-full\" src=\"https:\/\/bukkleader.hu\/old\/wp-content\/uploads\/2015\/09\/jascqztk_3_700x460.jpg\" alt=\"jascqztk_3_700x460\" width=\"700\" height=\"467\" srcset=\"https:\/\/bukkleader.hu\/old\/wp-content\/uploads\/2015\/09\/jascqztk_3_700x460.jpg 700w, https:\/\/bukkleader.hu\/old\/wp-content\/uploads\/2015\/09\/jascqztk_3_700x460-300x200.jpg 300w\" sizes=\"(max-width: 700px) 100vw, 700px\" \/><\/p>\n<p style=\"text-align: justify;\">A teszt sikeres volt, s ha okt\u00f3berig meg\u00e9p\u00fcl a napelemes t\u00f6lt\u0151\u00e1llom\u00e1suk, a kis erdei falu lak\u00f3i \u00f6t \u00e9vig ingyen \u201et\u00f6ltekezhetnek\u201d. Betelepszem a k\u00e9t\u00fcl\u00e9ses kisaut\u00f3ba Nagy Lajos polg\u00e1rmester mell\u00e9, hogy k\u00f6rs\u00e9t\u00e1t tegy\u00fcnk a m\u00e1sf\u00e9l ezer lelkes \u201eAranyoson\u201d. Az aut\u00f3, nem l\u00e9v\u00e9n kipufog\u00f3ja, szinte hangtalanul g\u00f6rd\u00fcl az utc\u00e1kon, k\u00f6zben a falu vezet\u0151je \u00f6sszefoglalja az aut\u00f3 \u00e9s a t\u00f6lt\u0151\u00e1llom\u00e1s t\u00f6rt\u00e9net\u00e9t.\u201d <a href=\"http:\/\/www.szabadfold.hu\/zoldfold\/se_zaja_se_buze_nincs\" target=\"_blank\">Tov\u00e1bb a teljes cikkhez a www.szabadfold.hu weboldalra &gt;&gt;<\/a><\/p>\n<div class=\"sharedaddy sd-sharing-enabled\"><div class=\"robots-nocontent sd-block sd-social sd-social-icon sd-sharing\"><h3 class=\"sd-title\">Share this:<\/h3><div class=\"sd-content\"><ul><li class=\"share-facebook\"><a rel=\"nofollow noopener noreferrer\" data-shared=\"sharing-facebook-345\" class=\"share-facebook sd-button share-icon no-text\" href=\"https:\/\/bukkleader.hu\/old\/sajtoszemle-se-zaja-se-buze-nincs\/?share=facebook\" target=\"_blank\" title=\"Click to share on Facebook\"><span><\/span><span class=\"sharing-screen-reader-text\">Click to share on Facebook (Opens in new window)<\/span><\/a><\/li><li class=\"share-twitter\"><a rel=\"nofollow noopener noreferrer\" data-shared=\"sharing-twitter-345\" class=\"share-twitter sd-button share-icon no-text\" href=\"https:\/\/bukkleader.hu\/old\/sajtoszemle-se-zaja-se-buze-nincs\/?share=twitter\" target=\"_blank\" title=\"Click to share on Twitter\"><span><\/span><span class=\"sharing-screen-reader-text\">Click to share on Twitter (Opens in new window)<\/span><\/a><\/li><li class=\"share-print\"><a rel=\"nofollow noopener noreferrer\" data-shared=\"\" class=\"share-print sd-button share-icon no-text\" href=\"https:\/\/bukkleader.hu\/old\/sajtoszemle-se-zaja-se-buze-nincs\/\" target=\"_blank\" title=\"Click to print\"><span><\/span><span class=\"sharing-screen-reader-text\">Click to print (Opens in new window)<\/span><\/a><\/li><li class=\"share-email\"><a rel=\"nofollow noopener noreferrer\" data-shared=\"\" class=\"share-email sd-button share-icon no-text\" href=\"https:\/\/bukkleader.hu\/old\/sajtoszemle-se-zaja-se-buze-nincs\/?share=email\" target=\"_blank\" title=\"Click to email this to a friend\"><span><\/span><span class=\"sharing-screen-reader-text\">Click to email this to a friend (Opens in new window)<\/span><\/a><\/li><li class=\"share-end\"><\/li><\/ul><\/div><\/div><\/div>","protected":false},"excerpt":{"rendered":"<p>\u201eHaz\u00e1nkban id\u00e9n els\u0151k\u00e9nt a Miskolchoz k\u00f6zeli B\u00fckkaranyos \u00f6nkorm\u00e1nyzata tesztelt \u201e\u00e1ramos\u201d kisaut\u00f3t a vid\u00e9ki elektromos k\u00f6zleked\u00e9s n\u00e9pszer\u0171s\u00edt\u00e9s\u00e9re.<\/p>\n<div class=\"sharedaddy sd-sharing-enabled\"><div class=\"robots-nocontent sd-block sd-social sd-social-icon sd-sharing\"><h3 class=\"sd-title\">Share this:<\/h3><div class=\"sd-content\"><ul><li class=\"share-facebook\"><a rel=\"nofollow noopener noreferrer\" data-shared=\"sharing-facebook-345\" class=\"share-facebook sd-button share-icon no-text\" href=\"https:\/\/bukkleader.hu\/old\/sajtoszemle-se-zaja-se-buze-nincs\/?share=facebook\" target=\"_blank\" title=\"Click to share on Facebook\"><span><\/span><span class=\"sharing-screen-reader-text\">Click to share on Facebook (Opens in new window)<\/span><\/a><\/li><li class=\"share-twitter\"><a rel=\"nofollow noopener noreferrer\" data-shared=\"sharing-twitter-345\" class=\"share-twitter sd-button share-icon no-text\" href=\"https:\/\/bukkleader.hu\/old\/sajtoszemle-se-zaja-se-buze-nincs\/?share=twitter\" target=\"_blank\" title=\"Click to share on Twitter\"><span><\/span><span class=\"sharing-screen-reader-text\">Click to share on Twitter (Opens in new window)<\/span><\/a><\/li><li class=\"share-print\"><a rel=\"nofollow noopener noreferrer\" data-shared=\"\" class=\"share-print sd-button share-icon no-text\" href=\"https:\/\/bukkleader.hu\/old\/sajtoszemle-se-zaja-se-buze-nincs\/\" target=\"_blank\" title=\"Click to print\"><span><\/span><span class=\"sharing-screen-reader-text\">Click to print (Opens in new window)<\/span><\/a><\/li><li class=\"share-email\"><a rel=\"nofollow noopener noreferrer\" data-shared=\"\" class=\"share-email sd-button share-icon no-text\" href=\"https:\/\/bukkleader.hu\/old\/sajtoszemle-se-zaja-se-buze-nincs\/?share=email\" target=\"_blank\" title=\"Click to email this to a friend\"><span><\/span><span class=\"sharing-screen-reader-text\">Click to email this to a friend (Opens in new window)<\/span><\/a><\/li><li class=\"share-end\"><\/li><\/ul><\/div><\/div><\/div>","protected":false},"author":1,"featured_media":0,"comment_status":"open","ping_status":"closed","sticky":false,"template":"","format":"standard","meta":{"_bbp_topic_count":0,"_bbp_reply_count":0,"_bbp_total_topic_count":0,"_bbp_total_reply_count":0,"_bbp_voice_count":0,"_bbp_anonymous_reply_count":0,"_bbp_topic_count_hidden":0,"_bbp_reply_count_hidden":0,"_bbp_forum_subforum_count":0,"spay_email":"","jetpack_publicize_message":"","jetpack_is_tweetstorm":false,"jetpack_publicize_feature_enabled":true},"categories":[1],"tags":[],"jetpack_featured_media_url":"","jetpack_publicize_connections":[],"jetpack_sharing_enabled":true,"jetpack-related-posts":[{"id":319,"url":"https:\/\/bukkleader.hu\/old\/elektromos-autot-tesztel-bukkaranyos-onkormanyzata\/","url_meta":{"origin":345,"position":0},"title":"Elektromos aut\u00f3t tesztel B\u00fckkaranyos \u00d6nkorm\u00e1nyzata","date":"2013-04-25","format":false,"excerpt":"\"A vid\u00e9ki elektromos k\u00f6zleked\u00e9s bevezet\u00e9s\u00e9re, Magyarorsz\u00e1g els\u0151 falvak\u00e9nt elektromos aut\u00f3t tesztel B\u00fckkaranyos K\u00f6zs\u00e9g \u00d6nkorm\u00e1nyzata. Az elm\u00falt \u00e9vben a B\u00fckk - T\u00e9rs\u00e9gi LEADER Egyes\u00fclet \u00e1ltal ki\u00edrt p\u00e1ly\u00e1zaton egy elektromos t\u00f6lt\u0151\u00e1llom\u00e1ssal ell\u00e1tott g\u00e9pkocsi t\u00e1rol\u00f3 \u00e9p\u00edt\u00e9s\u00e9re nyert\u00fcnk t\u00e1mogat\u00e1st. Ennek kapcs\u00e1n t\u00f6bb elektromos j\u00e1rm\u0171vet \u00e9s t\u00f6lt\u0151\u00e1llom\u00e1st forgalmaz\u00f3 c\u00e9ggel t\u00e1rgyaltunk, amelyek k\u00f6z\u00fcl a helyi MOBIL\u2013ESCO\u2026","rel":"","context":"In &quot;H\u00edreink, k\u00f6zlem\u00e9nyeink&quot;","img":{"alt_text":"elektromos-auto-w","src":"https:\/\/i0.wp.com\/bukkleader.hu\/old\/wp-content\/uploads\/2015\/09\/elektromos-auto-w.jpg?resize=350%2C200&ssl=1","width":350,"height":200},"classes":[]},{"id":424,"url":"https:\/\/bukkleader.hu\/old\/szaguldas-a-szel-erejebol-nyert-villamos-energiaval\/","url_meta":{"origin":345,"position":1},"title":"Sz\u00e1guld\u00e1s a sz\u00e9l erej\u00e9b\u0151l nyert villamos energi\u00e1val","date":"2015-03-31","format":false,"excerpt":"\"Sikeres volt B\u00fckkaranyoson a sz\u00e9ler\u0151m\u0171 rendszer\u00e9re kapcsolt villanyaut\u00f3 gyorst\u00f6lt\u0151 berendez\u00e9s m\u0171szaki f\u0151pr\u00f3b\u00e1ja. Az egyen\u00e1ram\u00fa CHAdeMO rendszer\u0171 csatlakoz\u00f3n kereszt\u00fcl alig t\u00f6bb mint egy \u00f3ra alatt \u201ef\u00fajta tele\u201d a n\u00e9ha viharos erej\u0171 sz\u00e9l a Tesla Model S villanyaut\u00f3 akkumul\u00e1tor\u00e1t. \u00a0\u201eA B\u00fckkaranyos k\u00f6zpont\u00fa, 42 telep\u00fcl\u00e9st csoportos\u00edt\u00f3 B\u00fckk-T\u00e9rs\u00e9gi LEADER (kor\u00e1bban B\u00dcKK \u2013 MAK LEADER)\u2026","rel":"","context":"In &quot;H\u00edreink, k\u00f6zlem\u00e9nyeink&quot;","img":{"alt_text":"Tesla","src":"https:\/\/i2.wp.com\/bukkleader.hu\/old\/wp-content\/uploads\/2015\/09\/tesla_foto.jpg?resize=350%2C200&ssl=1","width":350,"height":200},"classes":[]},{"id":246,"url":"https:\/\/bukkleader.hu\/old\/napelemes-iskola\/","url_meta":{"origin":345,"position":2},"title":"Napelemes iskola","date":"2012-09-23","format":false,"excerpt":"\"Napelemes iskola \u2013 \u00f6tven darab napelemet szereltek fel a fels\u0151t\u00e1rk\u00e1nyi \u00e1ltal\u00e1nos iskola tetej\u00e9re\"\u201e\u00d6tven darab napelemet szereltek fel a fels\u0151t\u00e1rk\u00e1nyi \u00e1ltal\u00e1nos iskola tetej\u00e9re a B\u00fckk-Mak LEADER p\u00e1ly\u00e1zatnak k\u00f6sz\u00f6nhet\u0151en. Az int\u00e9zm\u00e9ny el\u00e9 t\u00f6lt\u0151\u00e1llom\u00e1st is telep\u00edtettek, a k\u00f6zel 13 milli\u00f3 forintos t\u00e1mogat\u00e1sb\u00f3l. A fels\u0151t\u00e1rk\u00e1nyi \u00f6nkorm\u00e1nyzat \u00edgy megsp\u00f3rolja az iskola villanysz\u00e1ml\u00e1j\u00e1t, hangzott el a\u2026","rel":"","context":"In &quot;Eredm\u00e9nyeink&quot;","img":{"alt_text":"napelemes-iskola-w","src":"https:\/\/i0.wp.com\/bukkleader.hu\/old\/wp-content\/uploads\/2012\/09\/napelemes-iskola-w.jpg?resize=350%2C200&ssl=1","width":350,"height":200},"classes":[]},{"id":8317,"url":"https:\/\/bukkleader.hu\/old\/tudomka-falu-program-lebonyolitasa-kisgyorbenleader-tudomka-falu-altal-szervezett-rendezveny-2021-08-28-kisgyor\/","url_meta":{"origin":345,"position":3},"title":"&#8220;Tudomka falu program lebonyol\u00edt\u00e1sa Kisgy\u0151rben&#8221;LEADER Tudomka falu \u00e1ltal szervezett rendezv\u00e9ny 2021.08.28. Kisgy\u0151r","date":"2021-07-28","format":false,"excerpt":"Kisgy\u0151r k\u00f6zs\u00e9g polg\u00e1rmestere, K\u00e9kedi L\u00e1szl\u00f3 Vilmos tisztelettel megh\u00edvja \u00d6n\u00f6ket \"Tudomka falu program lebonyol\u00edt\u00e1sa Kisgy\u0151rben\" megnevez\u00e9s\u0171 rendezv\u00e9nyre. A megh\u00edv\u00f3 \u00e9s a program pdf-ben let\u00f6lthet\u0151 itt.","rel":"","context":"In &quot;H\u00edreink, k\u00f6zlem\u00e9nyeink&quot;","img":{"alt_text":"","src":"https:\/\/i1.wp.com\/bukkleader.hu\/old\/wp-content\/uploads\/2020\/09\/fazekas.jpg?resize=350%2C200&ssl=1","width":350,"height":200},"classes":[]},{"id":8442,"url":"https:\/\/bukkleader.hu\/old\/tudomka-falu-program-lebonyolitasa-kisgyorben-ii-rendezveny-2021-09-11-kisgyor\/","url_meta":{"origin":345,"position":4},"title":"&#8220;Tudomka falu program lebonyol\u00edt\u00e1sa Kisgy\u0151rben II&#8221; rendezv\u00e9ny 2021.09.11. Kisgy\u0151r","date":"2021-09-09","format":false,"excerpt":"K\u00e9kedi L\u00e1szl\u00f3 Vilmos, Kisgy\u0151r k\u00f6zs\u00e9g polg\u00e1rmestere tisztelettel megh\u00edvja \u00d6n\u00f6ket a \"Tudomka falu program lebonyol\u00edt\u00e1sa Kisgy\u0151rben II\" megnevez\u00e9s\u0171 rendezv\u00e9ny\u00e9re. A megh\u00edv\u00f3 pdf-ben let\u00f6lthet\u0151 itt.","rel":"","context":"In &quot;H\u00edreink, k\u00f6zlem\u00e9nyeink&quot;","img":{"alt_text":"","src":"https:\/\/i1.wp.com\/bukkleader.hu\/old\/wp-content\/uploads\/2018\/04\/mesters\u00e9gek-2.jpg?resize=350%2C200&ssl=1","width":350,"height":200},"classes":[]},{"id":2232,"url":"https:\/\/bukkleader.hu\/old\/megjelent-a-falu-es-tanyagondnoki-szolgalat-tamogatasa-palyazat\/","url_meta":{"origin":345,"position":5},"title":"Megjelent a \u201eFalu \u00e9s tanyagondnoki szolg\u00e1lat t\u00e1mogat\u00e1sa\u201d p\u00e1ly\u00e1zat!","date":"2019-09-09","format":false,"excerpt":"Megjelent a \u201eFalu \u00e9s tanyagondnoki szolg\u00e1lat t\u00e1mogat\u00e1sa\u201d c\u00edm\u0171 p\u00e1ly\u00e1zati felh\u00edv\u00e1s, melynek keret\u00e9ben\u00a0\u00faj g\u00e9pj\u00e1rm\u0171vek beszerz\u00e9se \u00e9s \u00fczembe helyez\u00e9se, valamint r\u00e9gi g\u00e9pj\u00e1rm\u0171vek cser\u00e9j\u00e9re\u00a0lesz lehet\u0151s\u00e9g. A projektre maxim\u00e1lisan ig\u00e9nyelhet\u0151 t\u00e1mogat\u00e1si \u00f6sszeg\u00a015 milli\u00f3 forint.\u00a0A p\u00e1ly\u00e1zatok beny\u00fajt\u00e1s\u00e1ra\u00a02019. szeptember 9. \u00e9s 2019. szeptember 30.\u00a0k\u00f6z\u00f6tt van lehet\u0151s\u00e9g. A p\u00e1ly\u00e1zati felh\u00edv\u00e1s az al\u00e1bbi helyr\u0151l let\u00f6lthet\u0151: https:\/\/e-kerelem.mvh.allamkincstar.gov.hu\/enter\/mfpbongeszo\/mfpBongeszoLite.xhtml;jsessionid=vbwDRT7pD22Lr-qRBmDfd84EdQq2LDwlERb7rvVO.mvhntr07:mvhntr07_enter05","rel":"","context":"In &quot;H\u00edreink, k\u00f6zlem\u00e9nyeink&quot;","img":{"alt_text":"","src":"https:\/\/i0.wp.com\/bukkleader.hu\/old\/wp-content\/uploads\/2018\/08\/p\u00e1ly\u00e1zati-felh\u00edv\u00e1s.jpg?resize=350%2C200&ssl=1","width":350,"height":200},"classes":[]}],"_links":{"self":[{"href":"https:\/\/bukkleader.hu\/old\/wp-json\/wp\/v2\/posts\/345"}],"collection":[{"href":"https:\/\/bukkleader.hu\/old\/wp-json\/wp\/v2\/posts"}],"about":[{"href":"https:\/\/bukkleader.hu\/old\/wp-json\/wp\/v2\/types\/post"}],"author":[{"embeddable":true,"href":"https:\/\/bukkleader.hu\/old\/wp-json\/wp\/v2\/users\/1"}],"replies":[{"embeddable":true,"href":"https:\/\/bukkleader.hu\/old\/wp-json\/wp\/v2\/comments?post=345"}],"version-history":[{"count":1,"href":"https:\/\/bukkleader.hu\/old\/wp-json\/wp\/v2\/posts\/345\/revisions"}],"predecessor-version":[{"id":348,"href":"https:\/\/bukkleader.hu\/old\/wp-json\/wp\/v2\/posts\/345\/revisions\/348"}],"wp:attachment":[{"href":"https:\/\/bukkleader.hu\/old\/wp-json\/wp\/v2\/media?parent=345"}],"wp:term":[{"taxonomy":"category","embeddable":true,"href":"https:\/\/bukkleader.hu\/old\/wp-json\/wp\/v2\/categories?post=345"},{"taxonomy":"post_tag","embeddable":true,"href":"https:\/\/bukkleader.hu\/old\/wp-json\/wp\/v2\/tags?post=345"}],"curies":[{"name":"wp","href":"https:\/\/api.w.org\/{rel}","templated":true}]}}