{"id":342,"date":"2013-10-31T14:34:49","date_gmt":"2013-10-31T13:34:49","guid":{"rendered":"https:\/\/bukkleader.hu\/old\/new\/?p=342"},"modified":"2015-09-22T14:38:48","modified_gmt":"2015-09-22T12:38:48","slug":"egyuttmukodesi-megallapodast-kotott-a-magyar-tudomanyos-akademia-energiatudomanyi-kutatokozpontja-es-a-bukk-tersegi-leader-egyesulet","status":"publish","type":"post","link":"https:\/\/bukkleader.hu\/old\/egyuttmukodesi-megallapodast-kotott-a-magyar-tudomanyos-akademia-energiatudomanyi-kutatokozpontja-es-a-bukk-tersegi-leader-egyesulet\/","title":{"rendered":"Egy\u00fcttm\u0171k\u00f6d\u00e9si meg\u00e1llapod\u00e1st k\u00f6t\u00f6tt a Magyar Tudom\u00e1nyos Akad\u00e9mia Energiatudom\u00e1nyi Kutat\u00f3k\u00f6zpontja \u00e9s a B\u00fckk-T\u00e9rs\u00e9gi LEADER Egyes\u00fclet"},"content":{"rendered":"<p style=\"text-align: justify;\">2013. okt\u00f3ber 03-\u00e1n, \u00fcnnep\u00e9lyes k\u00f6zgy\u0171l\u00e9s keret\u00e9ben egy\u00fcttm\u0171k\u00f6d\u00e9si meg\u00e1llapod\u00e1st k\u00f6t\u00f6tt <strong class=\"style212\">a decentraliz\u00e1lt villamosenergia-h\u00e1l\u00f3zatok ter\u00fclet\u00e9n folytatott kutat\u00e1si, fejleszt\u00e9si valamint innov\u00e1ci\u00f3s tev\u00e9kenys\u00e9geik \u00f6sszehangol\u00e1s\u00e1ra<\/strong> a <a href=\"http:\/\/www.energia.mta.hu\/hu\/\" target=\"_blank\">Magyar Tudom\u00e1nyos Akad\u00e9mia Energiatudom\u00e1nyi Kutat\u00f3k\u00f6zpontja (MTA EK)<\/a>\u00a0\u00e9s a B\u00fckk-T\u00e9rs\u00e9gi LEADER Egyes\u00fclet (BTLE), amely egyben a Debreceni Egyetem AGTC M\u00c9K Meg\u00fajul\u00f3 Energia Forr\u00e1s Kihelyezett Tansz\u00e9ke is. Az egy\u00fcttm\u0171k\u00f6d\u00e9s keret\u00e9ben a felek <strong>Decentraliz\u00e1lt Villamosenergia H\u00e1l\u00f3zatok K\u00fcls\u0151 Laborat\u00f3riuma<\/strong> n\u00e9ven k\u00f6z\u00f6s kutat\u00f3helyet is l\u00e9trehoznak az egyes\u00fclet k\u00f6zpontj\u00e1ban, B\u00fckkaranyoson.<!--more-->\u00a0Ez \u00f6sszehangolja majd a k\u00e9t szervezet kutat\u00e1si, fejleszt\u00e9si \u00e9s innov\u00e1ci\u00f3s tev\u00e9kenys\u00e9g\u00e9t. Ennek f\u0151 ter\u00fclete lesz a decentraliz\u00e1lt villamosenergia &#8211; h\u00e1l\u00f3zatok sz\u00e1m\u00edt\u00f3g\u00e9pes modellez\u00e9se mellett a meg\u00fajul\u00f3 energiaforr\u00e1sokat hasznos\u00edt\u00f3 termel\u0151egys\u00e9gek \u00fczemel\u00e9s\u00e9nek \u00e9s h\u00e1l\u00f3zati hat\u00e1sainak elemz\u00e9se. Emellett vizsg\u00e1lj\u00e1k majd a meg\u00fajul\u00f3 energiaforr\u00e1sokat hasznos\u00edt\u00f3 termel\u0151egys\u00e9gek, t\u00e1rol\u00f3k \u00e9s fogyaszt\u00f3k k\u00f6z\u00f6s m\u00e9rlegk\u00f6rbe von\u00e1s\u00e1nak lehet\u0151s\u00e9geit, a decentraliz\u00e1lt villamosenergia-h\u00e1l\u00f3zatok k\u00f6rnyezeti hat\u00e1sait, valamint az energiat\u00e1rol\u00e1si technol\u00f3gi\u00e1k \u00e9letciklus\u00e1t is.<\/p>\n<p style=\"text-align: center;\"><iframe loading=\"lazy\" src=\"https:\/\/www.youtube.com\/embed\/-Z4y9XoUKo8\" width=\"560\" height=\"315\" frameborder=\"0\" allowfullscreen=\"allowfullscreen\"><\/iframe>\u00a0<\/p>\n<div class=\"sharedaddy sd-sharing-enabled\"><div class=\"robots-nocontent sd-block sd-social sd-social-icon sd-sharing\"><h3 class=\"sd-title\">Share this:<\/h3><div class=\"sd-content\"><ul><li class=\"share-facebook\"><a rel=\"nofollow noopener noreferrer\" data-shared=\"sharing-facebook-342\" class=\"share-facebook sd-button share-icon no-text\" href=\"https:\/\/bukkleader.hu\/old\/egyuttmukodesi-megallapodast-kotott-a-magyar-tudomanyos-akademia-energiatudomanyi-kutatokozpontja-es-a-bukk-tersegi-leader-egyesulet\/?share=facebook\" target=\"_blank\" title=\"Click to share on Facebook\"><span><\/span><span class=\"sharing-screen-reader-text\">Click to share on Facebook (Opens in new window)<\/span><\/a><\/li><li class=\"share-twitter\"><a rel=\"nofollow noopener noreferrer\" data-shared=\"sharing-twitter-342\" class=\"share-twitter sd-button share-icon no-text\" href=\"https:\/\/bukkleader.hu\/old\/egyuttmukodesi-megallapodast-kotott-a-magyar-tudomanyos-akademia-energiatudomanyi-kutatokozpontja-es-a-bukk-tersegi-leader-egyesulet\/?share=twitter\" target=\"_blank\" title=\"Click to share on Twitter\"><span><\/span><span class=\"sharing-screen-reader-text\">Click to share on Twitter (Opens in new window)<\/span><\/a><\/li><li class=\"share-print\"><a rel=\"nofollow noopener noreferrer\" data-shared=\"\" class=\"share-print sd-button share-icon no-text\" href=\"https:\/\/bukkleader.hu\/old\/egyuttmukodesi-megallapodast-kotott-a-magyar-tudomanyos-akademia-energiatudomanyi-kutatokozpontja-es-a-bukk-tersegi-leader-egyesulet\/\" target=\"_blank\" title=\"Click to print\"><span><\/span><span class=\"sharing-screen-reader-text\">Click to print (Opens in new window)<\/span><\/a><\/li><li class=\"share-email\"><a rel=\"nofollow noopener noreferrer\" data-shared=\"\" class=\"share-email sd-button share-icon no-text\" href=\"https:\/\/bukkleader.hu\/old\/egyuttmukodesi-megallapodast-kotott-a-magyar-tudomanyos-akademia-energiatudomanyi-kutatokozpontja-es-a-bukk-tersegi-leader-egyesulet\/?share=email\" target=\"_blank\" title=\"Click to email this to a friend\"><span><\/span><span class=\"sharing-screen-reader-text\">Click to email this to a friend (Opens in new window)<\/span><\/a><\/li><li class=\"share-end\"><\/li><\/ul><\/div><\/div><\/div>","protected":false},"excerpt":{"rendered":"<p>2013. okt\u00f3ber 03-\u00e1n, \u00fcnnep\u00e9lyes k\u00f6zgy\u0171l\u00e9s keret\u00e9ben egy\u00fcttm\u0171k\u00f6d\u00e9si meg\u00e1llapod\u00e1st k\u00f6t\u00f6tt a decentraliz\u00e1lt villamosenergia-h\u00e1l\u00f3zatok ter\u00fclet\u00e9n folytatott kutat\u00e1si, fejleszt\u00e9si valamint innov\u00e1ci\u00f3s tev\u00e9kenys\u00e9geik \u00f6sszehangol\u00e1s\u00e1ra a Magyar Tudom\u00e1nyos Akad\u00e9mia Energiatudom\u00e1nyi Kutat\u00f3k\u00f6zpontja (MTA EK)\u00a0\u00e9s a B\u00fckk-T\u00e9rs\u00e9gi LEADER Egyes\u00fclet (BTLE), amely egyben a Debreceni Egyetem AGTC M\u00c9K Meg\u00fajul\u00f3 Energia Forr\u00e1s Kihelyezett Tansz\u00e9ke is. Az egy\u00fcttm\u0171k\u00f6d\u00e9s keret\u00e9ben a felek Decentraliz\u00e1lt Villamosenergia H\u00e1l\u00f3zatok K\u00fcls\u0151 [&hellip;]<\/p>\n<div class=\"sharedaddy sd-sharing-enabled\"><div class=\"robots-nocontent sd-block sd-social sd-social-icon sd-sharing\"><h3 class=\"sd-title\">Share this:<\/h3><div class=\"sd-content\"><ul><li class=\"share-facebook\"><a rel=\"nofollow noopener noreferrer\" data-shared=\"sharing-facebook-342\" class=\"share-facebook sd-button share-icon no-text\" href=\"https:\/\/bukkleader.hu\/old\/egyuttmukodesi-megallapodast-kotott-a-magyar-tudomanyos-akademia-energiatudomanyi-kutatokozpontja-es-a-bukk-tersegi-leader-egyesulet\/?share=facebook\" target=\"_blank\" title=\"Click to share on Facebook\"><span><\/span><span class=\"sharing-screen-reader-text\">Click to share on Facebook (Opens in new window)<\/span><\/a><\/li><li class=\"share-twitter\"><a rel=\"nofollow noopener noreferrer\" data-shared=\"sharing-twitter-342\" class=\"share-twitter sd-button share-icon no-text\" href=\"https:\/\/bukkleader.hu\/old\/egyuttmukodesi-megallapodast-kotott-a-magyar-tudomanyos-akademia-energiatudomanyi-kutatokozpontja-es-a-bukk-tersegi-leader-egyesulet\/?share=twitter\" target=\"_blank\" title=\"Click to share on Twitter\"><span><\/span><span class=\"sharing-screen-reader-text\">Click to share on Twitter (Opens in new window)<\/span><\/a><\/li><li class=\"share-print\"><a rel=\"nofollow noopener noreferrer\" data-shared=\"\" class=\"share-print sd-button share-icon no-text\" href=\"https:\/\/bukkleader.hu\/old\/egyuttmukodesi-megallapodast-kotott-a-magyar-tudomanyos-akademia-energiatudomanyi-kutatokozpontja-es-a-bukk-tersegi-leader-egyesulet\/\" target=\"_blank\" title=\"Click to print\"><span><\/span><span class=\"sharing-screen-reader-text\">Click to print (Opens in new window)<\/span><\/a><\/li><li class=\"share-email\"><a rel=\"nofollow noopener noreferrer\" data-shared=\"\" class=\"share-email sd-button share-icon no-text\" href=\"https:\/\/bukkleader.hu\/old\/egyuttmukodesi-megallapodast-kotott-a-magyar-tudomanyos-akademia-energiatudomanyi-kutatokozpontja-es-a-bukk-tersegi-leader-egyesulet\/?share=email\" target=\"_blank\" title=\"Click to email this to a friend\"><span><\/span><span class=\"sharing-screen-reader-text\">Click to email this to a friend (Opens in new window)<\/span><\/a><\/li><li class=\"share-end\"><\/li><\/ul><\/div><\/div><\/div>","protected":false},"author":1,"featured_media":343,"comment_status":"open","ping_status":"closed","sticky":false,"template":"","format":"standard","meta":{"_bbp_topic_count":0,"_bbp_reply_count":0,"_bbp_total_topic_count":0,"_bbp_total_reply_count":0,"_bbp_voice_count":0,"_bbp_anonymous_reply_count":0,"_bbp_topic_count_hidden":0,"_bbp_reply_count_hidden":0,"_bbp_forum_subforum_count":0,"spay_email":"","jetpack_publicize_message":"","jetpack_is_tweetstorm":false,"jetpack_publicize_feature_enabled":true},"categories":[1],"tags":[],"jetpack_featured_media_url":"https:\/\/bukkleader.hu\/old\/wp-content\/uploads\/2015\/09\/mtaek1-w.jpg","jetpack_publicize_connections":[],"jetpack_sharing_enabled":true,"jetpack-related-posts":[{"id":112,"url":"https:\/\/bukkleader.hu\/old\/2013-oktober-01-2013-december-31-idoszak\/","url_meta":{"origin":342,"position":0},"title":"2013. okt\u00f3ber 01. &#8211; 2013. december 31. id\u0151szak","date":"2014-01-02","format":false,"excerpt":"A B\u00fckk-T\u00e9rs\u00e9gi LEADER Egyes\u00fclet munkaszervezet\u00e9nek legfontosabb feladatai a 2013.10.01. \u2013 12.31. id\u0151szakban a 2013. \u00e9vben beny\u00fajtott LEADER p\u00e1ly\u00e1zatok v\u00e9gs\u0151 t\u00e1mogat\u00e1si rangsorainak \u00f6ssze\u00e1ll\u00edt\u00e1sa, a p\u00e1ly\u00e1z\u00f3k tan\u00e1csol\u00e1sa a turisztikai p\u00e1ly\u00e1zataik el\u0151k\u00e9sz\u00edt\u00e9s\u00e9hez, a LEADER t\u00e9rs\u00e9gek k\u00f6z\u00f6tti egy\u00fcttm\u0171k\u00f6d\u00e9si p\u00e1ly\u00e1zatok beny\u00fajt\u00e1sa \u00e9s a 2014-2020 id\u0151szaki \u00faj Vid\u00e9kfejleszt\u00e9si Program megval\u00f3s\u00edt\u00e1s\u00e1nak el\u0151k\u00e9sz\u00edt\u00e9se voltak. Tov\u00e1bb\u00e1 a HACS a\u2026","rel":"","context":"In &quot;Munkabesz\u00e1mol\u00f3k&quot;","img":{"alt_text":"","src":"","width":0,"height":0},"classes":[]},{"id":301,"url":"https:\/\/bukkleader.hu\/old\/megujulo-energiaforras-kihelyezett-tanszek-alakul-a-hacs-kozpontjaban\/","url_meta":{"origin":342,"position":1},"title":"\u201eMeg\u00fajul\u00f3 Energiaforr\u00e1s Kihelyezett Tansz\u00e9k\u201d alakul a HACS k\u00f6zpontj\u00e1ban","date":"2013-01-31","format":false,"excerpt":"Az eddigi t\u00f6bb \u00e9ves szakmai egy\u00fcttm\u0171k\u00f6d\u00e9s kisz\u00e9les\u00edt\u00e9sek\u00e9nt a Debreceni Egyetem Agr\u00e1r- \u00e9s Gazd\u00e1lkod\u00e1studom\u00e1nyok Centruma, Mez\u0151gazdas\u00e1gi-, \u00c9lelmiszertudom\u00e1nyi \u00e9s K\u00f6rnyezetgazd\u00e1lkod\u00e1si Kar \u00e9s B\u00fckk-T\u00e9rs\u00e9gi LEADER Egyes\u00fclet az Egyes\u00fclet 2013. janu\u00e1r 24-i k\u00f6zgy\u0171l\u00e9se keret\u00e9ben, sajt\u00f3nyilv\u00e1noss\u00e1g mellett meg\u00e1llapod\u00e1st k\u00f6t\u00f6ttek \u201eMeg\u00fajul\u00f3 Energiaforr\u00e1s Kihelyezett Tansz\u00e9k\u201d l\u00e9trehoz\u00e1s\u00e1ra.A B\u00fckkaranyosra kihelyezett tansz\u00e9k r\u00e9szt vesz a Debreceni Egyetem MSc szakos hallgat\u00f3inak\u2026","rel":"","context":"In &quot;Eredm\u00e9nyeink&quot;","img":{"alt_text":"Debreceni Egyetem","src":"https:\/\/i1.wp.com\/bukkleader.hu\/old\/wp-content\/uploads\/2015\/08\/384-9-debreceni-egyetem-logo.jpg?resize=350%2C200&ssl=1","width":350,"height":200},"classes":[]},{"id":418,"url":"https:\/\/bukkleader.hu\/old\/egyetemi-dualis-kepzes-gyakorlati-kepzese-indulhat-a-bukk-tersegi-leader-egyesuletnel\/","url_meta":{"origin":342,"position":2},"title":"Egyetemi du\u00e1lis k\u00e9pz\u00e9s gyakorlati k\u00e9pz\u00e9se indulhat a B\u00fckk-T\u00e9rs\u00e9gi LEADER Egyes\u00fcletn\u00e9l","date":"2015-02-11","format":false,"excerpt":"A B\u00fckk-T\u00e9rs\u00e9gi LEADER Egyes\u00fclet \u00fagy is, mint a Debreceni Egyetem Mez\u0151gazdas\u00e1g-, \u00c9lelmiszertudom\u00e1nyi \u00e9s K\u00f6rnyezetgazd\u00e1lkod\u00e1si Kar\u00e1nak (DE-M\u00c9K) Meg\u00fajul\u00f3 Energiaforr\u00e1s Kihelyezett Tansz\u00e9ke egy\u00fcttm\u0171k\u00f6d\u00e9si meg\u00e1llapod\u00e1st k\u00f6t\u00f6tt a Debreceni Egyetemmel du\u00e1lis k\u00e9pz\u00e9s gyakorlati k\u00e9pz\u00e9s\u00e9nek biztos\u00edt\u00e1s\u00e1r\u00f3l.A meg\u00e1llapod\u00e1s beny\u00fajt\u00e1sra ker\u00fclt a Du\u00e1lis K\u00e9pz\u00e9si Tan\u00e1cshoz, mely azt elfogadta \u2013 a du\u00e1lis k\u00e9pz\u00e9s gyakorlati k\u00e9pz\u00e9s\u00e9nek ind\u00edt\u00e1sa a ter\u00fclet\u00fcnk\u00f6n\u2026","rel":"","context":"In &quot;H\u00edreink, k\u00f6zlem\u00e9nyeink&quot;","img":{"alt_text":"Debreceni Egyetem","src":"https:\/\/i1.wp.com\/bukkleader.hu\/old\/wp-content\/uploads\/2015\/08\/384-9-debreceni-egyetem-logo.jpg?resize=350%2C200&ssl=1","width":350,"height":200},"classes":[]},{"id":106,"url":"https:\/\/bukkleader.hu\/old\/2013-januar-01-2013-marcius-31-idoszak\/","url_meta":{"origin":342,"position":3},"title":"2013. janu\u00e1r 01. &#8211; 2013. m\u00e1rcius 31. id\u0151szak","date":"2013-04-01","format":false,"excerpt":"A B\u00fckk-T\u00e9rs\u00e9gi LEADER Egyes\u00fclet munkaszervezet\u00e9nek legfontosabb feladatai a 2013.01.01. \u2013 03.31. id\u0151szakban a HACS-hoz be\u00e9rkezett EMVA III. falumeg\u00faj\u00edt\u00e1s \u00e9s \u2013fejleszt\u00e9s p\u00e1ly\u00e1zatok \u00fcgyint\u00e9z\u00e9se, a szakmai kapcsolat\u00e9p\u00edt\u00e9s \u00e9s az 2014-2020 id\u0151szak EU-s tervez\u00e9s\u00e9vel kapcsolatos egyeztet\u00e9seken val\u00f3 r\u00e9szv\u00e9tel voltak.A vid\u00e9kfejleszt\u00e9si k\u00f6z\u00f6ss\u00e9g min\u00e9l sz\u00e9lesebb k\u00f6r\u0171 t\u00e1j\u00e9koztat\u00e1sa \u00e9rdek\u00e9ben a t\u00e1mogat\u00e1si id\u0151szakban t\u00f6bb szakmai f\u00f3rumot tartottunk,\u2026","rel":"","context":"In &quot;Munkabesz\u00e1mol\u00f3k&quot;","img":{"alt_text":"","src":"","width":0,"height":0},"classes":[]},{"id":99,"url":"https:\/\/bukkleader.hu\/old\/2012-majus-01-2012-junius-30-idoszak\/","url_meta":{"origin":342,"position":4},"title":"2012. m\u00e1jus 01. \u2013 2012. j\u00fanius 30. id\u0151szak","date":"2012-07-01","format":false,"excerpt":"A B\u00fckk-T\u00e9rs\u00e9gi LEADER Egyes\u00fclet az IH \u00e1ltal 2012. m\u00e1jus 1-i hat\u00e1llyal LEADER Helyi Akci\u00f3csoportk\u00e9nt elismer\u00e9sre ker\u00fclt \u00e9s \u00e1tvette a LEADER p\u00e1ly\u00e1zatokkal kapcsolatos feladatokat a B\u00dcKK-MAK LEADER Nonprofit Kft.-t\u0151l. Az Egyes\u00fclet a k\u00f6zgy\u0171l\u00e9s d\u00f6nt\u00e9se szerint saj\u00e1t munkaszervezetet alak\u00edtott, melyben a kor\u00e1bbi HACS munkat\u00e1rsai (\u00f6sszesen 8 f\u0151) a meg\u00e1llapod\u00e1ssal haszn\u00e1latba vett eszk\u00f6z\u00e1llom\u00e1nnyal,\u2026","rel":"","context":"In &quot;Munkabesz\u00e1mol\u00f3k&quot;","img":{"alt_text":"","src":"","width":0,"height":0},"classes":[]},{"id":308,"url":"https:\/\/bukkleader.hu\/old\/az-emva-iv-leader-program-harmadik-benyujtasi-korenek-koncepcioja\/","url_meta":{"origin":342,"position":5},"title":"Az EMVA IV. LEADER Program harmadik beny\u00fajt\u00e1si k\u00f6r\u00e9nek koncepci\u00f3ja","date":"2013-02-19","format":false,"excerpt":"2013. tavasz\u00e1t\u00f3l, a Dar\u00e1nyi Ign\u00e1c Terv \u2013 \u00daj Magyarorsz\u00e1g Vid\u00e9kfejleszt\u00e9si Program keret\u00e9ben \u00fajabb EMVA IV. - LEADER vid\u00e9kfejleszt\u00e9si t\u00e1mogat\u00e1sok elnyer\u00e9s\u00e9re ny\u00edlnak lehet\u0151s\u00e9gek.A B\u00fckk-T\u00e9rs\u00e9gi LEADER Egyes\u00fclet ter\u00fclet\u00e9r\u0151l a Helyi Vid\u00e9kfejleszt\u00e9si Strat\u00e9gia k\u00f6z\u00f6s fel\u00fclvizsg\u00e1lata sor\u00e1n kialak\u00edtand\u00f3 LEADER c\u00e9lter\u00fcletekre ny\u00fajthat\u00f3k be p\u00e1ly\u00e1zatok. A program v\u00e9grehajt\u00e1s\u00e1ban az Ir\u00e1ny\u00edt\u00f3 Hat\u00f3s\u00e1g el\u0151zetes t\u00e1j\u00e9koztat\u00e1sa szerint az al\u00e1bbi\u2026","rel":"","context":"In &quot;H\u00edreink, k\u00f6zlem\u00e9nyeink&quot;","img":{"alt_text":"bukk-leader-logo-w","src":"https:\/\/i2.wp.com\/bukkleader.hu\/old\/wp-content\/uploads\/2015\/09\/bukk-leader-logo-w.jpg?resize=350%2C200&ssl=1","width":350,"height":200},"classes":[]}],"_links":{"self":[{"href":"https:\/\/bukkleader.hu\/old\/wp-json\/wp\/v2\/posts\/342"}],"collection":[{"href":"https:\/\/bukkleader.hu\/old\/wp-json\/wp\/v2\/posts"}],"about":[{"href":"https:\/\/bukkleader.hu\/old\/wp-json\/wp\/v2\/types\/post"}],"author":[{"embeddable":true,"href":"https:\/\/bukkleader.hu\/old\/wp-json\/wp\/v2\/users\/1"}],"replies":[{"embeddable":true,"href":"https:\/\/bukkleader.hu\/old\/wp-json\/wp\/v2\/comments?post=342"}],"version-history":[{"count":1,"href":"https:\/\/bukkleader.hu\/old\/wp-json\/wp\/v2\/posts\/342\/revisions"}],"predecessor-version":[{"id":344,"href":"https:\/\/bukkleader.hu\/old\/wp-json\/wp\/v2\/posts\/342\/revisions\/344"}],"wp:featuredmedia":[{"embeddable":true,"href":"https:\/\/bukkleader.hu\/old\/wp-json\/wp\/v2\/media\/343"}],"wp:attachment":[{"href":"https:\/\/bukkleader.hu\/old\/wp-json\/wp\/v2\/media?parent=342"}],"wp:term":[{"taxonomy":"category","embeddable":true,"href":"https:\/\/bukkleader.hu\/old\/wp-json\/wp\/v2\/categories?post=342"},{"taxonomy":"post_tag","embeddable":true,"href":"https:\/\/bukkleader.hu\/old\/wp-json\/wp\/v2\/tags?post=342"}],"curies":[{"name":"wp","href":"https:\/\/api.w.org\/{rel}","templated":true}]}}