{"id":340,"date":"2013-09-24T14:29:19","date_gmt":"2013-09-24T12:29:19","guid":{"rendered":"https:\/\/bukkleader.hu\/old\/new\/?p=340"},"modified":"2015-09-22T14:31:58","modified_gmt":"2015-09-22T12:31:58","slug":"ujra-leader-palyazati-idoszak","status":"publish","type":"post","link":"https:\/\/bukkleader.hu\/old\/ujra-leader-palyazati-idoszak\/","title":{"rendered":"\u00daJRA LEADER P\u00c1LY\u00c1ZATI ID\u0150SZAK!"},"content":{"rendered":"<p class=\"style6\" style=\"text-align: justify;\"><strong class=\"style212\">FIGYELEM! A VID\u00c9KFEJLESZT\u00c9SI MINISZT\u00c9RIUM T\u00daLIG\u00c9NYL\u00c9S MIATT ISM\u00c9TELTEN FELF\u00dcGGESZTETTE A LEADER P\u00c1LY\u00c1ZATOK BENY\u00daJT\u00c1S\u00c1T A SZOLG\u00c1LTAT\u00c1SFEJLESZT\u00c9S KATEG\u00d3RI\u00c1BAN.<\/strong><\/p>\n<p class=\"style6\" style=\"text-align: justify;\"><!--more--><br \/>A VID\u00c9KFEJLESZT\u00c9SI MINISZT\u00c9RIUM (VM), MINT AZ EMVA IR\u00c1NY\u00cdT\u00d3 HAT\u00d3S\u00c1G\u00c1NAK <a href=\"http:\/\/www.kormany.hu\/download\/d\/f2\/01000\/B%C3%9CKK-T%C3%89RS%C3%89GI_SZF.pdf#!DocumentBrowse\" target=\"_blank\">240\/2013. (IX. 23.) SZ\u00c1M\u00da K\u00d6ZLEM\u00c9NYE<\/a> SZERINT 2013.09.24-\u00c9N REGGEL 08:00 \u00d3R\u00c1T\u00d3L \u00daJRA LEHET P\u00c1LY\u00c1ZATOT BENY\u00daJTANI A LEADER INT\u00c9ZKED\u00c9SEINK MEGVAL\u00d3S\u00cdT\u00c1S\u00c1RA, SZOLG\u00c1LTAT\u00c1SFEJLESZT\u00c9S PROJEKT KATEG\u00d3RI\u00c1BAN.<\/p>\n<p class=\"style6\" style=\"text-align: justify;\">A HACS az el\u0151p\u00e1ly\u00e1zati szakaszban szolg\u00e1ltat\u00e1sfejleszt\u00e9snek tekintette az al\u00e1bbi int\u00e9zked\u00e9sekre beny\u00fajtott projektjavaslatokat, \u00edgy jelenleg csak ezen int\u00e9zked\u00e9sek p\u00e1ly\u00e1zhat\u00f3k:<\/p>\n<ul class=\"style212\" style=\"text-align: justify; list-style-type: circle;\">\n<li class=\"style6\"><em>1. sz. int\u00e9zked\u00e9s: <\/em><strong>Helyt\u00f6rt\u00e9neti \u00e9s helyi szakmai gy\u0171jtem\u00e9nyek infrastrukt\u00far\u00e1j\u00e1nak fejleszt\u00e9se.<\/strong><\/li>\n<li class=\"style6\"><em>2. sz. int\u00e9zked\u00e9s: <\/em><strong>Helyi K\u00f6z\u00f6ss\u00e9gi Konyh\u00e1k fejleszt\u00e9se helyi term\u00e9k- \u00e9s meg\u00fajul\u00f3 energia b\u00e1zison.<\/strong><\/li>\n<li class=\"style6\"><em>8. sz. int\u00e9zked\u00e9s: <\/em><strong>K\u00f6z\u00f6ss\u00e9gi K\u00fatf\u00far\u00f3 Berendez\u00e9s beszerz\u00e9s\u00e9nek t\u00e1mogat\u00e1sa.<\/strong><\/li>\n<li class=\"style6\"><em>9. sz. int\u00e9zked\u00e9s:<\/em><strong> \u00d6kok\u00f6zleked\u00e9s \u00e9s \u00e1llom\u00e1sainak fejleszt\u00e9se.<\/strong><\/li>\n<li class=\"style6\"><em>10. sz. int\u00e9zked\u00e9s:<\/em><strong> Kreat\u00edv LEADER Ifi Parkok kialak\u00edt\u00e1sa.<\/strong><\/li>\n<li class=\"style6\"><em>11. sz. int\u00e9zked\u00e9s:<\/em><strong> LEADER \u201eNatura Sanat\u201d k\u00f6zpontok kialak\u00edt\u00e1sa.<\/strong><\/li>\n<li class=\"style6\"><em>13. sz. int\u00e9zked\u00e9s: <\/em><strong>LEADER rendezv\u00e9nyek t\u00e1mogat\u00e1sa.<\/strong><\/li>\n<li class=\"style6\"><em>14. sz. int\u00e9zked\u00e9s:<\/em><strong> LEADER rendezv\u00e9nyek infrastrukt\u00far\u00e1j\u00e1nak fejleszt\u00e9se.<\/strong><\/li>\n<li class=\"style6\"><em>15. sz. int\u00e9zked\u00e9s:<\/em><strong> RES b\u00e1zis\u00fa tiszt\u00e1lkod\u00f3 helyek fejleszt\u00e9se.<\/strong><\/li>\n<li class=\"style6\"><em>16. sz. int\u00e9zked\u00e9s: <\/em><strong>A term\u00e9szeti \u00e9rt\u00e9keink dokument\u00e1l\u00e1s\u00e1nak t\u00e1mogat\u00e1sa.<\/strong><\/li>\n<li class=\"style6\"><em>17. sz. int\u00e9zked\u00e9s: <\/em><strong>LEADER Kultur\u00e1lis M\u0171helyek kialak\u00edt\u00e1sa.<\/strong><\/li>\n<li class=\"style6\"><em>18. sz. int\u00e9zked\u00e9s: <\/em><strong>A HVS megval\u00f3s\u00edt\u00e1s\u00e1t el\u0151seg\u00edt\u0151 tanulm\u00e1nyok elk\u00e9sz\u00edt\u00e9s\u00e9nek t\u00e1mogat\u00e1sa.<\/strong><\/li>\n<\/ul>\n<p class=\"style6\" style=\"text-align: justify;\">Tekintettel a k\u00f6z\u00f6ss\u00e9g\u00fcnk LEADER forr\u00e1skeret lek\u00f6t\u00f6tts\u00e9g\u00e9re, els\u0151sorban azoknak javasoljunk a p\u00e1ly\u00e1zat beny\u00fajt\u00e1s\u00e1t, akik a 2013. j\u00fanius 17-\u00e9n, 08:00 \u00f3rakor megnyitott \u00e9s este 20:00 \u00f3rakor lez\u00e1rt elektronikus p\u00e1ly\u00e1zat beny\u00fajt\u00e1si id\u0151szakban <strong class=\"style212\">lemaradtak a lehet\u0151s\u00e9gr\u0151l, vagy a beny\u00fajt\u00e1s ut\u00e1n visszavont\u00e1k p\u00e1ly\u00e1zatukat, de a Helyi B\u00edr\u00e1l\u00f3 Bizotts\u00e1g (HBB) \u00e1ltal t\u00e1mogatott projektjavaslattal \u00e9s k\u00e9sz p\u00e1ly\u00e1zattal rendelkeznek<\/strong>.<br \/>Felh\u00edvjuk a figyelmet, hogy a fenti p\u00e1ly\u00e1z\u00f3k figyeljenek oda a<strong class=\"style6\"> lej\u00e1rt \u00e9rv\u00e9nyess\u00e9g\u0171 mell\u00e9kletek friss\u00edt\u00e9s\u00e9re<\/strong>.<br \/>A p\u00e1ly\u00e1zatok beny\u00fajt\u00e1s\u00e1val kapcsolatos inform\u00e1ci\u00f3k az al\u00e1bbi, jelen k\u00f6zlem\u00e9ny alatt tal\u00e1lhat\u00f3 k\u00e9t k\u00f6zlem\u00e9ny\u00fcnkben megtal\u00e1lhat\u00f3k. <strong class=\"style6\">K\u00e9rd\u00e9s eset\u00e9n a vid\u00e9kfejleszt\u00e9si LEADER k\u00f6z\u00f6ss\u00e9g\u00fcnk munkaszervezete a p\u00e1ly\u00e1z\u00f3k sz\u00edves rendelkez\u00e9s\u00e9re \u00e1ll, a szok\u00e1sos el\u00e9rhet\u0151s\u00e9geken<\/strong> (46\/576-280,\u00a0<a href=\"mailto:hacs@bukkleader.hu\" target=\"_blank\">hacs@bukkleader.hu<\/a>). Kapcsol\u00f3d\u00f3 let\u00f6lt\u00e9sek:<\/p>\n<ol>\n<li class=\"style6\" style=\"text-align: justify;\"><a href=\"http:\/\/www.kormany.hu\/download\/d\/f2\/01000\/B%C3%9CKK-T%C3%89RS%C3%89GI_SZF.pdf#!DocumentBrowse\" target=\"_blank\">240\/2013. IH k\u00f6zlem\u00e9ny &gt;&gt;<\/a><\/li>\n<li class=\"style6\" style=\"text-align: justify;\"><a href=\"https:\/\/bukkleader.hu\/old\/downloads\/leader_intezkedesi_terv_vegleges.pdf\" target=\"_blank\">LEADER Int\u00e9zked\u00e9si Terv &gt;&gt;<\/a><\/li>\n<li class=\"style6\" style=\"text-align: justify;\"><a href=\"http:\/\/jab.complex.hu\/doc.php?docid=WKHU-QJ-XML-000000A1300035VM&amp;hely=23\" target=\"_blank\">Helyi Vid\u00e9kfejleszt\u00e9si Strat\u00e9gi\u00e1k LEADER fejezet\u00e9nek v\u00e9grehajt\u00e1s\u00e1hoz 2013-ban ny\u00fajtand\u00f3 t\u00e1mogat\u00e1sok r\u00e9szletes felt\u00e9teleir\u0151l sz\u00f3l\u00f3 35\/2013. (V. 22.) VM rendelet &gt;&gt;<\/a><\/li>\n<\/ol>\n<div class=\"sharedaddy sd-sharing-enabled\"><div class=\"robots-nocontent sd-block sd-social sd-social-icon sd-sharing\"><h3 class=\"sd-title\">Share this:<\/h3><div class=\"sd-content\"><ul><li class=\"share-facebook\"><a rel=\"nofollow noopener noreferrer\" data-shared=\"sharing-facebook-340\" class=\"share-facebook sd-button share-icon no-text\" href=\"https:\/\/bukkleader.hu\/old\/ujra-leader-palyazati-idoszak\/?share=facebook\" target=\"_blank\" title=\"Click to share on Facebook\"><span><\/span><span class=\"sharing-screen-reader-text\">Click to share on Facebook (Opens in new window)<\/span><\/a><\/li><li class=\"share-twitter\"><a rel=\"nofollow noopener noreferrer\" data-shared=\"sharing-twitter-340\" class=\"share-twitter sd-button share-icon no-text\" href=\"https:\/\/bukkleader.hu\/old\/ujra-leader-palyazati-idoszak\/?share=twitter\" target=\"_blank\" title=\"Click to share on Twitter\"><span><\/span><span class=\"sharing-screen-reader-text\">Click to share on Twitter (Opens in new window)<\/span><\/a><\/li><li class=\"share-print\"><a rel=\"nofollow noopener noreferrer\" data-shared=\"\" class=\"share-print sd-button share-icon no-text\" href=\"https:\/\/bukkleader.hu\/old\/ujra-leader-palyazati-idoszak\/\" target=\"_blank\" title=\"Click to print\"><span><\/span><span class=\"sharing-screen-reader-text\">Click to print (Opens in new window)<\/span><\/a><\/li><li class=\"share-email\"><a rel=\"nofollow noopener noreferrer\" data-shared=\"\" class=\"share-email sd-button share-icon no-text\" href=\"https:\/\/bukkleader.hu\/old\/ujra-leader-palyazati-idoszak\/?share=email\" target=\"_blank\" title=\"Click to email this to a friend\"><span><\/span><span class=\"sharing-screen-reader-text\">Click to email this to a friend (Opens in new window)<\/span><\/a><\/li><li class=\"share-end\"><\/li><\/ul><\/div><\/div><\/div>","protected":false},"excerpt":{"rendered":"<p>FIGYELEM! A VID\u00c9KFEJLESZT\u00c9SI MINISZT\u00c9RIUM T\u00daLIG\u00c9NYL\u00c9S MIATT ISM\u00c9TELTEN FELF\u00dcGGESZTETTE A LEADER P\u00c1LY\u00c1ZATOK BENY\u00daJT\u00c1S\u00c1T A SZOLG\u00c1LTAT\u00c1SFEJLESZT\u00c9S KATEG\u00d3RI\u00c1BAN.<\/p>\n<div class=\"sharedaddy sd-sharing-enabled\"><div class=\"robots-nocontent sd-block sd-social sd-social-icon sd-sharing\"><h3 class=\"sd-title\">Share this:<\/h3><div class=\"sd-content\"><ul><li class=\"share-facebook\"><a rel=\"nofollow noopener noreferrer\" data-shared=\"sharing-facebook-340\" class=\"share-facebook sd-button share-icon no-text\" href=\"https:\/\/bukkleader.hu\/old\/ujra-leader-palyazati-idoszak\/?share=facebook\" target=\"_blank\" title=\"Click to share on Facebook\"><span><\/span><span class=\"sharing-screen-reader-text\">Click to share on Facebook (Opens in new window)<\/span><\/a><\/li><li class=\"share-twitter\"><a rel=\"nofollow noopener noreferrer\" data-shared=\"sharing-twitter-340\" class=\"share-twitter sd-button share-icon no-text\" href=\"https:\/\/bukkleader.hu\/old\/ujra-leader-palyazati-idoszak\/?share=twitter\" target=\"_blank\" title=\"Click to share on Twitter\"><span><\/span><span class=\"sharing-screen-reader-text\">Click to share on Twitter (Opens in new window)<\/span><\/a><\/li><li class=\"share-print\"><a rel=\"nofollow noopener noreferrer\" data-shared=\"\" class=\"share-print sd-button share-icon no-text\" href=\"https:\/\/bukkleader.hu\/old\/ujra-leader-palyazati-idoszak\/\" target=\"_blank\" title=\"Click to print\"><span><\/span><span class=\"sharing-screen-reader-text\">Click to print (Opens in new window)<\/span><\/a><\/li><li class=\"share-email\"><a rel=\"nofollow noopener noreferrer\" data-shared=\"\" class=\"share-email sd-button share-icon no-text\" href=\"https:\/\/bukkleader.hu\/old\/ujra-leader-palyazati-idoszak\/?share=email\" target=\"_blank\" title=\"Click to email this to a friend\"><span><\/span><span class=\"sharing-screen-reader-text\">Click to email this to a friend (Opens in new window)<\/span><\/a><\/li><li class=\"share-end\"><\/li><\/ul><\/div><\/div><\/div>","protected":false},"author":1,"featured_media":291,"comment_status":"open","ping_status":"closed","sticky":false,"template":"","format":"standard","meta":{"_bbp_topic_count":0,"_bbp_reply_count":0,"_bbp_total_topic_count":0,"_bbp_total_reply_count":0,"_bbp_voice_count":0,"_bbp_anonymous_reply_count":0,"_bbp_topic_count_hidden":0,"_bbp_reply_count_hidden":0,"_bbp_forum_subforum_count":0,"spay_email":"","jetpack_publicize_message":"","jetpack_is_tweetstorm":false,"jetpack_publicize_feature_enabled":true},"categories":[1],"tags":[],"jetpack_featured_media_url":"https:\/\/bukkleader.hu\/old\/wp-content\/uploads\/2015\/09\/bukk-leader-logo-w.jpg","jetpack_publicize_connections":[],"jetpack_sharing_enabled":true,"jetpack-related-posts":[{"id":325,"url":"https:\/\/bukkleader.hu\/old\/leader-palyazati-lehetosegek-2013\/","url_meta":{"origin":340,"position":0},"title":"LEADER P\u00c1LY\u00c1ZATI LEHET\u0150S\u00c9GEK 2013.","date":"2013-06-06","format":false,"excerpt":"FIGYELEM! MEGJELENT AZ EMVA T\u00c1RSFINANSZ\u00cdROZ\u00c1S\u00da INT\u00c9ZKED\u00c9SEK IR\u00c1NY\u00cdT\u00d3 HAT\u00d3S\u00c1G\u00c1NAK K\u00d6ZLEM\u00c9NYE A LEADER PROGRAM HARMADIK, 2013-BAN MEGHIRDETETT P\u00c1LY\u00c1ZATI K\u00d6R\u00c9HEZ KAPCSOL\u00d3D\u00d3 LEADER INT\u00c9ZKED\u00c9SI TERVEK K\u00d6ZZ\u00c9T\u00c9TEL\u00c9R\u0150L, MELY ALAPJ\u00c1N A B\u00dcKK-T\u00c9RS\u00c9GI LEADER EGYES\u00dcLETHEZ BENY\u00daJTHAT\u00d3K A PROJEKT ADATLAPOK.A B\u00fckk-T\u00e9rs\u00e9gi LEADER Egyes\u00fclet (HACS) k\u00f6zgy\u0171l\u00e9se \u00e1ltal j\u00f3v\u00e1hagyott int\u00e9zked\u00e9seket (fejleszt\u00e9si t\u00e9m\u00e1kat), valamint az el\u0151p\u00e1ly\u00e1zati szakaszra vonatkoz\u00f3 r\u00e9szletes t\u00e1mogat\u00e1si felt\u00e9teleket\u2026","rel":"","context":"In &quot;H\u00edreink, k\u00f6zlem\u00e9nyeink&quot;","img":{"alt_text":"bukk-leader-logo-w","src":"https:\/\/i2.wp.com\/bukkleader.hu\/old\/wp-content\/uploads\/2015\/09\/bukk-leader-logo-w.jpg?resize=350%2C200&ssl=1","width":350,"height":200},"classes":[]},{"id":178,"url":"https:\/\/bukkleader.hu\/old\/vallalkozas-fejlesztesi-palyazati-lehetosegek\/","url_meta":{"origin":340,"position":1},"title":"V\u00e1llalkoz\u00e1s-fejleszt\u00e9si p\u00e1ly\u00e1zati lehet\u0151s\u00e9gek","date":"2012-06-09","format":false,"excerpt":"T\u00e1j\u00e9koztat\u00e1s EMVA \u00e9s GOP v\u00e1llalkoz\u00e1s-fejleszt\u00e9si p\u00e1ly\u00e1zati lehet\u0151s\u00e9gekr\u0151lA Vid\u00e9kfejleszt\u00e9si Miniszt\u00e9rium t\u00e1j\u00e9koztat\u00e1sa szerint 2012-ben az EMVA-b\u00f3l t\u00e1rsfinansz\u00edroz\u00e1ssal megval\u00f3sul\u00f3 \u201eMikrov\u00e1llalkoz\u00e1sok l\u00e9trehoz\u00e1sa \u00e9s fejleszt\u00e9se\u201d int\u00e9zked\u00e9s utolj\u00e1ra ker\u00fcl kihirdet\u00e9sre a 2007-2013-as id\u0151szakban, a beny\u00fajt\u00e1si id\u0151szak v\u00e9g\u00e9n a jogc\u00edm lez\u00e1rul. A t\u00e1mogat\u00e1si jogc\u00edm beny\u00fajt\u00e1si id\u0151szaka 2012. j\u00fanius 1-30-ig tart. Ezt k\u00f6vet\u0151en az \u00daj Sz\u00e9chenyi Terv keret\u00e9ben\u2026","rel":"","context":"In &quot;H\u00edreink, k\u00f6zlem\u00e9nyeink&quot;","img":{"alt_text":"inform\u00e1ci\u00f3","src":"https:\/\/i1.wp.com\/bukkleader.hu\/old\/wp-content\/uploads\/2012\/06\/info384w.jpg?resize=350%2C200&ssl=1","width":350,"height":200},"classes":[]},{"id":317,"url":"https:\/\/bukkleader.hu\/old\/felhivas-a-helyi-videkfejlesztesi-strategia-felulvizsgalataban-valo-reszvetelre\/","url_meta":{"origin":340,"position":2},"title":"FELH\u00cdV\u00c1S a Helyi Vid\u00e9kfejleszt\u00e9si Strat\u00e9gia fel\u00fclvizsg\u00e1lat\u00e1ban val\u00f3 r\u00e9szv\u00e9telre","date":"2013-03-27","format":false,"excerpt":"A B\u00fckk-T\u00e9rs\u00e9gi LEADER Egyes\u00fclet a Vid\u00e9kfejleszt\u00e9si Miniszt\u00e9rium el\u0151\u00edr\u00e1sai alapj\u00e1n a 2013. m\u00e1rcius 26. - 2013. \u00e1prilis 05. id\u0151szakban meghirdeti a Helyi Vid\u00e9kfejleszt\u00e9si Strat\u00e9gia (HVS) 2013. \u00e9vi fel\u00fclvizsg\u00e1lat\u00e1t. A fel\u00fclvizsg\u00e1lat c\u00e9lja a LEADER III. t\u00e1mogat\u00e1si id\u0151szak\u00e1nak el\u0151k\u00e9sz\u00edt\u00e9se, mely el\u0151rel\u00e1that\u00f3lag 2013. m\u00e1jus h\u00f3napban indul (projektjavaslatok beny\u00fajt\u00e1s\u00e1val).Tov\u00e1bb:\u00a0a TELJES FELH\u00cdV\u00c1S LET\u00d6LT\u00c9SE WORD FORM\u00c1TUMBAN >>Mell\u00e9kletek:HPME\u2026","rel":"","context":"In &quot;H\u00edreink, k\u00f6zlem\u00e9nyeink&quot;","img":{"alt_text":"felki\u00e1llt\u00f3 jel","src":"https:\/\/i0.wp.com\/bukkleader.hu\/old\/wp-content\/uploads\/2012\/06\/felkialto-jel384w.jpg?resize=350%2C200&ssl=1","width":350,"height":200},"classes":[]},{"id":315,"url":"https:\/\/bukkleader.hu\/old\/indul-a-leader-iii-tamogatasi-idoszaka\/","url_meta":{"origin":340,"position":3},"title":"Indul a LEADER III. t\u00e1mogat\u00e1si id\u0151szaka","date":"2013-03-26","format":false,"excerpt":"A Vid\u00e9kfejleszt\u00e9si Miniszt\u00e9rium harmadszor is megnyitja a LEADER Program p\u00e1ly\u00e1zat\u00e1t. A p\u00e1ly\u00e1z\u00f3k a LEADER k\u00f6z\u00f6ss\u00e9gi vagy v\u00e1llalkoz\u00e1si c\u00e9l\u00fa helyi fejleszt\u00e9seikhez 2013. m\u00e1just\u00f3l a forr\u00e1s kimer\u00fcl\u00e9s\u00e9ig, de legk\u00e9s\u0151bb 2013. \u0151sz\u00e9igegyszer\u0171bb felt\u00e9telekkel ig\u00e9nyelhetnek t\u00e1mogat\u00e1st.A rendelkez\u00e9sre \u00e1ll\u00f3 forr\u00e1sok hat\u00e9kony felhaszn\u00e1l\u00e1sa \u00e9rdek\u00e9ben a t\u00e1rca egyszer\u0171s\u00edtette \u00e9s gyors\u00edtotta a p\u00e1ly\u00e1zati elj\u00e1r\u00e1st. Az egyszer\u0171s\u00edt\u00e9ssel megsz\u0171ntek a\u2026","rel":"","context":"In &quot;H\u00edreink, k\u00f6zlem\u00e9nyeink&quot;","img":{"alt_text":"bukk-leader-logo-w","src":"https:\/\/i2.wp.com\/bukkleader.hu\/old\/wp-content\/uploads\/2015\/09\/bukk-leader-logo-w.jpg?resize=350%2C200&ssl=1","width":350,"height":200},"classes":[]},{"id":327,"url":"https:\/\/bukkleader.hu\/old\/leader-palyazati-idoszak-2013\/","url_meta":{"origin":340,"position":4},"title":"LEADER P\u00c1LY\u00c1ZATI ID\u0150SZAK 2013.","date":"2013-06-18","format":false,"excerpt":"FIGYELEM! A VID\u00c9KFEJLESZT\u00c9SI MINISZT\u00c9RIUM A 62\/2013. (VI. 17.) \u00c9S 63\/2013. (VI. 17.) SZ\u00c1M\u00da K\u00d6ZLEM\u00c9NYEIVEL, 2013. J\u00daNIUS 17., 20:00 \u00d3R\u00c1T\u00d3L KEZD\u0150D\u0150EN, FORR\u00c1SKIMER\u00dcL\u00c9SRE VAL\u00d3 TEKINTETTEL FELF\u00dcGGESZTETTE A LEADER P\u00c1LY\u00c1ZATOK BENY\u00daJT\u00c1SI ID\u0150SZAK\u00c1T A B\u00dcKK-T\u00c9RS\u00c9GI LEADER EGYES\u00dcLET HACS TER\u00dcLET\u00c9N. A VM k\u00f6zlem\u00e9nyei let\u00f6lthet\u0151k a kormany.hu weboldalr\u00f3l, az al\u00e1bbi linkekr\u0151l:62\/2013. IH k\u00f6zlem\u00e9ny >>63\/2013. IH k\u00f6zlem\u00e9ny\u2026","rel":"","context":"In &quot;H\u00edreink, k\u00f6zlem\u00e9nyeink&quot;","img":{"alt_text":"bukk-leader-logo-w","src":"https:\/\/i2.wp.com\/bukkleader.hu\/old\/wp-content\/uploads\/2015\/09\/bukk-leader-logo-w.jpg?resize=350%2C200&ssl=1","width":350,"height":200},"classes":[]},{"id":2183,"url":"https:\/\/bukkleader.hu\/old\/a-mult-jelen-es-a-jovo-mestersegeinek-fejlesztese-cimu-intezkedesunk-nyertes-palyazoinak-figyelmebe\/","url_meta":{"origin":340,"position":5},"title":"&#8220;A m\u00falt, jelen, \u00e9s a j\u00f6v\u0151 mesters\u00e9geinek fejleszt\u00e9se&#8221; c\u00edm\u0171 int\u00e9zked\u00e9s\u00fcnk nyertes p\u00e1ly\u00e1z\u00f3inak figyelm\u00e9be!","date":"2019-08-13","format":false,"excerpt":"\"A m\u00falt, jelen, \u00e9s a j\u00f6v\u0151 mesters\u00e9geinek fejleszt\u00e9se\" (VP6-19.2.1.-15-5-17) c\u00edmmel ki\u00edrt helyi felh\u00edv\u00e1sunk nyertes p\u00e1ly\u00e1z\u00f3i a t\u00e1mogat\u00e1si k\u00e9relem 6. sz\u00e1m\u00fa mell\u00e9klet\u00e9ben v\u00e1llalt\u00e1k, hogy a t\u00e1mogat\u00e1ssal \u00e9rintett term\u00e9keikkel\/szolg\u00e1ltat\u00e1saikkal vagy azok n\u00e9pszer\u0171s\u00edt\u00e9s\u00e9vel r\u00e9szt vesznek LEADER Tudomka programokon 2 vagy 3 alkalommal (a p\u00e1ly\u00e1z\u00f3 egy\u00e9ni v\u00e1llal\u00e1s\u00e1t\u00f3l f\u00fcgg\u0151en). Felh\u00edvjuk a figyelm\u00fcket, hogy ezt a\u2026","rel":"","context":"In &quot;H\u00edreink, k\u00f6zlem\u00e9nyeink&quot;","img":{"alt_text":"","src":"https:\/\/i2.wp.com\/bukkleader.hu\/old\/wp-content\/uploads\/2019\/08\/warning-icon-free-28_384x384.jpg?resize=350%2C200&ssl=1","width":350,"height":200},"classes":[]}],"_links":{"self":[{"href":"https:\/\/bukkleader.hu\/old\/wp-json\/wp\/v2\/posts\/340"}],"collection":[{"href":"https:\/\/bukkleader.hu\/old\/wp-json\/wp\/v2\/posts"}],"about":[{"href":"https:\/\/bukkleader.hu\/old\/wp-json\/wp\/v2\/types\/post"}],"author":[{"embeddable":true,"href":"https:\/\/bukkleader.hu\/old\/wp-json\/wp\/v2\/users\/1"}],"replies":[{"embeddable":true,"href":"https:\/\/bukkleader.hu\/old\/wp-json\/wp\/v2\/comments?post=340"}],"version-history":[{"count":1,"href":"https:\/\/bukkleader.hu\/old\/wp-json\/wp\/v2\/posts\/340\/revisions"}],"predecessor-version":[{"id":341,"href":"https:\/\/bukkleader.hu\/old\/wp-json\/wp\/v2\/posts\/340\/revisions\/341"}],"wp:featuredmedia":[{"embeddable":true,"href":"https:\/\/bukkleader.hu\/old\/wp-json\/wp\/v2\/media\/291"}],"wp:attachment":[{"href":"https:\/\/bukkleader.hu\/old\/wp-json\/wp\/v2\/media?parent=340"}],"wp:term":[{"taxonomy":"category","embeddable":true,"href":"https:\/\/bukkleader.hu\/old\/wp-json\/wp\/v2\/categories?post=340"},{"taxonomy":"post_tag","embeddable":true,"href":"https:\/\/bukkleader.hu\/old\/wp-json\/wp\/v2\/tags?post=340"}],"curies":[{"name":"wp","href":"https:\/\/api.w.org\/{rel}","templated":true}]}}