{"id":336,"date":"2013-09-12T14:23:09","date_gmt":"2013-09-12T12:23:09","guid":{"rendered":"https:\/\/bukkleader.hu\/old\/new\/?p=336"},"modified":"2015-09-22T14:26:46","modified_gmt":"2015-09-22T12:26:46","slug":"a-klimavaltozas-hatasainak-kezelesere-adhato-helyi-valaszok-indito-szeminarium","status":"publish","type":"post","link":"https:\/\/bukkleader.hu\/old\/a-klimavaltozas-hatasainak-kezelesere-adhato-helyi-valaszok-indito-szeminarium\/","title":{"rendered":"A kl\u00edmav\u00e1ltoz\u00e1s hat\u00e1sainak kezel\u00e9s\u00e9re adhat\u00f3 helyi v\u00e1laszok \u2013 Ind\u00edt\u00f3 szemin\u00e1rium"},"content":{"rendered":"<p style=\"text-align: justify;\">A <strong class=\"style212\">Magyarorsz\u00e1g-Szlov\u00e1kia-Rom\u00e1nia-Ukrajna ENPI Hat\u00e1ron \u00c1tny\u00fal\u00f3 Egy\u00fcttm\u0171k\u00f6d\u00e9si Program<\/strong> keret\u00e9ben megval\u00f3sul\u00f3 \u201eLOC-CLIM-ACT\u201d projekt a helyi akci\u00f3k fontoss\u00e1g\u00e1ra helyezi a hangs\u00falyt a kl\u00edmav\u00e1ltoz\u00e1s kih\u00edv\u00e1sainak kezel\u00e9s\u00e9re.<!--more-->\u00a0A projekt keret\u00e9ben a hat\u00e1rmenti r\u00e9gi\u00f3k r\u00f6vid t\u00e1v\u00fa sebezhet\u0151s\u00e9g\u00e9nek cs\u00f6kkent\u00e9s\u00e9re \u00e9s a k\u00e1rok enyh\u00edt\u00e9s\u00e9re k\u00f6z\u00f6s alkalmazkod\u00e1si int\u00e9zked\u00e9sek ker\u00fclnek meghat\u00e1roz\u00e1sra, amelyek pozit\u00edv hat\u00e1ssal lehetnek a h\u00e1ztart\u00e1sokra, a helyi k\u00f6zint\u00e9zm\u00e9nyekre, az energiaszektorra, a k\u00f6zleked\u00e9sre, az erd\u0151-, \u00e9s a v\u00edzgazd\u00e1lkod\u00e1sra \u00e9s a mez\u0151gazdas\u00e1gra egyar\u00e1nt. A nemzetk\u00f6zi egy\u00fcttm\u0171k\u00f6d\u00e9s k\u00f6z\u00f6s eredm\u00e9nyei j\u00f3 p\u00e9ldak\u00e9nt szolg\u00e1lhatnak m\u00e1s, eur\u00f3pai r\u00e9gi\u00f3k sz\u00e1m\u00e1ra is, akik a k\u00f6z\u00f6s v\u00e1laszok lehet\u0151s\u00e9geit keresik.<\/p>\n<p style=\"text-align: justify;\">Az \u00e9rintettek sz\u00e1m\u00e1ra <strong class=\"style212\">2013. szeptember 11-\u00e9n a B\u00fckk-T\u00e9rs\u00e9gi LEADER K\u00f6z\u00f6ss\u00e9g, a NISSAN \u00e9s a NORRIA k\u00f6z\u00f6s szervez\u00e9s\u00e9ben B\u0151cs\u00f6n megrendez\u00e9sre ker\u00fclt az Ind\u00edt\u00f3 szemin\u00e1rium<\/strong>, amelynek keret\u00e9ben t\u00f6bb mint 60 r\u00e9sztvev\u0151 (\u00f6nkorm\u00e1nyzatok, v\u00e1llalkoz\u00e1sok, civil szervezetek) kapott t\u00e1j\u00e9koztat\u00e1st t\u00f6bbek k\u00f6z\u00f6tt a kl\u00edmav\u00e1ltoz\u00e1s hat\u00e1sainak kezel\u00e9s\u00e9re adhat\u00f3 helyi v\u00e1laszok lehet\u0151s\u00e9geir\u0151l \u00e9s nemzetk\u00f6zi j\u00f3 gyakorlatokr\u00f3l.<\/p>\n<p style=\"text-align: justify;\">Egy k\u00e9s\u0151bb v\u00e9grehajtand\u00f3 c\u00e9lzott figyelemfelkelt\u0151 kamp\u00e1ny \u00e9s kapacit\u00e1s\u00e9p\u00edt\u0151 k\u00e9pz\u00e9si program sikeres lebonyol\u00edt\u00e1s\u00e1nak megalapoz\u00e1sak\u00e9nt a projektpartnerek k\u00e9rd\u0151\u00edves megk\u00e9rdez\u00e9s keret\u00e9ben m\u00e9rt\u00e9k fel a k\u00fcl\u00f6nb\u00f6z\u0151 c\u00e9lcsoportok kl\u00edmav\u00e1ltoz\u00e1ssal kapcsolatos \u00e1ltal\u00e1nos t\u00e1j\u00e9kozotts\u00e1g\u00e1t \u00e9s felk\u00e9sz\u00fclts\u00e9g\u00e9t. Az eredm\u00e9nyek azt mutatt\u00e1k, hogy a v\u00e1laszad\u00f3k 33%-a nincs meggy\u0151z\u0151dve arr\u00f3l, hogy a kl\u00edmav\u00e1ltoz\u00e1s val\u00f3ban realit\u00e1s, ugyanakkor legt\u00f6bben egyet\u00e9rtenek azzal, hogy az emberi tev\u00e9kenys\u00e9g alapvet\u0151en befoly\u00e1solja a kl\u00edmav\u00e1ltoz\u00e1st. A megk\u00e9rdezettek megk\u00f6zel\u00edt\u0151leg 50%-a nem \u00e9rz\u00e9keli a kl\u00edmav\u00e1ltoz\u00e1s k\u00f6zvetlen hat\u00e1sait, \u00e9s azt sem gondolja, hogy a j\u00f6v\u0151ben ez m\u00e1sk\u00e9ppen lesz, ez\u00e9rt m\u00e9lyebb, prec\u00edzebb \u00e9s c\u00e9lzottabb inform\u00e1ci\u00f3\u00e1tad\u00e1sra \u00e9s alaposabb figyelemfelkelt\u00e9sre van sz\u00fcks\u00e9g.<\/p>\n<p style=\"text-align: justify;\">K\u00f6vetkez\u0151 l\u00e9p\u00e9sk\u00e9nt a lakoss\u00e1got \u00e9s a helyi szervezeteket t\u00e1mogatand\u00f3 helyi alkalmazkod\u00e1si strat\u00e9gi\u00e1k ker\u00fclnek kialak\u00edt\u00e1sra \u00e9s az \u00e9rintettek sz\u00e9les k\u00f6re (\u00f6nkorm\u00e1nyzatok, oktat\u00f3k \u00e9s \u00fajs\u00e1g\u00edr\u00f3k) vehet r\u00e9szt a k\u00e9pz\u00e9si, szeml\u00e9letform\u00e1l\u00e1si alkalmakon. <\/p>\n<p style=\"text-align: justify;\"><em>A projekttel kapcsolatos tov\u00e1bbi inform\u00e1ci\u00f3:\u00a0 <\/em><br \/>Buday-Malik Adrienn, igazgat\u00f3helyettes <a href=\"mailto:budaymalik.adrienn@eminnov.hu\" target=\"_blank\">budaymalik.adrienn@eminnov.hu<\/a> <br \/>Filep R\u00e9ka, projekt koordin\u00e1tor <a href=\"mailto:filep.reka@eminnov.hu\" target=\"_blank\">filep.reka@eminnov.hu<\/a><\/p>\n<p style=\"text-align: justify;\"><img data-attachment-id=\"337\" data-permalink=\"https:\/\/bukkleader.hu\/old\/a-klimavaltozas-hatasainak-kezelesere-adhato-helyi-valaszok-indito-szeminarium\/partnerseg_logo\/\" data-orig-file=\"https:\/\/bukkleader.hu\/old\/wp-content\/uploads\/2015\/09\/partnerseg_logo.jpg\" data-orig-size=\"406,106\" data-comments-opened=\"1\" data-image-meta=\"{&quot;aperture&quot;:&quot;0&quot;,&quot;credit&quot;:&quot;&quot;,&quot;camera&quot;:&quot;&quot;,&quot;caption&quot;:&quot;&quot;,&quot;created_timestamp&quot;:&quot;0&quot;,&quot;copyright&quot;:&quot;&quot;,&quot;focal_length&quot;:&quot;0&quot;,&quot;iso&quot;:&quot;0&quot;,&quot;shutter_speed&quot;:&quot;0&quot;,&quot;title&quot;:&quot;&quot;,&quot;orientation&quot;:&quot;0&quot;}\" data-image-title=\"partnerseg_logo\" data-image-description=\"\" data-image-caption=\"\" data-medium-file=\"https:\/\/bukkleader.hu\/old\/wp-content\/uploads\/2015\/09\/partnerseg_logo-300x78.jpg\" data-large-file=\"https:\/\/bukkleader.hu\/old\/wp-content\/uploads\/2015\/09\/partnerseg_logo.jpg\" loading=\"lazy\" class=\"alignleft size-full wp-image-337\" src=\"https:\/\/bukkleader.hu\/old\/wp-content\/uploads\/2015\/09\/partnerseg_logo.jpg\" alt=\"partnerseg_logo\" width=\"406\" height=\"106\" srcset=\"https:\/\/bukkleader.hu\/old\/wp-content\/uploads\/2015\/09\/partnerseg_logo.jpg 406w, https:\/\/bukkleader.hu\/old\/wp-content\/uploads\/2015\/09\/partnerseg_logo-300x78.jpg 300w\" sizes=\"(max-width: 406px) 100vw, 406px\" \/><\/p>\n<div class=\"sharedaddy sd-sharing-enabled\"><div class=\"robots-nocontent sd-block sd-social sd-social-icon sd-sharing\"><h3 class=\"sd-title\">Share this:<\/h3><div class=\"sd-content\"><ul><li class=\"share-facebook\"><a rel=\"nofollow noopener noreferrer\" data-shared=\"sharing-facebook-336\" class=\"share-facebook sd-button share-icon no-text\" href=\"https:\/\/bukkleader.hu\/old\/a-klimavaltozas-hatasainak-kezelesere-adhato-helyi-valaszok-indito-szeminarium\/?share=facebook\" target=\"_blank\" title=\"Click to share on Facebook\"><span><\/span><span class=\"sharing-screen-reader-text\">Click to share on Facebook (Opens in new window)<\/span><\/a><\/li><li class=\"share-twitter\"><a rel=\"nofollow noopener noreferrer\" data-shared=\"sharing-twitter-336\" class=\"share-twitter sd-button share-icon no-text\" href=\"https:\/\/bukkleader.hu\/old\/a-klimavaltozas-hatasainak-kezelesere-adhato-helyi-valaszok-indito-szeminarium\/?share=twitter\" target=\"_blank\" title=\"Click to share on Twitter\"><span><\/span><span class=\"sharing-screen-reader-text\">Click to share on Twitter (Opens in new window)<\/span><\/a><\/li><li class=\"share-print\"><a rel=\"nofollow noopener noreferrer\" data-shared=\"\" class=\"share-print sd-button share-icon no-text\" href=\"https:\/\/bukkleader.hu\/old\/a-klimavaltozas-hatasainak-kezelesere-adhato-helyi-valaszok-indito-szeminarium\/\" target=\"_blank\" title=\"Click to print\"><span><\/span><span class=\"sharing-screen-reader-text\">Click to print (Opens in new window)<\/span><\/a><\/li><li class=\"share-email\"><a rel=\"nofollow noopener noreferrer\" data-shared=\"\" class=\"share-email sd-button share-icon no-text\" href=\"https:\/\/bukkleader.hu\/old\/a-klimavaltozas-hatasainak-kezelesere-adhato-helyi-valaszok-indito-szeminarium\/?share=email\" target=\"_blank\" title=\"Click to email this to a friend\"><span><\/span><span class=\"sharing-screen-reader-text\">Click to email this to a friend (Opens in new window)<\/span><\/a><\/li><li class=\"share-end\"><\/li><\/ul><\/div><\/div><\/div>","protected":false},"excerpt":{"rendered":"<p>A Magyarorsz\u00e1g-Szlov\u00e1kia-Rom\u00e1nia-Ukrajna ENPI Hat\u00e1ron \u00c1tny\u00fal\u00f3 Egy\u00fcttm\u0171k\u00f6d\u00e9si Program keret\u00e9ben megval\u00f3sul\u00f3 \u201eLOC-CLIM-ACT\u201d projekt a helyi akci\u00f3k fontoss\u00e1g\u00e1ra helyezi a hangs\u00falyt a kl\u00edmav\u00e1ltoz\u00e1s kih\u00edv\u00e1sainak kezel\u00e9s\u00e9re.<\/p>\n<div class=\"sharedaddy sd-sharing-enabled\"><div class=\"robots-nocontent sd-block sd-social sd-social-icon sd-sharing\"><h3 class=\"sd-title\">Share this:<\/h3><div class=\"sd-content\"><ul><li class=\"share-facebook\"><a rel=\"nofollow noopener noreferrer\" data-shared=\"sharing-facebook-336\" class=\"share-facebook sd-button share-icon no-text\" href=\"https:\/\/bukkleader.hu\/old\/a-klimavaltozas-hatasainak-kezelesere-adhato-helyi-valaszok-indito-szeminarium\/?share=facebook\" target=\"_blank\" title=\"Click to share on Facebook\"><span><\/span><span class=\"sharing-screen-reader-text\">Click to share on Facebook (Opens in new window)<\/span><\/a><\/li><li class=\"share-twitter\"><a rel=\"nofollow noopener noreferrer\" data-shared=\"sharing-twitter-336\" class=\"share-twitter sd-button share-icon no-text\" href=\"https:\/\/bukkleader.hu\/old\/a-klimavaltozas-hatasainak-kezelesere-adhato-helyi-valaszok-indito-szeminarium\/?share=twitter\" target=\"_blank\" title=\"Click to share on Twitter\"><span><\/span><span class=\"sharing-screen-reader-text\">Click to share on Twitter (Opens in new window)<\/span><\/a><\/li><li class=\"share-print\"><a rel=\"nofollow noopener noreferrer\" data-shared=\"\" class=\"share-print sd-button share-icon no-text\" href=\"https:\/\/bukkleader.hu\/old\/a-klimavaltozas-hatasainak-kezelesere-adhato-helyi-valaszok-indito-szeminarium\/\" target=\"_blank\" title=\"Click to print\"><span><\/span><span class=\"sharing-screen-reader-text\">Click to print (Opens in new window)<\/span><\/a><\/li><li class=\"share-email\"><a rel=\"nofollow noopener noreferrer\" data-shared=\"\" class=\"share-email sd-button share-icon no-text\" href=\"https:\/\/bukkleader.hu\/old\/a-klimavaltozas-hatasainak-kezelesere-adhato-helyi-valaszok-indito-szeminarium\/?share=email\" target=\"_blank\" title=\"Click to email this to a friend\"><span><\/span><span class=\"sharing-screen-reader-text\">Click to email this to a friend (Opens in new window)<\/span><\/a><\/li><li class=\"share-end\"><\/li><\/ul><\/div><\/div><\/div>","protected":false},"author":1,"featured_media":338,"comment_status":"open","ping_status":"closed","sticky":false,"template":"","format":"standard","meta":{"_bbp_topic_count":0,"_bbp_reply_count":0,"_bbp_total_topic_count":0,"_bbp_total_reply_count":0,"_bbp_voice_count":0,"_bbp_anonymous_reply_count":0,"_bbp_topic_count_hidden":0,"_bbp_reply_count_hidden":0,"_bbp_forum_subforum_count":0,"spay_email":"","jetpack_publicize_message":"","jetpack_is_tweetstorm":false,"jetpack_publicize_feature_enabled":true},"categories":[1],"tags":[],"jetpack_featured_media_url":"https:\/\/bukkleader.hu\/old\/wp-content\/uploads\/2015\/09\/epni-w.jpg","jetpack_publicize_connections":[],"jetpack_sharing_enabled":true,"jetpack-related-posts":[{"id":342,"url":"https:\/\/bukkleader.hu\/old\/egyuttmukodesi-megallapodast-kotott-a-magyar-tudomanyos-akademia-energiatudomanyi-kutatokozpontja-es-a-bukk-tersegi-leader-egyesulet\/","url_meta":{"origin":336,"position":0},"title":"Egy\u00fcttm\u0171k\u00f6d\u00e9si meg\u00e1llapod\u00e1st k\u00f6t\u00f6tt a Magyar Tudom\u00e1nyos Akad\u00e9mia Energiatudom\u00e1nyi Kutat\u00f3k\u00f6zpontja \u00e9s a B\u00fckk-T\u00e9rs\u00e9gi LEADER Egyes\u00fclet","date":"2013-10-31","format":false,"excerpt":"2013. okt\u00f3ber 03-\u00e1n, \u00fcnnep\u00e9lyes k\u00f6zgy\u0171l\u00e9s keret\u00e9ben egy\u00fcttm\u0171k\u00f6d\u00e9si meg\u00e1llapod\u00e1st k\u00f6t\u00f6tt a decentraliz\u00e1lt villamosenergia-h\u00e1l\u00f3zatok ter\u00fclet\u00e9n folytatott kutat\u00e1si, fejleszt\u00e9si valamint innov\u00e1ci\u00f3s tev\u00e9kenys\u00e9geik \u00f6sszehangol\u00e1s\u00e1ra a Magyar Tudom\u00e1nyos Akad\u00e9mia Energiatudom\u00e1nyi Kutat\u00f3k\u00f6zpontja (MTA EK)\u00a0\u00e9s a B\u00fckk-T\u00e9rs\u00e9gi LEADER Egyes\u00fclet (BTLE), amely egyben a Debreceni Egyetem AGTC M\u00c9K Meg\u00fajul\u00f3 Energia Forr\u00e1s Kihelyezett Tansz\u00e9ke is. Az egy\u00fcttm\u0171k\u00f6d\u00e9s keret\u00e9ben a\u2026","rel":"","context":"In &quot;H\u00edreink, k\u00f6zlem\u00e9nyeink&quot;","img":{"alt_text":"","src":"https:\/\/i1.wp.com\/bukkleader.hu\/old\/wp-content\/uploads\/2015\/09\/mtaek1-w.jpg?resize=350%2C200&ssl=1","width":350,"height":200},"classes":[]},{"id":349,"url":"https:\/\/bukkleader.hu\/old\/a-bukk-hegyseg-es-a-borsodi-mezoseg-elektromos-mobilitasi-egyuttmukodese\/","url_meta":{"origin":336,"position":1},"title":"A B\u00fckk-hegys\u00e9g \u00e9s a Borsodi mez\u0151s\u00e9g elektromos mobilit\u00e1si egy\u00fcttm\u0171k\u00f6d\u00e9se","date":"2013-11-14","format":false,"excerpt":"A \u201eLEADER t\u00e9rs\u00e9gek k\u00f6z\u00f6tti egy\u00fcttm\u0171k\u00f6d\u00e9s\u201d p\u00e1ly\u00e1zati ki\u00edr\u00e1s keret\u00e9ben k\u00f6z\u00f6s Megval\u00f3s\u00edthat\u00f3s\u00e1gi Tanulm\u00e1nyt ny\u00fajtott be a B\u00fckk-T\u00e9rs\u00e9gi LEADER Egyes\u00fclet, a B\u00dcKK-MAK LEADER Nonprofit Kft., valamint a szomsz\u00e9dos HACS t\u00e9rs\u00e9gb\u0151l Mez\u0151cs\u00e1t V\u00e1ros \u00d6nkorm\u00e1nyzata, melyet a Vid\u00e9kfejleszt\u00e9si Miniszt\u00e9rium pozit\u00edvan b\u00edr\u00e1lat\u00e1val t\u00e1mogat. A projekt megval\u00f3s\u00edt\u00e1sa a t\u00e1mogatott Megval\u00f3s\u00edthat\u00f3s\u00e1gi Tanulm\u00e1ny, el\u0151p\u00e1ly\u00e1zat alapj\u00e1n, a 2013. november v\u00e9g\u00e9ig\u2026","rel":"","context":"In &quot;H\u00edreink, k\u00f6zlem\u00e9nyeink&quot;","img":{"alt_text":"","src":"https:\/\/i2.wp.com\/bukkleader.hu\/old\/wp-content\/uploads\/2012\/07\/ChargePoint-polemount-clean-web.jpg?resize=350%2C200&ssl=1","width":350,"height":200},"classes":[]},{"id":301,"url":"https:\/\/bukkleader.hu\/old\/megujulo-energiaforras-kihelyezett-tanszek-alakul-a-hacs-kozpontjaban\/","url_meta":{"origin":336,"position":2},"title":"\u201eMeg\u00fajul\u00f3 Energiaforr\u00e1s Kihelyezett Tansz\u00e9k\u201d alakul a HACS k\u00f6zpontj\u00e1ban","date":"2013-01-31","format":false,"excerpt":"Az eddigi t\u00f6bb \u00e9ves szakmai egy\u00fcttm\u0171k\u00f6d\u00e9s kisz\u00e9les\u00edt\u00e9sek\u00e9nt a Debreceni Egyetem Agr\u00e1r- \u00e9s Gazd\u00e1lkod\u00e1studom\u00e1nyok Centruma, Mez\u0151gazdas\u00e1gi-, \u00c9lelmiszertudom\u00e1nyi \u00e9s K\u00f6rnyezetgazd\u00e1lkod\u00e1si Kar \u00e9s B\u00fckk-T\u00e9rs\u00e9gi LEADER Egyes\u00fclet az Egyes\u00fclet 2013. janu\u00e1r 24-i k\u00f6zgy\u0171l\u00e9se keret\u00e9ben, sajt\u00f3nyilv\u00e1noss\u00e1g mellett meg\u00e1llapod\u00e1st k\u00f6t\u00f6ttek \u201eMeg\u00fajul\u00f3 Energiaforr\u00e1s Kihelyezett Tansz\u00e9k\u201d l\u00e9trehoz\u00e1s\u00e1ra.A B\u00fckkaranyosra kihelyezett tansz\u00e9k r\u00e9szt vesz a Debreceni Egyetem MSc szakos hallgat\u00f3inak\u2026","rel":"","context":"In &quot;Eredm\u00e9nyeink&quot;","img":{"alt_text":"Debreceni Egyetem","src":"https:\/\/i1.wp.com\/bukkleader.hu\/old\/wp-content\/uploads\/2015\/08\/384-9-debreceni-egyetem-logo.jpg?resize=350%2C200&ssl=1","width":350,"height":200},"classes":[]},{"id":106,"url":"https:\/\/bukkleader.hu\/old\/2013-januar-01-2013-marcius-31-idoszak\/","url_meta":{"origin":336,"position":3},"title":"2013. janu\u00e1r 01. &#8211; 2013. m\u00e1rcius 31. id\u0151szak","date":"2013-04-01","format":false,"excerpt":"A B\u00fckk-T\u00e9rs\u00e9gi LEADER Egyes\u00fclet munkaszervezet\u00e9nek legfontosabb feladatai a 2013.01.01. \u2013 03.31. id\u0151szakban a HACS-hoz be\u00e9rkezett EMVA III. falumeg\u00faj\u00edt\u00e1s \u00e9s \u2013fejleszt\u00e9s p\u00e1ly\u00e1zatok \u00fcgyint\u00e9z\u00e9se, a szakmai kapcsolat\u00e9p\u00edt\u00e9s \u00e9s az 2014-2020 id\u0151szak EU-s tervez\u00e9s\u00e9vel kapcsolatos egyeztet\u00e9seken val\u00f3 r\u00e9szv\u00e9tel voltak.A vid\u00e9kfejleszt\u00e9si k\u00f6z\u00f6ss\u00e9g min\u00e9l sz\u00e9lesebb k\u00f6r\u0171 t\u00e1j\u00e9koztat\u00e1sa \u00e9rdek\u00e9ben a t\u00e1mogat\u00e1si id\u0151szakban t\u00f6bb szakmai f\u00f3rumot tartottunk,\u2026","rel":"","context":"In &quot;Munkabesz\u00e1mol\u00f3k&quot;","img":{"alt_text":"","src":"","width":0,"height":0},"classes":[]},{"id":308,"url":"https:\/\/bukkleader.hu\/old\/az-emva-iv-leader-program-harmadik-benyujtasi-korenek-koncepcioja\/","url_meta":{"origin":336,"position":4},"title":"Az EMVA IV. LEADER Program harmadik beny\u00fajt\u00e1si k\u00f6r\u00e9nek koncepci\u00f3ja","date":"2013-02-19","format":false,"excerpt":"2013. tavasz\u00e1t\u00f3l, a Dar\u00e1nyi Ign\u00e1c Terv \u2013 \u00daj Magyarorsz\u00e1g Vid\u00e9kfejleszt\u00e9si Program keret\u00e9ben \u00fajabb EMVA IV. - LEADER vid\u00e9kfejleszt\u00e9si t\u00e1mogat\u00e1sok elnyer\u00e9s\u00e9re ny\u00edlnak lehet\u0151s\u00e9gek.A B\u00fckk-T\u00e9rs\u00e9gi LEADER Egyes\u00fclet ter\u00fclet\u00e9r\u0151l a Helyi Vid\u00e9kfejleszt\u00e9si Strat\u00e9gia k\u00f6z\u00f6s fel\u00fclvizsg\u00e1lata sor\u00e1n kialak\u00edtand\u00f3 LEADER c\u00e9lter\u00fcletekre ny\u00fajthat\u00f3k be p\u00e1ly\u00e1zatok. A program v\u00e9grehajt\u00e1s\u00e1ban az Ir\u00e1ny\u00edt\u00f3 Hat\u00f3s\u00e1g el\u0151zetes t\u00e1j\u00e9koztat\u00e1sa szerint az al\u00e1bbi\u2026","rel":"","context":"In &quot;H\u00edreink, k\u00f6zlem\u00e9nyeink&quot;","img":{"alt_text":"bukk-leader-logo-w","src":"https:\/\/i2.wp.com\/bukkleader.hu\/old\/wp-content\/uploads\/2015\/09\/bukk-leader-logo-w.jpg?resize=350%2C200&ssl=1","width":350,"height":200},"classes":[]},{"id":377,"url":"https:\/\/bukkleader.hu\/old\/felhivas-helyi-szakmai-munkatars-megbizasa\/","url_meta":{"origin":336,"position":5},"title":"Felh\u00edv\u00e1s: helyi szakmai munkat\u00e1rs megb\u00edz\u00e1sa","date":"2014-04-07","format":false,"excerpt":"Az SBS Hang-Sz\u00ednpad Nonprofit Kft. munkat\u00e1rsat keres \u201eturisztikai tev\u00e9kenys\u00e9g koordin\u00e1l\u00e1sa\u201d feladatra, megb\u00edz\u00e1si szerz\u0151d\u00e9ses jogviszonnyal, a B\u00fckk-T\u00e9rs\u00e9gi LEADER Egyes\u00fclettel k\u00f6z\u00f6s \u201et\u00e9rs\u00e9gek k\u00f6z\u00f6tti egy\u00fcttm\u0171k\u00f6d\u00e9si\u201d projekt megval\u00f3s\u00edt\u00e1sa kapcs\u00e1n. Tov\u00e1bbi inform\u00e1ci\u00f3: sbshangkft@gmail.com","rel":"","context":"In &quot;H\u00edreink, k\u00f6zlem\u00e9nyeink&quot;","img":{"alt_text":"felki\u00e1llt\u00f3 jel","src":"https:\/\/i0.wp.com\/bukkleader.hu\/old\/wp-content\/uploads\/2012\/06\/felkialto-jel384w.jpg?resize=350%2C200&ssl=1","width":350,"height":200},"classes":[]}],"_links":{"self":[{"href":"https:\/\/bukkleader.hu\/old\/wp-json\/wp\/v2\/posts\/336"}],"collection":[{"href":"https:\/\/bukkleader.hu\/old\/wp-json\/wp\/v2\/posts"}],"about":[{"href":"https:\/\/bukkleader.hu\/old\/wp-json\/wp\/v2\/types\/post"}],"author":[{"embeddable":true,"href":"https:\/\/bukkleader.hu\/old\/wp-json\/wp\/v2\/users\/1"}],"replies":[{"embeddable":true,"href":"https:\/\/bukkleader.hu\/old\/wp-json\/wp\/v2\/comments?post=336"}],"version-history":[{"count":1,"href":"https:\/\/bukkleader.hu\/old\/wp-json\/wp\/v2\/posts\/336\/revisions"}],"predecessor-version":[{"id":339,"href":"https:\/\/bukkleader.hu\/old\/wp-json\/wp\/v2\/posts\/336\/revisions\/339"}],"wp:featuredmedia":[{"embeddable":true,"href":"https:\/\/bukkleader.hu\/old\/wp-json\/wp\/v2\/media\/338"}],"wp:attachment":[{"href":"https:\/\/bukkleader.hu\/old\/wp-json\/wp\/v2\/media?parent=336"}],"wp:term":[{"taxonomy":"category","embeddable":true,"href":"https:\/\/bukkleader.hu\/old\/wp-json\/wp\/v2\/categories?post=336"},{"taxonomy":"post_tag","embeddable":true,"href":"https:\/\/bukkleader.hu\/old\/wp-json\/wp\/v2\/tags?post=336"}],"curies":[{"name":"wp","href":"https:\/\/api.w.org\/{rel}","templated":true}]}}