{"id":334,"date":"2013-09-08T14:20:46","date_gmt":"2013-09-08T12:20:46","guid":{"rendered":"https:\/\/bukkleader.hu\/old\/new\/?p=334"},"modified":"2015-09-22T14:22:19","modified_gmt":"2015-09-22T12:22:19","slug":"e-mobilitasi-informacios-nap","status":"publish","type":"post","link":"https:\/\/bukkleader.hu\/old\/e-mobilitasi-informacios-nap\/","title":{"rendered":"E-mobilit\u00e1si inform\u00e1ci\u00f3s nap"},"content":{"rendered":"<p style=\"text-align: justify;\"><strong>E-mobilit\u00e1si inform\u00e1ci\u00f3s nap \u00e9s Nissan LEAF tesztvezet\u00e9si lehet\u0151s\u00e9g B\u0151cs\u00f6n, 2013. szeptember 11-\u00e9n<\/strong><\/p>\n<p style=\"text-align: justify;\"><!--more--><br \/>A B\u00fckk-T\u00e9rs\u00e9gi LEADER Egyes\u00fclet a B\u0151csi \u00d6nkorm\u00e1nyzattal egy\u00fcttm\u0171k\u00f6d\u00e9sben <strong>2013. szeptember 11-\u00e9n, 10:00 \u00f3rai kezdettel a b\u0151csi Faluh\u00e1zban (R\u00e1k\u00f3czi u. 25.) megrendezi <span class=\"style212\">&#8220;Az elektromos aut\u00f3z\u00e1s szerepe \u00e9s lehet\u0151s\u00e9gei a vid\u00e9k meg\u00fajul\u00e1s\u00e1ban&#8221;<\/span> c. inform\u00e1ci\u00f3s napot.<\/strong> Az inform\u00e1ci\u00f3s napon az Egyes\u00fclet bemutatja az elektromos mobilit\u00e1sban el\u00e9rt eredm\u00e9nyeit, valamint programgazd\u00e1kk\u00e9nt a <strong>Nissan Sales CEE Kft., a Gablini Aut\u00f3kereskedelmi Kft. \u00e9s a Mobil-ESCO Holding Zrt.<\/strong> mutatkoznak be \u00e9s mutatj\u00e1k be az elektromos aut\u00f3z\u00e1ssal kapcsolatos szolg\u00e1ltat\u00e1saikat, terveiket. A rendezv\u00e9ny ideje alatt <span class=\"style212\">a vend\u00e9gek a programgazd\u00e1k j\u00f3volt\u00e1b\u00f3l tesztvezet\u00e9s keret\u00e9ben kipr\u00f3b\u00e1lhatj\u00e1k a Nissan LEAF t\u00edpus\u00fa elekromos aut\u00f3t<\/span>. A rendezv\u00e9nyen val\u00f3 r\u00e9szv\u00e9tel el\u0151zetes regisztr\u00e1ci\u00f3hoz k\u00f6t\u00f6tt, melyhez k\u00e9rj\u00fck, munkaszervezet\u00fcnkkel sz\u00edveskedjen felvenni a kapcsolatot az <a href=\"https:\/\/bukkleader.hu\/old\/kapcsolat\/\">el\u00e9rhet\u0151s\u00e9geink b\u00e1rmelyik\u00e9n &gt;&gt;<\/a><\/p>\n<div class=\"sharedaddy sd-sharing-enabled\"><div class=\"robots-nocontent sd-block sd-social sd-social-icon sd-sharing\"><h3 class=\"sd-title\">Share this:<\/h3><div class=\"sd-content\"><ul><li class=\"share-facebook\"><a rel=\"nofollow noopener noreferrer\" data-shared=\"sharing-facebook-334\" class=\"share-facebook sd-button share-icon no-text\" href=\"https:\/\/bukkleader.hu\/old\/e-mobilitasi-informacios-nap\/?share=facebook\" target=\"_blank\" title=\"Click to share on Facebook\"><span><\/span><span class=\"sharing-screen-reader-text\">Click to share on Facebook (Opens in new window)<\/span><\/a><\/li><li class=\"share-twitter\"><a rel=\"nofollow noopener noreferrer\" data-shared=\"sharing-twitter-334\" class=\"share-twitter sd-button share-icon no-text\" href=\"https:\/\/bukkleader.hu\/old\/e-mobilitasi-informacios-nap\/?share=twitter\" target=\"_blank\" title=\"Click to share on Twitter\"><span><\/span><span class=\"sharing-screen-reader-text\">Click to share on Twitter (Opens in new window)<\/span><\/a><\/li><li class=\"share-print\"><a rel=\"nofollow noopener noreferrer\" data-shared=\"\" class=\"share-print sd-button share-icon no-text\" href=\"https:\/\/bukkleader.hu\/old\/e-mobilitasi-informacios-nap\/\" target=\"_blank\" title=\"Click to print\"><span><\/span><span class=\"sharing-screen-reader-text\">Click to print (Opens in new window)<\/span><\/a><\/li><li class=\"share-email\"><a rel=\"nofollow noopener noreferrer\" data-shared=\"\" class=\"share-email sd-button share-icon no-text\" href=\"https:\/\/bukkleader.hu\/old\/e-mobilitasi-informacios-nap\/?share=email\" target=\"_blank\" title=\"Click to email this to a friend\"><span><\/span><span class=\"sharing-screen-reader-text\">Click to email this to a friend (Opens in new window)<\/span><\/a><\/li><li class=\"share-end\"><\/li><\/ul><\/div><\/div><\/div>","protected":false},"excerpt":{"rendered":"<p>E-mobilit\u00e1si inform\u00e1ci\u00f3s nap \u00e9s Nissan LEAF tesztvezet\u00e9si lehet\u0151s\u00e9g B\u0151cs\u00f6n, 2013. szeptember 11-\u00e9n<\/p>\n<div class=\"sharedaddy sd-sharing-enabled\"><div class=\"robots-nocontent sd-block sd-social sd-social-icon sd-sharing\"><h3 class=\"sd-title\">Share this:<\/h3><div class=\"sd-content\"><ul><li class=\"share-facebook\"><a rel=\"nofollow noopener noreferrer\" data-shared=\"sharing-facebook-334\" class=\"share-facebook sd-button share-icon no-text\" href=\"https:\/\/bukkleader.hu\/old\/e-mobilitasi-informacios-nap\/?share=facebook\" target=\"_blank\" title=\"Click to share on Facebook\"><span><\/span><span class=\"sharing-screen-reader-text\">Click to share on Facebook (Opens in new window)<\/span><\/a><\/li><li class=\"share-twitter\"><a rel=\"nofollow noopener noreferrer\" data-shared=\"sharing-twitter-334\" class=\"share-twitter sd-button share-icon no-text\" href=\"https:\/\/bukkleader.hu\/old\/e-mobilitasi-informacios-nap\/?share=twitter\" target=\"_blank\" title=\"Click to share on Twitter\"><span><\/span><span class=\"sharing-screen-reader-text\">Click to share on Twitter (Opens in new window)<\/span><\/a><\/li><li class=\"share-print\"><a rel=\"nofollow noopener noreferrer\" data-shared=\"\" class=\"share-print sd-button share-icon no-text\" href=\"https:\/\/bukkleader.hu\/old\/e-mobilitasi-informacios-nap\/\" target=\"_blank\" title=\"Click to print\"><span><\/span><span class=\"sharing-screen-reader-text\">Click to print (Opens in new window)<\/span><\/a><\/li><li class=\"share-email\"><a rel=\"nofollow noopener noreferrer\" data-shared=\"\" class=\"share-email sd-button share-icon no-text\" href=\"https:\/\/bukkleader.hu\/old\/e-mobilitasi-informacios-nap\/?share=email\" target=\"_blank\" title=\"Click to email this to a friend\"><span><\/span><span class=\"sharing-screen-reader-text\">Click to email this to a friend (Opens in new window)<\/span><\/a><\/li><li class=\"share-end\"><\/li><\/ul><\/div><\/div><\/div>","protected":false},"author":1,"featured_media":320,"comment_status":"open","ping_status":"closed","sticky":false,"template":"","format":"standard","meta":{"_bbp_topic_count":0,"_bbp_reply_count":0,"_bbp_total_topic_count":0,"_bbp_total_reply_count":0,"_bbp_voice_count":0,"_bbp_anonymous_reply_count":0,"_bbp_topic_count_hidden":0,"_bbp_reply_count_hidden":0,"_bbp_forum_subforum_count":0,"spay_email":"","jetpack_publicize_message":"","jetpack_is_tweetstorm":false,"jetpack_publicize_feature_enabled":true},"categories":[1],"tags":[],"jetpack_featured_media_url":"https:\/\/bukkleader.hu\/old\/wp-content\/uploads\/2015\/09\/elektromos-auto-w.jpg","jetpack_publicize_connections":[],"jetpack_sharing_enabled":true,"jetpack-related-posts":[{"id":110,"url":"https:\/\/bukkleader.hu\/old\/2013-julius-01-2013-szeptember-30-idoszak\/","url_meta":{"origin":334,"position":0},"title":"2013. j\u00falius 01. &#8211; 2013. szeptember 30. id\u0151szak","date":"2013-10-01","format":false,"excerpt":"A B\u00fckk-T\u00e9rs\u00e9gi LEADER Egyes\u00fclet munkaszervezet\u00e9nek legfontosabb feladata a 2013.07.01. \u2013 09.30. id\u0151szakban a beny\u00fajtott LEADER p\u00e1ly\u00e1zatok \u00fcgyint\u00e9z\u00e9se volt. A LEADER p\u00e1ly\u00e1zatok a HACS ter\u00fclet\u00e9r\u0151l az Ir\u00e1ny\u00edt\u00f3 Hat\u00f3s\u00e1g d\u00f6nt\u00e9s\u00e9nek megfelel\u0151en 2013.09.24-t\u0151l egy napig \u00fajra beny\u00fajthat\u00f3k voltak, szolg\u00e1ltat\u00e1sfejleszt\u00e9s kateg\u00f3ri\u00e1ban. \u00cdgy a 2013.09. h\u00f3napban rendelkez\u00e9sre \u00e1ll\u00f3 LEADER fejleszt\u00e9si forr\u00e1saink tekintet\u00e9ben \u00f6sszesen mintegy 150\u2026","rel":"","context":"In &quot;Munkabesz\u00e1mol\u00f3k&quot;","img":{"alt_text":"","src":"","width":0,"height":0},"classes":[]},{"id":2214,"url":"https:\/\/bukkleader.hu\/old\/mihaly-napi-vasar-bocson-leader-tamogatassal\/","url_meta":{"origin":334,"position":1},"title":"&#8220;Mih\u00e1ly napi v\u00e1s\u00e1r&#8221; B\u0151cs\u00f6n LEADER t\u00e1mogat\u00e1ssal","date":"2019-08-29","format":false,"excerpt":"A R\u00f3zsafa Hagyom\u00e1ny\u0151rz\u0151 Egyes\u00fclet (B\u0151cs) tisztelettel megh\u00edvja \u00d6n\u00f6ket 2019. szeptember 28-\u00e1n (szombat) tartand\u00f3, LEADER t\u00e1mogat\u00e1ssal megval\u00f3sul\u00f3 \u201cMih\u00e1ly napi v\u00e1s\u00e1r\u201d c\u00edm\u0171 rendezv\u00e9ny\u00e9re. A r\u00e9szletes program innen let\u00f6lthet\u0151.","rel":"","context":"In &quot;H\u00edreink, k\u00f6zlem\u00e9nyeink&quot;","img":{"alt_text":"","src":"https:\/\/i0.wp.com\/bukkleader.hu\/old\/wp-content\/uploads\/2019\/08\/bocs_neptanc2.jpg?resize=350%2C200&ssl=1","width":350,"height":200},"classes":[]},{"id":336,"url":"https:\/\/bukkleader.hu\/old\/a-klimavaltozas-hatasainak-kezelesere-adhato-helyi-valaszok-indito-szeminarium\/","url_meta":{"origin":334,"position":2},"title":"A kl\u00edmav\u00e1ltoz\u00e1s hat\u00e1sainak kezel\u00e9s\u00e9re adhat\u00f3 helyi v\u00e1laszok \u2013 Ind\u00edt\u00f3 szemin\u00e1rium","date":"2013-09-12","format":false,"excerpt":"A Magyarorsz\u00e1g-Szlov\u00e1kia-Rom\u00e1nia-Ukrajna ENPI Hat\u00e1ron \u00c1tny\u00fal\u00f3 Egy\u00fcttm\u0171k\u00f6d\u00e9si Program keret\u00e9ben megval\u00f3sul\u00f3 \u201eLOC-CLIM-ACT\u201d projekt a helyi akci\u00f3k fontoss\u00e1g\u00e1ra helyezi a hangs\u00falyt a kl\u00edmav\u00e1ltoz\u00e1s kih\u00edv\u00e1sainak kezel\u00e9s\u00e9re.\u00a0A projekt keret\u00e9ben a hat\u00e1rmenti r\u00e9gi\u00f3k r\u00f6vid t\u00e1v\u00fa sebezhet\u0151s\u00e9g\u00e9nek cs\u00f6kkent\u00e9s\u00e9re \u00e9s a k\u00e1rok enyh\u00edt\u00e9s\u00e9re k\u00f6z\u00f6s alkalmazkod\u00e1si int\u00e9zked\u00e9sek ker\u00fclnek meghat\u00e1roz\u00e1sra, amelyek pozit\u00edv hat\u00e1ssal lehetnek a h\u00e1ztart\u00e1sokra, a helyi k\u00f6zint\u00e9zm\u00e9nyekre, az\u2026","rel":"","context":"In &quot;H\u00edreink, k\u00f6zlem\u00e9nyeink&quot;","img":{"alt_text":"epni-w","src":"https:\/\/i1.wp.com\/bukkleader.hu\/old\/wp-content\/uploads\/2015\/09\/epni-w.jpg?resize=350%2C200&ssl=1","width":350,"height":200},"classes":[]},{"id":349,"url":"https:\/\/bukkleader.hu\/old\/a-bukk-hegyseg-es-a-borsodi-mezoseg-elektromos-mobilitasi-egyuttmukodese\/","url_meta":{"origin":334,"position":3},"title":"A B\u00fckk-hegys\u00e9g \u00e9s a Borsodi mez\u0151s\u00e9g elektromos mobilit\u00e1si egy\u00fcttm\u0171k\u00f6d\u00e9se","date":"2013-11-14","format":false,"excerpt":"A \u201eLEADER t\u00e9rs\u00e9gek k\u00f6z\u00f6tti egy\u00fcttm\u0171k\u00f6d\u00e9s\u201d p\u00e1ly\u00e1zati ki\u00edr\u00e1s keret\u00e9ben k\u00f6z\u00f6s Megval\u00f3s\u00edthat\u00f3s\u00e1gi Tanulm\u00e1nyt ny\u00fajtott be a B\u00fckk-T\u00e9rs\u00e9gi LEADER Egyes\u00fclet, a B\u00dcKK-MAK LEADER Nonprofit Kft., valamint a szomsz\u00e9dos HACS t\u00e9rs\u00e9gb\u0151l Mez\u0151cs\u00e1t V\u00e1ros \u00d6nkorm\u00e1nyzata, melyet a Vid\u00e9kfejleszt\u00e9si Miniszt\u00e9rium pozit\u00edvan b\u00edr\u00e1lat\u00e1val t\u00e1mogat. A projekt megval\u00f3s\u00edt\u00e1sa a t\u00e1mogatott Megval\u00f3s\u00edthat\u00f3s\u00e1gi Tanulm\u00e1ny, el\u0151p\u00e1ly\u00e1zat alapj\u00e1n, a 2013. november v\u00e9g\u00e9ig\u2026","rel":"","context":"In &quot;H\u00edreink, k\u00f6zlem\u00e9nyeink&quot;","img":{"alt_text":"","src":"https:\/\/i2.wp.com\/bukkleader.hu\/old\/wp-content\/uploads\/2012\/07\/ChargePoint-polemount-clean-web.jpg?resize=350%2C200&ssl=1","width":350,"height":200},"classes":[]},{"id":99,"url":"https:\/\/bukkleader.hu\/old\/2012-majus-01-2012-junius-30-idoszak\/","url_meta":{"origin":334,"position":4},"title":"2012. m\u00e1jus 01. \u2013 2012. j\u00fanius 30. id\u0151szak","date":"2012-07-01","format":false,"excerpt":"A B\u00fckk-T\u00e9rs\u00e9gi LEADER Egyes\u00fclet az IH \u00e1ltal 2012. m\u00e1jus 1-i hat\u00e1llyal LEADER Helyi Akci\u00f3csoportk\u00e9nt elismer\u00e9sre ker\u00fclt \u00e9s \u00e1tvette a LEADER p\u00e1ly\u00e1zatokkal kapcsolatos feladatokat a B\u00dcKK-MAK LEADER Nonprofit Kft.-t\u0151l. Az Egyes\u00fclet a k\u00f6zgy\u0171l\u00e9s d\u00f6nt\u00e9se szerint saj\u00e1t munkaszervezetet alak\u00edtott, melyben a kor\u00e1bbi HACS munkat\u00e1rsai (\u00f6sszesen 8 f\u0151) a meg\u00e1llapod\u00e1ssal haszn\u00e1latba vett eszk\u00f6z\u00e1llom\u00e1nnyal,\u2026","rel":"","context":"In &quot;Munkabesz\u00e1mol\u00f3k&quot;","img":{"alt_text":"","src":"","width":0,"height":0},"classes":[]},{"id":353,"url":"https:\/\/bukkleader.hu\/old\/palyazati-lehetoseg-a-videki-gazdasag-es-a-lakossag-szamara-nyujtott-alapszolgaltatasok-fejlesztesere\/","url_meta":{"origin":334,"position":5},"title":"P\u00e1ly\u00e1zati lehet\u0151s\u00e9g \u201ea vid\u00e9ki gazdas\u00e1g \u00e9s a lakoss\u00e1g sz\u00e1m\u00e1ra ny\u00fajtott alapszolg\u00e1ltat\u00e1sok fejleszt\u00e9s\u00e9re\u201d","date":"2013-11-14","format":false,"excerpt":"Megjelent a vid\u00e9kfejleszt\u00e9si miniszter 103\/2013. (XI. 8.) VM rendelete az Eur\u00f3pai Mez\u0151gazdas\u00e1gi Vid\u00e9kfejleszt\u00e9si Alapb\u00f3l ny\u00fajtand\u00f3, a vid\u00e9ki gazdas\u00e1g \u00e9s a lakoss\u00e1g sz\u00e1m\u00e1ra ny\u00fajtott alapszolg\u00e1ltat\u00e1sok fejleszt\u00e9s\u00e9re 2013-t\u00f3l ig\u00e9nybe vehet\u0151 t\u00e1mogat\u00e1sok r\u00e9szletes felt\u00e9teleir\u0151l. A rendelet alapj\u00e1n t\u00e1mogat\u00e1s vehet\u0151 ig\u00e9nybe t\u00f6bbek k\u00f6z\u00f6tt a\u00a0kist\u00e9rs\u00e9gi k\u00f6zleked\u00e9si szolg\u00e1ltat\u00e1s fejleszt\u00e9s\u00e9re falu- \u00e9s tanyagondnoki szolg\u00e1ltat\u00e1s ell\u00e1t\u00e1s\u00e1hoz kapcsol\u00f3d\u00f3an(1. c\u00e9lter\u00fclet).\u2026","rel":"","context":"In &quot;H\u00edreink, k\u00f6zlem\u00e9nyeink&quot;","img":{"alt_text":"elektromos-auto2-w","src":"https:\/\/i1.wp.com\/bukkleader.hu\/old\/wp-content\/uploads\/2015\/09\/elektromos-auto2-w.jpg?resize=350%2C200&ssl=1","width":350,"height":200},"classes":[]}],"_links":{"self":[{"href":"https:\/\/bukkleader.hu\/old\/wp-json\/wp\/v2\/posts\/334"}],"collection":[{"href":"https:\/\/bukkleader.hu\/old\/wp-json\/wp\/v2\/posts"}],"about":[{"href":"https:\/\/bukkleader.hu\/old\/wp-json\/wp\/v2\/types\/post"}],"author":[{"embeddable":true,"href":"https:\/\/bukkleader.hu\/old\/wp-json\/wp\/v2\/users\/1"}],"replies":[{"embeddable":true,"href":"https:\/\/bukkleader.hu\/old\/wp-json\/wp\/v2\/comments?post=334"}],"version-history":[{"count":1,"href":"https:\/\/bukkleader.hu\/old\/wp-json\/wp\/v2\/posts\/334\/revisions"}],"predecessor-version":[{"id":335,"href":"https:\/\/bukkleader.hu\/old\/wp-json\/wp\/v2\/posts\/334\/revisions\/335"}],"wp:featuredmedia":[{"embeddable":true,"href":"https:\/\/bukkleader.hu\/old\/wp-json\/wp\/v2\/media\/320"}],"wp:attachment":[{"href":"https:\/\/bukkleader.hu\/old\/wp-json\/wp\/v2\/media?parent=334"}],"wp:term":[{"taxonomy":"category","embeddable":true,"href":"https:\/\/bukkleader.hu\/old\/wp-json\/wp\/v2\/categories?post=334"},{"taxonomy":"post_tag","embeddable":true,"href":"https:\/\/bukkleader.hu\/old\/wp-json\/wp\/v2\/tags?post=334"}],"curies":[{"name":"wp","href":"https:\/\/api.w.org\/{rel}","templated":true}]}}