{"id":332,"date":"2013-08-03T14:19:25","date_gmt":"2013-08-03T12:19:25","guid":{"rendered":"https:\/\/bukkleader.hu\/old\/new\/?p=332"},"modified":"2015-09-22T14:20:16","modified_gmt":"2015-09-22T12:20:16","slug":"2013-ban-is-palyazhatok-lesznek-a-falu-es-tanyabuszok","status":"publish","type":"post","link":"https:\/\/bukkleader.hu\/old\/2013-ban-is-palyazhatok-lesznek-a-falu-es-tanyabuszok\/","title":{"rendered":"2013-ban is p\u00e1ly\u00e1zhat\u00f3k lesznek a falu- \u00e9s tanyabuszok"},"content":{"rendered":"<p style=\"text-align: justify;\">A Vid\u00e9kfejleszt\u00e9si Miniszt\u00e9rium k\u00f6zigazgat\u00e1si egyeztet\u00e9sre bocs\u00e1totta az Eur\u00f3pai Mez\u0151gazdas\u00e1gi Vid\u00e9kfejleszt\u00e9si Alapb\u00f3l ny\u00fajtand\u00f3,<span class=\"style212\"><strong> a vid\u00e9ki gazdas\u00e1g \u00e9s a lakoss\u00e1g sz\u00e1m\u00e1ra ny\u00fajtott alapszolg\u00e1ltat\u00e1sok fejleszt\u00e9s\u00e9re 2013-t\u00f3l ig\u00e9nybe vehet\u0151 t\u00e1mogat\u00e1sok<\/strong><\/span> r\u00e9szletes felt\u00e9teleir\u0151l sz\u00f3l\u00f3 rendelet tervezet\u00e9t. A rendelet tervezete alapj\u00e1n t\u00e1mogat\u00e1s vehet\u0151 ig\u00e9nybe, el\u0151rel\u00e1that\u00f3lag a kist\u00e9rs\u00e9gi k\u00f6zleked\u00e9si szolg\u00e1ltat\u00e1s fejleszt\u00e9s\u00e9re falu- \u00e9s tanyagondnoki szolg\u00e1ltat\u00e1s ell\u00e1t\u00e1s\u00e1hoz kapcsol\u00f3d\u00f3an (<em>1. c\u00e9lter\u00fclet<\/em>), kist\u00e9rs\u00e9gi k\u00f6zleked\u00e9si szolg\u00e1ltat\u00e1s fejleszt\u00e9s\u00e9re egy\u00e9b szolg\u00e1ltat\u00e1s ell\u00e1t\u00e1s\u00e1hoz kapcsol\u00f3d\u00f3an (<em>2. c\u00e9lter\u00fclet<\/em>), t\u00f6bbfunkci\u00f3s szolg\u00e1ltat\u00f3 k\u00f6zpont t\u00e1mogat\u00e1sa kapcs\u00e1n (<em>3. c\u00e9lter\u00fclet<\/em>), valamint hat\u00f3s\u00e1gi enged\u00e9llyel m\u0171k\u00f6d\u0151 \u00e1llatmenhelyek t\u00e1mogat\u00e1sa kapcs\u00e1n (<em>4. c\u00e9lter\u00fclet<\/em>).<strong> A rendelet megjelen\u00e9se \u00e9s a p\u00e1ly\u00e1zat megnyit\u00e1sa 2013. \u0151sszel v\u00e1rhat\u00f3<\/strong>.<\/p>\n<div class=\"sharedaddy sd-sharing-enabled\"><div class=\"robots-nocontent sd-block sd-social sd-social-icon sd-sharing\"><h3 class=\"sd-title\">Share this:<\/h3><div class=\"sd-content\"><ul><li class=\"share-facebook\"><a rel=\"nofollow noopener noreferrer\" data-shared=\"sharing-facebook-332\" class=\"share-facebook sd-button share-icon no-text\" href=\"https:\/\/bukkleader.hu\/old\/2013-ban-is-palyazhatok-lesznek-a-falu-es-tanyabuszok\/?share=facebook\" target=\"_blank\" title=\"Click to share on Facebook\"><span><\/span><span class=\"sharing-screen-reader-text\">Click to share on Facebook (Opens in new window)<\/span><\/a><\/li><li class=\"share-twitter\"><a rel=\"nofollow noopener noreferrer\" data-shared=\"sharing-twitter-332\" class=\"share-twitter sd-button share-icon no-text\" href=\"https:\/\/bukkleader.hu\/old\/2013-ban-is-palyazhatok-lesznek-a-falu-es-tanyabuszok\/?share=twitter\" target=\"_blank\" title=\"Click to share on Twitter\"><span><\/span><span class=\"sharing-screen-reader-text\">Click to share on Twitter (Opens in new window)<\/span><\/a><\/li><li class=\"share-print\"><a rel=\"nofollow noopener noreferrer\" data-shared=\"\" class=\"share-print sd-button share-icon no-text\" href=\"https:\/\/bukkleader.hu\/old\/2013-ban-is-palyazhatok-lesznek-a-falu-es-tanyabuszok\/\" target=\"_blank\" title=\"Click to print\"><span><\/span><span class=\"sharing-screen-reader-text\">Click to print (Opens in new window)<\/span><\/a><\/li><li class=\"share-email\"><a rel=\"nofollow noopener noreferrer\" data-shared=\"\" class=\"share-email sd-button share-icon no-text\" href=\"https:\/\/bukkleader.hu\/old\/2013-ban-is-palyazhatok-lesznek-a-falu-es-tanyabuszok\/?share=email\" target=\"_blank\" title=\"Click to email this to a friend\"><span><\/span><span class=\"sharing-screen-reader-text\">Click to email this to a friend (Opens in new window)<\/span><\/a><\/li><li class=\"share-end\"><\/li><\/ul><\/div><\/div><\/div>","protected":false},"excerpt":{"rendered":"<p>A Vid\u00e9kfejleszt\u00e9si Miniszt\u00e9rium k\u00f6zigazgat\u00e1si egyeztet\u00e9sre bocs\u00e1totta az Eur\u00f3pai Mez\u0151gazdas\u00e1gi Vid\u00e9kfejleszt\u00e9si Alapb\u00f3l ny\u00fajtand\u00f3, a vid\u00e9ki gazdas\u00e1g \u00e9s a lakoss\u00e1g sz\u00e1m\u00e1ra ny\u00fajtott alapszolg\u00e1ltat\u00e1sok fejleszt\u00e9s\u00e9re 2013-t\u00f3l ig\u00e9nybe vehet\u0151 t\u00e1mogat\u00e1sok r\u00e9szletes felt\u00e9teleir\u0151l sz\u00f3l\u00f3 rendelet tervezet\u00e9t. A rendelet tervezete alapj\u00e1n t\u00e1mogat\u00e1s vehet\u0151 ig\u00e9nybe, el\u0151rel\u00e1that\u00f3lag a kist\u00e9rs\u00e9gi k\u00f6zleked\u00e9si szolg\u00e1ltat\u00e1s fejleszt\u00e9s\u00e9re falu- \u00e9s tanyagondnoki szolg\u00e1ltat\u00e1s ell\u00e1t\u00e1s\u00e1hoz kapcsol\u00f3d\u00f3an (1. c\u00e9lter\u00fclet), kist\u00e9rs\u00e9gi k\u00f6zleked\u00e9si szolg\u00e1ltat\u00e1s [&hellip;]<\/p>\n<div class=\"sharedaddy sd-sharing-enabled\"><div class=\"robots-nocontent sd-block sd-social sd-social-icon sd-sharing\"><h3 class=\"sd-title\">Share this:<\/h3><div class=\"sd-content\"><ul><li class=\"share-facebook\"><a rel=\"nofollow noopener noreferrer\" data-shared=\"sharing-facebook-332\" class=\"share-facebook sd-button share-icon no-text\" href=\"https:\/\/bukkleader.hu\/old\/2013-ban-is-palyazhatok-lesznek-a-falu-es-tanyabuszok\/?share=facebook\" target=\"_blank\" title=\"Click to share on Facebook\"><span><\/span><span class=\"sharing-screen-reader-text\">Click to share on Facebook (Opens in new window)<\/span><\/a><\/li><li class=\"share-twitter\"><a rel=\"nofollow noopener noreferrer\" data-shared=\"sharing-twitter-332\" class=\"share-twitter sd-button share-icon no-text\" href=\"https:\/\/bukkleader.hu\/old\/2013-ban-is-palyazhatok-lesznek-a-falu-es-tanyabuszok\/?share=twitter\" target=\"_blank\" title=\"Click to share on Twitter\"><span><\/span><span class=\"sharing-screen-reader-text\">Click to share on Twitter (Opens in new window)<\/span><\/a><\/li><li class=\"share-print\"><a rel=\"nofollow noopener noreferrer\" data-shared=\"\" class=\"share-print sd-button share-icon no-text\" href=\"https:\/\/bukkleader.hu\/old\/2013-ban-is-palyazhatok-lesznek-a-falu-es-tanyabuszok\/\" target=\"_blank\" title=\"Click to print\"><span><\/span><span class=\"sharing-screen-reader-text\">Click to print (Opens in new window)<\/span><\/a><\/li><li class=\"share-email\"><a rel=\"nofollow noopener noreferrer\" data-shared=\"\" class=\"share-email sd-button share-icon no-text\" href=\"https:\/\/bukkleader.hu\/old\/2013-ban-is-palyazhatok-lesznek-a-falu-es-tanyabuszok\/?share=email\" target=\"_blank\" title=\"Click to email this to a friend\"><span><\/span><span class=\"sharing-screen-reader-text\">Click to email this to a friend (Opens in new window)<\/span><\/a><\/li><li class=\"share-end\"><\/li><\/ul><\/div><\/div><\/div>","protected":false},"author":1,"featured_media":0,"comment_status":"open","ping_status":"closed","sticky":false,"template":"","format":"standard","meta":{"_bbp_topic_count":0,"_bbp_reply_count":0,"_bbp_total_topic_count":0,"_bbp_total_reply_count":0,"_bbp_voice_count":0,"_bbp_anonymous_reply_count":0,"_bbp_topic_count_hidden":0,"_bbp_reply_count_hidden":0,"_bbp_forum_subforum_count":0,"spay_email":"","jetpack_publicize_message":"","jetpack_is_tweetstorm":false,"jetpack_publicize_feature_enabled":true},"categories":[1],"tags":[],"jetpack_featured_media_url":"","jetpack_publicize_connections":[],"jetpack_sharing_enabled":true,"jetpack-related-posts":[{"id":353,"url":"https:\/\/bukkleader.hu\/old\/palyazati-lehetoseg-a-videki-gazdasag-es-a-lakossag-szamara-nyujtott-alapszolgaltatasok-fejlesztesere\/","url_meta":{"origin":332,"position":0},"title":"P\u00e1ly\u00e1zati lehet\u0151s\u00e9g \u201ea vid\u00e9ki gazdas\u00e1g \u00e9s a lakoss\u00e1g sz\u00e1m\u00e1ra ny\u00fajtott alapszolg\u00e1ltat\u00e1sok fejleszt\u00e9s\u00e9re\u201d","date":"2013-11-14","format":false,"excerpt":"Megjelent a vid\u00e9kfejleszt\u00e9si miniszter 103\/2013. (XI. 8.) VM rendelete az Eur\u00f3pai Mez\u0151gazdas\u00e1gi Vid\u00e9kfejleszt\u00e9si Alapb\u00f3l ny\u00fajtand\u00f3, a vid\u00e9ki gazdas\u00e1g \u00e9s a lakoss\u00e1g sz\u00e1m\u00e1ra ny\u00fajtott alapszolg\u00e1ltat\u00e1sok fejleszt\u00e9s\u00e9re 2013-t\u00f3l ig\u00e9nybe vehet\u0151 t\u00e1mogat\u00e1sok r\u00e9szletes felt\u00e9teleir\u0151l. A rendelet alapj\u00e1n t\u00e1mogat\u00e1s vehet\u0151 ig\u00e9nybe t\u00f6bbek k\u00f6z\u00f6tt a\u00a0kist\u00e9rs\u00e9gi k\u00f6zleked\u00e9si szolg\u00e1ltat\u00e1s fejleszt\u00e9s\u00e9re falu- \u00e9s tanyagondnoki szolg\u00e1ltat\u00e1s ell\u00e1t\u00e1s\u00e1hoz kapcsol\u00f3d\u00f3an(1. c\u00e9lter\u00fclet).\u2026","rel":"","context":"In &quot;H\u00edreink, k\u00f6zlem\u00e9nyeink&quot;","img":{"alt_text":"elektromos-auto2-w","src":"https:\/\/i1.wp.com\/bukkleader.hu\/old\/wp-content\/uploads\/2015\/09\/elektromos-auto2-w.jpg?resize=350%2C200&ssl=1","width":350,"height":200},"classes":[]},{"id":363,"url":"https:\/\/bukkleader.hu\/old\/megjelent-a-kistersegi-kozlekedesi-szolgaltatasok-fejlesztese-soran-alkalmazando-gepjarmu-katalogusrol-szolo-ih-kozlemeny\/","url_meta":{"origin":332,"position":1},"title":"Megjelent a kist\u00e9rs\u00e9gi k\u00f6zleked\u00e9si szolg\u00e1ltat\u00e1sok fejleszt\u00e9se sor\u00e1n alkalmazand\u00f3 g\u00e9pj\u00e1rm\u0171 katal\u00f3gusr\u00f3l sz\u00f3l\u00f3 IH k\u00f6zlem\u00e9ny","date":"2013-11-18","format":false,"excerpt":"Megjelent az EMVA t\u00e1rsfinansz\u00edroz\u00e1s\u00fa int\u00e9zked\u00e9sek Ir\u00e1ny\u00edt\u00f3 Hat\u00f3s\u00e1g\u00e1nak a 289\/2013. (XI. 14.) k\u00f6zlem\u00e9nye az Eur\u00f3pai Mez\u0151gazdas\u00e1gi Vid\u00e9kfejleszt\u00e9si Alapb\u00f3l ny\u00fajtand\u00f3, a vid\u00e9ki gazdas\u00e1g \u00e9s a lakoss\u00e1g sz\u00e1m\u00e1ra ny\u00fajtott alapszolg\u00e1ltat\u00e1sok fejleszt\u00e9s\u00e9re 2013-t\u00f3l ig\u00e9nybe vehet\u0151 t\u00e1mogat\u00e1sok r\u00e9szletes felt\u00e9teleir\u0151l sz\u00f3l\u00f3 103\/2013. (XI. 08.) VM rendeletr\u0151l, valamint a kist\u00e9rs\u00e9gi k\u00f6zleked\u00e9si szolg\u00e1ltat\u00e1sok fejleszt\u00e9se keret\u00e9ben a k\u00f6telez\u0151 arculati\u2026","rel":"","context":"In &quot;H\u00edreink, k\u00f6zlem\u00e9nyeink&quot;","img":{"alt_text":"384-1-daranyi-ignac-terv","src":"https:\/\/i1.wp.com\/bukkleader.hu\/old\/wp-content\/uploads\/2015\/09\/384-1-daranyi-ignac-terv.jpg?resize=350%2C200&ssl=1","width":350,"height":200},"classes":[]},{"id":273,"url":"https:\/\/bukkleader.hu\/old\/2012-masodik-felevi-palyazati-lehetosegek\/","url_meta":{"origin":332,"position":2},"title":"2012. m\u00e1sodik f\u00e9l\u00e9vi p\u00e1ly\u00e1zati lehet\u0151s\u00e9gek","date":"2012-11-30","format":false,"excerpt":"2012. m\u00e1sodik f\u00e9l\u00e9v\u00e9ben a Dar\u00e1nyi Ign\u00e1c Terv \u2013 \u00daj Magyarorsz\u00e1g Vid\u00e9kfejleszt\u00e9si Program keret\u00e9ben \u00fajabb EMVA III. \u00e9s LEADER vid\u00e9kfejleszt\u00e9si t\u00e1mogat\u00e1sok elnyer\u00e9s\u00e9re ny\u00edlnak lehet\u0151s\u00e9gek. A B\u00fckk-T\u00e9rs\u00e9gi LEADER Egyes\u00fclet ter\u00fclet\u00e9r\u0151l a 2012. okt\u00f3ber 15. \u2013 november 30. id\u0151szakban EMVA III. falumeg\u00faj\u00edt\u00e1s \u00e9s \u2013fejleszt\u00e9sre, valamint \u00e9v v\u00e9g\u00e9n \u2013 2013. elej\u00e9n a Helyi Vid\u00e9kfejleszt\u00e9si\u2026","rel":"","context":"In &quot;H\u00edreink, k\u00f6zlem\u00e9nyeink&quot;","img":{"alt_text":"384-1-daranyi-ignac-terv","src":"https:\/\/i1.wp.com\/bukkleader.hu\/old\/wp-content\/uploads\/2015\/09\/384-1-daranyi-ignac-terv.jpg?resize=350%2C200&ssl=1","width":350,"height":200},"classes":[]},{"id":379,"url":"https:\/\/bukkleader.hu\/old\/figyelem-jogszabaly-modositasok\/","url_meta":{"origin":332,"position":3},"title":"FIGYELEM! Jogszab\u00e1ly m\u00f3dos\u00edt\u00e1sok","date":"2014-04-07","format":false,"excerpt":"2014. \u00e1prilis 03-ai d\u00e1tummal megjelent a Magyar K\u00f6zl\u00f6ny 2014. \u00e9vi 50. sz\u00e1m\u00e1ban az agr\u00e1r-szaktan\u00e1csad\u00e1ssal kapcsolatos \u00e9s az Eur\u00f3pai Mez\u0151gazdas\u00e1gi Vid\u00e9kfejleszt\u00e9si Alapb\u00f3l finansz\u00edrozott egyes agr\u00e1rt\u00e1mogat\u00e1si t\u00e1rgy\u00fa miniszteri rendeletek m\u00f3dos\u00edt\u00e1s\u00e1r\u00f3l sz\u00f3l\u00f3 32\/2014. (IV. 3.) VM rendelet, amely t\u00f6bbek k\u00f6z\u00f6tt tartalmazza: az Eur\u00f3pai Mez\u0151gazdas\u00e1gi Vid\u00e9kfejleszt\u00e9si Alapb\u00f3l a Helyi Vid\u00e9kfejleszt\u00e9si Strat\u00e9gi\u00e1k LEADER fejezet\u00e9nek v\u00e9grehajt\u00e1s\u00e1hoz\u2026","rel":"","context":"In &quot;H\u00edreink, k\u00f6zlem\u00e9nyeink&quot;","img":{"alt_text":"paragrafus","src":"https:\/\/i0.wp.com\/bukkleader.hu\/old\/wp-content\/uploads\/2012\/06\/paragrafus384w.jpg?resize=350%2C200&ssl=1","width":350,"height":200},"classes":[]},{"id":271,"url":"https:\/\/bukkleader.hu\/old\/uj-ih-kozlemeny-a-falumegujitas-es-fejlesztes-palyazattal-kapcsolatban\/","url_meta":{"origin":332,"position":4},"title":"\u00daj IH k\u00f6zlem\u00e9ny a falumeg\u00faj\u00edt\u00e1s \u00e9s \u2013fejleszt\u00e9s p\u00e1ly\u00e1zattal kapcsolatban","date":"2012-11-28","format":false,"excerpt":"FIGYELEM: \u00faj IH k\u00f6zlem\u00e9ny a falumeg\u00faj\u00edt\u00e1s \u00e9s \u2013fejleszt\u00e9s p\u00e1ly\u00e1zattal kapcsolatbanA 114\/2012. (XI. 27.) IH k\u00f6zlem\u00e9ny szerint: \"Az 1. c\u00e9lter\u00fclet (2. \u00a7 (1) bekezd\u00e9s) eset\u00e9ben bels\u0151 fel\u00faj\u00edt\u00e1s is t\u00e1mogathat\u00f3, ak\u00e1r \u00f6n\u00e1ll\u00f3an is, amennyiben az \u00fcgyf\u00e9l legal\u00e1bb heti k\u00e9t napon biztos\u00edtja a fel\u00faj\u00edtott ingatlan Falu rendelet 6. \u00a7 (11) bekezd\u00e9s szerinti l\u00e1togathat\u00f3s\u00e1g\u00e1t.\u2026","rel":"","context":"In &quot;H\u00edreink, k\u00f6zlem\u00e9nyeink&quot;","img":{"alt_text":"felki\u00e1llt\u00f3 jel","src":"https:\/\/i0.wp.com\/bukkleader.hu\/old\/wp-content\/uploads\/2012\/06\/felkialto-jel384w.jpg?resize=350%2C200&ssl=1","width":350,"height":200},"classes":[]},{"id":308,"url":"https:\/\/bukkleader.hu\/old\/az-emva-iv-leader-program-harmadik-benyujtasi-korenek-koncepcioja\/","url_meta":{"origin":332,"position":5},"title":"Az EMVA IV. LEADER Program harmadik beny\u00fajt\u00e1si k\u00f6r\u00e9nek koncepci\u00f3ja","date":"2013-02-19","format":false,"excerpt":"2013. tavasz\u00e1t\u00f3l, a Dar\u00e1nyi Ign\u00e1c Terv \u2013 \u00daj Magyarorsz\u00e1g Vid\u00e9kfejleszt\u00e9si Program keret\u00e9ben \u00fajabb EMVA IV. - LEADER vid\u00e9kfejleszt\u00e9si t\u00e1mogat\u00e1sok elnyer\u00e9s\u00e9re ny\u00edlnak lehet\u0151s\u00e9gek.A B\u00fckk-T\u00e9rs\u00e9gi LEADER Egyes\u00fclet ter\u00fclet\u00e9r\u0151l a Helyi Vid\u00e9kfejleszt\u00e9si Strat\u00e9gia k\u00f6z\u00f6s fel\u00fclvizsg\u00e1lata sor\u00e1n kialak\u00edtand\u00f3 LEADER c\u00e9lter\u00fcletekre ny\u00fajthat\u00f3k be p\u00e1ly\u00e1zatok. A program v\u00e9grehajt\u00e1s\u00e1ban az Ir\u00e1ny\u00edt\u00f3 Hat\u00f3s\u00e1g el\u0151zetes t\u00e1j\u00e9koztat\u00e1sa szerint az al\u00e1bbi\u2026","rel":"","context":"In &quot;H\u00edreink, k\u00f6zlem\u00e9nyeink&quot;","img":{"alt_text":"bukk-leader-logo-w","src":"https:\/\/i2.wp.com\/bukkleader.hu\/old\/wp-content\/uploads\/2015\/09\/bukk-leader-logo-w.jpg?resize=350%2C200&ssl=1","width":350,"height":200},"classes":[]}],"_links":{"self":[{"href":"https:\/\/bukkleader.hu\/old\/wp-json\/wp\/v2\/posts\/332"}],"collection":[{"href":"https:\/\/bukkleader.hu\/old\/wp-json\/wp\/v2\/posts"}],"about":[{"href":"https:\/\/bukkleader.hu\/old\/wp-json\/wp\/v2\/types\/post"}],"author":[{"embeddable":true,"href":"https:\/\/bukkleader.hu\/old\/wp-json\/wp\/v2\/users\/1"}],"replies":[{"embeddable":true,"href":"https:\/\/bukkleader.hu\/old\/wp-json\/wp\/v2\/comments?post=332"}],"version-history":[{"count":1,"href":"https:\/\/bukkleader.hu\/old\/wp-json\/wp\/v2\/posts\/332\/revisions"}],"predecessor-version":[{"id":333,"href":"https:\/\/bukkleader.hu\/old\/wp-json\/wp\/v2\/posts\/332\/revisions\/333"}],"wp:attachment":[{"href":"https:\/\/bukkleader.hu\/old\/wp-json\/wp\/v2\/media?parent=332"}],"wp:term":[{"taxonomy":"category","embeddable":true,"href":"https:\/\/bukkleader.hu\/old\/wp-json\/wp\/v2\/categories?post=332"},{"taxonomy":"post_tag","embeddable":true,"href":"https:\/\/bukkleader.hu\/old\/wp-json\/wp\/v2\/tags?post=332"}],"curies":[{"name":"wp","href":"https:\/\/api.w.org\/{rel}","templated":true}]}}