{"id":329,"date":"2013-07-13T14:16:51","date_gmt":"2013-07-13T12:16:51","guid":{"rendered":"https:\/\/bukkleader.hu\/old\/new\/?p=329"},"modified":"2015-09-22T14:18:34","modified_gmt":"2015-09-22T12:18:34","slug":"az-eb-elfogadta-a-2014-2020-as-magyar-partnersegi-megallapodas-elso-valtozatat","status":"publish","type":"post","link":"https:\/\/bukkleader.hu\/old\/az-eb-elfogadta-a-2014-2020-as-magyar-partnersegi-megallapodas-elso-valtozatat\/","title":{"rendered":"Az EB elfogadta a 2014-2020-as magyar Partners\u00e9gi Meg\u00e1llapod\u00e1s els\u0151 v\u00e1ltozat\u00e1t"},"content":{"rendered":"<p style=\"text-align: justify;\">&#8220;Az Eur\u00f3pai Bizotts\u00e1g (EB) elfogadta a <span class=\"style212\"><strong>2014-2020-as eur\u00f3pai uni\u00f3s fejleszt\u00e9si id\u0151szak forr\u00e1sainak tervez\u00e9s\u00e9r\u0151l sz\u00f3l\u00f3 magyar Partners\u00e9gi Meg\u00e1llapod\u00e1s els\u0151 v\u00e1ltozat\u00e1t<\/strong><\/span> &#8211; jelentette be keddi sajt\u00f3t\u00e1j\u00e9koztat\u00f3j\u00e1n Cs\u00e9falvay Zolt\u00e1n. A Nemzetgazdas\u00e1gi Miniszt\u00e9rium gazdas\u00e1gstrat\u00e9gi\u00e1\u00e9rt felel\u0151s \u00e1llamtitk\u00e1ra kiemelte, hogy a j\u00f6v\u0151re indul\u00f3 \u00faj tervez\u00e9si id\u0151szakban <strong>a forr\u00e1sok hatvan sz\u00e1zal\u00e9k\u00e1t gazdas\u00e1gfejleszt\u00e9sre szeretn\u00e9 ford\u00edtani Magyarorsz\u00e1g<\/strong>. A legt\u00f6bb forr\u00e1s, a jelenlegi dupl\u00e1ja &#8211; 2014 \u00e9s 2020 k\u00f6z\u00f6tt v\u00e1rhat\u00f3an mintegy 1200 milli\u00e1rd forint &#8211; a foglalkoztat\u00e1s \u00f6szt\u00f6nz\u00e9s\u00e9re jut.&#8221; <a href=\"http:\/\/www.epir.hu\/hirek\/megallapodas-a-2014-2020-as-fejlesztesekrol.html\" target=\"_blank\">Tov\u00e1bb a teljes cikkhez az Es\u00e9lyegyenl\u0151s\u00e9gi Programiroda honlapj\u00e1ra &gt;&gt;<\/a><\/p>\n<div class=\"sharedaddy sd-sharing-enabled\"><div class=\"robots-nocontent sd-block sd-social sd-social-icon sd-sharing\"><h3 class=\"sd-title\">Share this:<\/h3><div class=\"sd-content\"><ul><li class=\"share-facebook\"><a rel=\"nofollow noopener noreferrer\" data-shared=\"sharing-facebook-329\" class=\"share-facebook sd-button share-icon no-text\" href=\"https:\/\/bukkleader.hu\/old\/az-eb-elfogadta-a-2014-2020-as-magyar-partnersegi-megallapodas-elso-valtozatat\/?share=facebook\" target=\"_blank\" title=\"Click to share on Facebook\"><span><\/span><span class=\"sharing-screen-reader-text\">Click to share on Facebook (Opens in new window)<\/span><\/a><\/li><li class=\"share-twitter\"><a rel=\"nofollow noopener noreferrer\" data-shared=\"sharing-twitter-329\" class=\"share-twitter sd-button share-icon no-text\" href=\"https:\/\/bukkleader.hu\/old\/az-eb-elfogadta-a-2014-2020-as-magyar-partnersegi-megallapodas-elso-valtozatat\/?share=twitter\" target=\"_blank\" title=\"Click to share on Twitter\"><span><\/span><span class=\"sharing-screen-reader-text\">Click to share on Twitter (Opens in new window)<\/span><\/a><\/li><li class=\"share-print\"><a rel=\"nofollow noopener noreferrer\" data-shared=\"\" class=\"share-print sd-button share-icon no-text\" href=\"https:\/\/bukkleader.hu\/old\/az-eb-elfogadta-a-2014-2020-as-magyar-partnersegi-megallapodas-elso-valtozatat\/\" target=\"_blank\" title=\"Click to print\"><span><\/span><span class=\"sharing-screen-reader-text\">Click to print (Opens in new window)<\/span><\/a><\/li><li class=\"share-email\"><a rel=\"nofollow noopener noreferrer\" data-shared=\"\" class=\"share-email sd-button share-icon no-text\" href=\"https:\/\/bukkleader.hu\/old\/az-eb-elfogadta-a-2014-2020-as-magyar-partnersegi-megallapodas-elso-valtozatat\/?share=email\" target=\"_blank\" title=\"Click to email this to a friend\"><span><\/span><span class=\"sharing-screen-reader-text\">Click to email this to a friend (Opens in new window)<\/span><\/a><\/li><li class=\"share-end\"><\/li><\/ul><\/div><\/div><\/div>","protected":false},"excerpt":{"rendered":"<p>&#8220;Az Eur\u00f3pai Bizotts\u00e1g (EB) elfogadta a 2014-2020-as eur\u00f3pai uni\u00f3s fejleszt\u00e9si id\u0151szak forr\u00e1sainak tervez\u00e9s\u00e9r\u0151l sz\u00f3l\u00f3 magyar Partners\u00e9gi Meg\u00e1llapod\u00e1s els\u0151 v\u00e1ltozat\u00e1t &#8211; jelentette be keddi sajt\u00f3t\u00e1j\u00e9koztat\u00f3j\u00e1n Cs\u00e9falvay Zolt\u00e1n. A Nemzetgazdas\u00e1gi Miniszt\u00e9rium gazdas\u00e1gstrat\u00e9gi\u00e1\u00e9rt felel\u0151s \u00e1llamtitk\u00e1ra kiemelte, hogy a j\u00f6v\u0151re indul\u00f3 \u00faj tervez\u00e9si id\u0151szakban a forr\u00e1sok hatvan sz\u00e1zal\u00e9k\u00e1t gazdas\u00e1gfejleszt\u00e9sre szeretn\u00e9 ford\u00edtani Magyarorsz\u00e1g. A legt\u00f6bb forr\u00e1s, a jelenlegi dupl\u00e1ja &#8211; [&hellip;]<\/p>\n<div class=\"sharedaddy sd-sharing-enabled\"><div class=\"robots-nocontent sd-block sd-social sd-social-icon sd-sharing\"><h3 class=\"sd-title\">Share this:<\/h3><div class=\"sd-content\"><ul><li class=\"share-facebook\"><a rel=\"nofollow noopener noreferrer\" data-shared=\"sharing-facebook-329\" class=\"share-facebook sd-button share-icon no-text\" href=\"https:\/\/bukkleader.hu\/old\/az-eb-elfogadta-a-2014-2020-as-magyar-partnersegi-megallapodas-elso-valtozatat\/?share=facebook\" target=\"_blank\" title=\"Click to share on Facebook\"><span><\/span><span class=\"sharing-screen-reader-text\">Click to share on Facebook (Opens in new window)<\/span><\/a><\/li><li class=\"share-twitter\"><a rel=\"nofollow noopener noreferrer\" data-shared=\"sharing-twitter-329\" class=\"share-twitter sd-button share-icon no-text\" href=\"https:\/\/bukkleader.hu\/old\/az-eb-elfogadta-a-2014-2020-as-magyar-partnersegi-megallapodas-elso-valtozatat\/?share=twitter\" target=\"_blank\" title=\"Click to share on Twitter\"><span><\/span><span class=\"sharing-screen-reader-text\">Click to share on Twitter (Opens in new window)<\/span><\/a><\/li><li class=\"share-print\"><a rel=\"nofollow noopener noreferrer\" data-shared=\"\" class=\"share-print sd-button share-icon no-text\" href=\"https:\/\/bukkleader.hu\/old\/az-eb-elfogadta-a-2014-2020-as-magyar-partnersegi-megallapodas-elso-valtozatat\/\" target=\"_blank\" title=\"Click to print\"><span><\/span><span class=\"sharing-screen-reader-text\">Click to print (Opens in new window)<\/span><\/a><\/li><li class=\"share-email\"><a rel=\"nofollow noopener noreferrer\" data-shared=\"\" class=\"share-email sd-button share-icon no-text\" href=\"https:\/\/bukkleader.hu\/old\/az-eb-elfogadta-a-2014-2020-as-magyar-partnersegi-megallapodas-elso-valtozatat\/?share=email\" target=\"_blank\" title=\"Click to email this to a friend\"><span><\/span><span class=\"sharing-screen-reader-text\">Click to email this to a friend (Opens in new window)<\/span><\/a><\/li><li class=\"share-end\"><\/li><\/ul><\/div><\/div><\/div>","protected":false},"author":1,"featured_media":330,"comment_status":"open","ping_status":"closed","sticky":false,"template":"","format":"standard","meta":{"_bbp_topic_count":0,"_bbp_reply_count":0,"_bbp_total_topic_count":0,"_bbp_total_reply_count":0,"_bbp_voice_count":0,"_bbp_anonymous_reply_count":0,"_bbp_topic_count_hidden":0,"_bbp_reply_count_hidden":0,"_bbp_forum_subforum_count":0,"spay_email":"","jetpack_publicize_message":"","jetpack_is_tweetstorm":false,"jetpack_publicize_feature_enabled":true},"categories":[1],"tags":[],"jetpack_featured_media_url":"https:\/\/bukkleader.hu\/old\/wp-content\/uploads\/2015\/09\/eu-logo21.jpg","jetpack_publicize_connections":[],"jetpack_sharing_enabled":true,"jetpack-related-posts":[{"id":251,"url":"https:\/\/bukkleader.hu\/old\/kozponti-szerepet-kap-a-leader-szemleletmod\/","url_meta":{"origin":329,"position":0},"title":"K\u00f6zponti szerepet kap a LEADER szeml\u00e9letm\u00f3d","date":"2012-09-23","format":false,"excerpt":"K\u00f6zponti szerepet kap a 2014-2020-as tervez\u00e9sben a LEADER szeml\u00e9letm\u00f3d\u201eAz elm\u00falt 20 \u00e9v sor\u00e1n hat\u00e9kony \u00e9s eredm\u00e9nyes eszk\u00f6znek bizonyult a fejleszt\u00e9spolitik\u00e1k megval\u00f3\u00ads\u00edt\u00e1s\u00e1ban a k\u00f6z\u00f6ss\u00e9g \u00e1ltal ir\u00e1ny\u00edtott helyi fejleszt\u00e9s (CLLD) LEADER szeml\u00e9letm\u00f3dja [\u2026] A k\u00f6z\u00f6ss\u00e9g \u00e1ltal ir\u00e1ny\u00edtott helyi fejleszt\u00e9sr\u0151l sz\u00f3l\u00f3 rendelettervezet (28-31. cikk) (4) a LEADER szem\u00adl\u00e9letm\u00f3dj\u00e1n alapul, \u00e9s \u00e9rinti a K\u00f6z\u00f6s\u2026","rel":"","context":"In &quot;H\u00edreink, k\u00f6zlem\u00e9nyeink&quot;","img":{"alt_text":"","src":"","width":0,"height":0},"classes":[]},{"id":396,"url":"https:\/\/bukkleader.hu\/old\/3500-milliard-forint-a-videknek-2014-2020-kozott\/","url_meta":{"origin":329,"position":1},"title":"3500 milli\u00e1rd forint a vid\u00e9knek 2014-2020 k\u00f6z\u00f6tt","date":"2014-08-15","format":false,"excerpt":"\"A 2014-2020-as eur\u00f3pai uni\u00f3s id\u0151szak vid\u00e9kfejleszt\u00e9si lehet\u0151s\u00e9geir\u0151l tartottak szakmai f\u00f3rumot Zselickislakon, ahol hangs\u00falyozt\u00e1k: a f\u0151 c\u00e9l a n\u00e9pess\u00e9g \u00e9s a munkahelyek megtart\u00e1sa, valamint a gazdas\u00e1gfejleszt\u00e9s. A k\u00f6vetkez\u0151 h\u00e9t \u00e9vben vid\u00e9kfejleszt\u00e9sre kevesebb, de a k\u00f6zvetlen t\u00e1mogat\u00e1sokkal \u00f6sszess\u00e9g\u00e9ben t\u00f6bb forr\u00e1s jut a vid\u00e9k t\u00e1mogat\u00e1s\u00e1ra, mint a megel\u0151z\u0151 ciklusban.\" Tov\u00e1bb a teljes cikkhez\u2026","rel":"","context":"In &quot;H\u00edreink, k\u00f6zlem\u00e9nyeink&quot;","img":{"alt_text":"eu z\u00e1szl\u00f3","src":"https:\/\/i0.wp.com\/bukkleader.hu\/old\/wp-content\/uploads\/2012\/06\/eu-zaszlo384w.jpg?resize=350%2C200&ssl=1","width":350,"height":200},"classes":[]},{"id":112,"url":"https:\/\/bukkleader.hu\/old\/2013-oktober-01-2013-december-31-idoszak\/","url_meta":{"origin":329,"position":2},"title":"2013. okt\u00f3ber 01. &#8211; 2013. december 31. id\u0151szak","date":"2014-01-02","format":false,"excerpt":"A B\u00fckk-T\u00e9rs\u00e9gi LEADER Egyes\u00fclet munkaszervezet\u00e9nek legfontosabb feladatai a 2013.10.01. \u2013 12.31. id\u0151szakban a 2013. \u00e9vben beny\u00fajtott LEADER p\u00e1ly\u00e1zatok v\u00e9gs\u0151 t\u00e1mogat\u00e1si rangsorainak \u00f6ssze\u00e1ll\u00edt\u00e1sa, a p\u00e1ly\u00e1z\u00f3k tan\u00e1csol\u00e1sa a turisztikai p\u00e1ly\u00e1zataik el\u0151k\u00e9sz\u00edt\u00e9s\u00e9hez, a LEADER t\u00e9rs\u00e9gek k\u00f6z\u00f6tti egy\u00fcttm\u0171k\u00f6d\u00e9si p\u00e1ly\u00e1zatok beny\u00fajt\u00e1sa \u00e9s a 2014-2020 id\u0151szaki \u00faj Vid\u00e9kfejleszt\u00e9si Program megval\u00f3s\u00edt\u00e1s\u00e1nak el\u0151k\u00e9sz\u00edt\u00e9se voltak. Tov\u00e1bb\u00e1 a HACS a\u2026","rel":"","context":"In &quot;Munkabesz\u00e1mol\u00f3k&quot;","img":{"alt_text":"","src":"","width":0,"height":0},"classes":[]},{"id":282,"url":"https:\/\/bukkleader.hu\/old\/a-videkfejlesztesi-miniszterium-megkezdte-a-2014-2020-idoszak-tervezeset\/","url_meta":{"origin":329,"position":3},"title":"A Vid\u00e9kfejleszt\u00e9si Miniszt\u00e9rium megkezdte a 2014-2020 id\u0151szak tervez\u00e9s\u00e9t","date":"2012-12-12","format":false,"excerpt":"\u201eA vid\u00e9kfejleszt\u00e9si t\u00e1rca \u00e9s a 2014-2020-as tervez\u00e9s koordin\u00e1ci\u00f3j\u00e1\u00e9rt felel\u0151s NAKVI r\u00e9gi\u00f3s f\u00f3rumokon tal\u00e1lkozott a megy\u00e9k, valamint a LEADER Helyi Akci\u00f3csoportok k\u00e9pvisel\u0151ivel, hogy egy\u00fctt jel\u00f6lj\u00e9k ki a k\u00f6vetkez\u0151 programoz\u00e1si id\u0151szak ir\u00e1nyait \u00e9s egyeztess\u00e9k elk\u00e9pzel\u00e9seiket.\u201d Tov\u00e1bb a teljes cikkhez a www.umvp.eu weboldalra >>","rel":"","context":"In &quot;H\u00edreink, k\u00f6zlem\u00e9nyeink&quot;","img":{"alt_text":"Vid\u00e9kfejleszt\u00e9si Miniszt\u00e9rium","src":"https:\/\/i2.wp.com\/bukkleader.hu\/old\/wp-content\/uploads\/2015\/09\/384-2-vfm-w.jpg?resize=350%2C200&ssl=1","width":350,"height":200},"classes":[]},{"id":359,"url":"https:\/\/bukkleader.hu\/old\/a-2014-2020-as-operativ-programok-tarsadalmi-egyeztetese\/","url_meta":{"origin":329,"position":4},"title":"A 2014-2020-as operat\u00edv programok t\u00e1rsadalmi egyeztet\u00e9se","date":"2013-11-18","format":false,"excerpt":"Magyarorsz\u00e1g kiemelt nemzeti \u00e9rdeke, hogy a rendelkez\u00e9s\u00e9re \u00e1ll\u00f3 uni\u00f3s forr\u00e1sokat min\u00e9l hat\u00e9konyabban haszn\u00e1lja fel, ennek \u00e9rdek\u00e9ben a 2014-2020-as id\u0151szakra vonatkoz\u00f3 operat\u00edv programok t\u00e1rsadalmi egyeztet\u00e9se folyik. Az operat\u00edv programokkal kapcsolatos \u00e9szrev\u00e9telek, javaslatok\u00a0az adott operat\u00edv programhoz kapcsol\u00f3d\u00f3 internetes f\u00f3rumon k\u00fcldhet\u0151k meg, 2013. december 15-ig, az al\u00e1bbi weboldalr\u00f3l >>","rel":"","context":"In &quot;H\u00edreink, k\u00f6zlem\u00e9nyeink&quot;","img":{"alt_text":"eu z\u00e1szl\u00f3","src":"https:\/\/i0.wp.com\/bukkleader.hu\/old\/wp-content\/uploads\/2012\/06\/eu-zaszlo384w.jpg?resize=350%2C200&ssl=1","width":350,"height":200},"classes":[]},{"id":106,"url":"https:\/\/bukkleader.hu\/old\/2013-januar-01-2013-marcius-31-idoszak\/","url_meta":{"origin":329,"position":5},"title":"2013. janu\u00e1r 01. &#8211; 2013. m\u00e1rcius 31. id\u0151szak","date":"2013-04-01","format":false,"excerpt":"A B\u00fckk-T\u00e9rs\u00e9gi LEADER Egyes\u00fclet munkaszervezet\u00e9nek legfontosabb feladatai a 2013.01.01. \u2013 03.31. id\u0151szakban a HACS-hoz be\u00e9rkezett EMVA III. falumeg\u00faj\u00edt\u00e1s \u00e9s \u2013fejleszt\u00e9s p\u00e1ly\u00e1zatok \u00fcgyint\u00e9z\u00e9se, a szakmai kapcsolat\u00e9p\u00edt\u00e9s \u00e9s az 2014-2020 id\u0151szak EU-s tervez\u00e9s\u00e9vel kapcsolatos egyeztet\u00e9seken val\u00f3 r\u00e9szv\u00e9tel voltak.A vid\u00e9kfejleszt\u00e9si k\u00f6z\u00f6ss\u00e9g min\u00e9l sz\u00e9lesebb k\u00f6r\u0171 t\u00e1j\u00e9koztat\u00e1sa \u00e9rdek\u00e9ben a t\u00e1mogat\u00e1si id\u0151szakban t\u00f6bb szakmai f\u00f3rumot tartottunk,\u2026","rel":"","context":"In &quot;Munkabesz\u00e1mol\u00f3k&quot;","img":{"alt_text":"","src":"","width":0,"height":0},"classes":[]}],"_links":{"self":[{"href":"https:\/\/bukkleader.hu\/old\/wp-json\/wp\/v2\/posts\/329"}],"collection":[{"href":"https:\/\/bukkleader.hu\/old\/wp-json\/wp\/v2\/posts"}],"about":[{"href":"https:\/\/bukkleader.hu\/old\/wp-json\/wp\/v2\/types\/post"}],"author":[{"embeddable":true,"href":"https:\/\/bukkleader.hu\/old\/wp-json\/wp\/v2\/users\/1"}],"replies":[{"embeddable":true,"href":"https:\/\/bukkleader.hu\/old\/wp-json\/wp\/v2\/comments?post=329"}],"version-history":[{"count":1,"href":"https:\/\/bukkleader.hu\/old\/wp-json\/wp\/v2\/posts\/329\/revisions"}],"predecessor-version":[{"id":331,"href":"https:\/\/bukkleader.hu\/old\/wp-json\/wp\/v2\/posts\/329\/revisions\/331"}],"wp:featuredmedia":[{"embeddable":true,"href":"https:\/\/bukkleader.hu\/old\/wp-json\/wp\/v2\/media\/330"}],"wp:attachment":[{"href":"https:\/\/bukkleader.hu\/old\/wp-json\/wp\/v2\/media?parent=329"}],"wp:term":[{"taxonomy":"category","embeddable":true,"href":"https:\/\/bukkleader.hu\/old\/wp-json\/wp\/v2\/categories?post=329"},{"taxonomy":"post_tag","embeddable":true,"href":"https:\/\/bukkleader.hu\/old\/wp-json\/wp\/v2\/tags?post=329"}],"curies":[{"name":"wp","href":"https:\/\/api.w.org\/{rel}","templated":true}]}}