{"id":325,"date":"2013-06-06T14:06:30","date_gmt":"2013-06-06T12:06:30","guid":{"rendered":"https:\/\/bukkleader.hu\/old\/new\/?p=325"},"modified":"2015-09-22T14:10:13","modified_gmt":"2015-09-22T12:10:13","slug":"leader-palyazati-lehetosegek-2013","status":"publish","type":"post","link":"https:\/\/bukkleader.hu\/old\/leader-palyazati-lehetosegek-2013\/","title":{"rendered":"LEADER P\u00c1LY\u00c1ZATI LEHET\u0150S\u00c9GEK 2013."},"content":{"rendered":"<p class=\"style212\" style=\"text-align: justify;\"><strong>FIGYELEM! MEGJELENT AZ EMVA T\u00c1RSFINANSZ\u00cdROZ\u00c1S\u00da INT\u00c9ZKED\u00c9SEK IR\u00c1NY\u00cdT\u00d3 HAT\u00d3S\u00c1G\u00c1NAK K\u00d6ZLEM\u00c9NYE A LEADER PROGRAM HARMADIK, 2013-BAN MEGHIRDETETT P\u00c1LY\u00c1ZATI K\u00d6R\u00c9HEZ KAPCSOL\u00d3D\u00d3 LEADER INT\u00c9ZKED\u00c9SI TERVEK K\u00d6ZZ\u00c9T\u00c9TEL\u00c9R\u0150L, MELY ALAPJ\u00c1N A B\u00dcKK-T\u00c9RS\u00c9GI LEADER EGYES\u00dcLETHEZ BENY\u00daJTHAT\u00d3K A PROJEKT ADATLAPOK.<\/strong><\/p>\n<p class=\"style6\" style=\"text-align: justify;\"><!--more-->A B\u00fckk-T\u00e9rs\u00e9gi LEADER Egyes\u00fclet (HACS) k\u00f6zgy\u0171l\u00e9se \u00e1ltal j\u00f3v\u00e1hagyott int\u00e9zked\u00e9seket (fejleszt\u00e9si t\u00e9m\u00e1kat), valamint az el\u0151p\u00e1ly\u00e1zati szakaszra vonatkoz\u00f3 r\u00e9szletes t\u00e1mogat\u00e1si felt\u00e9teleket tartalmaz\u00f3 v\u00e9gleges <strong class=\"style212\">LEADER Int\u00e9zked\u00e9si Tervet<\/strong> a Vid\u00e9kfejleszt\u00e9si Miniszt\u00e9rium, mint az EMVA t\u00e1rsfinansz\u00edroz\u00e1s\u00fa int\u00e9zked\u00e9sek Ir\u00e1ny\u00edt\u00f3 Hat\u00f3s\u00e1ga (IH) <strong class=\"style212\">k\u00f6zlem\u00e9nyben tette k\u00f6zz\u00e9, mellyel megny\u00edlt az el\u0151p\u00e1ly\u00e1zatok (Projekt adatlapok) beny\u00fajt\u00e1si id\u0151szaka<\/strong>.<\/p>\n<p class=\"style6\" style=\"text-align: justify;\"><strong class=\"style212\">A VID\u00c9KFEJLESZT\u00c9SI MINISZT\u00c9RIUM (VM) LEG\u00daJABB UTAS\u00cdT\u00c1SA SZERINT A HACS-HOZ A LEADER INT\u00c9ZKED\u00c9SI TERV\u00c9NEK AZ EMVA IH K\u00d6ZLEM\u00c9NY\u00c9BEN VAL\u00d3 MEGJELEN\u00c9S\u00c9T K\u00d6VET\u0150EN AZONNAL BENY\u00daJTHAT\u00d3K A PROJEKT ADATLAPOK<\/strong> (a 2013.05.31-i k\u00f6zgy\u0171l\u00e9sen \u00e9s f\u00f3rumon (Kistokaj) elhangzottakkal ellent\u00e9tben NEM a k\u00f6zlem\u00e9ny megjelen\u00e9se ut\u00e1ni napon, reggel 8:00 \u00f3r\u00e1t\u00f3l).<\/p>\n<p class=\"style6\" style=\"text-align: justify;\">Az EMVA t\u00e1rsfinansz\u00edroz\u00e1s\u00fa int\u00e9zked\u00e9sek Ir\u00e1ny\u00edt\u00f3 Hat\u00f3s\u00e1g\u00e1nak 51\/2013. k\u00f6zlem\u00e9nye el\u00e9rhet\u0151 a Vid\u00e9kfejleszt\u00e9si Miniszt\u00e9rium weboldal\u00e1n:<a href=\"http:\/\/www.kormany.hu\/hu\/dok?source=5#!DocumentBrowse\" target=\"_blank\">http:\/\/www.kormany.hu\/hu\/dok?source=5#!documentbrowse<\/a>, vagy k\u00f6zvetlen\u00fcl <a href=\"http:\/\/www.kormany.hu\/download\/c\/c8\/e0000\/IH_2013_51.zip#!DocumentBrowse\" target=\"_blank\">itt &gt;&gt;<\/a><\/p>\n<p class=\"style6\" style=\"text-align: justify;\">A Projekt adatlapok a HACS-hoz <strong class=\"style212\">munkaid\u0151ben (08:00 \u2013 16:00, kiv\u00e9ve szerdai napokon 08:00 \u2013 18:00) ny\u00fajthat\u00f3k be<\/strong>szem\u00e9lyesen vagy meghatalmazott \u00fatj\u00e1n (B\u00fckkaranyos, Nagy-ferenczi tanya, <a href=\"https:\/\/bukkleader.hu\/old\/kapcsolat\/\">t\u00e9rk\u00e9pen &gt;&gt;<\/a>), vagy postai \u00faton, 2 p\u00e9ld\u00e1nyban. FIGYELEM! <strong>Az<\/strong> <strong>Elj\u00e1r\u00e1srend szerint postai felad\u00e1s eset\u00e9n az adatlap beny\u00fajt\u00e1s\u00e1nak id\u0151pontja a k\u00fcldem\u00e9ny be\u00e9rkez\u00e9s\u00e9nek id\u0151pontja!<\/strong><\/p>\n<p class=\"style6\" style=\"text-align: justify;\">Az el\u0151p\u00e1ly\u00e1zatoknak megfelel\u0151en kidolgozand\u00f3 <strong class=\"style212\">p\u00e1ly\u00e1zatok beny\u00fajt\u00e1si id\u0151szaka 2013. j\u00fanius 17-\u00e9n indul <\/strong>(MVH elektronikus fel\u00fclet megnyit\u00e1s\u00e1nak d\u00e1tuma). Annak \u00e9rdek\u00e9ben, hogy \u00fcgyfeleink k\u00e9sz\u00fclni tudjanak az el\u0151p\u00e1ly\u00e1zatuk \u00e9s p\u00e1ly\u00e1zatuk beny\u00fajt\u00e1s\u00e1ra, az al\u00e1bbiakban k\u00f6zz\u00e9tessz\u00fck <strong class=\"style212\">a p\u00e1ly\u00e1zati folyamat le\u00edr\u00e1s\u00e1t, a vonatkoz\u00f3 el\u0151\u00edr\u00e1sokat \u00e9s t\u00e1mogat\u00e1si felt\u00e9teleket tartalmaz\u00f3 dokumentumokat<\/strong>, melyeket alapos tanulm\u00e1nyoz\u00e1sra minden leend\u0151 projektgazda sz\u00edves figyelm\u00e9be aj\u00e1nlunk:<\/p>\n<ol>\n<li class=\"style6\" style=\"text-align: justify;\"><a href=\"https:\/\/bukkleader.hu\/old\/downloads\/leader_intezkedesi_terv_vegleges.pdf\" target=\"_blank\">LEADER Int\u00e9zked\u00e9si Terv &gt;&gt;<\/a><\/li>\n<li class=\"style6\" style=\"text-align: justify;\"><a href=\"http:\/\/www.kormany.hu\/download\/2\/98\/e0000\/45_2013.zip#!DocumentBrowse\" target=\"_blank\">Az el\u0151p\u00e1ly\u00e1zatok beny\u00fajt\u00e1si id\u0151szak\u00e1t megnyit\u00f3 EMVA IH k\u00f6zlem\u00e9ny (2013.06.05.) &gt;&gt;<\/a><\/li>\n<li class=\"style6\" style=\"text-align: justify;\"><a href=\"https:\/\/bukkleader.hu\/old\/downloads\/2_leader_2013_projekt_adatlap_btle.doc\" target=\"_blank\">Projekt Adatlap \u00e9s kit\u00f6lt\u00e9si \u00fatmutat\u00f3ja &gt;&gt;<\/a><\/li>\n<li class=\"style6\" style=\"text-align: justify;\"><a href=\"https:\/\/bukkleader.hu\/old\/downloads\/3_leader_2013_atadas_atveteli_btle.docx\" target=\"_blank\">Projekt adatlap \u00e1tad\u00e1s \u2013 \u00e1tv\u00e9teli formanyomtatv\u00e1nya (a helysz\u00ednen ker\u00fcl kit\u00f6lt\u00e9sre) &gt;&gt;<\/a><\/li>\n<li class=\"style6\" style=\"text-align: justify;\"><a href=\"https:\/\/bukkleader.hu\/old\/downloads\/4_leader_2013_egyuttmukodesi_megallapodas_btle.doc\" target=\"_blank\">Egy\u00fcttm\u0171k\u00f6d\u00e9si meg\u00e1llapod\u00e1s formanyomtatv\u00e1ny \u00e9s kit\u00f6lt\u00e9si \u00fatmutat\u00f3ja &gt;&gt;<\/a><\/li>\n<li class=\"style6\" style=\"text-align: justify;\"><a href=\"https:\/\/bukkleader.hu\/old\/downloads\/1_felulvizsgalt_hvs_btle_05_30.pdf\" target=\"_blank\">Helyi Vid\u00e9kfejleszt\u00e9si Strat\u00e9gia (HVS) aktu\u00e1lis verzi\u00f3ja a LEADER Tervvel &gt;&gt;<\/a><\/li>\n<li class=\"style6\" style=\"text-align: justify;\"><a href=\"http:\/\/www.kozlonyok.hu\/nkonline\/MKPDF\/hiteles\/MK13079.pdf\" target=\"_blank\">Helyi Vid\u00e9kfejleszt\u00e9si Strat\u00e9gi\u00e1k LEADER fejezet\u00e9nek v\u00e9grehajt\u00e1s\u00e1hoz 2013-ban ny\u00fajtand\u00f3 t\u00e1mogat\u00e1sok r\u00e9szletes felt\u00e9teleir\u0151l sz\u00f3l\u00f3 35\/2013. (V. 22.) VM rendelet &gt;&gt;<\/a><\/li>\n<li class=\"style6\" style=\"text-align: justify;\"><a href=\"http:\/\/www.mvh.gov.hu\/portal\/MVHPortal\/default\/mainmenu\/kozlemenyek\/mvhk912013\" target=\"_blank\">91\/2013. (VI. 06.) MVH k\u00f6zlem\u00e9ny &gt;&gt;<\/a><\/li>\n<li class=\"style6\" style=\"text-align: justify;\"><a href=\"https:\/\/bukkleader.hu\/old\/downloads\/leader_eljarasrend_vegleges.doc\">LEADER Elj\u00e1r\u00e1srend &gt;&gt;<\/a><\/li>\n<li class=\"style6\" style=\"text-align: justify;\"><a href=\"https:\/\/bukkleader.hu\/old\/downloads\/hbb_eljarasrend_vegleges.docx\" target=\"_blank\">A Helyi B\u00edr\u00e1l\u00f3 Bizotts\u00e1g (HBB) elj\u00e1r\u00e1srendje &gt;&gt;<\/a><\/li>\n<li class=\"style6\" style=\"text-align: justify;\"><a href=\"https:\/\/bukkleader.hu\/old\/downloads\/9_leader_2013_jegyzokonyv_kivonat_btle.pdf\" target=\"_blank\">K\u00f6zgy\u0171l\u00e9s jegyz\u0151k\u00f6nyv kivonat a HBB tags\u00e1g\u00e1ra \u00e9s a HBB \u00fcl\u00e9sek \u00fctemterv\u00e9re vonatkoz\u00f3 hat\u00e1rozatokkal &gt;&gt;<\/a> <br \/>A k\u00f6vetkez\u0151 HBB \u00fcl\u00e9s id\u0151pontja:<strong>2013.06.14. p\u00e9ntek, 10:00<\/strong>,<br \/> helysz\u00edne: <strong>B\u00fckkaranyos, Nagy-ferenczi tanya<\/strong>.<\/li>\n<li class=\"style6\" style=\"text-align: justify;\"><a href=\"https:\/\/bukkleader.hu\/old\/downloads\/forum_eloadas.ppt\" target=\"_blank\">A 2013.05.31-i f\u00f3rumon elhangzott elad\u00e1s bemutat\u00f3ja a p\u00e1ly\u00e1zatok beny\u00fajt\u00e1s\u00e1r\u00f3l (az elj\u00e1r\u00e1srendek \u00e9s el\u0151\u00edr\u00e1sok ismeret\u00e9t nem helyettes\u00edti) &gt;&gt;<\/a><\/li>\n<\/ol>\n<div class=\"sharedaddy sd-sharing-enabled\"><div class=\"robots-nocontent sd-block sd-social sd-social-icon sd-sharing\"><h3 class=\"sd-title\">Share this:<\/h3><div class=\"sd-content\"><ul><li class=\"share-facebook\"><a rel=\"nofollow noopener noreferrer\" data-shared=\"sharing-facebook-325\" class=\"share-facebook sd-button share-icon no-text\" href=\"https:\/\/bukkleader.hu\/old\/leader-palyazati-lehetosegek-2013\/?share=facebook\" target=\"_blank\" title=\"Click to share on Facebook\"><span><\/span><span class=\"sharing-screen-reader-text\">Click to share on Facebook (Opens in new window)<\/span><\/a><\/li><li class=\"share-twitter\"><a rel=\"nofollow noopener noreferrer\" data-shared=\"sharing-twitter-325\" class=\"share-twitter sd-button share-icon no-text\" href=\"https:\/\/bukkleader.hu\/old\/leader-palyazati-lehetosegek-2013\/?share=twitter\" target=\"_blank\" title=\"Click to share on Twitter\"><span><\/span><span class=\"sharing-screen-reader-text\">Click to share on Twitter (Opens in new window)<\/span><\/a><\/li><li class=\"share-print\"><a rel=\"nofollow noopener noreferrer\" data-shared=\"\" class=\"share-print sd-button share-icon no-text\" href=\"https:\/\/bukkleader.hu\/old\/leader-palyazati-lehetosegek-2013\/\" target=\"_blank\" title=\"Click to print\"><span><\/span><span class=\"sharing-screen-reader-text\">Click to print (Opens in new window)<\/span><\/a><\/li><li class=\"share-email\"><a rel=\"nofollow noopener noreferrer\" data-shared=\"\" class=\"share-email sd-button share-icon no-text\" href=\"https:\/\/bukkleader.hu\/old\/leader-palyazati-lehetosegek-2013\/?share=email\" target=\"_blank\" title=\"Click to email this to a friend\"><span><\/span><span class=\"sharing-screen-reader-text\">Click to email this to a friend (Opens in new window)<\/span><\/a><\/li><li class=\"share-end\"><\/li><\/ul><\/div><\/div><\/div>","protected":false},"excerpt":{"rendered":"<p>FIGYELEM! MEGJELENT AZ EMVA T\u00c1RSFINANSZ\u00cdROZ\u00c1S\u00da INT\u00c9ZKED\u00c9SEK IR\u00c1NY\u00cdT\u00d3 HAT\u00d3S\u00c1G\u00c1NAK K\u00d6ZLEM\u00c9NYE A LEADER PROGRAM HARMADIK, 2013-BAN MEGHIRDETETT P\u00c1LY\u00c1ZATI K\u00d6R\u00c9HEZ KAPCSOL\u00d3D\u00d3 LEADER INT\u00c9ZKED\u00c9SI TERVEK K\u00d6ZZ\u00c9T\u00c9TEL\u00c9R\u0150L, MELY ALAPJ\u00c1N A B\u00dcKK-T\u00c9RS\u00c9GI LEADER EGYES\u00dcLETHEZ BENY\u00daJTHAT\u00d3K A PROJEKT ADATLAPOK.<\/p>\n<div class=\"sharedaddy sd-sharing-enabled\"><div class=\"robots-nocontent sd-block sd-social sd-social-icon sd-sharing\"><h3 class=\"sd-title\">Share this:<\/h3><div class=\"sd-content\"><ul><li class=\"share-facebook\"><a rel=\"nofollow noopener noreferrer\" data-shared=\"sharing-facebook-325\" class=\"share-facebook sd-button share-icon no-text\" href=\"https:\/\/bukkleader.hu\/old\/leader-palyazati-lehetosegek-2013\/?share=facebook\" target=\"_blank\" title=\"Click to share on Facebook\"><span><\/span><span class=\"sharing-screen-reader-text\">Click to share on Facebook (Opens in new window)<\/span><\/a><\/li><li class=\"share-twitter\"><a rel=\"nofollow noopener noreferrer\" data-shared=\"sharing-twitter-325\" class=\"share-twitter sd-button share-icon no-text\" href=\"https:\/\/bukkleader.hu\/old\/leader-palyazati-lehetosegek-2013\/?share=twitter\" target=\"_blank\" title=\"Click to share on Twitter\"><span><\/span><span class=\"sharing-screen-reader-text\">Click to share on Twitter (Opens in new window)<\/span><\/a><\/li><li class=\"share-print\"><a rel=\"nofollow noopener noreferrer\" data-shared=\"\" class=\"share-print sd-button share-icon no-text\" href=\"https:\/\/bukkleader.hu\/old\/leader-palyazati-lehetosegek-2013\/\" target=\"_blank\" title=\"Click to print\"><span><\/span><span class=\"sharing-screen-reader-text\">Click to print (Opens in new window)<\/span><\/a><\/li><li class=\"share-email\"><a rel=\"nofollow noopener noreferrer\" data-shared=\"\" class=\"share-email sd-button share-icon no-text\" href=\"https:\/\/bukkleader.hu\/old\/leader-palyazati-lehetosegek-2013\/?share=email\" target=\"_blank\" title=\"Click to email this to a friend\"><span><\/span><span class=\"sharing-screen-reader-text\">Click to email this to a friend (Opens in new window)<\/span><\/a><\/li><li class=\"share-end\"><\/li><\/ul><\/div><\/div><\/div>","protected":false},"author":1,"featured_media":291,"comment_status":"open","ping_status":"closed","sticky":false,"template":"","format":"standard","meta":{"_bbp_topic_count":0,"_bbp_reply_count":0,"_bbp_total_topic_count":0,"_bbp_total_reply_count":0,"_bbp_voice_count":0,"_bbp_anonymous_reply_count":0,"_bbp_topic_count_hidden":0,"_bbp_reply_count_hidden":0,"_bbp_forum_subforum_count":0,"spay_email":"","jetpack_publicize_message":"","jetpack_is_tweetstorm":false,"jetpack_publicize_feature_enabled":true},"categories":[1],"tags":[],"jetpack_featured_media_url":"https:\/\/bukkleader.hu\/old\/wp-content\/uploads\/2015\/09\/bukk-leader-logo-w.jpg","jetpack_publicize_connections":[],"jetpack_sharing_enabled":true,"jetpack-related-posts":[{"id":340,"url":"https:\/\/bukkleader.hu\/old\/ujra-leader-palyazati-idoszak\/","url_meta":{"origin":325,"position":0},"title":"\u00daJRA LEADER P\u00c1LY\u00c1ZATI ID\u0150SZAK!","date":"2013-09-24","format":false,"excerpt":"FIGYELEM! A VID\u00c9KFEJLESZT\u00c9SI MINISZT\u00c9RIUM T\u00daLIG\u00c9NYL\u00c9S MIATT ISM\u00c9TELTEN FELF\u00dcGGESZTETTE A LEADER P\u00c1LY\u00c1ZATOK BENY\u00daJT\u00c1S\u00c1T A SZOLG\u00c1LTAT\u00c1SFEJLESZT\u00c9S KATEG\u00d3RI\u00c1BAN.A VID\u00c9KFEJLESZT\u00c9SI MINISZT\u00c9RIUM (VM), MINT AZ EMVA IR\u00c1NY\u00cdT\u00d3 HAT\u00d3S\u00c1G\u00c1NAK 240\/2013. (IX. 23.) SZ\u00c1M\u00da K\u00d6ZLEM\u00c9NYE SZERINT 2013.09.24-\u00c9N REGGEL 08:00 \u00d3R\u00c1T\u00d3L \u00daJRA LEHET P\u00c1LY\u00c1ZATOT BENY\u00daJTANI A LEADER INT\u00c9ZKED\u00c9SEINK MEGVAL\u00d3S\u00cdT\u00c1S\u00c1RA, SZOLG\u00c1LTAT\u00c1SFEJLESZT\u00c9S PROJEKT KATEG\u00d3RI\u00c1BAN.A HACS az el\u0151p\u00e1ly\u00e1zati szakaszban szolg\u00e1ltat\u00e1sfejleszt\u00e9snek tekintette\u2026","rel":"","context":"In &quot;H\u00edreink, k\u00f6zlem\u00e9nyeink&quot;","img":{"alt_text":"bukk-leader-logo-w","src":"https:\/\/i2.wp.com\/bukkleader.hu\/old\/wp-content\/uploads\/2015\/09\/bukk-leader-logo-w.jpg?resize=350%2C200&ssl=1","width":350,"height":200},"classes":[]},{"id":317,"url":"https:\/\/bukkleader.hu\/old\/felhivas-a-helyi-videkfejlesztesi-strategia-felulvizsgalataban-valo-reszvetelre\/","url_meta":{"origin":325,"position":1},"title":"FELH\u00cdV\u00c1S a Helyi Vid\u00e9kfejleszt\u00e9si Strat\u00e9gia fel\u00fclvizsg\u00e1lat\u00e1ban val\u00f3 r\u00e9szv\u00e9telre","date":"2013-03-27","format":false,"excerpt":"A B\u00fckk-T\u00e9rs\u00e9gi LEADER Egyes\u00fclet a Vid\u00e9kfejleszt\u00e9si Miniszt\u00e9rium el\u0151\u00edr\u00e1sai alapj\u00e1n a 2013. m\u00e1rcius 26. - 2013. \u00e1prilis 05. id\u0151szakban meghirdeti a Helyi Vid\u00e9kfejleszt\u00e9si Strat\u00e9gia (HVS) 2013. \u00e9vi fel\u00fclvizsg\u00e1lat\u00e1t. A fel\u00fclvizsg\u00e1lat c\u00e9lja a LEADER III. t\u00e1mogat\u00e1si id\u0151szak\u00e1nak el\u0151k\u00e9sz\u00edt\u00e9se, mely el\u0151rel\u00e1that\u00f3lag 2013. m\u00e1jus h\u00f3napban indul (projektjavaslatok beny\u00fajt\u00e1s\u00e1val).Tov\u00e1bb:\u00a0a TELJES FELH\u00cdV\u00c1S LET\u00d6LT\u00c9SE WORD FORM\u00c1TUMBAN >>Mell\u00e9kletek:HPME\u2026","rel":"","context":"In &quot;H\u00edreink, k\u00f6zlem\u00e9nyeink&quot;","img":{"alt_text":"felki\u00e1llt\u00f3 jel","src":"https:\/\/i0.wp.com\/bukkleader.hu\/old\/wp-content\/uploads\/2012\/06\/felkialto-jel384w.jpg?resize=350%2C200&ssl=1","width":350,"height":200},"classes":[]},{"id":308,"url":"https:\/\/bukkleader.hu\/old\/az-emva-iv-leader-program-harmadik-benyujtasi-korenek-koncepcioja\/","url_meta":{"origin":325,"position":2},"title":"Az EMVA IV. LEADER Program harmadik beny\u00fajt\u00e1si k\u00f6r\u00e9nek koncepci\u00f3ja","date":"2013-02-19","format":false,"excerpt":"2013. tavasz\u00e1t\u00f3l, a Dar\u00e1nyi Ign\u00e1c Terv \u2013 \u00daj Magyarorsz\u00e1g Vid\u00e9kfejleszt\u00e9si Program keret\u00e9ben \u00fajabb EMVA IV. - LEADER vid\u00e9kfejleszt\u00e9si t\u00e1mogat\u00e1sok elnyer\u00e9s\u00e9re ny\u00edlnak lehet\u0151s\u00e9gek.A B\u00fckk-T\u00e9rs\u00e9gi LEADER Egyes\u00fclet ter\u00fclet\u00e9r\u0151l a Helyi Vid\u00e9kfejleszt\u00e9si Strat\u00e9gia k\u00f6z\u00f6s fel\u00fclvizsg\u00e1lata sor\u00e1n kialak\u00edtand\u00f3 LEADER c\u00e9lter\u00fcletekre ny\u00fajthat\u00f3k be p\u00e1ly\u00e1zatok. A program v\u00e9grehajt\u00e1s\u00e1ban az Ir\u00e1ny\u00edt\u00f3 Hat\u00f3s\u00e1g el\u0151zetes t\u00e1j\u00e9koztat\u00e1sa szerint az al\u00e1bbi\u2026","rel":"","context":"In &quot;H\u00edreink, k\u00f6zlem\u00e9nyeink&quot;","img":{"alt_text":"bukk-leader-logo-w","src":"https:\/\/i2.wp.com\/bukkleader.hu\/old\/wp-content\/uploads\/2015\/09\/bukk-leader-logo-w.jpg?resize=350%2C200&ssl=1","width":350,"height":200},"classes":[]},{"id":106,"url":"https:\/\/bukkleader.hu\/old\/2013-januar-01-2013-marcius-31-idoszak\/","url_meta":{"origin":325,"position":3},"title":"2013. janu\u00e1r 01. &#8211; 2013. m\u00e1rcius 31. id\u0151szak","date":"2013-04-01","format":false,"excerpt":"A B\u00fckk-T\u00e9rs\u00e9gi LEADER Egyes\u00fclet munkaszervezet\u00e9nek legfontosabb feladatai a 2013.01.01. \u2013 03.31. id\u0151szakban a HACS-hoz be\u00e9rkezett EMVA III. falumeg\u00faj\u00edt\u00e1s \u00e9s \u2013fejleszt\u00e9s p\u00e1ly\u00e1zatok \u00fcgyint\u00e9z\u00e9se, a szakmai kapcsolat\u00e9p\u00edt\u00e9s \u00e9s az 2014-2020 id\u0151szak EU-s tervez\u00e9s\u00e9vel kapcsolatos egyeztet\u00e9seken val\u00f3 r\u00e9szv\u00e9tel voltak.A vid\u00e9kfejleszt\u00e9si k\u00f6z\u00f6ss\u00e9g min\u00e9l sz\u00e9lesebb k\u00f6r\u0171 t\u00e1j\u00e9koztat\u00e1sa \u00e9rdek\u00e9ben a t\u00e1mogat\u00e1si id\u0151szakban t\u00f6bb szakmai f\u00f3rumot tartottunk,\u2026","rel":"","context":"In &quot;Munkabesz\u00e1mol\u00f3k&quot;","img":{"alt_text":"","src":"","width":0,"height":0},"classes":[]},{"id":108,"url":"https:\/\/bukkleader.hu\/old\/2013-aprilis-01-2013-junius-30-idoszak\/","url_meta":{"origin":325,"position":4},"title":"2013. \u00e1prilis 01. &#8211; 2013. j\u00fanius 30. id\u0151szak","date":"2013-07-01","format":false,"excerpt":"A B\u00fckk-T\u00e9rs\u00e9gi LEADER Egyes\u00fclet munkaszervezet\u00e9nek legfontosabb feladatai a 2013.03.01. \u2013 06.30. id\u0151szakban a HACS-hoz be\u00e9rkezett EMVA III. falumeg\u00faj\u00edt\u00e1s \u00e9s \u2013fejleszt\u00e9s p\u00e1ly\u00e1zatok rangsor\u00e1nak kialak\u00edt\u00e1sa \u00e9s t\u00e1mogat\u00e1si hat\u00e1rozataik ki\u00e1ll\u00edt\u00e1sa, a LEADER III. t\u00e1mogat\u00e1si id\u0151szak\u00e1nak el\u0151k\u00e9sz\u00edt\u00e9se, a HVS fel\u00fclvizsg\u00e1lata \u00e9s a LEADER el\u0151p\u00e1ly\u00e1zatok befogad\u00e1sa, a p\u00e1ly\u00e1zatok \u00fcgyint\u00e9z\u00e9s\u00e9nek megkezd\u00e9se voltak.Az EMVA III. falumeg\u00faj\u00edt\u00e1s \u00e9s\u2026","rel":"","context":"In &quot;Munkabesz\u00e1mol\u00f3k&quot;","img":{"alt_text":"","src":"","width":0,"height":0},"classes":[]},{"id":367,"url":"https:\/\/bukkleader.hu\/old\/2014-januar-15-ig-nyujthatok-be-a-turisztikai-palyazatok\/","url_meta":{"origin":325,"position":5},"title":"2014. janu\u00e1r 15-ig ny\u00fajthat\u00f3k be a turisztikai p\u00e1ly\u00e1zatok","date":"2013-12-18","format":false,"excerpt":"Az EMVA t\u00e1rsfinansz\u00edroz\u00e1s\u00fa int\u00e9zked\u00e9sek Ir\u00e1ny\u00edt\u00f3 Hat\u00f3s\u00e1g\u00e1nak 304\/2013. (XII. 16.) k\u00f6zlem\u00e9nye szerint \u201eAz Eur\u00f3pai Mez\u0151gazdas\u00e1gi Vid\u00e9kfejleszt\u00e9si Alapb\u00f3l a turisztikai tev\u00e9kenys\u00e9gek \u00f6szt\u00f6nz\u00e9s\u00e9hez a LEADER Helyi Akci\u00f3csoportok k\u00f6zrem\u0171k\u00f6d\u00e9s\u00e9vel 2013-ban ny\u00fajtand\u00f3 t\u00e1mogat\u00e1sok r\u00e9szletes felt\u00e9teleir\u0151l sz\u00f3l\u00f3 104\/2013. (XI. 14.) VM rendelet 11. \u00a7 (1) bekezd\u00e9s\u00e9nek folyamatban l\u00e9v\u0151 m\u00f3dos\u00edt\u00e1sa alapj\u00e1nt\u00e1mogat\u00e1si k\u00e9relmet \u2013 2013. december 20. helyett\u2026","rel":"","context":"In &quot;H\u00edreink, k\u00f6zlem\u00e9nyeink&quot;","img":{"alt_text":"felki\u00e1llt\u00f3 jel","src":"https:\/\/i0.wp.com\/bukkleader.hu\/old\/wp-content\/uploads\/2012\/06\/felkialto-jel384w.jpg?resize=350%2C200&ssl=1","width":350,"height":200},"classes":[]}],"_links":{"self":[{"href":"https:\/\/bukkleader.hu\/old\/wp-json\/wp\/v2\/posts\/325"}],"collection":[{"href":"https:\/\/bukkleader.hu\/old\/wp-json\/wp\/v2\/posts"}],"about":[{"href":"https:\/\/bukkleader.hu\/old\/wp-json\/wp\/v2\/types\/post"}],"author":[{"embeddable":true,"href":"https:\/\/bukkleader.hu\/old\/wp-json\/wp\/v2\/users\/1"}],"replies":[{"embeddable":true,"href":"https:\/\/bukkleader.hu\/old\/wp-json\/wp\/v2\/comments?post=325"}],"version-history":[{"count":1,"href":"https:\/\/bukkleader.hu\/old\/wp-json\/wp\/v2\/posts\/325\/revisions"}],"predecessor-version":[{"id":326,"href":"https:\/\/bukkleader.hu\/old\/wp-json\/wp\/v2\/posts\/325\/revisions\/326"}],"wp:featuredmedia":[{"embeddable":true,"href":"https:\/\/bukkleader.hu\/old\/wp-json\/wp\/v2\/media\/291"}],"wp:attachment":[{"href":"https:\/\/bukkleader.hu\/old\/wp-json\/wp\/v2\/media?parent=325"}],"wp:term":[{"taxonomy":"category","embeddable":true,"href":"https:\/\/bukkleader.hu\/old\/wp-json\/wp\/v2\/categories?post=325"},{"taxonomy":"post_tag","embeddable":true,"href":"https:\/\/bukkleader.hu\/old\/wp-json\/wp\/v2\/tags?post=325"}],"curies":[{"name":"wp","href":"https:\/\/api.w.org\/{rel}","templated":true}]}}