{"id":319,"date":"2013-04-25T14:01:16","date_gmt":"2013-04-25T12:01:16","guid":{"rendered":"https:\/\/bukkleader.hu\/old\/new\/?p=319"},"modified":"2015-09-22T14:02:41","modified_gmt":"2015-09-22T12:02:41","slug":"elektromos-autot-tesztel-bukkaranyos-onkormanyzata","status":"publish","type":"post","link":"https:\/\/bukkleader.hu\/old\/elektromos-autot-tesztel-bukkaranyos-onkormanyzata\/","title":{"rendered":"Elektromos aut\u00f3t tesztel B\u00fckkaranyos \u00d6nkorm\u00e1nyzata"},"content":{"rendered":"<p style=\"text-align: justify;\">&#8220;A vid\u00e9ki elektromos k\u00f6zleked\u00e9s bevezet\u00e9s\u00e9re, Magyarorsz\u00e1g els\u0151 falvak\u00e9nt elektromos aut\u00f3t tesztel B\u00fckkaranyos K\u00f6zs\u00e9g \u00d6nkorm\u00e1nyzata. Az elm\u00falt \u00e9vben <strong>a B\u00fckk &#8211; T\u00e9rs\u00e9gi LEADER Egyes\u00fclet \u00e1ltal ki\u00edrt p\u00e1ly\u00e1zaton egy elektromos t\u00f6lt\u0151\u00e1llom\u00e1ssal ell\u00e1tott g\u00e9pkocsi t\u00e1rol\u00f3 <\/strong>\u00e9p\u00edt\u00e9s\u00e9re nyert\u00fcnk t\u00e1mogat\u00e1st. Ennek kapcs\u00e1n t\u00f6bb elektromos j\u00e1rm\u0171vet \u00e9s t\u00f6lt\u0151\u00e1llom\u00e1st forgalmaz\u00f3 c\u00e9ggel t\u00e1rgyaltunk, amelyek k\u00f6z\u00fcl a helyi MOBIL\u2013ESCO Holding Zrt. felaj\u00e1nlotta, hogy a beruh\u00e1z\u00e1s megval\u00f3sul\u00e1s\u00e1ig d\u00edjmentesen tesztelhetj\u00fck az egyik \u00e1ltaluk forgalmazott elektromos aut\u00f3t.&#8221; <a href=\"http:\/\/www.bukkaranyos.hu\/index.php?option=com_content&amp;view=article&amp;id=225:elektromos-autot-tesztel-buekkaranyos-oenkormanyzata&amp;catid=1:friss-hirek\" target=\"_blank\">Tov\u00e1bb a teljes cikkhez B\u00fckkaranyos k\u00f6zs\u00e9g weboldal\u00e1ra &gt;&gt;<\/a><\/p>\n<div class=\"sharedaddy sd-sharing-enabled\"><div class=\"robots-nocontent sd-block sd-social sd-social-icon sd-sharing\"><h3 class=\"sd-title\">Share this:<\/h3><div class=\"sd-content\"><ul><li class=\"share-facebook\"><a rel=\"nofollow noopener noreferrer\" data-shared=\"sharing-facebook-319\" class=\"share-facebook sd-button share-icon no-text\" href=\"https:\/\/bukkleader.hu\/old\/elektromos-autot-tesztel-bukkaranyos-onkormanyzata\/?share=facebook\" target=\"_blank\" title=\"Click to share on Facebook\"><span><\/span><span class=\"sharing-screen-reader-text\">Click to share on Facebook (Opens in new window)<\/span><\/a><\/li><li class=\"share-twitter\"><a rel=\"nofollow noopener noreferrer\" data-shared=\"sharing-twitter-319\" class=\"share-twitter sd-button share-icon no-text\" href=\"https:\/\/bukkleader.hu\/old\/elektromos-autot-tesztel-bukkaranyos-onkormanyzata\/?share=twitter\" target=\"_blank\" title=\"Click to share on Twitter\"><span><\/span><span class=\"sharing-screen-reader-text\">Click to share on Twitter (Opens in new window)<\/span><\/a><\/li><li class=\"share-print\"><a rel=\"nofollow noopener noreferrer\" data-shared=\"\" class=\"share-print sd-button share-icon no-text\" href=\"https:\/\/bukkleader.hu\/old\/elektromos-autot-tesztel-bukkaranyos-onkormanyzata\/\" target=\"_blank\" title=\"Click to print\"><span><\/span><span class=\"sharing-screen-reader-text\">Click to print (Opens in new window)<\/span><\/a><\/li><li class=\"share-email\"><a rel=\"nofollow noopener noreferrer\" data-shared=\"\" class=\"share-email sd-button share-icon no-text\" href=\"https:\/\/bukkleader.hu\/old\/elektromos-autot-tesztel-bukkaranyos-onkormanyzata\/?share=email\" target=\"_blank\" title=\"Click to email this to a friend\"><span><\/span><span class=\"sharing-screen-reader-text\">Click to email this to a friend (Opens in new window)<\/span><\/a><\/li><li class=\"share-end\"><\/li><\/ul><\/div><\/div><\/div>","protected":false},"excerpt":{"rendered":"<p>&#8220;A vid\u00e9ki elektromos k\u00f6zleked\u00e9s bevezet\u00e9s\u00e9re, Magyarorsz\u00e1g els\u0151 falvak\u00e9nt elektromos aut\u00f3t tesztel B\u00fckkaranyos K\u00f6zs\u00e9g \u00d6nkorm\u00e1nyzata. Az elm\u00falt \u00e9vben a B\u00fckk &#8211; T\u00e9rs\u00e9gi LEADER Egyes\u00fclet \u00e1ltal ki\u00edrt p\u00e1ly\u00e1zaton egy elektromos t\u00f6lt\u0151\u00e1llom\u00e1ssal ell\u00e1tott g\u00e9pkocsi t\u00e1rol\u00f3 \u00e9p\u00edt\u00e9s\u00e9re nyert\u00fcnk t\u00e1mogat\u00e1st. Ennek kapcs\u00e1n t\u00f6bb elektromos j\u00e1rm\u0171vet \u00e9s t\u00f6lt\u0151\u00e1llom\u00e1st forgalmaz\u00f3 c\u00e9ggel t\u00e1rgyaltunk, amelyek k\u00f6z\u00fcl a helyi MOBIL\u2013ESCO Holding Zrt. felaj\u00e1nlotta, hogy a [&hellip;]<\/p>\n<div class=\"sharedaddy sd-sharing-enabled\"><div class=\"robots-nocontent sd-block sd-social sd-social-icon sd-sharing\"><h3 class=\"sd-title\">Share this:<\/h3><div class=\"sd-content\"><ul><li class=\"share-facebook\"><a rel=\"nofollow noopener noreferrer\" data-shared=\"sharing-facebook-319\" class=\"share-facebook sd-button share-icon no-text\" href=\"https:\/\/bukkleader.hu\/old\/elektromos-autot-tesztel-bukkaranyos-onkormanyzata\/?share=facebook\" target=\"_blank\" title=\"Click to share on Facebook\"><span><\/span><span class=\"sharing-screen-reader-text\">Click to share on Facebook (Opens in new window)<\/span><\/a><\/li><li class=\"share-twitter\"><a rel=\"nofollow noopener noreferrer\" data-shared=\"sharing-twitter-319\" class=\"share-twitter sd-button share-icon no-text\" href=\"https:\/\/bukkleader.hu\/old\/elektromos-autot-tesztel-bukkaranyos-onkormanyzata\/?share=twitter\" target=\"_blank\" title=\"Click to share on Twitter\"><span><\/span><span class=\"sharing-screen-reader-text\">Click to share on Twitter (Opens in new window)<\/span><\/a><\/li><li class=\"share-print\"><a rel=\"nofollow noopener noreferrer\" data-shared=\"\" class=\"share-print sd-button share-icon no-text\" href=\"https:\/\/bukkleader.hu\/old\/elektromos-autot-tesztel-bukkaranyos-onkormanyzata\/\" target=\"_blank\" title=\"Click to print\"><span><\/span><span class=\"sharing-screen-reader-text\">Click to print (Opens in new window)<\/span><\/a><\/li><li class=\"share-email\"><a rel=\"nofollow noopener noreferrer\" data-shared=\"\" class=\"share-email sd-button share-icon no-text\" href=\"https:\/\/bukkleader.hu\/old\/elektromos-autot-tesztel-bukkaranyos-onkormanyzata\/?share=email\" target=\"_blank\" title=\"Click to email this to a friend\"><span><\/span><span class=\"sharing-screen-reader-text\">Click to email this to a friend (Opens in new window)<\/span><\/a><\/li><li class=\"share-end\"><\/li><\/ul><\/div><\/div><\/div>","protected":false},"author":1,"featured_media":320,"comment_status":"open","ping_status":"closed","sticky":false,"template":"","format":"standard","meta":{"_bbp_topic_count":0,"_bbp_reply_count":0,"_bbp_total_topic_count":0,"_bbp_total_reply_count":0,"_bbp_voice_count":0,"_bbp_anonymous_reply_count":0,"_bbp_topic_count_hidden":0,"_bbp_reply_count_hidden":0,"_bbp_forum_subforum_count":0,"spay_email":"","jetpack_publicize_message":"","jetpack_is_tweetstorm":false,"jetpack_publicize_feature_enabled":true},"categories":[1],"tags":[],"jetpack_featured_media_url":"https:\/\/bukkleader.hu\/old\/wp-content\/uploads\/2015\/09\/elektromos-auto-w.jpg","jetpack_publicize_connections":[],"jetpack_sharing_enabled":true,"jetpack-related-posts":[{"id":345,"url":"https:\/\/bukkleader.hu\/old\/sajtoszemle-se-zaja-se-buze-nincs\/","url_meta":{"origin":319,"position":0},"title":"Sajt\u00f3szemle: \u201eSe zaja, se b\u0171ze nincs\u201d","date":"2013-11-14","format":false,"excerpt":"\u201eHaz\u00e1nkban id\u00e9n els\u0151k\u00e9nt a Miskolchoz k\u00f6zeli B\u00fckkaranyos \u00f6nkorm\u00e1nyzata tesztelt \u201e\u00e1ramos\u201d kisaut\u00f3t a vid\u00e9ki elektromos k\u00f6zleked\u00e9s n\u00e9pszer\u0171s\u00edt\u00e9s\u00e9re.A teszt sikeres volt, s ha okt\u00f3berig meg\u00e9p\u00fcl a napelemes t\u00f6lt\u0151\u00e1llom\u00e1suk, a kis erdei falu lak\u00f3i \u00f6t \u00e9vig ingyen \u201et\u00f6ltekezhetnek\u201d. Betelepszem a k\u00e9t\u00fcl\u00e9ses kisaut\u00f3ba Nagy Lajos polg\u00e1rmester mell\u00e9, hogy k\u00f6rs\u00e9t\u00e1t tegy\u00fcnk a m\u00e1sf\u00e9l ezer lelkes\u2026","rel":"","context":"In &quot;H\u00edreink, k\u00f6zlem\u00e9nyeink&quot;","img":{"alt_text":"","src":"https:\/\/i0.wp.com\/bukkleader.hu\/old\/wp-content\/uploads\/2015\/09\/jascqztk_3_700x460.jpg?resize=350%2C200&ssl=1","width":350,"height":200},"classes":[]},{"id":394,"url":"https:\/\/bukkleader.hu\/old\/leader-e-garazs-atadasa-bukkaranyoson\/","url_meta":{"origin":319,"position":1},"title":"LEADER &#8220;e-gar\u00e1zs&#8221; \u00e1tad\u00e1sa B\u00fckkaranyoson","date":"2014-07-30","format":false,"excerpt":"\"J\u00falius 4-\u00e9n, p\u00e9nteken d\u00e9lel\u0151tt adt\u00e1k \u00e1t B\u00fckkaranyoson a 12,7 milli\u00f3 forintos p\u00e1ly\u00e1zatb\u00f3l megval\u00f3s\u00edtott elektromos j\u00e1rm\u0171vek t\u00f6lt\u00e9s\u00e9re alkalmas \u00e1llom\u00e1st. A megval\u00f3sult beruh\u00e1z\u00e1s nem az els\u0151 ezen a k\u00f6rny\u00e9ken, de a b\u00fckkaranyosi az els\u0151 olyan \u00d6nkorm\u00e1nyzat az orsz\u00e1gban, amely elektromos aut\u00f3t haszn\u00e1l a munk\u00e1j\u00e1hoz.\"Az Aranyosi H\u00edrmond\u00f3 \u00fajs\u00e1gban megjelent teljes cikk let\u00f6lt\u00e9se >>","rel":"","context":"In &quot;H\u00edreink, k\u00f6zlem\u00e9nyeink&quot;","img":{"alt_text":"elektromos-auto-w","src":"https:\/\/i0.wp.com\/bukkleader.hu\/old\/wp-content\/uploads\/2015\/09\/elektromos-auto-w.jpg?resize=350%2C200&ssl=1","width":350,"height":200},"classes":[]},{"id":334,"url":"https:\/\/bukkleader.hu\/old\/e-mobilitasi-informacios-nap\/","url_meta":{"origin":319,"position":2},"title":"E-mobilit\u00e1si inform\u00e1ci\u00f3s nap","date":"2013-09-08","format":false,"excerpt":"E-mobilit\u00e1si inform\u00e1ci\u00f3s nap \u00e9s Nissan LEAF tesztvezet\u00e9si lehet\u0151s\u00e9g B\u0151cs\u00f6n, 2013. szeptember 11-\u00e9nA B\u00fckk-T\u00e9rs\u00e9gi LEADER Egyes\u00fclet a B\u0151csi \u00d6nkorm\u00e1nyzattal egy\u00fcttm\u0171k\u00f6d\u00e9sben 2013. szeptember 11-\u00e9n, 10:00 \u00f3rai kezdettel a b\u0151csi Faluh\u00e1zban (R\u00e1k\u00f3czi u. 25.) megrendezi \"Az elektromos aut\u00f3z\u00e1s szerepe \u00e9s lehet\u0151s\u00e9gei a vid\u00e9k meg\u00fajul\u00e1s\u00e1ban\" c. inform\u00e1ci\u00f3s napot. Az inform\u00e1ci\u00f3s napon az Egyes\u00fclet bemutatja\u2026","rel":"","context":"In &quot;H\u00edreink, k\u00f6zlem\u00e9nyeink&quot;","img":{"alt_text":"elektromos-auto-w","src":"https:\/\/i0.wp.com\/bukkleader.hu\/old\/wp-content\/uploads\/2015\/09\/elektromos-auto-w.jpg?resize=350%2C200&ssl=1","width":350,"height":200},"classes":[]},{"id":110,"url":"https:\/\/bukkleader.hu\/old\/2013-julius-01-2013-szeptember-30-idoszak\/","url_meta":{"origin":319,"position":3},"title":"2013. j\u00falius 01. &#8211; 2013. szeptember 30. id\u0151szak","date":"2013-10-01","format":false,"excerpt":"A B\u00fckk-T\u00e9rs\u00e9gi LEADER Egyes\u00fclet munkaszervezet\u00e9nek legfontosabb feladata a 2013.07.01. \u2013 09.30. id\u0151szakban a beny\u00fajtott LEADER p\u00e1ly\u00e1zatok \u00fcgyint\u00e9z\u00e9se volt. A LEADER p\u00e1ly\u00e1zatok a HACS ter\u00fclet\u00e9r\u0151l az Ir\u00e1ny\u00edt\u00f3 Hat\u00f3s\u00e1g d\u00f6nt\u00e9s\u00e9nek megfelel\u0151en 2013.09.24-t\u0151l egy napig \u00fajra beny\u00fajthat\u00f3k voltak, szolg\u00e1ltat\u00e1sfejleszt\u00e9s kateg\u00f3ri\u00e1ban. \u00cdgy a 2013.09. h\u00f3napban rendelkez\u00e9sre \u00e1ll\u00f3 LEADER fejleszt\u00e9si forr\u00e1saink tekintet\u00e9ben \u00f6sszesen mintegy 150\u2026","rel":"","context":"In &quot;Munkabesz\u00e1mol\u00f3k&quot;","img":{"alt_text":"","src":"","width":0,"height":0},"classes":[]},{"id":424,"url":"https:\/\/bukkleader.hu\/old\/szaguldas-a-szel-erejebol-nyert-villamos-energiaval\/","url_meta":{"origin":319,"position":4},"title":"Sz\u00e1guld\u00e1s a sz\u00e9l erej\u00e9b\u0151l nyert villamos energi\u00e1val","date":"2015-03-31","format":false,"excerpt":"\"Sikeres volt B\u00fckkaranyoson a sz\u00e9ler\u0151m\u0171 rendszer\u00e9re kapcsolt villanyaut\u00f3 gyorst\u00f6lt\u0151 berendez\u00e9s m\u0171szaki f\u0151pr\u00f3b\u00e1ja. Az egyen\u00e1ram\u00fa CHAdeMO rendszer\u0171 csatlakoz\u00f3n kereszt\u00fcl alig t\u00f6bb mint egy \u00f3ra alatt \u201ef\u00fajta tele\u201d a n\u00e9ha viharos erej\u0171 sz\u00e9l a Tesla Model S villanyaut\u00f3 akkumul\u00e1tor\u00e1t. \u00a0\u201eA B\u00fckkaranyos k\u00f6zpont\u00fa, 42 telep\u00fcl\u00e9st csoportos\u00edt\u00f3 B\u00fckk-T\u00e9rs\u00e9gi LEADER (kor\u00e1bban B\u00dcKK \u2013 MAK LEADER)\u2026","rel":"","context":"In &quot;H\u00edreink, k\u00f6zlem\u00e9nyeink&quot;","img":{"alt_text":"Tesla","src":"https:\/\/i2.wp.com\/bukkleader.hu\/old\/wp-content\/uploads\/2015\/09\/tesla_foto.jpg?resize=350%2C200&ssl=1","width":350,"height":200},"classes":[]},{"id":349,"url":"https:\/\/bukkleader.hu\/old\/a-bukk-hegyseg-es-a-borsodi-mezoseg-elektromos-mobilitasi-egyuttmukodese\/","url_meta":{"origin":319,"position":5},"title":"A B\u00fckk-hegys\u00e9g \u00e9s a Borsodi mez\u0151s\u00e9g elektromos mobilit\u00e1si egy\u00fcttm\u0171k\u00f6d\u00e9se","date":"2013-11-14","format":false,"excerpt":"A \u201eLEADER t\u00e9rs\u00e9gek k\u00f6z\u00f6tti egy\u00fcttm\u0171k\u00f6d\u00e9s\u201d p\u00e1ly\u00e1zati ki\u00edr\u00e1s keret\u00e9ben k\u00f6z\u00f6s Megval\u00f3s\u00edthat\u00f3s\u00e1gi Tanulm\u00e1nyt ny\u00fajtott be a B\u00fckk-T\u00e9rs\u00e9gi LEADER Egyes\u00fclet, a B\u00dcKK-MAK LEADER Nonprofit Kft., valamint a szomsz\u00e9dos HACS t\u00e9rs\u00e9gb\u0151l Mez\u0151cs\u00e1t V\u00e1ros \u00d6nkorm\u00e1nyzata, melyet a Vid\u00e9kfejleszt\u00e9si Miniszt\u00e9rium pozit\u00edvan b\u00edr\u00e1lat\u00e1val t\u00e1mogat. A projekt megval\u00f3s\u00edt\u00e1sa a t\u00e1mogatott Megval\u00f3s\u00edthat\u00f3s\u00e1gi Tanulm\u00e1ny, el\u0151p\u00e1ly\u00e1zat alapj\u00e1n, a 2013. november v\u00e9g\u00e9ig\u2026","rel":"","context":"In &quot;H\u00edreink, k\u00f6zlem\u00e9nyeink&quot;","img":{"alt_text":"","src":"https:\/\/i2.wp.com\/bukkleader.hu\/old\/wp-content\/uploads\/2012\/07\/ChargePoint-polemount-clean-web.jpg?resize=350%2C200&ssl=1","width":350,"height":200},"classes":[]}],"_links":{"self":[{"href":"https:\/\/bukkleader.hu\/old\/wp-json\/wp\/v2\/posts\/319"}],"collection":[{"href":"https:\/\/bukkleader.hu\/old\/wp-json\/wp\/v2\/posts"}],"about":[{"href":"https:\/\/bukkleader.hu\/old\/wp-json\/wp\/v2\/types\/post"}],"author":[{"embeddable":true,"href":"https:\/\/bukkleader.hu\/old\/wp-json\/wp\/v2\/users\/1"}],"replies":[{"embeddable":true,"href":"https:\/\/bukkleader.hu\/old\/wp-json\/wp\/v2\/comments?post=319"}],"version-history":[{"count":1,"href":"https:\/\/bukkleader.hu\/old\/wp-json\/wp\/v2\/posts\/319\/revisions"}],"predecessor-version":[{"id":321,"href":"https:\/\/bukkleader.hu\/old\/wp-json\/wp\/v2\/posts\/319\/revisions\/321"}],"wp:featuredmedia":[{"embeddable":true,"href":"https:\/\/bukkleader.hu\/old\/wp-json\/wp\/v2\/media\/320"}],"wp:attachment":[{"href":"https:\/\/bukkleader.hu\/old\/wp-json\/wp\/v2\/media?parent=319"}],"wp:term":[{"taxonomy":"category","embeddable":true,"href":"https:\/\/bukkleader.hu\/old\/wp-json\/wp\/v2\/categories?post=319"},{"taxonomy":"post_tag","embeddable":true,"href":"https:\/\/bukkleader.hu\/old\/wp-json\/wp\/v2\/tags?post=319"}],"curies":[{"name":"wp","href":"https:\/\/api.w.org\/{rel}","templated":true}]}}