{"id":317,"date":"2013-03-27T13:50:48","date_gmt":"2013-03-27T12:50:48","guid":{"rendered":"https:\/\/bukkleader.hu\/old\/new\/?p=317"},"modified":"2015-09-22T13:53:29","modified_gmt":"2015-09-22T11:53:29","slug":"felhivas-a-helyi-videkfejlesztesi-strategia-felulvizsgalataban-valo-reszvetelre","status":"publish","type":"post","link":"https:\/\/bukkleader.hu\/old\/felhivas-a-helyi-videkfejlesztesi-strategia-felulvizsgalataban-valo-reszvetelre\/","title":{"rendered":"FELH\u00cdV\u00c1S a Helyi Vid\u00e9kfejleszt\u00e9si Strat\u00e9gia fel\u00fclvizsg\u00e1lat\u00e1ban val\u00f3 r\u00e9szv\u00e9telre"},"content":{"rendered":"<p class=\"style6\" style=\"text-align: justify;\">A B\u00fckk-T\u00e9rs\u00e9gi LEADER Egyes\u00fclet a Vid\u00e9kfejleszt\u00e9si Miniszt\u00e9rium el\u0151\u00edr\u00e1sai alapj\u00e1n a 2013. m\u00e1rcius 26. &#8211; 2013. \u00e1prilis 05. id\u0151szakban meghirdeti a <strong class=\"style212\">Helyi Vid\u00e9kfejleszt\u00e9si Strat\u00e9gia (HVS) 2013. \u00e9vi fel\u00fclvizsg\u00e1lat\u00e1t<\/strong>.<!--more--> A fel\u00fclvizsg\u00e1lat c\u00e9lja a LEADER III. t\u00e1mogat\u00e1si id\u0151szak\u00e1nak el\u0151k\u00e9sz\u00edt\u00e9se, mely el\u0151rel\u00e1that\u00f3lag <strong class=\"style212\">2013. m\u00e1jus h\u00f3napban indul <\/strong>(projektjavaslatok beny\u00fajt\u00e1s\u00e1val).<\/p>\n<p class=\"style6\">Tov\u00e1bb:\u00a0<a class=\"style212\" href=\"https:\/\/bukkleader.hu\/old\/downloads\/hvs_felhivas.doc\" target=\"_blank\"><strong>a TELJES FELH\u00cdV\u00c1S LET\u00d6LT\u00c9SE WORD FORM\u00c1TUMBAN &gt;&gt;<\/strong><\/a><\/p>\n<p class=\"style6\"><em>Mell\u00e9kletek:<\/em><\/p>\n<ol>\n<li><a href=\"https:\/\/bukkleader.hu\/old\/downloads\/hpme_javaslati_urlap.doc\" target=\"_blank\">HPME javaslati \u0171rlap &gt;&gt;<\/a><\/li>\n<li><a href=\"https:\/\/bukkleader.hu\/old\/downloads\/ih_kozlemeny.pdf\" target=\"_blank\">IH k\u00f6zlem\u00e9ny &gt;&gt;<\/a><\/li>\n<li><a href=\"https:\/\/bukkleader.hu\/old\/downloads\/leader_rendelet_tervezet.doc\" target=\"_blank\">LEADER rendelet TERVEZETE &gt;&gt;<\/a><\/li>\n<li><a href=\"https:\/\/bukkleader.hu\/old\/downloads\/eljarasrend.doc\" target=\"_blank\">LEADER Int\u00e9zked\u00e9si Terv v\u00e9grehajt\u00e1s\u00e1val kapcsolatos elj\u00e1r\u00e1srend &gt;&gt;<\/a><\/li>\n<li><a href=\"https:\/\/bukkleader.hu\/old\/downloads\/hbb_eljarasrend.doc\" target=\"_blank\">HBB elj\u00e1r\u00e1srend, mell\u00e9klet\u00e9ben a NEM V\u00c9GLEGES VERZI\u00d3J\u00da Projekt adatlap \u00e9s kit\u00f6lt\u00e9si \u00fatmutat\u00f3 &gt;&gt;<\/a><\/li>\n<li><a href=\"https:\/\/bukkleader.hu\/old\/downloads\/hvs_felulvizsgalat_segedlet.docx\" target=\"_blank\">HVS fel\u00fclvizsg\u00e1lati seg\u00e9dlet a HACS r\u00e9sz\u00e9re, mell\u00e9klet\u00e9ben a LEADER Int\u00e9zked\u00e9si Terv mint\u00e1ja &gt;&gt;<\/a><\/li>\n<\/ol>\n<div class=\"sharedaddy sd-sharing-enabled\"><div class=\"robots-nocontent sd-block sd-social sd-social-icon sd-sharing\"><h3 class=\"sd-title\">Share this:<\/h3><div class=\"sd-content\"><ul><li class=\"share-facebook\"><a rel=\"nofollow noopener noreferrer\" data-shared=\"sharing-facebook-317\" class=\"share-facebook sd-button share-icon no-text\" href=\"https:\/\/bukkleader.hu\/old\/felhivas-a-helyi-videkfejlesztesi-strategia-felulvizsgalataban-valo-reszvetelre\/?share=facebook\" target=\"_blank\" title=\"Click to share on Facebook\"><span><\/span><span class=\"sharing-screen-reader-text\">Click to share on Facebook (Opens in new window)<\/span><\/a><\/li><li class=\"share-twitter\"><a rel=\"nofollow noopener noreferrer\" data-shared=\"sharing-twitter-317\" class=\"share-twitter sd-button share-icon no-text\" href=\"https:\/\/bukkleader.hu\/old\/felhivas-a-helyi-videkfejlesztesi-strategia-felulvizsgalataban-valo-reszvetelre\/?share=twitter\" target=\"_blank\" title=\"Click to share on Twitter\"><span><\/span><span class=\"sharing-screen-reader-text\">Click to share on Twitter (Opens in new window)<\/span><\/a><\/li><li class=\"share-print\"><a rel=\"nofollow noopener noreferrer\" data-shared=\"\" class=\"share-print sd-button share-icon no-text\" href=\"https:\/\/bukkleader.hu\/old\/felhivas-a-helyi-videkfejlesztesi-strategia-felulvizsgalataban-valo-reszvetelre\/\" target=\"_blank\" title=\"Click to print\"><span><\/span><span class=\"sharing-screen-reader-text\">Click to print (Opens in new window)<\/span><\/a><\/li><li class=\"share-email\"><a rel=\"nofollow noopener noreferrer\" data-shared=\"\" class=\"share-email sd-button share-icon no-text\" href=\"https:\/\/bukkleader.hu\/old\/felhivas-a-helyi-videkfejlesztesi-strategia-felulvizsgalataban-valo-reszvetelre\/?share=email\" target=\"_blank\" title=\"Click to email this to a friend\"><span><\/span><span class=\"sharing-screen-reader-text\">Click to email this to a friend (Opens in new window)<\/span><\/a><\/li><li class=\"share-end\"><\/li><\/ul><\/div><\/div><\/div>","protected":false},"excerpt":{"rendered":"<p>A B\u00fckk-T\u00e9rs\u00e9gi LEADER Egyes\u00fclet a Vid\u00e9kfejleszt\u00e9si Miniszt\u00e9rium el\u0151\u00edr\u00e1sai alapj\u00e1n a 2013. m\u00e1rcius 26. &#8211; 2013. \u00e1prilis 05. id\u0151szakban meghirdeti a Helyi Vid\u00e9kfejleszt\u00e9si Strat\u00e9gia (HVS) 2013. \u00e9vi fel\u00fclvizsg\u00e1lat\u00e1t.<\/p>\n<div class=\"sharedaddy sd-sharing-enabled\"><div class=\"robots-nocontent sd-block sd-social sd-social-icon sd-sharing\"><h3 class=\"sd-title\">Share this:<\/h3><div class=\"sd-content\"><ul><li class=\"share-facebook\"><a rel=\"nofollow noopener noreferrer\" data-shared=\"sharing-facebook-317\" class=\"share-facebook sd-button share-icon no-text\" href=\"https:\/\/bukkleader.hu\/old\/felhivas-a-helyi-videkfejlesztesi-strategia-felulvizsgalataban-valo-reszvetelre\/?share=facebook\" target=\"_blank\" title=\"Click to share on Facebook\"><span><\/span><span class=\"sharing-screen-reader-text\">Click to share on Facebook (Opens in new window)<\/span><\/a><\/li><li class=\"share-twitter\"><a rel=\"nofollow noopener noreferrer\" data-shared=\"sharing-twitter-317\" class=\"share-twitter sd-button share-icon no-text\" href=\"https:\/\/bukkleader.hu\/old\/felhivas-a-helyi-videkfejlesztesi-strategia-felulvizsgalataban-valo-reszvetelre\/?share=twitter\" target=\"_blank\" title=\"Click to share on Twitter\"><span><\/span><span class=\"sharing-screen-reader-text\">Click to share on Twitter (Opens in new window)<\/span><\/a><\/li><li class=\"share-print\"><a rel=\"nofollow noopener noreferrer\" data-shared=\"\" class=\"share-print sd-button share-icon no-text\" href=\"https:\/\/bukkleader.hu\/old\/felhivas-a-helyi-videkfejlesztesi-strategia-felulvizsgalataban-valo-reszvetelre\/\" target=\"_blank\" title=\"Click to print\"><span><\/span><span class=\"sharing-screen-reader-text\">Click to print (Opens in new window)<\/span><\/a><\/li><li class=\"share-email\"><a rel=\"nofollow noopener noreferrer\" data-shared=\"\" class=\"share-email sd-button share-icon no-text\" href=\"https:\/\/bukkleader.hu\/old\/felhivas-a-helyi-videkfejlesztesi-strategia-felulvizsgalataban-valo-reszvetelre\/?share=email\" target=\"_blank\" title=\"Click to email this to a friend\"><span><\/span><span class=\"sharing-screen-reader-text\">Click to email this to a friend (Opens in new window)<\/span><\/a><\/li><li class=\"share-end\"><\/li><\/ul><\/div><\/div><\/div>","protected":false},"author":1,"featured_media":229,"comment_status":"open","ping_status":"closed","sticky":false,"template":"","format":"standard","meta":{"_bbp_topic_count":0,"_bbp_reply_count":0,"_bbp_total_topic_count":0,"_bbp_total_reply_count":0,"_bbp_voice_count":0,"_bbp_anonymous_reply_count":0,"_bbp_topic_count_hidden":0,"_bbp_reply_count_hidden":0,"_bbp_forum_subforum_count":0,"spay_email":"","jetpack_publicize_message":"","jetpack_is_tweetstorm":false,"jetpack_publicize_feature_enabled":true},"categories":[1],"tags":[],"jetpack_featured_media_url":"https:\/\/bukkleader.hu\/old\/wp-content\/uploads\/2012\/06\/felkialto-jel384w.jpg","jetpack_publicize_connections":[],"jetpack_sharing_enabled":true,"jetpack-related-posts":[{"id":308,"url":"https:\/\/bukkleader.hu\/old\/az-emva-iv-leader-program-harmadik-benyujtasi-korenek-koncepcioja\/","url_meta":{"origin":317,"position":0},"title":"Az EMVA IV. LEADER Program harmadik beny\u00fajt\u00e1si k\u00f6r\u00e9nek koncepci\u00f3ja","date":"2013-02-19","format":false,"excerpt":"2013. tavasz\u00e1t\u00f3l, a Dar\u00e1nyi Ign\u00e1c Terv \u2013 \u00daj Magyarorsz\u00e1g Vid\u00e9kfejleszt\u00e9si Program keret\u00e9ben \u00fajabb EMVA IV. - LEADER vid\u00e9kfejleszt\u00e9si t\u00e1mogat\u00e1sok elnyer\u00e9s\u00e9re ny\u00edlnak lehet\u0151s\u00e9gek.A B\u00fckk-T\u00e9rs\u00e9gi LEADER Egyes\u00fclet ter\u00fclet\u00e9r\u0151l a Helyi Vid\u00e9kfejleszt\u00e9si Strat\u00e9gia k\u00f6z\u00f6s fel\u00fclvizsg\u00e1lata sor\u00e1n kialak\u00edtand\u00f3 LEADER c\u00e9lter\u00fcletekre ny\u00fajthat\u00f3k be p\u00e1ly\u00e1zatok. A program v\u00e9grehajt\u00e1s\u00e1ban az Ir\u00e1ny\u00edt\u00f3 Hat\u00f3s\u00e1g el\u0151zetes t\u00e1j\u00e9koztat\u00e1sa szerint az al\u00e1bbi\u2026","rel":"","context":"In &quot;H\u00edreink, k\u00f6zlem\u00e9nyeink&quot;","img":{"alt_text":"bukk-leader-logo-w","src":"https:\/\/i2.wp.com\/bukkleader.hu\/old\/wp-content\/uploads\/2015\/09\/bukk-leader-logo-w.jpg?resize=350%2C200&ssl=1","width":350,"height":200},"classes":[]},{"id":315,"url":"https:\/\/bukkleader.hu\/old\/indul-a-leader-iii-tamogatasi-idoszaka\/","url_meta":{"origin":317,"position":1},"title":"Indul a LEADER III. t\u00e1mogat\u00e1si id\u0151szaka","date":"2013-03-26","format":false,"excerpt":"A Vid\u00e9kfejleszt\u00e9si Miniszt\u00e9rium harmadszor is megnyitja a LEADER Program p\u00e1ly\u00e1zat\u00e1t. A p\u00e1ly\u00e1z\u00f3k a LEADER k\u00f6z\u00f6ss\u00e9gi vagy v\u00e1llalkoz\u00e1si c\u00e9l\u00fa helyi fejleszt\u00e9seikhez 2013. m\u00e1just\u00f3l a forr\u00e1s kimer\u00fcl\u00e9s\u00e9ig, de legk\u00e9s\u0151bb 2013. \u0151sz\u00e9igegyszer\u0171bb felt\u00e9telekkel ig\u00e9nyelhetnek t\u00e1mogat\u00e1st.A rendelkez\u00e9sre \u00e1ll\u00f3 forr\u00e1sok hat\u00e9kony felhaszn\u00e1l\u00e1sa \u00e9rdek\u00e9ben a t\u00e1rca egyszer\u0171s\u00edtette \u00e9s gyors\u00edtotta a p\u00e1ly\u00e1zati elj\u00e1r\u00e1st. Az egyszer\u0171s\u00edt\u00e9ssel megsz\u0171ntek a\u2026","rel":"","context":"In &quot;H\u00edreink, k\u00f6zlem\u00e9nyeink&quot;","img":{"alt_text":"bukk-leader-logo-w","src":"https:\/\/i2.wp.com\/bukkleader.hu\/old\/wp-content\/uploads\/2015\/09\/bukk-leader-logo-w.jpg?resize=350%2C200&ssl=1","width":350,"height":200},"classes":[]},{"id":106,"url":"https:\/\/bukkleader.hu\/old\/2013-januar-01-2013-marcius-31-idoszak\/","url_meta":{"origin":317,"position":2},"title":"2013. janu\u00e1r 01. &#8211; 2013. m\u00e1rcius 31. id\u0151szak","date":"2013-04-01","format":false,"excerpt":"A B\u00fckk-T\u00e9rs\u00e9gi LEADER Egyes\u00fclet munkaszervezet\u00e9nek legfontosabb feladatai a 2013.01.01. \u2013 03.31. id\u0151szakban a HACS-hoz be\u00e9rkezett EMVA III. falumeg\u00faj\u00edt\u00e1s \u00e9s \u2013fejleszt\u00e9s p\u00e1ly\u00e1zatok \u00fcgyint\u00e9z\u00e9se, a szakmai kapcsolat\u00e9p\u00edt\u00e9s \u00e9s az 2014-2020 id\u0151szak EU-s tervez\u00e9s\u00e9vel kapcsolatos egyeztet\u00e9seken val\u00f3 r\u00e9szv\u00e9tel voltak.A vid\u00e9kfejleszt\u00e9si k\u00f6z\u00f6ss\u00e9g min\u00e9l sz\u00e9lesebb k\u00f6r\u0171 t\u00e1j\u00e9koztat\u00e1sa \u00e9rdek\u00e9ben a t\u00e1mogat\u00e1si id\u0151szakban t\u00f6bb szakmai f\u00f3rumot tartottunk,\u2026","rel":"","context":"In &quot;Munkabesz\u00e1mol\u00f3k&quot;","img":{"alt_text":"","src":"","width":0,"height":0},"classes":[]},{"id":108,"url":"https:\/\/bukkleader.hu\/old\/2013-aprilis-01-2013-junius-30-idoszak\/","url_meta":{"origin":317,"position":3},"title":"2013. \u00e1prilis 01. &#8211; 2013. j\u00fanius 30. id\u0151szak","date":"2013-07-01","format":false,"excerpt":"A B\u00fckk-T\u00e9rs\u00e9gi LEADER Egyes\u00fclet munkaszervezet\u00e9nek legfontosabb feladatai a 2013.03.01. \u2013 06.30. id\u0151szakban a HACS-hoz be\u00e9rkezett EMVA III. falumeg\u00faj\u00edt\u00e1s \u00e9s \u2013fejleszt\u00e9s p\u00e1ly\u00e1zatok rangsor\u00e1nak kialak\u00edt\u00e1sa \u00e9s t\u00e1mogat\u00e1si hat\u00e1rozataik ki\u00e1ll\u00edt\u00e1sa, a LEADER III. t\u00e1mogat\u00e1si id\u0151szak\u00e1nak el\u0151k\u00e9sz\u00edt\u00e9se, a HVS fel\u00fclvizsg\u00e1lata \u00e9s a LEADER el\u0151p\u00e1ly\u00e1zatok befogad\u00e1sa, a p\u00e1ly\u00e1zatok \u00fcgyint\u00e9z\u00e9s\u00e9nek megkezd\u00e9se voltak.Az EMVA III. falumeg\u00faj\u00edt\u00e1s \u00e9s\u2026","rel":"","context":"In &quot;Munkabesz\u00e1mol\u00f3k&quot;","img":{"alt_text":"","src":"","width":0,"height":0},"classes":[]},{"id":325,"url":"https:\/\/bukkleader.hu\/old\/leader-palyazati-lehetosegek-2013\/","url_meta":{"origin":317,"position":4},"title":"LEADER P\u00c1LY\u00c1ZATI LEHET\u0150S\u00c9GEK 2013.","date":"2013-06-06","format":false,"excerpt":"FIGYELEM! MEGJELENT AZ EMVA T\u00c1RSFINANSZ\u00cdROZ\u00c1S\u00da INT\u00c9ZKED\u00c9SEK IR\u00c1NY\u00cdT\u00d3 HAT\u00d3S\u00c1G\u00c1NAK K\u00d6ZLEM\u00c9NYE A LEADER PROGRAM HARMADIK, 2013-BAN MEGHIRDETETT P\u00c1LY\u00c1ZATI K\u00d6R\u00c9HEZ KAPCSOL\u00d3D\u00d3 LEADER INT\u00c9ZKED\u00c9SI TERVEK K\u00d6ZZ\u00c9T\u00c9TEL\u00c9R\u0150L, MELY ALAPJ\u00c1N A B\u00dcKK-T\u00c9RS\u00c9GI LEADER EGYES\u00dcLETHEZ BENY\u00daJTHAT\u00d3K A PROJEKT ADATLAPOK.A B\u00fckk-T\u00e9rs\u00e9gi LEADER Egyes\u00fclet (HACS) k\u00f6zgy\u0171l\u00e9se \u00e1ltal j\u00f3v\u00e1hagyott int\u00e9zked\u00e9seket (fejleszt\u00e9si t\u00e9m\u00e1kat), valamint az el\u0151p\u00e1ly\u00e1zati szakaszra vonatkoz\u00f3 r\u00e9szletes t\u00e1mogat\u00e1si felt\u00e9teleket\u2026","rel":"","context":"In &quot;H\u00edreink, k\u00f6zlem\u00e9nyeink&quot;","img":{"alt_text":"bukk-leader-logo-w","src":"https:\/\/i2.wp.com\/bukkleader.hu\/old\/wp-content\/uploads\/2015\/09\/bukk-leader-logo-w.jpg?resize=350%2C200&ssl=1","width":350,"height":200},"classes":[]},{"id":273,"url":"https:\/\/bukkleader.hu\/old\/2012-masodik-felevi-palyazati-lehetosegek\/","url_meta":{"origin":317,"position":5},"title":"2012. m\u00e1sodik f\u00e9l\u00e9vi p\u00e1ly\u00e1zati lehet\u0151s\u00e9gek","date":"2012-11-30","format":false,"excerpt":"2012. m\u00e1sodik f\u00e9l\u00e9v\u00e9ben a Dar\u00e1nyi Ign\u00e1c Terv \u2013 \u00daj Magyarorsz\u00e1g Vid\u00e9kfejleszt\u00e9si Program keret\u00e9ben \u00fajabb EMVA III. \u00e9s LEADER vid\u00e9kfejleszt\u00e9si t\u00e1mogat\u00e1sok elnyer\u00e9s\u00e9re ny\u00edlnak lehet\u0151s\u00e9gek. A B\u00fckk-T\u00e9rs\u00e9gi LEADER Egyes\u00fclet ter\u00fclet\u00e9r\u0151l a 2012. okt\u00f3ber 15. \u2013 november 30. id\u0151szakban EMVA III. falumeg\u00faj\u00edt\u00e1s \u00e9s \u2013fejleszt\u00e9sre, valamint \u00e9v v\u00e9g\u00e9n \u2013 2013. elej\u00e9n a Helyi Vid\u00e9kfejleszt\u00e9si\u2026","rel":"","context":"In &quot;H\u00edreink, k\u00f6zlem\u00e9nyeink&quot;","img":{"alt_text":"384-1-daranyi-ignac-terv","src":"https:\/\/i1.wp.com\/bukkleader.hu\/old\/wp-content\/uploads\/2015\/09\/384-1-daranyi-ignac-terv.jpg?resize=350%2C200&ssl=1","width":350,"height":200},"classes":[]}],"_links":{"self":[{"href":"https:\/\/bukkleader.hu\/old\/wp-json\/wp\/v2\/posts\/317"}],"collection":[{"href":"https:\/\/bukkleader.hu\/old\/wp-json\/wp\/v2\/posts"}],"about":[{"href":"https:\/\/bukkleader.hu\/old\/wp-json\/wp\/v2\/types\/post"}],"author":[{"embeddable":true,"href":"https:\/\/bukkleader.hu\/old\/wp-json\/wp\/v2\/users\/1"}],"replies":[{"embeddable":true,"href":"https:\/\/bukkleader.hu\/old\/wp-json\/wp\/v2\/comments?post=317"}],"version-history":[{"count":1,"href":"https:\/\/bukkleader.hu\/old\/wp-json\/wp\/v2\/posts\/317\/revisions"}],"predecessor-version":[{"id":318,"href":"https:\/\/bukkleader.hu\/old\/wp-json\/wp\/v2\/posts\/317\/revisions\/318"}],"wp:featuredmedia":[{"embeddable":true,"href":"https:\/\/bukkleader.hu\/old\/wp-json\/wp\/v2\/media\/229"}],"wp:attachment":[{"href":"https:\/\/bukkleader.hu\/old\/wp-json\/wp\/v2\/media?parent=317"}],"wp:term":[{"taxonomy":"category","embeddable":true,"href":"https:\/\/bukkleader.hu\/old\/wp-json\/wp\/v2\/categories?post=317"},{"taxonomy":"post_tag","embeddable":true,"href":"https:\/\/bukkleader.hu\/old\/wp-json\/wp\/v2\/tags?post=317"}],"curies":[{"name":"wp","href":"https:\/\/api.w.org\/{rel}","templated":true}]}}