{"id":3156,"date":"2020-10-02T13:06:36","date_gmt":"2020-10-02T11:06:36","guid":{"rendered":"https:\/\/bukkleader.hu\/old\/?p=3156"},"modified":"2020-11-10T14:53:38","modified_gmt":"2020-11-10T13:53:38","slug":"leader-tudomka-kozpont-kepzes-tibolddarocon-2020-11-12","status":"publish","type":"post","link":"https:\/\/bukkleader.hu\/old\/leader-tudomka-kozpont-kepzes-tibolddarocon-2020-11-12\/","title":{"rendered":"LEADER Tudomka K\u00f6zpont k\u00e9pz\u00e9s Tibolddar\u00f3con (ELMARAD) &#8211; 2020.11.12."},"content":{"rendered":"<p><span style=\"color: #ff0000;\"><strong>Figyelem! A 2020. november 11-\u00e9n \u00e9letbe l\u00e9p\u0151, a Covid-19 j\u00e1rv\u00e1nnyal kapcsolatos int\u00e9zked\u00e9sek miatt az al\u00e1bbi program elmarad. K\u00e9rem, hogy tov\u00e1bbi inform\u00e1ci\u00f3\u00e9rt\u00a0 a programmal kapcsolatban k\u00eds\u00e9rj\u00e9k figyelemmel honlapunkat!<\/strong><\/span><\/p>\n<p style=\"text-align: center;\">***<\/p>\n<p><strong>A B\u00fckk-hegys\u00e9gi Meg\u00fajul\u00f3 Energi\u00e1k Iskol\u00e1k Alap\u00edtv\u00e1ny<\/strong>, mint<strong> LEADER Tudomka K\u00f6zpont<\/strong>, tisztelettel megh\u00edvja \u00d6n\u00f6ket <strong>2020. november 12-\u00e9n (cs\u00fct\u00f6rt\u00f6k)<\/strong> <strong>Tibolddar\u00f3con<\/strong> tartand\u00f3, LEADER t\u00e1mogat\u00e1ssal megval\u00f3sul\u00f3 <strong>k\u00e9pz\u00e9s\u00e9re<\/strong>, melynek tematik\u00e1ja a k\u00f6vetkez\u0151:<\/p>\n<p><img data-attachment-id=\"3151\" data-permalink=\"https:\/\/bukkleader.hu\/old\/leader-tudomka-kozpont-kepzes-cserepvaraljan-2020-10-29\/kepzes-meghivo-tibolddaroc_page-0001\/\" data-orig-file=\"https:\/\/bukkleader.hu\/old\/wp-content\/uploads\/2020\/10\/K\u00e9pz\u00e9s-megh\u00edv\u00f3-Tibolddar\u00f3c_page-0001.jpg\" data-orig-size=\"1241,1754\" data-comments-opened=\"1\" data-image-meta=\"{&quot;aperture&quot;:&quot;0&quot;,&quot;credit&quot;:&quot;&quot;,&quot;camera&quot;:&quot;&quot;,&quot;caption&quot;:&quot;&quot;,&quot;created_timestamp&quot;:&quot;0&quot;,&quot;copyright&quot;:&quot;&quot;,&quot;focal_length&quot;:&quot;0&quot;,&quot;iso&quot;:&quot;0&quot;,&quot;shutter_speed&quot;:&quot;0&quot;,&quot;title&quot;:&quot;&quot;,&quot;orientation&quot;:&quot;0&quot;}\" data-image-title=\"K\u00e9pz\u00e9s megh\u00edv\u00f3 Tibolddar\u00f3c_page-0001\" data-image-description=\"\" data-image-caption=\"\" data-medium-file=\"https:\/\/bukkleader.hu\/old\/wp-content\/uploads\/2020\/10\/K\u00e9pz\u00e9s-megh\u00edv\u00f3-Tibolddar\u00f3c_page-0001-212x300.jpg\" data-large-file=\"https:\/\/bukkleader.hu\/old\/wp-content\/uploads\/2020\/10\/K\u00e9pz\u00e9s-megh\u00edv\u00f3-Tibolddar\u00f3c_page-0001-725x1024.jpg\" loading=\"lazy\" class=\"aligncenter size-full wp-image-3151\" src=\"https:\/\/bukkleader.hu\/old\/wp-content\/uploads\/2020\/10\/K\u00e9pz\u00e9s-megh\u00edv\u00f3-Tibolddar\u00f3c_page-0001.jpg\" alt=\"\" width=\"1241\" height=\"1754\" srcset=\"https:\/\/bukkleader.hu\/old\/wp-content\/uploads\/2020\/10\/K\u00e9pz\u00e9s-megh\u00edv\u00f3-Tibolddar\u00f3c_page-0001.jpg 1241w, https:\/\/bukkleader.hu\/old\/wp-content\/uploads\/2020\/10\/K\u00e9pz\u00e9s-megh\u00edv\u00f3-Tibolddar\u00f3c_page-0001-212x300.jpg 212w, https:\/\/bukkleader.hu\/old\/wp-content\/uploads\/2020\/10\/K\u00e9pz\u00e9s-megh\u00edv\u00f3-Tibolddar\u00f3c_page-0001-768x1085.jpg 768w, https:\/\/bukkleader.hu\/old\/wp-content\/uploads\/2020\/10\/K\u00e9pz\u00e9s-megh\u00edv\u00f3-Tibolddar\u00f3c_page-0001-725x1024.jpg 725w\" sizes=\"(max-width: 1241px) 100vw, 1241px\" \/><\/p>\n<div class=\"sharedaddy sd-sharing-enabled\"><div class=\"robots-nocontent sd-block sd-social sd-social-icon sd-sharing\"><h3 class=\"sd-title\">Share this:<\/h3><div class=\"sd-content\"><ul><li class=\"share-facebook\"><a rel=\"nofollow noopener noreferrer\" data-shared=\"sharing-facebook-3156\" class=\"share-facebook sd-button share-icon no-text\" href=\"https:\/\/bukkleader.hu\/old\/leader-tudomka-kozpont-kepzes-tibolddarocon-2020-11-12\/?share=facebook\" target=\"_blank\" title=\"Click to share on Facebook\"><span><\/span><span class=\"sharing-screen-reader-text\">Click to share on Facebook (Opens in new window)<\/span><\/a><\/li><li class=\"share-twitter\"><a rel=\"nofollow noopener noreferrer\" data-shared=\"sharing-twitter-3156\" class=\"share-twitter sd-button share-icon no-text\" href=\"https:\/\/bukkleader.hu\/old\/leader-tudomka-kozpont-kepzes-tibolddarocon-2020-11-12\/?share=twitter\" target=\"_blank\" title=\"Click to share on Twitter\"><span><\/span><span class=\"sharing-screen-reader-text\">Click to share on Twitter (Opens in new window)<\/span><\/a><\/li><li class=\"share-print\"><a rel=\"nofollow noopener noreferrer\" data-shared=\"\" class=\"share-print sd-button share-icon no-text\" href=\"https:\/\/bukkleader.hu\/old\/leader-tudomka-kozpont-kepzes-tibolddarocon-2020-11-12\/\" target=\"_blank\" title=\"Click to print\"><span><\/span><span class=\"sharing-screen-reader-text\">Click to print (Opens in new window)<\/span><\/a><\/li><li class=\"share-email\"><a rel=\"nofollow noopener noreferrer\" data-shared=\"\" class=\"share-email sd-button share-icon no-text\" href=\"https:\/\/bukkleader.hu\/old\/leader-tudomka-kozpont-kepzes-tibolddarocon-2020-11-12\/?share=email\" target=\"_blank\" title=\"Click to email this to a friend\"><span><\/span><span class=\"sharing-screen-reader-text\">Click to email this to a friend (Opens in new window)<\/span><\/a><\/li><li class=\"share-end\"><\/li><\/ul><\/div><\/div><\/div>","protected":false},"excerpt":{"rendered":"<p>Figyelem! A 2020. november 11-\u00e9n \u00e9letbe l\u00e9p\u0151, a Covid-19 j\u00e1rv\u00e1nnyal kapcsolatos int\u00e9zked\u00e9sek miatt az al\u00e1bbi program elmarad. K\u00e9rem, hogy tov\u00e1bbi inform\u00e1ci\u00f3\u00e9rt\u00a0 a programmal kapcsolatban k\u00eds\u00e9rj\u00e9k figyelemmel honlapunkat! *** A B\u00fckk-hegys\u00e9gi Meg\u00fajul\u00f3 Energi\u00e1k Iskol\u00e1k Alap\u00edtv\u00e1ny, mint LEADER Tudomka K\u00f6zpont, tisztelettel megh\u00edvja \u00d6n\u00f6ket 2020. november 12-\u00e9n (cs\u00fct\u00f6rt\u00f6k) Tibolddar\u00f3con tartand\u00f3, LEADER t\u00e1mogat\u00e1ssal megval\u00f3sul\u00f3 k\u00e9pz\u00e9s\u00e9re, melynek tematik\u00e1ja a k\u00f6vetkez\u0151:<\/p>\n<div class=\"sharedaddy sd-sharing-enabled\"><div class=\"robots-nocontent sd-block sd-social sd-social-icon sd-sharing\"><h3 class=\"sd-title\">Share this:<\/h3><div class=\"sd-content\"><ul><li class=\"share-facebook\"><a rel=\"nofollow noopener noreferrer\" data-shared=\"sharing-facebook-3156\" class=\"share-facebook sd-button share-icon no-text\" href=\"https:\/\/bukkleader.hu\/old\/leader-tudomka-kozpont-kepzes-tibolddarocon-2020-11-12\/?share=facebook\" target=\"_blank\" title=\"Click to share on Facebook\"><span><\/span><span class=\"sharing-screen-reader-text\">Click to share on Facebook (Opens in new window)<\/span><\/a><\/li><li class=\"share-twitter\"><a rel=\"nofollow noopener noreferrer\" data-shared=\"sharing-twitter-3156\" class=\"share-twitter sd-button share-icon no-text\" href=\"https:\/\/bukkleader.hu\/old\/leader-tudomka-kozpont-kepzes-tibolddarocon-2020-11-12\/?share=twitter\" target=\"_blank\" title=\"Click to share on Twitter\"><span><\/span><span class=\"sharing-screen-reader-text\">Click to share on Twitter (Opens in new window)<\/span><\/a><\/li><li class=\"share-print\"><a rel=\"nofollow noopener noreferrer\" data-shared=\"\" class=\"share-print sd-button share-icon no-text\" href=\"https:\/\/bukkleader.hu\/old\/leader-tudomka-kozpont-kepzes-tibolddarocon-2020-11-12\/\" target=\"_blank\" title=\"Click to print\"><span><\/span><span class=\"sharing-screen-reader-text\">Click to print (Opens in new window)<\/span><\/a><\/li><li class=\"share-email\"><a rel=\"nofollow noopener noreferrer\" data-shared=\"\" class=\"share-email sd-button share-icon no-text\" href=\"https:\/\/bukkleader.hu\/old\/leader-tudomka-kozpont-kepzes-tibolddarocon-2020-11-12\/?share=email\" target=\"_blank\" title=\"Click to email this to a friend\"><span><\/span><span class=\"sharing-screen-reader-text\">Click to email this to a friend (Opens in new window)<\/span><\/a><\/li><li class=\"share-end\"><\/li><\/ul><\/div><\/div><\/div>","protected":false},"author":4,"featured_media":4302,"comment_status":"open","ping_status":"closed","sticky":false,"template":"","format":"standard","meta":{"_bbp_topic_count":0,"_bbp_reply_count":0,"_bbp_total_topic_count":0,"_bbp_total_reply_count":0,"_bbp_voice_count":0,"_bbp_anonymous_reply_count":0,"_bbp_topic_count_hidden":0,"_bbp_reply_count_hidden":0,"_bbp_forum_subforum_count":0,"spay_email":"","jetpack_publicize_message":"","jetpack_is_tweetstorm":false,"jetpack_publicize_feature_enabled":true},"categories":[1,34,29],"tags":[],"jetpack_featured_media_url":"https:\/\/bukkleader.hu\/old\/wp-content\/uploads\/2020\/10\/elmarad.jpg","jetpack_publicize_connections":[],"jetpack_sharing_enabled":true,"jetpack-related-posts":[{"id":3158,"url":"https:\/\/bukkleader.hu\/old\/leader-tudomka-kozpont-kepzes-sajokereszturban-2020-11-19\/","url_meta":{"origin":3156,"position":0},"title":"LEADER Tudomka K\u00f6zpont k\u00e9pz\u00e9s Saj\u00f3kereszt\u00farban (ELMARAD) &#8211; 2020.11.19.","date":"2020-10-02","format":false,"excerpt":"Figyelem! A 2020. november 11-\u00e9n \u00e9letbe l\u00e9p\u0151, a Covid-19 j\u00e1rv\u00e1nnyal kapcsolatos int\u00e9zked\u00e9sek miatt az al\u00e1bbi program elmarad. K\u00e9rem, hogy tov\u00e1bbi inform\u00e1ci\u00f3\u00e9rt\u00a0 a programmal kapcsolatban k\u00eds\u00e9rj\u00e9k figyelemmel honlapunkat! *** A B\u00fckk-hegys\u00e9gi Meg\u00fajul\u00f3 Energi\u00e1k Iskol\u00e1k Alap\u00edtv\u00e1ny, mint LEADER Tudomka K\u00f6zpont, tisztelettel megh\u00edvja \u00d6n\u00f6ket 2020. november 19-\u00e9n (cs\u00fct\u00f6rt\u00f6k) Saj\u00f3kereszt\u00farban tartand\u00f3, LEADER t\u00e1mogat\u00e1ssal megval\u00f3sul\u00f3\u2026","rel":"","context":"In &quot;H\u00edreink, k\u00f6zlem\u00e9nyeink&quot;","img":{"alt_text":"","src":"https:\/\/i1.wp.com\/bukkleader.hu\/old\/wp-content\/uploads\/2020\/10\/elmarad.jpg?resize=350%2C200&ssl=1","width":350,"height":200},"classes":[]},{"id":5756,"url":"https:\/\/bukkleader.hu\/old\/leader-tematikus-kozpont-altal-szervezett-kepzes-bukkaranyoson-2020-marcius-9-en\/","url_meta":{"origin":3156,"position":1},"title":"LEADER Tematikus K\u00f6zpont \u00e1ltal szervezett k\u00e9pz\u00e9s B\u00fckkaranyoson 2020. m\u00e1rcius 9-\u00e9n","date":"2021-02-03","format":false,"excerpt":"Figyelem! A 2021. m\u00e1rcius 8-\u00e1n \u00e9letbe l\u00e9p\u0151, a Covid-19 j\u00e1rv\u00e1nnyal kapcsolatos int\u00e9zked\u00e9sek miatt az al\u00e1bbi program elmarad. K\u00e9rem, hogy tov\u00e1bbi inform\u00e1ci\u00f3\u00e9rt\u00a0 a programmal kapcsolatban k\u00eds\u00e9rj\u00e9k figyelemmel honlapunkat! L\u00e1sd m\u00e9g \u201cA LEADER Tudomka Tematikus K\u00f6zpont t\u00e1j\u00e9koztat\u00e1sa digit\u00e1lis tanrendre t\u00f6rt\u00e9n\u0151 \u00e1t\u00e1ll\u00e1sr\u00f3l, k\u00e9pz\u00e9s elmarad\u00e1s\u00e1r\u00f3l\u201d c\u00edm\u0171 h\u00edr\u00fcnket! *** A B\u00fckki Lovas Postakocsi Egyes\u00fclet\u00a0tisztelettel megh\u00edvja\u2026","rel":"","context":"In &quot;H\u00edreink, k\u00f6zlem\u00e9nyeink&quot;","img":{"alt_text":"","src":"https:\/\/i1.wp.com\/bukkleader.hu\/old\/wp-content\/uploads\/2020\/10\/elmarad.jpg?resize=350%2C200&ssl=1","width":350,"height":200},"classes":[]},{"id":5748,"url":"https:\/\/bukkleader.hu\/old\/leader-tematikus-kozpont-altal-szervezett-kepzes-malyiban-2020-marcius-8-an\/","url_meta":{"origin":3156,"position":2},"title":"LEADER Tematikus K\u00f6zpont \u00e1ltal szervezett k\u00e9pz\u00e9s M\u00e1lyiban 2020. m\u00e1rcius 8-\u00e1n","date":"2021-02-03","format":false,"excerpt":"Figyelem! A 2021. m\u00e1rcius 8-\u00e1n \u00e9letbe l\u00e9p\u0151, a Covid-19 j\u00e1rv\u00e1nnyal kapcsolatos int\u00e9zked\u00e9sek miatt az al\u00e1bbi program elmarad. K\u00e9rem, hogy tov\u00e1bbi inform\u00e1ci\u00f3\u00e9rt\u00a0 a programmal kapcsolatban k\u00eds\u00e9rj\u00e9k figyelemmel honlapunkat! L\u00e1sd m\u00e9g \"A LEADER Tudomka Tematikus K\u00f6zpont t\u00e1j\u00e9koztat\u00e1sa digit\u00e1lis tanrendre t\u00f6rt\u00e9n\u0151 \u00e1t\u00e1ll\u00e1sr\u00f3l, k\u00e9pz\u00e9s elmarad\u00e1s\u00e1r\u00f3l\" c\u00edm\u0171 h\u00edr\u00fcnket! *** A B\u00fckki Lovas Postakocsi Egyes\u00fclet\u00a0tisztelettel megh\u00edvja\u2026","rel":"","context":"In &quot;H\u00edreink, k\u00f6zlem\u00e9nyeink&quot;","img":{"alt_text":"","src":"https:\/\/i1.wp.com\/bukkleader.hu\/old\/wp-content\/uploads\/2020\/10\/elmarad.jpg?resize=350%2C200&ssl=1","width":350,"height":200},"classes":[]},{"id":5769,"url":"https:\/\/bukkleader.hu\/old\/leader-tudomka-kozpont-kepzes-sajokereszturban-2021-03-26\/","url_meta":{"origin":3156,"position":3},"title":"LEADER Tudomka K\u00f6zpont k\u00e9pz\u00e9s Saj\u00f3kereszt\u00farban \u2013 2021.03.26.","date":"2021-02-24","format":false,"excerpt":"Figyelem! A 2021. m\u00e1rcius 8-\u00e1n \u00e9letbe l\u00e9p\u0151, a Covid-19 j\u00e1rv\u00e1nnyal kapcsolatos int\u00e9zked\u00e9sek miatt az al\u00e1bbi program saj\u00f3kereszt\u00fari rendezv\u00e9nye elmarad, helyette a k\u00e9pz\u00e9s ONLINE form\u00e1ban ker\u00fcl megtart\u00e1sra, amelynek r\u00e9szleteit l\u00e1sd itt. *** A B\u00fckk-hegys\u00e9gi Meg\u00fajul\u00f3 Energi\u00e1k Iskol\u00e1k Alap\u00edtv\u00e1ny, mint LEADER Tudomka K\u00f6zpont, tisztelettel megh\u00edvja \u00d6n\u00f6ket 2021. m\u00e1rcius 26-\u00e1n (p\u00e9ntek) Saj\u00f3kereszt\u00farban tartand\u00f3,\u2026","rel":"","context":"In &quot;H\u00edreink, k\u00f6zlem\u00e9nyeink&quot;","img":{"alt_text":"","src":"https:\/\/i1.wp.com\/bukkleader.hu\/old\/wp-content\/uploads\/2020\/10\/elmarad.jpg?resize=350%2C200&ssl=1","width":350,"height":200},"classes":[]},{"id":3505,"url":"https:\/\/bukkleader.hu\/old\/gazdalkodj-okosan-rendezveny-cserepvaraljan-leader-tamogatassal-masodik-interaktiv-bemutato-2020-11-14\/","url_meta":{"origin":3156,"position":4},"title":"\u201cGazd\u00e1lkodj okosan\u201d rendezv\u00e9ny Cser\u00e9pv\u00e1ralj\u00e1n LEADER t\u00e1mogat\u00e1ssal (m\u00e1sodik interakt\u00edv bemutat\u00f3) \u2013 2020.11.14. (ELMARAD)","date":"2020-10-14","format":false,"excerpt":"Figyelem! A 2020. november 11-\u00e9n \u00e9letbe l\u00e9p\u0151, a Covid-19 j\u00e1rv\u00e1nnyal kapcsolatos int\u00e9zked\u00e9sek miatt az al\u00e1bbi program elmarad. K\u00e9rem, hogy tov\u00e1bbi inform\u00e1ci\u00f3\u00e9rt\u00a0 a programmal kapcsolatban k\u00eds\u00e9rj\u00e9k figyelemmel honlapunkat! *** A\u00a0Cser\u00e9pv\u00e1ralj\u00e1\u00e9rt Alap\u00edtv\u00e1ny\u00a0tisztelettel megh\u00edvja \u00d6n\u00f6ket\u00a02020. november 14-\u00e9n\u00a0(szombat)\u00a0Cser\u00e9pv\u00e1ralj\u00e1n\u00a0tartand\u00f3, LEADER t\u00e1mogat\u00e1ssal megval\u00f3sul\u00f3\u00a0\u201cGazd\u00e1lkodj okosan\u201d\u00a0c\u00edm\u0171 rendezv\u00e9nysorozata m\u00e1sodik interakt\u00edv bemutat\u00f3j\u00e1ra. A r\u00e9szletes program:","rel":"","context":"In &quot;H\u00edreink, k\u00f6zlem\u00e9nyeink&quot;","img":{"alt_text":"","src":"https:\/\/i1.wp.com\/bukkleader.hu\/old\/wp-content\/uploads\/2020\/10\/elmarad.jpg?resize=350%2C200&ssl=1","width":350,"height":200},"classes":[]},{"id":3519,"url":"https:\/\/bukkleader.hu\/old\/mestersegek-haza-rendezveny-cserepvaraljan-leader-tamogatassal-masodik-interaktiv-bemutato-2020-11-14\/","url_meta":{"origin":3156,"position":5},"title":"\u201cMesters\u00e9gek h\u00e1za\u201d rendezv\u00e9ny Cser\u00e9pv\u00e1ralj\u00e1n LEADER t\u00e1mogat\u00e1ssal (m\u00e1sodik interakt\u00edv bemutat\u00f3) \u2013 2020.11.14. (ELMARAD)","date":"2020-10-14","format":false,"excerpt":"Figyelem! A 2020. november 11-\u00e9n \u00e9letbe l\u00e9p\u0151, a Covid-19 j\u00e1rv\u00e1nnyal kapcsolatos int\u00e9zked\u00e9sek miatt az al\u00e1bbi program elmarad. K\u00e9rem, hogy tov\u00e1bbi inform\u00e1ci\u00f3\u00e9rt\u00a0 a programmal kapcsolatban k\u00eds\u00e9rj\u00e9k figyelemmel honlapunkat! *** A\u00a0Cser\u00e9pv\u00e1ralja J\u00f6v\u0151j\u00e9\u00e9rt Alap\u00edtv\u00e1ny\u00a0tisztelettel megh\u00edvja \u00d6n\u00f6ket\u00a02020. november 14-\u00e9n\u00a0(szombat)\u00a0Cser\u00e9pv\u00e1ralj\u00e1n\u00a0tartand\u00f3, LEADER t\u00e1mogat\u00e1ssal megval\u00f3sul\u00f3\u00a0\u201cMesters\u00e9gek h\u00e1za\u201d\u00a0c\u00edm\u0171 rendezv\u00e9nysorozata m\u00e1sodik interakt\u00edv bemutat\u00f3j\u00e1ra. A r\u00e9szletes program:","rel":"","context":"In &quot;H\u00edreink, k\u00f6zlem\u00e9nyeink&quot;","img":{"alt_text":"","src":"https:\/\/i1.wp.com\/bukkleader.hu\/old\/wp-content\/uploads\/2020\/10\/elmarad.jpg?resize=350%2C200&ssl=1","width":350,"height":200},"classes":[]}],"_links":{"self":[{"href":"https:\/\/bukkleader.hu\/old\/wp-json\/wp\/v2\/posts\/3156"}],"collection":[{"href":"https:\/\/bukkleader.hu\/old\/wp-json\/wp\/v2\/posts"}],"about":[{"href":"https:\/\/bukkleader.hu\/old\/wp-json\/wp\/v2\/types\/post"}],"author":[{"embeddable":true,"href":"https:\/\/bukkleader.hu\/old\/wp-json\/wp\/v2\/users\/4"}],"replies":[{"embeddable":true,"href":"https:\/\/bukkleader.hu\/old\/wp-json\/wp\/v2\/comments?post=3156"}],"version-history":[{"count":2,"href":"https:\/\/bukkleader.hu\/old\/wp-json\/wp\/v2\/posts\/3156\/revisions"}],"predecessor-version":[{"id":4301,"href":"https:\/\/bukkleader.hu\/old\/wp-json\/wp\/v2\/posts\/3156\/revisions\/4301"}],"wp:featuredmedia":[{"embeddable":true,"href":"https:\/\/bukkleader.hu\/old\/wp-json\/wp\/v2\/media\/4302"}],"wp:attachment":[{"href":"https:\/\/bukkleader.hu\/old\/wp-json\/wp\/v2\/media?parent=3156"}],"wp:term":[{"taxonomy":"category","embeddable":true,"href":"https:\/\/bukkleader.hu\/old\/wp-json\/wp\/v2\/categories?post=3156"},{"taxonomy":"post_tag","embeddable":true,"href":"https:\/\/bukkleader.hu\/old\/wp-json\/wp\/v2\/tags?post=3156"}],"curies":[{"name":"wp","href":"https:\/\/api.w.org\/{rel}","templated":true}]}}