{"id":3154,"date":"2020-10-02T12:57:41","date_gmt":"2020-10-02T10:57:41","guid":{"rendered":"https:\/\/bukkleader.hu\/old\/?p=3154"},"modified":"2020-10-07T11:42:17","modified_gmt":"2020-10-07T09:42:17","slug":"leader-tudomka-kozpont-kepzes-borsodgeszten-2020-11-05","status":"publish","type":"post","link":"https:\/\/bukkleader.hu\/old\/leader-tudomka-kozpont-kepzes-borsodgeszten-2020-11-05\/","title":{"rendered":"LEADER Tudomka K\u00f6zpont k\u00e9pz\u00e9s Borsodgeszten &#8211; 2020.11.06."},"content":{"rendered":"<p>A <strong>B\u00fckk-hegys\u00e9gi Meg\u00fajul\u00f3 Energi\u00e1k Iskol\u00e1k Alap\u00edtv\u00e1ny<\/strong>, mint <strong>LEADER Tudomka K\u00f6zpont<\/strong>, tisztelettel megh\u00edvja \u00d6n\u00f6ket <strong>2020. november 6-\u00e1n (p\u00e9ntek)<\/strong> <strong>Borsodgeszten<\/strong> tartand\u00f3, LEADER t\u00e1mogat\u00e1ssal megval\u00f3sul\u00f3 <strong>k\u00e9pz\u00e9s\u00e9re<\/strong>, melynek tematik\u00e1ja a k\u00f6vetkez\u0151:<\/p>\n<p><img data-attachment-id=\"3284\" data-permalink=\"https:\/\/bukkleader.hu\/old\/leader-tudomka-kozpont-kepzes-borsodgeszten-2020-11-05\/kepzes-meghivo-javitott-borsodgeszt-jav_page-0001\/\" data-orig-file=\"https:\/\/bukkleader.hu\/old\/wp-content\/uploads\/2020\/10\/K\u00e9pz\u00e9s-megh\u00edv\u00f3-jav\u00edtott-Borsodgeszt-jav_page-0001.jpg\" data-orig-size=\"1241,1754\" data-comments-opened=\"1\" data-image-meta=\"{&quot;aperture&quot;:&quot;0&quot;,&quot;credit&quot;:&quot;&quot;,&quot;camera&quot;:&quot;&quot;,&quot;caption&quot;:&quot;&quot;,&quot;created_timestamp&quot;:&quot;0&quot;,&quot;copyright&quot;:&quot;&quot;,&quot;focal_length&quot;:&quot;0&quot;,&quot;iso&quot;:&quot;0&quot;,&quot;shutter_speed&quot;:&quot;0&quot;,&quot;title&quot;:&quot;&quot;,&quot;orientation&quot;:&quot;0&quot;}\" data-image-title=\"K\u00e9pz\u00e9s megh\u00edv\u00f3 jav\u00edtott Borsodgeszt jav_page-0001\" data-image-description=\"\" data-image-caption=\"\" data-medium-file=\"https:\/\/bukkleader.hu\/old\/wp-content\/uploads\/2020\/10\/K\u00e9pz\u00e9s-megh\u00edv\u00f3-jav\u00edtott-Borsodgeszt-jav_page-0001-212x300.jpg\" data-large-file=\"https:\/\/bukkleader.hu\/old\/wp-content\/uploads\/2020\/10\/K\u00e9pz\u00e9s-megh\u00edv\u00f3-jav\u00edtott-Borsodgeszt-jav_page-0001-725x1024.jpg\" loading=\"lazy\" class=\"aligncenter size-full wp-image-3284\" src=\"https:\/\/bukkleader.hu\/old\/wp-content\/uploads\/2020\/10\/K\u00e9pz\u00e9s-megh\u00edv\u00f3-jav\u00edtott-Borsodgeszt-jav_page-0001.jpg\" alt=\"\" width=\"1241\" height=\"1754\" srcset=\"https:\/\/bukkleader.hu\/old\/wp-content\/uploads\/2020\/10\/K\u00e9pz\u00e9s-megh\u00edv\u00f3-jav\u00edtott-Borsodgeszt-jav_page-0001.jpg 1241w, https:\/\/bukkleader.hu\/old\/wp-content\/uploads\/2020\/10\/K\u00e9pz\u00e9s-megh\u00edv\u00f3-jav\u00edtott-Borsodgeszt-jav_page-0001-212x300.jpg 212w, https:\/\/bukkleader.hu\/old\/wp-content\/uploads\/2020\/10\/K\u00e9pz\u00e9s-megh\u00edv\u00f3-jav\u00edtott-Borsodgeszt-jav_page-0001-768x1085.jpg 768w, https:\/\/bukkleader.hu\/old\/wp-content\/uploads\/2020\/10\/K\u00e9pz\u00e9s-megh\u00edv\u00f3-jav\u00edtott-Borsodgeszt-jav_page-0001-725x1024.jpg 725w\" sizes=\"(max-width: 1241px) 100vw, 1241px\" \/><\/p>\n<p>&nbsp;<\/p>\n<p><span style=\"font-size: 12px;\">Megjegyz\u00e9s: Az eredetileg 2020.10.01-\u00e9n megk\u00fcld\u00f6tt megh\u00edv\u00f3t a\u00a0B\u00fckk-hegys\u00e9gi Meg\u00fajul\u00f3 Energi\u00e1k Iskol\u00e1k Alap\u00edtv\u00e1ny 2020.10.06-\u00e1n k\u00fcld\u00f6tt megh\u00edv\u00f3val m\u00f3dos\u00edtotta. A m\u00f3dos\u00edt\u00e1s t\u00e1rgya: a rendezv\u00e9ny id\u0151pontja 2020.11.05-r\u0151l 2020.11.06-ra v\u00e1ltozott.\u00a0<\/span><\/p>\n<div class=\"sharedaddy sd-sharing-enabled\"><div class=\"robots-nocontent sd-block sd-social sd-social-icon sd-sharing\"><h3 class=\"sd-title\">Share this:<\/h3><div class=\"sd-content\"><ul><li class=\"share-facebook\"><a rel=\"nofollow noopener noreferrer\" data-shared=\"sharing-facebook-3154\" class=\"share-facebook sd-button share-icon no-text\" href=\"https:\/\/bukkleader.hu\/old\/leader-tudomka-kozpont-kepzes-borsodgeszten-2020-11-05\/?share=facebook\" target=\"_blank\" title=\"Click to share on Facebook\"><span><\/span><span class=\"sharing-screen-reader-text\">Click to share on Facebook (Opens in new window)<\/span><\/a><\/li><li class=\"share-twitter\"><a rel=\"nofollow noopener noreferrer\" data-shared=\"sharing-twitter-3154\" class=\"share-twitter sd-button share-icon no-text\" href=\"https:\/\/bukkleader.hu\/old\/leader-tudomka-kozpont-kepzes-borsodgeszten-2020-11-05\/?share=twitter\" target=\"_blank\" title=\"Click to share on Twitter\"><span><\/span><span class=\"sharing-screen-reader-text\">Click to share on Twitter (Opens in new window)<\/span><\/a><\/li><li class=\"share-print\"><a rel=\"nofollow noopener noreferrer\" data-shared=\"\" class=\"share-print sd-button share-icon no-text\" href=\"https:\/\/bukkleader.hu\/old\/leader-tudomka-kozpont-kepzes-borsodgeszten-2020-11-05\/\" target=\"_blank\" title=\"Click to print\"><span><\/span><span class=\"sharing-screen-reader-text\">Click to print (Opens in new window)<\/span><\/a><\/li><li class=\"share-email\"><a rel=\"nofollow noopener noreferrer\" data-shared=\"\" class=\"share-email sd-button share-icon no-text\" href=\"https:\/\/bukkleader.hu\/old\/leader-tudomka-kozpont-kepzes-borsodgeszten-2020-11-05\/?share=email\" target=\"_blank\" title=\"Click to email this to a friend\"><span><\/span><span class=\"sharing-screen-reader-text\">Click to email this to a friend (Opens in new window)<\/span><\/a><\/li><li class=\"share-end\"><\/li><\/ul><\/div><\/div><\/div>","protected":false},"excerpt":{"rendered":"<p>A B\u00fckk-hegys\u00e9gi Meg\u00fajul\u00f3 Energi\u00e1k Iskol\u00e1k Alap\u00edtv\u00e1ny, mint LEADER Tudomka K\u00f6zpont, tisztelettel megh\u00edvja \u00d6n\u00f6ket 2020. november 6-\u00e1n (p\u00e9ntek) Borsodgeszten tartand\u00f3, LEADER t\u00e1mogat\u00e1ssal megval\u00f3sul\u00f3 k\u00e9pz\u00e9s\u00e9re, melynek tematik\u00e1ja a k\u00f6vetkez\u0151: &nbsp; Megjegyz\u00e9s: Az eredetileg 2020.10.01-\u00e9n megk\u00fcld\u00f6tt megh\u00edv\u00f3t a\u00a0B\u00fckk-hegys\u00e9gi Meg\u00fajul\u00f3 Energi\u00e1k Iskol\u00e1k Alap\u00edtv\u00e1ny 2020.10.06-\u00e1n k\u00fcld\u00f6tt megh\u00edv\u00f3val m\u00f3dos\u00edtotta. A m\u00f3dos\u00edt\u00e1s t\u00e1rgya: a rendezv\u00e9ny id\u0151pontja 2020.11.05-r\u0151l 2020.11.06-ra v\u00e1ltozott.\u00a0<\/p>\n<div class=\"sharedaddy sd-sharing-enabled\"><div class=\"robots-nocontent sd-block sd-social sd-social-icon sd-sharing\"><h3 class=\"sd-title\">Share this:<\/h3><div class=\"sd-content\"><ul><li class=\"share-facebook\"><a rel=\"nofollow noopener noreferrer\" data-shared=\"sharing-facebook-3154\" class=\"share-facebook sd-button share-icon no-text\" href=\"https:\/\/bukkleader.hu\/old\/leader-tudomka-kozpont-kepzes-borsodgeszten-2020-11-05\/?share=facebook\" target=\"_blank\" title=\"Click to share on Facebook\"><span><\/span><span class=\"sharing-screen-reader-text\">Click to share on Facebook (Opens in new window)<\/span><\/a><\/li><li class=\"share-twitter\"><a rel=\"nofollow noopener noreferrer\" data-shared=\"sharing-twitter-3154\" class=\"share-twitter sd-button share-icon no-text\" href=\"https:\/\/bukkleader.hu\/old\/leader-tudomka-kozpont-kepzes-borsodgeszten-2020-11-05\/?share=twitter\" target=\"_blank\" title=\"Click to share on Twitter\"><span><\/span><span class=\"sharing-screen-reader-text\">Click to share on Twitter (Opens in new window)<\/span><\/a><\/li><li class=\"share-print\"><a rel=\"nofollow noopener noreferrer\" data-shared=\"\" class=\"share-print sd-button share-icon no-text\" href=\"https:\/\/bukkleader.hu\/old\/leader-tudomka-kozpont-kepzes-borsodgeszten-2020-11-05\/\" target=\"_blank\" title=\"Click to print\"><span><\/span><span class=\"sharing-screen-reader-text\">Click to print (Opens in new window)<\/span><\/a><\/li><li class=\"share-email\"><a rel=\"nofollow noopener noreferrer\" data-shared=\"\" class=\"share-email sd-button share-icon no-text\" href=\"https:\/\/bukkleader.hu\/old\/leader-tudomka-kozpont-kepzes-borsodgeszten-2020-11-05\/?share=email\" target=\"_blank\" title=\"Click to email this to a friend\"><span><\/span><span class=\"sharing-screen-reader-text\">Click to email this to a friend (Opens in new window)<\/span><\/a><\/li><li class=\"share-end\"><\/li><\/ul><\/div><\/div><\/div>","protected":false},"author":4,"featured_media":574,"comment_status":"open","ping_status":"closed","sticky":false,"template":"","format":"standard","meta":{"_bbp_topic_count":0,"_bbp_reply_count":0,"_bbp_total_topic_count":0,"_bbp_total_reply_count":0,"_bbp_voice_count":0,"_bbp_anonymous_reply_count":0,"_bbp_topic_count_hidden":0,"_bbp_reply_count_hidden":0,"_bbp_forum_subforum_count":0,"spay_email":"","jetpack_publicize_message":"","jetpack_is_tweetstorm":false,"jetpack_publicize_feature_enabled":true},"categories":[1,34,29],"tags":[],"jetpack_featured_media_url":"https:\/\/bukkleader.hu\/old\/wp-content\/uploads\/2015\/11\/borsodgeszt-t\u00e1jk\u00e9p.jpg","jetpack_publicize_connections":[],"jetpack_sharing_enabled":true,"jetpack-related-posts":[{"id":5769,"url":"https:\/\/bukkleader.hu\/old\/leader-tudomka-kozpont-kepzes-sajokereszturban-2021-03-26\/","url_meta":{"origin":3154,"position":0},"title":"LEADER Tudomka K\u00f6zpont k\u00e9pz\u00e9s Saj\u00f3kereszt\u00farban \u2013 2021.03.26.","date":"2021-02-24","format":false,"excerpt":"Figyelem! A 2021. m\u00e1rcius 8-\u00e1n \u00e9letbe l\u00e9p\u0151, a Covid-19 j\u00e1rv\u00e1nnyal kapcsolatos int\u00e9zked\u00e9sek miatt az al\u00e1bbi program saj\u00f3kereszt\u00fari rendezv\u00e9nye elmarad, helyette a k\u00e9pz\u00e9s ONLINE form\u00e1ban ker\u00fcl megtart\u00e1sra, amelynek r\u00e9szleteit l\u00e1sd itt. *** A B\u00fckk-hegys\u00e9gi Meg\u00fajul\u00f3 Energi\u00e1k Iskol\u00e1k Alap\u00edtv\u00e1ny, mint LEADER Tudomka K\u00f6zpont, tisztelettel megh\u00edvja \u00d6n\u00f6ket 2021. m\u00e1rcius 26-\u00e1n (p\u00e9ntek) Saj\u00f3kereszt\u00farban tartand\u00f3,\u2026","rel":"","context":"In &quot;H\u00edreink, k\u00f6zlem\u00e9nyeink&quot;","img":{"alt_text":"","src":"https:\/\/i1.wp.com\/bukkleader.hu\/old\/wp-content\/uploads\/2020\/10\/elmarad.jpg?resize=350%2C200&ssl=1","width":350,"height":200},"classes":[]},{"id":5807,"url":"https:\/\/bukkleader.hu\/old\/leader-tudomka-kozpont-online-kepzes-sajokereszturban-2021-03-26-es-2021-03-27\/","url_meta":{"origin":3154,"position":1},"title":"LEADER Tudomka K\u00f6zpont ONLINE k\u00e9pz\u00e9s \u2013 2021.04.26. \u00e9s 2021.04.27.","date":"2021-03-25","format":false,"excerpt":"A B\u00fckk-hegys\u00e9gi Meg\u00fajul\u00f3 Energi\u00e1k Iskol\u00e1k Alap\u00edtv\u00e1ny, mint LEADER Tudomka K\u00f6zpont a kor\u00e1bbiakban meghirdetett saj\u00f3kereszt\u00fari k\u00e9pz\u00e9se a Covid j\u00e1rv\u00e1nyra tekintettel ONLINE form\u00e1ban ker\u00fcl megtart\u00e1sra 2021.04.26-\u00e1n (h\u00e9tf\u0151) \u00e9s 2021.04.27-\u00e9n (kedd), az al\u00e1bbiak szerint.","rel":"","context":"In &quot;H\u00edreink, k\u00f6zlem\u00e9nyeink&quot;","img":{"alt_text":"","src":"https:\/\/i2.wp.com\/bukkleader.hu\/old\/wp-content\/uploads\/2016\/06\/\u00faj-k\u00e9p.jpg?resize=350%2C200&ssl=1","width":350,"height":200},"classes":[]},{"id":3147,"url":"https:\/\/bukkleader.hu\/old\/leader-tudomka-kozpont-kepzes-cserepvaraljan-2020-10-29\/","url_meta":{"origin":3154,"position":2},"title":"LEADER Tudomka K\u00f6zpont k\u00e9pz\u00e9s Cser\u00e9pv\u00e1ralj\u00e1n &#8211; 2020.10.29.","date":"2020-09-30","format":false,"excerpt":"A B\u00fckk-hegys\u00e9gi Meg\u00fajul\u00f3 Energi\u00e1k Iskol\u00e1k Alap\u00edtv\u00e1ny, mint LEADER Tudomka K\u00f6zpont, tisztelettel megh\u00edvja \u00d6n\u00f6ket 2020. okt\u00f3ber 29-\u00e9n (cs\u00fct\u00f6rt\u00f6k) Cser\u00e9pv\u00e1ralj\u00e1n tartand\u00f3, LEADER t\u00e1mogat\u00e1ssal megval\u00f3sul\u00f3 k\u00e9pz\u00e9s\u00e9re, melynek tematik\u00e1ja a k\u00f6vetkez\u0151: \u00a0","rel":"","context":"In &quot;H\u00edreink, k\u00f6zlem\u00e9nyeink&quot;","img":{"alt_text":"","src":"https:\/\/i1.wp.com\/bukkleader.hu\/old\/wp-content\/uploads\/2020\/02\/Cserepvaraljafogadokozpont.jpg?resize=350%2C200&ssl=1","width":350,"height":200},"classes":[]},{"id":3156,"url":"https:\/\/bukkleader.hu\/old\/leader-tudomka-kozpont-kepzes-tibolddarocon-2020-11-12\/","url_meta":{"origin":3154,"position":3},"title":"LEADER Tudomka K\u00f6zpont k\u00e9pz\u00e9s Tibolddar\u00f3con (ELMARAD) &#8211; 2020.11.12.","date":"2020-10-02","format":false,"excerpt":"Figyelem! A 2020. november 11-\u00e9n \u00e9letbe l\u00e9p\u0151, a Covid-19 j\u00e1rv\u00e1nnyal kapcsolatos int\u00e9zked\u00e9sek miatt az al\u00e1bbi program elmarad. K\u00e9rem, hogy tov\u00e1bbi inform\u00e1ci\u00f3\u00e9rt\u00a0 a programmal kapcsolatban k\u00eds\u00e9rj\u00e9k figyelemmel honlapunkat! *** A B\u00fckk-hegys\u00e9gi Meg\u00fajul\u00f3 Energi\u00e1k Iskol\u00e1k Alap\u00edtv\u00e1ny, mint LEADER Tudomka K\u00f6zpont, tisztelettel megh\u00edvja \u00d6n\u00f6ket 2020. november 12-\u00e9n (cs\u00fct\u00f6rt\u00f6k) Tibolddar\u00f3con tartand\u00f3, LEADER t\u00e1mogat\u00e1ssal megval\u00f3sul\u00f3\u2026","rel":"","context":"In &quot;H\u00edreink, k\u00f6zlem\u00e9nyeink&quot;","img":{"alt_text":"","src":"https:\/\/i1.wp.com\/bukkleader.hu\/old\/wp-content\/uploads\/2020\/10\/elmarad.jpg?resize=350%2C200&ssl=1","width":350,"height":200},"classes":[]},{"id":3158,"url":"https:\/\/bukkleader.hu\/old\/leader-tudomka-kozpont-kepzes-sajokereszturban-2020-11-19\/","url_meta":{"origin":3154,"position":4},"title":"LEADER Tudomka K\u00f6zpont k\u00e9pz\u00e9s Saj\u00f3kereszt\u00farban (ELMARAD) &#8211; 2020.11.19.","date":"2020-10-02","format":false,"excerpt":"Figyelem! A 2020. november 11-\u00e9n \u00e9letbe l\u00e9p\u0151, a Covid-19 j\u00e1rv\u00e1nnyal kapcsolatos int\u00e9zked\u00e9sek miatt az al\u00e1bbi program elmarad. K\u00e9rem, hogy tov\u00e1bbi inform\u00e1ci\u00f3\u00e9rt\u00a0 a programmal kapcsolatban k\u00eds\u00e9rj\u00e9k figyelemmel honlapunkat! *** A B\u00fckk-hegys\u00e9gi Meg\u00fajul\u00f3 Energi\u00e1k Iskol\u00e1k Alap\u00edtv\u00e1ny, mint LEADER Tudomka K\u00f6zpont, tisztelettel megh\u00edvja \u00d6n\u00f6ket 2020. november 19-\u00e9n (cs\u00fct\u00f6rt\u00f6k) Saj\u00f3kereszt\u00farban tartand\u00f3, LEADER t\u00e1mogat\u00e1ssal megval\u00f3sul\u00f3\u2026","rel":"","context":"In &quot;H\u00edreink, k\u00f6zlem\u00e9nyeink&quot;","img":{"alt_text":"","src":"https:\/\/i1.wp.com\/bukkleader.hu\/old\/wp-content\/uploads\/2020\/10\/elmarad.jpg?resize=350%2C200&ssl=1","width":350,"height":200},"classes":[]},{"id":462,"url":"https:\/\/bukkleader.hu\/old\/gyogynovenytermesztes-borsodban\/","url_meta":{"origin":3154,"position":5},"title":"Gy\u00f3gyn\u00f6v\u00e9nytermeszt\u00e9s Borsodban","date":"2015-04-08","format":false,"excerpt":"200 \u00f3r\u00e1s, \"Gy\u00f3gyn\u00f6v\u00e9nytermeszt\u00e9s Borsodban\" c. k\u00e9pz\u00e9s indul B\u00fckkaranyosonA B\u00fckk-Hegys\u00e9gi Meg\u00fajul\u00f3 Energi\u00e1k Iskol\u00e1k Alap\u00edtv\u00e1nya az \"\u00daj Hold h\u00e1za, eg\u00e9szs\u00e9gmeg\u0151rz\u0151 \u00e9s k\u00f6z\u00f6ss\u00e9gi szolg\u00e1ltat\u00e1sok k\u00f6zpontj\u00e1nak \u00e9s fenntarthat\u00f3s\u00e1g\u00e1nak kialak\u00edt\u00e1sa\u00a0 egy\u00fcttm\u0171k\u00f6d\u00e9s keret\u00e9ben\" c. projekt keret\u00e9ben egy 200 \u00f3r\u00e1s k\u00e9pz\u00e9st szervez \"Gy\u00f3gyn\u00f6v\u00e9nytermeszt\u00e9s Borsodban\" c\u00edmmel.A k\u00e9pz\u00e9s id\u0151pontja: 2015.04.28-2015.05.30.,Helysz\u00edn: B\u00fckkaranyos.T\u00e9m\u00e1k:1. N\u00f6v\u00e9nytani \u00e9s gy\u00f3gyn\u00f6v\u00e9nyismeret,2. Gy\u00f3gyn\u00f6v\u00e9nyek gy\u0171jt\u00e9se,3. Gy\u00f3gyn\u00f6v\u00e9nyek feldolgoz\u00e1sa,4. Drogismeret,\u2026","rel":"","context":"In &quot;H\u00edreink, k\u00f6zlem\u00e9nyeink&quot;","img":{"alt_text":"logo_ujhold-w","src":"https:\/\/i1.wp.com\/bukkleader.hu\/old\/wp-content\/uploads\/2015\/09\/logo_ujhold-w.jpg?resize=350%2C200&ssl=1","width":350,"height":200},"classes":[]}],"_links":{"self":[{"href":"https:\/\/bukkleader.hu\/old\/wp-json\/wp\/v2\/posts\/3154"}],"collection":[{"href":"https:\/\/bukkleader.hu\/old\/wp-json\/wp\/v2\/posts"}],"about":[{"href":"https:\/\/bukkleader.hu\/old\/wp-json\/wp\/v2\/types\/post"}],"author":[{"embeddable":true,"href":"https:\/\/bukkleader.hu\/old\/wp-json\/wp\/v2\/users\/4"}],"replies":[{"embeddable":true,"href":"https:\/\/bukkleader.hu\/old\/wp-json\/wp\/v2\/comments?post=3154"}],"version-history":[{"count":3,"href":"https:\/\/bukkleader.hu\/old\/wp-json\/wp\/v2\/posts\/3154\/revisions"}],"predecessor-version":[{"id":3285,"href":"https:\/\/bukkleader.hu\/old\/wp-json\/wp\/v2\/posts\/3154\/revisions\/3285"}],"wp:featuredmedia":[{"embeddable":true,"href":"https:\/\/bukkleader.hu\/old\/wp-json\/wp\/v2\/media\/574"}],"wp:attachment":[{"href":"https:\/\/bukkleader.hu\/old\/wp-json\/wp\/v2\/media?parent=3154"}],"wp:term":[{"taxonomy":"category","embeddable":true,"href":"https:\/\/bukkleader.hu\/old\/wp-json\/wp\/v2\/categories?post=3154"},{"taxonomy":"post_tag","embeddable":true,"href":"https:\/\/bukkleader.hu\/old\/wp-json\/wp\/v2\/tags?post=3154"}],"curies":[{"name":"wp","href":"https:\/\/api.w.org\/{rel}","templated":true}]}}