{"id":315,"date":"2013-03-26T13:49:05","date_gmt":"2013-03-26T12:49:05","guid":{"rendered":"https:\/\/bukkleader.hu\/old\/new\/?p=315"},"modified":"2015-09-22T13:50:24","modified_gmt":"2015-09-22T11:50:24","slug":"indul-a-leader-iii-tamogatasi-idoszaka","status":"publish","type":"post","link":"https:\/\/bukkleader.hu\/old\/indul-a-leader-iii-tamogatasi-idoszaka\/","title":{"rendered":"Indul a LEADER III. t\u00e1mogat\u00e1si id\u0151szaka"},"content":{"rendered":"<p class=\"style6\" style=\"text-align: justify;\">A Vid\u00e9kfejleszt\u00e9si Miniszt\u00e9rium harmadszor is megnyitja a LEADER Program p\u00e1ly\u00e1zat\u00e1t. A p\u00e1ly\u00e1z\u00f3k a LEADER <strong>k\u00f6z\u00f6ss\u00e9gi vagy v\u00e1llalkoz\u00e1si c\u00e9l\u00fa helyi fejleszt\u00e9seikhez <\/strong><strong class=\"style212\">2013. m\u00e1just\u00f3l a forr\u00e1s kimer\u00fcl\u00e9s\u00e9ig, de legk\u00e9s\u0151bb 2013. \u0151sz\u00e9ig<\/strong>egyszer\u0171bb felt\u00e9telekkel ig\u00e9nyelhetnek t\u00e1mogat\u00e1st.<\/p>\n<p class=\"style6\" style=\"text-align: justify;\"><!--more-->A rendelkez\u00e9sre \u00e1ll\u00f3 forr\u00e1sok hat\u00e9kony felhaszn\u00e1l\u00e1sa \u00e9rdek\u00e9ben a t\u00e1rca egyszer\u0171s\u00edtette \u00e9s gyors\u00edtotta a p\u00e1ly\u00e1zati elj\u00e1r\u00e1st. Az egyszer\u0171s\u00edt\u00e9ssel <strong>megsz\u0171ntek a c\u00e9lter\u00fcletek, er\u0151s\u00f6d\u00f6tt a helyi d\u00f6nt\u00e9shozatal<\/strong>. \u00a0<em>V\u00e1ltoz\u00e1sok, \u00fajdons\u00e1gok:<\/em><\/p>\n<ul style=\"text-align: justify;\">\n<li class=\"style6\">A be\u00e9rkez\u0151 p\u00e1ly\u00e1zatok t\u00e1mogathat\u00f3s\u00e1g\u00e1r\u00f3l a LEADER Helyi Akci\u00f3csoport (HACS) <strong>Helyi B\u00edr\u00e1l\u00f3 Bizotts\u00e1ga d\u00f6nt<\/strong>.<\/li>\n<li class=\"style6\">A p\u00e1ly\u00e1zat beny\u00fajt\u00e1s\u00e1nak felt\u00e9tele a <strong class=\"style212\">Helyi B\u00edr\u00e1l\u00f3 Bizotts\u00e1g (HBB) t\u00e1mogat\u00f3 nyilatkozata<\/strong>, melyet a HBB az el\u0151zetesen beny\u00fajtand\u00f3 projektjavaslat szakmai b\u00edr\u00e1lata sor\u00e1n \u00e1ll\u00edt ki.<\/li>\n<li class=\"style6\">A kiv\u00e1laszt\u00e1si felt\u00e9teleket a fel\u00fclvizsg\u00e1lt Helyi Vid\u00e9kfejleszt\u00e9si Strat\u00e9gia mell\u00e9klet\u00e9t k\u00e9pez\u0151 <strong class=\"style212\">LEADER Int\u00e9zked\u00e9si Terv<\/strong> fogja tartalmazni, amelyhez a projektjavaslatoknak \u00e9s a p\u00e1ly\u00e1zatoknak illeszkedni\u00fck kell.<\/li>\n<li class=\"style6\">Megsz\u0171nik az eddig alkalmazott jogc\u00edmrendszer. A kor\u00e1bbi hat jogc\u00edm helyett (<em>k\u00f6z\u00f6ss\u00e9gi c\u00e9l\u00fa fejleszt\u00e9s, v\u00e1llalkoz\u00e1si alap\u00fa fejleszt\u00e9s, rendezv\u00e9ny, k\u00e9pz\u00e9s, tanulm\u00e1nyok, t\u00e9rs\u00e9gen bel\u00fcli egy\u00fcttm\u0171k\u00f6d\u00e9s<\/em>) <strong>k\u00e9t t\u00edpus\u00fa\u00a0 &#8211; k\u00f6z\u00f6ss\u00e9gi c\u00e9l\u00fa vagy v\u00e1llalkoz\u00e1si c\u00e9l\u00fa &#8211; fejleszt\u00e9sbe kell besorolni a projekteket<\/strong>.<\/li>\n<li class=\"style6\"><strong>Megny\u00edlik a lehet\u0151s\u00e9g a komplex p\u00e1ly\u00e1zat k\u00e9sz\u00edt\u00e9s\u00e9re<\/strong>, mivel a p\u00e1ly\u00e1z\u00f3 a rendeletben megnevezett tev\u00e9kenys\u00e9gekb\u0151l projekt k\u00f6vetelm\u00e9nyeihez igazodva szabadon v\u00e1logathat.<\/li>\n<li class=\"style6\">A HBB \u00e1ltal t\u00e1mogatott projektjavaslatok alapj\u00e1n kidolgozott k\u00e9relmeket <strong class=\"style212\">elektronikus \u00faton kell beny\u00fajtani<\/strong>, melyekkel kapcsolatban az MVH &#8211; <em>vagy az MVH deleg\u00e1l\u00e1si szerz\u0151d\u00e9se alapj\u00e1n a HACS p\u00e1ly\u00e1zatkezel\u0151 r\u00e9szlege<\/em> &#8211; \u00e9rt\u00e9kel\u00e9st, pontoz\u00e1st nem, m\u00e1r <strong>csak formai ellen\u0151rz\u00e9st v\u00e9gez<\/strong>, majd megfelel\u0151s\u00e9g eset\u00e9n ki\u00e1ll\u00edtja a t\u00e1mogat\u00e1si hat\u00e1rozatot.<\/li>\n<li class=\"style6\">A p\u00e1ly\u00e1zati id\u0151szak a kor\u00e1bbi egy h\u00f3napos id\u0151tartam helyett, <strong>a forr\u00e1s kimer\u00fcl\u00e9s\u00e9ig folyamatos<\/strong>, de minimum h\u00e1rom h\u00f3napos lesz.<\/li>\n<\/ul>\n<p class=\"style6\" style=\"text-align: justify;\">A m\u00f3dos\u00edt\u00e1sok nem csak a rendelkez\u00e9sre \u00e1ll\u00f3 forr\u00e1sok hat\u00e9kony felhaszn\u00e1l\u00e1s\u00e1hoz, de <strong>a k\u00f6vetkez\u0151 id\u0151szakra val\u00f3 felk\u00e9sz\u00fcl\u00e9shez is hozz\u00e1j\u00e1rulnak<\/strong>. A LEADER t\u00e1mogat\u00e1si id\u0151szak meghirdet\u00e9s\u00e9t a <strong class=\"style212\">Helyi Vid\u00e9kfejleszt\u00e9si Strat\u00e9gia (HVS) fel\u00fclvizsg\u00e1lata el\u0151zi meg<\/strong>, melyr\u0151l a HACS k\u00fcl\u00f6n k\u00f6zlem\u00e9nyekben r\u00e9szletes t\u00e1j\u00e9koztat\u00e1st ad.<\/p>\n<div class=\"sharedaddy sd-sharing-enabled\"><div class=\"robots-nocontent sd-block sd-social sd-social-icon sd-sharing\"><h3 class=\"sd-title\">Share this:<\/h3><div class=\"sd-content\"><ul><li class=\"share-facebook\"><a rel=\"nofollow noopener noreferrer\" data-shared=\"sharing-facebook-315\" class=\"share-facebook sd-button share-icon no-text\" href=\"https:\/\/bukkleader.hu\/old\/indul-a-leader-iii-tamogatasi-idoszaka\/?share=facebook\" target=\"_blank\" title=\"Click to share on Facebook\"><span><\/span><span class=\"sharing-screen-reader-text\">Click to share on Facebook (Opens in new window)<\/span><\/a><\/li><li class=\"share-twitter\"><a rel=\"nofollow noopener noreferrer\" data-shared=\"sharing-twitter-315\" class=\"share-twitter sd-button share-icon no-text\" href=\"https:\/\/bukkleader.hu\/old\/indul-a-leader-iii-tamogatasi-idoszaka\/?share=twitter\" target=\"_blank\" title=\"Click to share on Twitter\"><span><\/span><span class=\"sharing-screen-reader-text\">Click to share on Twitter (Opens in new window)<\/span><\/a><\/li><li class=\"share-print\"><a rel=\"nofollow noopener noreferrer\" data-shared=\"\" class=\"share-print sd-button share-icon no-text\" href=\"https:\/\/bukkleader.hu\/old\/indul-a-leader-iii-tamogatasi-idoszaka\/\" target=\"_blank\" title=\"Click to print\"><span><\/span><span class=\"sharing-screen-reader-text\">Click to print (Opens in new window)<\/span><\/a><\/li><li class=\"share-email\"><a rel=\"nofollow noopener noreferrer\" data-shared=\"\" class=\"share-email sd-button share-icon no-text\" href=\"https:\/\/bukkleader.hu\/old\/indul-a-leader-iii-tamogatasi-idoszaka\/?share=email\" target=\"_blank\" title=\"Click to email this to a friend\"><span><\/span><span class=\"sharing-screen-reader-text\">Click to email this to a friend (Opens in new window)<\/span><\/a><\/li><li class=\"share-end\"><\/li><\/ul><\/div><\/div><\/div>","protected":false},"excerpt":{"rendered":"<p>A Vid\u00e9kfejleszt\u00e9si Miniszt\u00e9rium harmadszor is megnyitja a LEADER Program p\u00e1ly\u00e1zat\u00e1t. A p\u00e1ly\u00e1z\u00f3k a LEADER k\u00f6z\u00f6ss\u00e9gi vagy v\u00e1llalkoz\u00e1si c\u00e9l\u00fa helyi fejleszt\u00e9seikhez 2013. m\u00e1just\u00f3l a forr\u00e1s kimer\u00fcl\u00e9s\u00e9ig, de legk\u00e9s\u0151bb 2013. \u0151sz\u00e9igegyszer\u0171bb felt\u00e9telekkel ig\u00e9nyelhetnek t\u00e1mogat\u00e1st.<\/p>\n<div class=\"sharedaddy sd-sharing-enabled\"><div class=\"robots-nocontent sd-block sd-social sd-social-icon sd-sharing\"><h3 class=\"sd-title\">Share this:<\/h3><div class=\"sd-content\"><ul><li class=\"share-facebook\"><a rel=\"nofollow noopener noreferrer\" data-shared=\"sharing-facebook-315\" class=\"share-facebook sd-button share-icon no-text\" href=\"https:\/\/bukkleader.hu\/old\/indul-a-leader-iii-tamogatasi-idoszaka\/?share=facebook\" target=\"_blank\" title=\"Click to share on Facebook\"><span><\/span><span class=\"sharing-screen-reader-text\">Click to share on Facebook (Opens in new window)<\/span><\/a><\/li><li class=\"share-twitter\"><a rel=\"nofollow noopener noreferrer\" data-shared=\"sharing-twitter-315\" class=\"share-twitter sd-button share-icon no-text\" href=\"https:\/\/bukkleader.hu\/old\/indul-a-leader-iii-tamogatasi-idoszaka\/?share=twitter\" target=\"_blank\" title=\"Click to share on Twitter\"><span><\/span><span class=\"sharing-screen-reader-text\">Click to share on Twitter (Opens in new window)<\/span><\/a><\/li><li class=\"share-print\"><a rel=\"nofollow noopener noreferrer\" data-shared=\"\" class=\"share-print sd-button share-icon no-text\" href=\"https:\/\/bukkleader.hu\/old\/indul-a-leader-iii-tamogatasi-idoszaka\/\" target=\"_blank\" title=\"Click to print\"><span><\/span><span class=\"sharing-screen-reader-text\">Click to print (Opens in new window)<\/span><\/a><\/li><li class=\"share-email\"><a rel=\"nofollow noopener noreferrer\" data-shared=\"\" class=\"share-email sd-button share-icon no-text\" href=\"https:\/\/bukkleader.hu\/old\/indul-a-leader-iii-tamogatasi-idoszaka\/?share=email\" target=\"_blank\" title=\"Click to email this to a friend\"><span><\/span><span class=\"sharing-screen-reader-text\">Click to email this to a friend (Opens in new window)<\/span><\/a><\/li><li class=\"share-end\"><\/li><\/ul><\/div><\/div><\/div>","protected":false},"author":1,"featured_media":291,"comment_status":"open","ping_status":"closed","sticky":false,"template":"","format":"standard","meta":{"_bbp_topic_count":0,"_bbp_reply_count":0,"_bbp_total_topic_count":0,"_bbp_total_reply_count":0,"_bbp_voice_count":0,"_bbp_anonymous_reply_count":0,"_bbp_topic_count_hidden":0,"_bbp_reply_count_hidden":0,"_bbp_forum_subforum_count":0,"spay_email":"","jetpack_publicize_message":"","jetpack_is_tweetstorm":false,"jetpack_publicize_feature_enabled":true},"categories":[1],"tags":[],"jetpack_featured_media_url":"https:\/\/bukkleader.hu\/old\/wp-content\/uploads\/2015\/09\/bukk-leader-logo-w.jpg","jetpack_publicize_connections":[],"jetpack_sharing_enabled":true,"jetpack-related-posts":[{"id":340,"url":"https:\/\/bukkleader.hu\/old\/ujra-leader-palyazati-idoszak\/","url_meta":{"origin":315,"position":0},"title":"\u00daJRA LEADER P\u00c1LY\u00c1ZATI ID\u0150SZAK!","date":"2013-09-24","format":false,"excerpt":"FIGYELEM! A VID\u00c9KFEJLESZT\u00c9SI MINISZT\u00c9RIUM T\u00daLIG\u00c9NYL\u00c9S MIATT ISM\u00c9TELTEN FELF\u00dcGGESZTETTE A LEADER P\u00c1LY\u00c1ZATOK BENY\u00daJT\u00c1S\u00c1T A SZOLG\u00c1LTAT\u00c1SFEJLESZT\u00c9S KATEG\u00d3RI\u00c1BAN.A VID\u00c9KFEJLESZT\u00c9SI MINISZT\u00c9RIUM (VM), MINT AZ EMVA IR\u00c1NY\u00cdT\u00d3 HAT\u00d3S\u00c1G\u00c1NAK 240\/2013. (IX. 23.) SZ\u00c1M\u00da K\u00d6ZLEM\u00c9NYE SZERINT 2013.09.24-\u00c9N REGGEL 08:00 \u00d3R\u00c1T\u00d3L \u00daJRA LEHET P\u00c1LY\u00c1ZATOT BENY\u00daJTANI A LEADER INT\u00c9ZKED\u00c9SEINK MEGVAL\u00d3S\u00cdT\u00c1S\u00c1RA, SZOLG\u00c1LTAT\u00c1SFEJLESZT\u00c9S PROJEKT KATEG\u00d3RI\u00c1BAN.A HACS az el\u0151p\u00e1ly\u00e1zati szakaszban szolg\u00e1ltat\u00e1sfejleszt\u00e9snek tekintette\u2026","rel":"","context":"In &quot;H\u00edreink, k\u00f6zlem\u00e9nyeink&quot;","img":{"alt_text":"bukk-leader-logo-w","src":"https:\/\/i2.wp.com\/bukkleader.hu\/old\/wp-content\/uploads\/2015\/09\/bukk-leader-logo-w.jpg?resize=350%2C200&ssl=1","width":350,"height":200},"classes":[]},{"id":325,"url":"https:\/\/bukkleader.hu\/old\/leader-palyazati-lehetosegek-2013\/","url_meta":{"origin":315,"position":1},"title":"LEADER P\u00c1LY\u00c1ZATI LEHET\u0150S\u00c9GEK 2013.","date":"2013-06-06","format":false,"excerpt":"FIGYELEM! MEGJELENT AZ EMVA T\u00c1RSFINANSZ\u00cdROZ\u00c1S\u00da INT\u00c9ZKED\u00c9SEK IR\u00c1NY\u00cdT\u00d3 HAT\u00d3S\u00c1G\u00c1NAK K\u00d6ZLEM\u00c9NYE A LEADER PROGRAM HARMADIK, 2013-BAN MEGHIRDETETT P\u00c1LY\u00c1ZATI K\u00d6R\u00c9HEZ KAPCSOL\u00d3D\u00d3 LEADER INT\u00c9ZKED\u00c9SI TERVEK K\u00d6ZZ\u00c9T\u00c9TEL\u00c9R\u0150L, MELY ALAPJ\u00c1N A B\u00dcKK-T\u00c9RS\u00c9GI LEADER EGYES\u00dcLETHEZ BENY\u00daJTHAT\u00d3K A PROJEKT ADATLAPOK.A B\u00fckk-T\u00e9rs\u00e9gi LEADER Egyes\u00fclet (HACS) k\u00f6zgy\u0171l\u00e9se \u00e1ltal j\u00f3v\u00e1hagyott int\u00e9zked\u00e9seket (fejleszt\u00e9si t\u00e9m\u00e1kat), valamint az el\u0151p\u00e1ly\u00e1zati szakaszra vonatkoz\u00f3 r\u00e9szletes t\u00e1mogat\u00e1si felt\u00e9teleket\u2026","rel":"","context":"In &quot;H\u00edreink, k\u00f6zlem\u00e9nyeink&quot;","img":{"alt_text":"bukk-leader-logo-w","src":"https:\/\/i2.wp.com\/bukkleader.hu\/old\/wp-content\/uploads\/2015\/09\/bukk-leader-logo-w.jpg?resize=350%2C200&ssl=1","width":350,"height":200},"classes":[]},{"id":327,"url":"https:\/\/bukkleader.hu\/old\/leader-palyazati-idoszak-2013\/","url_meta":{"origin":315,"position":2},"title":"LEADER P\u00c1LY\u00c1ZATI ID\u0150SZAK 2013.","date":"2013-06-18","format":false,"excerpt":"FIGYELEM! A VID\u00c9KFEJLESZT\u00c9SI MINISZT\u00c9RIUM A 62\/2013. (VI. 17.) \u00c9S 63\/2013. (VI. 17.) SZ\u00c1M\u00da K\u00d6ZLEM\u00c9NYEIVEL, 2013. J\u00daNIUS 17., 20:00 \u00d3R\u00c1T\u00d3L KEZD\u0150D\u0150EN, FORR\u00c1SKIMER\u00dcL\u00c9SRE VAL\u00d3 TEKINTETTEL FELF\u00dcGGESZTETTE A LEADER P\u00c1LY\u00c1ZATOK BENY\u00daJT\u00c1SI ID\u0150SZAK\u00c1T A B\u00dcKK-T\u00c9RS\u00c9GI LEADER EGYES\u00dcLET HACS TER\u00dcLET\u00c9N. A VM k\u00f6zlem\u00e9nyei let\u00f6lthet\u0151k a kormany.hu weboldalr\u00f3l, az al\u00e1bbi linkekr\u0151l:62\/2013. IH k\u00f6zlem\u00e9ny >>63\/2013. IH k\u00f6zlem\u00e9ny\u2026","rel":"","context":"In &quot;H\u00edreink, k\u00f6zlem\u00e9nyeink&quot;","img":{"alt_text":"bukk-leader-logo-w","src":"https:\/\/i2.wp.com\/bukkleader.hu\/old\/wp-content\/uploads\/2015\/09\/bukk-leader-logo-w.jpg?resize=350%2C200&ssl=1","width":350,"height":200},"classes":[]},{"id":356,"url":"https:\/\/bukkleader.hu\/old\/emva-iii-iv-palyazati-eredmenyeink-es-tovabbi-palyazati-lehetosegek-a-2013-evben\/","url_meta":{"origin":315,"position":3},"title":"EMVA III-IV. p\u00e1ly\u00e1zati eredm\u00e9nyeink \u00e9s tov\u00e1bbi p\u00e1ly\u00e1zati lehet\u0151s\u00e9gek a 2013. \u00e9vben","date":"2013-11-14","format":false,"excerpt":"A \u201eNyertes p\u00e1ly\u00e1z\u00f3ink\u201d men\u00fcpontban el\u00e9rhet\u0151k a 2013. \u00e9vben az EMVA III. Falumeg\u00faj\u00edt\u00e1s \u00e9s \u2013 fejleszt\u00e9s jogc\u00edmen \u00e9s az EMVA IV. LEADER idei fordul\u00f3j\u00e1ban t\u00e1mogat\u00e1st nyert p\u00e1ly\u00e1z\u00f3ink list\u00e1ja, melyek szerint 16 db falufejleszt\u00e9si p\u00e1ly\u00e1zat ker\u00fclt t\u00e1mogat\u00e1sra, 142.153.203,- Ft lek\u00f6t\u00f6tt forr\u00e1ssal, valamint a LEADER 2013. \u00e9vi fordul\u00f3j\u00e1ban (2013.06.17-i beny\u00fajt\u00e1si id\u0151szak) eddig 45\u2026","rel":"","context":"In &quot;H\u00edreink, k\u00f6zlem\u00e9nyeink&quot;","img":{"alt_text":"bukk-leader-logo-w","src":"https:\/\/i2.wp.com\/bukkleader.hu\/old\/wp-content\/uploads\/2015\/09\/bukk-leader-logo-w.jpg?resize=350%2C200&ssl=1","width":350,"height":200},"classes":[]},{"id":108,"url":"https:\/\/bukkleader.hu\/old\/2013-aprilis-01-2013-junius-30-idoszak\/","url_meta":{"origin":315,"position":4},"title":"2013. \u00e1prilis 01. &#8211; 2013. j\u00fanius 30. id\u0151szak","date":"2013-07-01","format":false,"excerpt":"A B\u00fckk-T\u00e9rs\u00e9gi LEADER Egyes\u00fclet munkaszervezet\u00e9nek legfontosabb feladatai a 2013.03.01. \u2013 06.30. id\u0151szakban a HACS-hoz be\u00e9rkezett EMVA III. falumeg\u00faj\u00edt\u00e1s \u00e9s \u2013fejleszt\u00e9s p\u00e1ly\u00e1zatok rangsor\u00e1nak kialak\u00edt\u00e1sa \u00e9s t\u00e1mogat\u00e1si hat\u00e1rozataik ki\u00e1ll\u00edt\u00e1sa, a LEADER III. t\u00e1mogat\u00e1si id\u0151szak\u00e1nak el\u0151k\u00e9sz\u00edt\u00e9se, a HVS fel\u00fclvizsg\u00e1lata \u00e9s a LEADER el\u0151p\u00e1ly\u00e1zatok befogad\u00e1sa, a p\u00e1ly\u00e1zatok \u00fcgyint\u00e9z\u00e9s\u00e9nek megkezd\u00e9se voltak.Az EMVA III. falumeg\u00faj\u00edt\u00e1s \u00e9s\u2026","rel":"","context":"In &quot;Munkabesz\u00e1mol\u00f3k&quot;","img":{"alt_text":"","src":"","width":0,"height":0},"classes":[]},{"id":308,"url":"https:\/\/bukkleader.hu\/old\/az-emva-iv-leader-program-harmadik-benyujtasi-korenek-koncepcioja\/","url_meta":{"origin":315,"position":5},"title":"Az EMVA IV. LEADER Program harmadik beny\u00fajt\u00e1si k\u00f6r\u00e9nek koncepci\u00f3ja","date":"2013-02-19","format":false,"excerpt":"2013. tavasz\u00e1t\u00f3l, a Dar\u00e1nyi Ign\u00e1c Terv \u2013 \u00daj Magyarorsz\u00e1g Vid\u00e9kfejleszt\u00e9si Program keret\u00e9ben \u00fajabb EMVA IV. - LEADER vid\u00e9kfejleszt\u00e9si t\u00e1mogat\u00e1sok elnyer\u00e9s\u00e9re ny\u00edlnak lehet\u0151s\u00e9gek.A B\u00fckk-T\u00e9rs\u00e9gi LEADER Egyes\u00fclet ter\u00fclet\u00e9r\u0151l a Helyi Vid\u00e9kfejleszt\u00e9si Strat\u00e9gia k\u00f6z\u00f6s fel\u00fclvizsg\u00e1lata sor\u00e1n kialak\u00edtand\u00f3 LEADER c\u00e9lter\u00fcletekre ny\u00fajthat\u00f3k be p\u00e1ly\u00e1zatok. A program v\u00e9grehajt\u00e1s\u00e1ban az Ir\u00e1ny\u00edt\u00f3 Hat\u00f3s\u00e1g el\u0151zetes t\u00e1j\u00e9koztat\u00e1sa szerint az al\u00e1bbi\u2026","rel":"","context":"In &quot;H\u00edreink, k\u00f6zlem\u00e9nyeink&quot;","img":{"alt_text":"bukk-leader-logo-w","src":"https:\/\/i2.wp.com\/bukkleader.hu\/old\/wp-content\/uploads\/2015\/09\/bukk-leader-logo-w.jpg?resize=350%2C200&ssl=1","width":350,"height":200},"classes":[]}],"_links":{"self":[{"href":"https:\/\/bukkleader.hu\/old\/wp-json\/wp\/v2\/posts\/315"}],"collection":[{"href":"https:\/\/bukkleader.hu\/old\/wp-json\/wp\/v2\/posts"}],"about":[{"href":"https:\/\/bukkleader.hu\/old\/wp-json\/wp\/v2\/types\/post"}],"author":[{"embeddable":true,"href":"https:\/\/bukkleader.hu\/old\/wp-json\/wp\/v2\/users\/1"}],"replies":[{"embeddable":true,"href":"https:\/\/bukkleader.hu\/old\/wp-json\/wp\/v2\/comments?post=315"}],"version-history":[{"count":1,"href":"https:\/\/bukkleader.hu\/old\/wp-json\/wp\/v2\/posts\/315\/revisions"}],"predecessor-version":[{"id":316,"href":"https:\/\/bukkleader.hu\/old\/wp-json\/wp\/v2\/posts\/315\/revisions\/316"}],"wp:featuredmedia":[{"embeddable":true,"href":"https:\/\/bukkleader.hu\/old\/wp-json\/wp\/v2\/media\/291"}],"wp:attachment":[{"href":"https:\/\/bukkleader.hu\/old\/wp-json\/wp\/v2\/media?parent=315"}],"wp:term":[{"taxonomy":"category","embeddable":true,"href":"https:\/\/bukkleader.hu\/old\/wp-json\/wp\/v2\/categories?post=315"},{"taxonomy":"post_tag","embeddable":true,"href":"https:\/\/bukkleader.hu\/old\/wp-json\/wp\/v2\/tags?post=315"}],"curies":[{"name":"wp","href":"https:\/\/api.w.org\/{rel}","templated":true}]}}