{"id":310,"date":"2013-02-19T13:39:53","date_gmt":"2013-02-19T12:39:53","guid":{"rendered":"https:\/\/bukkleader.hu\/old\/new\/?p=310"},"modified":"2015-09-22T13:40:53","modified_gmt":"2015-09-22T11:40:53","slug":"2013-marcius-12-ig-kotelezoen-benyujtando-a-monitoring-adatszolgaltatas","status":"publish","type":"post","link":"https:\/\/bukkleader.hu\/old\/2013-marcius-12-ig-kotelezoen-benyujtando-a-monitoring-adatszolgaltatas\/","title":{"rendered":"2013. m\u00e1rcius 12-ig k\u00f6telez\u0151en beny\u00fajtand\u00f3 a monitoring adatszolg\u00e1ltat\u00e1s!"},"content":{"rendered":"<p style=\"text-align: justify;\">A kedvezm\u00e9nyezetteknek <span class=\"style212\"><strong>2013. m\u00e1rcius 12-ig k\u00f6telez\u0151 teljes\u00edteni\u00fck a monitoring adatszolg\u00e1ltat\u00e1sukat<\/strong><\/span>, mellyel kapcsolatban m\u00f3dosult az Eur\u00f3pai Mez\u0151gazdas\u00e1gi Vid\u00e9kfejleszt\u00e9si Alapb\u00f3l (EMVA) t\u00e1mogatott int\u00e9zked\u00e9sek <strong>monitoring adatszolg\u00e1ltat\u00e1si rendj\u00e9re vonatkoz\u00f3 r\u00e9szletes szab\u00e1lyokr\u00f3l<\/strong> sz\u00f3l\u00f3 18\/2009. (III. 6.) FVM rendelet. A m\u00f3dos\u00edtott rendelet az al\u00e1bbi linken \u00e9rhet\u0151 el:\u00a0<a href=\"http:\/\/www.umvp.eu\/?q=node\/58852\" target=\"_blank\">http:\/\/www.umvp.eu\/?q=node\/58852<\/a><\/p>\n<div class=\"sharedaddy sd-sharing-enabled\"><div class=\"robots-nocontent sd-block sd-social sd-social-icon sd-sharing\"><h3 class=\"sd-title\">Share this:<\/h3><div class=\"sd-content\"><ul><li class=\"share-facebook\"><a rel=\"nofollow noopener noreferrer\" data-shared=\"sharing-facebook-310\" class=\"share-facebook sd-button share-icon no-text\" href=\"https:\/\/bukkleader.hu\/old\/2013-marcius-12-ig-kotelezoen-benyujtando-a-monitoring-adatszolgaltatas\/?share=facebook\" target=\"_blank\" title=\"Click to share on Facebook\"><span><\/span><span class=\"sharing-screen-reader-text\">Click to share on Facebook (Opens in new window)<\/span><\/a><\/li><li class=\"share-twitter\"><a rel=\"nofollow noopener noreferrer\" data-shared=\"sharing-twitter-310\" class=\"share-twitter sd-button share-icon no-text\" href=\"https:\/\/bukkleader.hu\/old\/2013-marcius-12-ig-kotelezoen-benyujtando-a-monitoring-adatszolgaltatas\/?share=twitter\" target=\"_blank\" title=\"Click to share on Twitter\"><span><\/span><span class=\"sharing-screen-reader-text\">Click to share on Twitter (Opens in new window)<\/span><\/a><\/li><li class=\"share-print\"><a rel=\"nofollow noopener noreferrer\" data-shared=\"\" class=\"share-print sd-button share-icon no-text\" href=\"https:\/\/bukkleader.hu\/old\/2013-marcius-12-ig-kotelezoen-benyujtando-a-monitoring-adatszolgaltatas\/\" target=\"_blank\" title=\"Click to print\"><span><\/span><span class=\"sharing-screen-reader-text\">Click to print (Opens in new window)<\/span><\/a><\/li><li class=\"share-email\"><a rel=\"nofollow noopener noreferrer\" data-shared=\"\" class=\"share-email sd-button share-icon no-text\" href=\"https:\/\/bukkleader.hu\/old\/2013-marcius-12-ig-kotelezoen-benyujtando-a-monitoring-adatszolgaltatas\/?share=email\" target=\"_blank\" title=\"Click to email this to a friend\"><span><\/span><span class=\"sharing-screen-reader-text\">Click to email this to a friend (Opens in new window)<\/span><\/a><\/li><li class=\"share-end\"><\/li><\/ul><\/div><\/div><\/div>","protected":false},"excerpt":{"rendered":"<p>A kedvezm\u00e9nyezetteknek 2013. m\u00e1rcius 12-ig k\u00f6telez\u0151 teljes\u00edteni\u00fck a monitoring adatszolg\u00e1ltat\u00e1sukat, mellyel kapcsolatban m\u00f3dosult az Eur\u00f3pai Mez\u0151gazdas\u00e1gi Vid\u00e9kfejleszt\u00e9si Alapb\u00f3l (EMVA) t\u00e1mogatott int\u00e9zked\u00e9sek monitoring adatszolg\u00e1ltat\u00e1si rendj\u00e9re vonatkoz\u00f3 r\u00e9szletes szab\u00e1lyokr\u00f3l sz\u00f3l\u00f3 18\/2009. (III. 6.) FVM rendelet. A m\u00f3dos\u00edtott rendelet az al\u00e1bbi linken \u00e9rhet\u0151 el:\u00a0http:\/\/www.umvp.eu\/?q=node\/58852<\/p>\n<div class=\"sharedaddy sd-sharing-enabled\"><div class=\"robots-nocontent sd-block sd-social sd-social-icon sd-sharing\"><h3 class=\"sd-title\">Share this:<\/h3><div class=\"sd-content\"><ul><li class=\"share-facebook\"><a rel=\"nofollow noopener noreferrer\" data-shared=\"sharing-facebook-310\" class=\"share-facebook sd-button share-icon no-text\" href=\"https:\/\/bukkleader.hu\/old\/2013-marcius-12-ig-kotelezoen-benyujtando-a-monitoring-adatszolgaltatas\/?share=facebook\" target=\"_blank\" title=\"Click to share on Facebook\"><span><\/span><span class=\"sharing-screen-reader-text\">Click to share on Facebook (Opens in new window)<\/span><\/a><\/li><li class=\"share-twitter\"><a rel=\"nofollow noopener noreferrer\" data-shared=\"sharing-twitter-310\" class=\"share-twitter sd-button share-icon no-text\" href=\"https:\/\/bukkleader.hu\/old\/2013-marcius-12-ig-kotelezoen-benyujtando-a-monitoring-adatszolgaltatas\/?share=twitter\" target=\"_blank\" title=\"Click to share on Twitter\"><span><\/span><span class=\"sharing-screen-reader-text\">Click to share on Twitter (Opens in new window)<\/span><\/a><\/li><li class=\"share-print\"><a rel=\"nofollow noopener noreferrer\" data-shared=\"\" class=\"share-print sd-button share-icon no-text\" href=\"https:\/\/bukkleader.hu\/old\/2013-marcius-12-ig-kotelezoen-benyujtando-a-monitoring-adatszolgaltatas\/\" target=\"_blank\" title=\"Click to print\"><span><\/span><span class=\"sharing-screen-reader-text\">Click to print (Opens in new window)<\/span><\/a><\/li><li class=\"share-email\"><a rel=\"nofollow noopener noreferrer\" data-shared=\"\" class=\"share-email sd-button share-icon no-text\" href=\"https:\/\/bukkleader.hu\/old\/2013-marcius-12-ig-kotelezoen-benyujtando-a-monitoring-adatszolgaltatas\/?share=email\" target=\"_blank\" title=\"Click to email this to a friend\"><span><\/span><span class=\"sharing-screen-reader-text\">Click to email this to a friend (Opens in new window)<\/span><\/a><\/li><li class=\"share-end\"><\/li><\/ul><\/div><\/div><\/div>","protected":false},"author":1,"featured_media":229,"comment_status":"open","ping_status":"closed","sticky":false,"template":"","format":"standard","meta":{"_bbp_topic_count":0,"_bbp_reply_count":0,"_bbp_total_topic_count":0,"_bbp_total_reply_count":0,"_bbp_voice_count":0,"_bbp_anonymous_reply_count":0,"_bbp_topic_count_hidden":0,"_bbp_reply_count_hidden":0,"_bbp_forum_subforum_count":0,"spay_email":"","jetpack_publicize_message":"","jetpack_is_tweetstorm":false,"jetpack_publicize_feature_enabled":true},"categories":[1],"tags":[],"jetpack_featured_media_url":"https:\/\/bukkleader.hu\/old\/wp-content\/uploads\/2012\/06\/felkialto-jel384w.jpg","jetpack_publicize_connections":[],"jetpack_sharing_enabled":true,"jetpack-related-posts":[{"id":303,"url":"https:\/\/bukkleader.hu\/old\/2013-februar-01-tol-2013-majus-31-ig-nyujthatok-be-a-leader-kifizetesi-kerelmek\/","url_meta":{"origin":310,"position":0},"title":"2013. febru\u00e1r 01-t\u0151l 2013. m\u00e1jus 31-ig ny\u00fajthat\u00f3k be a LEADER kifizet\u00e9si k\u00e9relmek","date":"2013-01-31","format":false,"excerpt":"Megjelent a 19\/2013. (I.22.) sz\u00e1m\u00fa MVH k\u00f6zlem\u00e9ny az Eur\u00f3pai Mez\u0151gazdas\u00e1gi Vid\u00e9kfejleszt\u00e9si Alapb\u00f3l a Helyi Vid\u00e9kfejleszt\u00e9si Strat\u00e9gi\u00e1k LEADER fejezet\u00e9nek v\u00e9grehajt\u00e1s\u00e1hoz ny\u00fajtand\u00f3 t\u00e1mogat\u00e1s kifizet\u00e9s\u00e9nek ig\u00e9nyl\u00e9s\u00e9r\u0151l. A k\u00f6zlem\u00e9ny szerint az EMVA IV. \u2013 LEADER kifizet\u00e9si k\u00e9relmek 2013. febru\u00e1r 01. \u2013 2013. m\u00e1jus 31. id\u0151szakban elektronikus \u00faton ny\u00fajthat\u00f3k be.Az MVH k\u00f6zlem\u00e9ny \u00e9s az azzal\u2026","rel":"","context":"In &quot;H\u00edreink, k\u00f6zlem\u00e9nyeink&quot;","img":{"alt_text":"mhv-logo","src":"https:\/\/i2.wp.com\/bukkleader.hu\/old\/wp-content\/uploads\/2015\/09\/mvh-logo-w.jpg?resize=350%2C200&ssl=1","width":350,"height":200},"classes":[]},{"id":367,"url":"https:\/\/bukkleader.hu\/old\/2014-januar-15-ig-nyujthatok-be-a-turisztikai-palyazatok\/","url_meta":{"origin":310,"position":1},"title":"2014. janu\u00e1r 15-ig ny\u00fajthat\u00f3k be a turisztikai p\u00e1ly\u00e1zatok","date":"2013-12-18","format":false,"excerpt":"Az EMVA t\u00e1rsfinansz\u00edroz\u00e1s\u00fa int\u00e9zked\u00e9sek Ir\u00e1ny\u00edt\u00f3 Hat\u00f3s\u00e1g\u00e1nak 304\/2013. (XII. 16.) k\u00f6zlem\u00e9nye szerint \u201eAz Eur\u00f3pai Mez\u0151gazdas\u00e1gi Vid\u00e9kfejleszt\u00e9si Alapb\u00f3l a turisztikai tev\u00e9kenys\u00e9gek \u00f6szt\u00f6nz\u00e9s\u00e9hez a LEADER Helyi Akci\u00f3csoportok k\u00f6zrem\u0171k\u00f6d\u00e9s\u00e9vel 2013-ban ny\u00fajtand\u00f3 t\u00e1mogat\u00e1sok r\u00e9szletes felt\u00e9teleir\u0151l sz\u00f3l\u00f3 104\/2013. (XI. 14.) VM rendelet 11. \u00a7 (1) bekezd\u00e9s\u00e9nek folyamatban l\u00e9v\u0151 m\u00f3dos\u00edt\u00e1sa alapj\u00e1nt\u00e1mogat\u00e1si k\u00e9relmet \u2013 2013. december 20. helyett\u2026","rel":"","context":"In &quot;H\u00edreink, k\u00f6zlem\u00e9nyeink&quot;","img":{"alt_text":"felki\u00e1llt\u00f3 jel","src":"https:\/\/i0.wp.com\/bukkleader.hu\/old\/wp-content\/uploads\/2012\/06\/felkialto-jel384w.jpg?resize=350%2C200&ssl=1","width":350,"height":200},"classes":[]},{"id":288,"url":"https:\/\/bukkleader.hu\/old\/figyelem-december-31-en-lejar-az-egyes-kifizetesi-kerelmek-benyujtasanak-modositott-hatarideje\/","url_meta":{"origin":310,"position":2},"title":"FIGYELEM! December 31-\u00e9n lej\u00e1r az egyes kifizet\u00e9si k\u00e9relmek beny\u00fajt\u00e1s\u00e1nak m\u00f3dos\u00edtott hat\u00e1rideje","date":"2012-12-12","format":false,"excerpt":"A 76\/2012. (VII. 27.) VM rendelet alapj\u00e1n az egyes jogc\u00edmeken megv\u00e1ltoztak az els\u0151 kifizet\u00e9si k\u00e9relem beny\u00fajt\u00e1s\u00e1ra vonatkoz\u00f3 szab\u00e1lyok az el\u0151\u00edrt felt\u00e9telek teljes\u00fcl\u00e9se mellett. \u00a0A m\u00f3dos\u00edt\u00e1s \u00e9rtelm\u00e9ben az \u00fcgyf\u00e9l 2012. december 31-\u00e9ig ny\u00fajthatja be els\u0151 kifizet\u00e9si k\u00e9relmet, amellyel olyan kiad\u00e1s is elsz\u00e1mol\u00e1sra ker\u00fcl, amely nem min\u0151s\u00fcl egy\u00e9b elsz\u00e1molhat\u00f3 kiad\u00e1snak, amennyiben azels\u0151\u2026","rel":"","context":"In &quot;H\u00edreink, k\u00f6zlem\u00e9nyeink&quot;","img":{"alt_text":"felki\u00e1llt\u00f3 jel","src":"https:\/\/i0.wp.com\/bukkleader.hu\/old\/wp-content\/uploads\/2012\/06\/felkialto-jel384w.jpg?resize=350%2C200&ssl=1","width":350,"height":200},"classes":[]},{"id":312,"url":"https:\/\/bukkleader.hu\/old\/felhivas-emva-projektgazdak-reszere-monitoring-adatszolgaltatasi-kotelezettseggel-kapcsolatban\/","url_meta":{"origin":310,"position":3},"title":"Felh\u00edv\u00e1s EMVA projektgazd\u00e1k r\u00e9sz\u00e9re monitoring adatszolg\u00e1ltat\u00e1si k\u00f6telezetts\u00e9ggel kapcsolatban","date":"2013-03-05","format":false,"excerpt":"Az 18\/2009. (III. 6.) FVM rendelet szerinti, az Eur\u00f3pai Mez\u0151gazdas\u00e1gi Vid\u00e9kfejleszt\u00e9si Alapb\u00f3l (EMVA) \u00e9s az Eur\u00f3pai Hal\u00e1szati Alapb\u00f3l (EHA) t\u00e1mogatott int\u00e9zked\u00e9sek 2013. \u00e9vi, m\u00e1rcius 12-i hat\u00e1ridej\u0171 monitoring adatszolg\u00e1ltat\u00e1s teljes\u00edt\u00e9s\u00e9nek r\u00e9szletes szab\u00e1lyait a\u00a041\/2013. (II. 12.) sz\u00e1m\u00fa MVH k\u00f6zlem\u00e9ny \u00e1llap\u00edtja meg. A k\u00f6zlem\u00e9ny let\u00f6lt\u00e9se >> Mivel a k\u00f6zlem\u00e9ny II.5. pontja (2. oldal)\u2026","rel":"","context":"In &quot;H\u00edreink, k\u00f6zlem\u00e9nyeink&quot;","img":{"alt_text":"elektronikus-ugyintezes-w","src":"https:\/\/i2.wp.com\/bukkleader.hu\/old\/wp-content\/uploads\/2015\/09\/elektronikus-ugyintezes-w.jpg?resize=350%2C200&ssl=1","width":350,"height":200},"classes":[]},{"id":317,"url":"https:\/\/bukkleader.hu\/old\/felhivas-a-helyi-videkfejlesztesi-strategia-felulvizsgalataban-valo-reszvetelre\/","url_meta":{"origin":310,"position":4},"title":"FELH\u00cdV\u00c1S a Helyi Vid\u00e9kfejleszt\u00e9si Strat\u00e9gia fel\u00fclvizsg\u00e1lat\u00e1ban val\u00f3 r\u00e9szv\u00e9telre","date":"2013-03-27","format":false,"excerpt":"A B\u00fckk-T\u00e9rs\u00e9gi LEADER Egyes\u00fclet a Vid\u00e9kfejleszt\u00e9si Miniszt\u00e9rium el\u0151\u00edr\u00e1sai alapj\u00e1n a 2013. m\u00e1rcius 26. - 2013. \u00e1prilis 05. id\u0151szakban meghirdeti a Helyi Vid\u00e9kfejleszt\u00e9si Strat\u00e9gia (HVS) 2013. \u00e9vi fel\u00fclvizsg\u00e1lat\u00e1t. A fel\u00fclvizsg\u00e1lat c\u00e9lja a LEADER III. t\u00e1mogat\u00e1si id\u0151szak\u00e1nak el\u0151k\u00e9sz\u00edt\u00e9se, mely el\u0151rel\u00e1that\u00f3lag 2013. m\u00e1jus h\u00f3napban indul (projektjavaslatok beny\u00fajt\u00e1s\u00e1val).Tov\u00e1bb:\u00a0a TELJES FELH\u00cdV\u00c1S LET\u00d6LT\u00c9SE WORD FORM\u00c1TUMBAN >>Mell\u00e9kletek:HPME\u2026","rel":"","context":"In &quot;H\u00edreink, k\u00f6zlem\u00e9nyeink&quot;","img":{"alt_text":"felki\u00e1llt\u00f3 jel","src":"https:\/\/i0.wp.com\/bukkleader.hu\/old\/wp-content\/uploads\/2012\/06\/felkialto-jel384w.jpg?resize=350%2C200&ssl=1","width":350,"height":200},"classes":[]},{"id":293,"url":"https:\/\/bukkleader.hu\/old\/2013-februar-15-tol-palyazhatok\/","url_meta":{"origin":310,"position":5},"title":"2013. febru\u00e1r 15-t\u0151l p\u00e1ly\u00e1zhat\u00f3k&#8230;","date":"2013-01-30","format":false,"excerpt":"Febru\u00e1r 15-t\u0151l p\u00e1ly\u00e1zhat\u00f3k a nem mez\u0151gazdas\u00e1gi tev\u00e9kenys\u00e9gg\u00e9 t\u00f6rt\u00e9n\u0151 diverzifik\u00e1l\u00e1sra ny\u00fajtand\u00f3 t\u00e1mogat\u00e1sokMegjelent a 129\/2012. (XII. 17.) VM rendelet az Eur\u00f3pai Mez\u0151gazdas\u00e1gi Vid\u00e9kfejleszt\u00e9si Alapb\u00f3l a nem mez\u0151gazdas\u00e1gi tev\u00e9kenys\u00e9gg\u00e9 t\u00f6rt\u00e9n\u0151 diverzifik\u00e1l\u00e1sra ny\u00fajtand\u00f3 t\u00e1mogat\u00e1sok r\u00e9szletes felt\u00e9teleir\u0151l. A jogszab\u00e1ly \u00e9rtelm\u00e9ben a c\u00e9lra\u00f6sszesen 7,8 milli\u00e1rd forint \u00e1ll rendelkez\u00e9sre. A t\u00e1mogat\u00e1si k\u00e9relmeket 2013. febru\u00e1r 15-\u00e9t\u0151l forr\u00e1skimer\u00fcl\u00e9sig, de\u2026","rel":"","context":"In &quot;H\u00edreink, k\u00f6zlem\u00e9nyeink&quot;","img":{"alt_text":"eu z\u00e1szl\u00f3","src":"https:\/\/i0.wp.com\/bukkleader.hu\/old\/wp-content\/uploads\/2012\/06\/eu-zaszlo384w.jpg?resize=350%2C200&ssl=1","width":350,"height":200},"classes":[]}],"_links":{"self":[{"href":"https:\/\/bukkleader.hu\/old\/wp-json\/wp\/v2\/posts\/310"}],"collection":[{"href":"https:\/\/bukkleader.hu\/old\/wp-json\/wp\/v2\/posts"}],"about":[{"href":"https:\/\/bukkleader.hu\/old\/wp-json\/wp\/v2\/types\/post"}],"author":[{"embeddable":true,"href":"https:\/\/bukkleader.hu\/old\/wp-json\/wp\/v2\/users\/1"}],"replies":[{"embeddable":true,"href":"https:\/\/bukkleader.hu\/old\/wp-json\/wp\/v2\/comments?post=310"}],"version-history":[{"count":1,"href":"https:\/\/bukkleader.hu\/old\/wp-json\/wp\/v2\/posts\/310\/revisions"}],"predecessor-version":[{"id":311,"href":"https:\/\/bukkleader.hu\/old\/wp-json\/wp\/v2\/posts\/310\/revisions\/311"}],"wp:featuredmedia":[{"embeddable":true,"href":"https:\/\/bukkleader.hu\/old\/wp-json\/wp\/v2\/media\/229"}],"wp:attachment":[{"href":"https:\/\/bukkleader.hu\/old\/wp-json\/wp\/v2\/media?parent=310"}],"wp:term":[{"taxonomy":"category","embeddable":true,"href":"https:\/\/bukkleader.hu\/old\/wp-json\/wp\/v2\/categories?post=310"},{"taxonomy":"post_tag","embeddable":true,"href":"https:\/\/bukkleader.hu\/old\/wp-json\/wp\/v2\/tags?post=310"}],"curies":[{"name":"wp","href":"https:\/\/api.w.org\/{rel}","templated":true}]}}