{"id":308,"date":"2013-02-19T13:37:42","date_gmt":"2013-02-19T12:37:42","guid":{"rendered":"https:\/\/bukkleader.hu\/old\/new\/?p=308"},"modified":"2015-09-22T13:39:03","modified_gmt":"2015-09-22T11:39:03","slug":"az-emva-iv-leader-program-harmadik-benyujtasi-korenek-koncepcioja","status":"publish","type":"post","link":"https:\/\/bukkleader.hu\/old\/az-emva-iv-leader-program-harmadik-benyujtasi-korenek-koncepcioja\/","title":{"rendered":"Az EMVA IV. LEADER Program harmadik beny\u00fajt\u00e1si k\u00f6r\u00e9nek koncepci\u00f3ja"},"content":{"rendered":"<p class=\"style6\" style=\"text-align: justify;\">2013. tavasz\u00e1t\u00f3l, a Dar\u00e1nyi Ign\u00e1c Terv \u2013 \u00daj Magyarorsz\u00e1g Vid\u00e9kfejleszt\u00e9si Program keret\u00e9ben<strong> <span class=\"style212\">\u00fajabb<\/span><\/strong> <span class=\"style212\"><strong>EMVA IV. &#8211; LEADER vid\u00e9kfejleszt\u00e9si t\u00e1mogat\u00e1sok elnyer\u00e9s\u00e9re ny\u00edlnak lehet\u0151s\u00e9gek<\/strong><\/span>.<\/p>\n<p class=\"style6\" style=\"text-align: justify;\"><!--more-->A B\u00fckk-T\u00e9rs\u00e9gi LEADER Egyes\u00fclet ter\u00fclet\u00e9r\u0151l a Helyi Vid\u00e9kfejleszt\u00e9si Strat\u00e9gia <strong>k\u00f6z\u00f6s fel\u00fclvizsg\u00e1lata sor\u00e1n kialak\u00edtand\u00f3 LEADER c\u00e9lter\u00fcletekre ny\u00fajthat\u00f3k be p\u00e1ly\u00e1zatok<\/strong>. A program v\u00e9grehajt\u00e1s\u00e1ban az Ir\u00e1ny\u00edt\u00f3 Hat\u00f3s\u00e1g el\u0151zetes t\u00e1j\u00e9koztat\u00e1sa szerint az al\u00e1bbi <strong>egyszer\u0171s\u00edt\u00e9sek v\u00e1rhat\u00f3k<\/strong>:<\/p>\n<ul style=\"list-style-type: disc; text-align: justify;\">\n<li class=\"style6\"><strong class=\"style212\">Helyi d\u00f6nt\u00e9si kompetencia er\u0151s\u00edt\u00e9se<\/strong>: a be\u00e9rkez\u0151 p\u00e1ly\u00e1zatok t\u00e1mogathat\u00f3s\u00e1g\u00e1r\u00f3l a LEADER HACS e c\u00e9lb\u00f3l l\u00e9trehozott Helyi B\u00edr\u00e1l\u00f3 Bizotts\u00e1ga d\u00f6nt, a Mez\u0151gazdas\u00e1gi \u00e9s Vid\u00e9kfejleszt\u00e9si Hivatal csup\u00e1n formai ellen\u0151rz\u00e9st v\u00e9gez.<\/li>\n<li class=\"style6\">A kor\u00e1bbi c\u00e9lter\u00fcletek helyett a LEADER HACS-ok \u00e1ltal elk\u00e9sz\u00edtett <strong class=\"style212\">HVS LEADER Programra vonatkoz\u00f3 r\u00e9sze tartalmazza a kiv\u00e1laszt\u00e1si krit\u00e9riumokat<\/strong>, amelyekhez a p\u00e1ly\u00e1zatoknak illeszkednie kell.<\/li>\n<li class=\"style6\"><strong>Megsz\u0171nik az eddig alkalmazott jogc\u00edmrendszer<\/strong> a rendeleten bel\u00fcl: a kor\u00e1bbi 6 jogc\u00edm helyett (k\u00f6z\u00f6ss\u00e9gi c\u00e9l\u00fa fejleszt\u00e9s, v\u00e1llalkoz\u00e1si alap\u00fa fejleszt\u00e9s, rendezv\u00e9ny, k\u00e9pz\u00e9s, tanulm\u00e1nyok, t\u00e9rs\u00e9gen bel\u00fcli egy\u00fcttm\u0171k\u00f6d\u00e9s) <strong class=\"style212\">k\u00e9t t\u00edpus\u00fa fejleszt\u00e9sbe &#8211; k\u00f6z\u00f6ss\u00e9gi c\u00e9l\u00fa vagy v\u00e1llalkoz\u00e1si c\u00e9l\u00fa &#8211; kell besorolni az \u00fcgyfelek projektjeit<\/strong>.<\/li>\n<li class=\"style6\"><strong class=\"style212\">Megny\u00edlik a lehet\u0151s\u00e9g a teljes komplexit\u00e1sra<\/strong>: tev\u00e9kenys\u00e9gek lesznek megnevezve a rendeletben, amelyek k\u00f6z\u00fcl szabadon v\u00e1logathat az \u00fcgyf\u00e9l a projekt sz\u00fcks\u00e9gszer\u0171s\u00e9g\u00e9hez igazodva.<\/li>\n<li class=\"style6\"><span class=\"style212\"><strong>A p\u00e1ly\u00e1zati id\u0151szak a kor\u00e1bbi egy h\u00f3napos id\u0151tartamt\u00f3l elt\u00e9r\u0151en folyamatos lesz<\/strong><\/span><strong>.<\/strong><\/li>\n<\/ul>\n<p class=\"style6\" style=\"text-align: justify;\">A Helyi Vid\u00e9kfejleszt\u00e9si Strat\u00e9gia fel\u00fclvizsg\u00e1lat\u00e1t a HACS az Ir\u00e1ny\u00edt\u00f3 Hat\u00f3s\u00e1g \u00fctemterve szerint hirdeti meg, melyr\u0151l a tags\u00e1g a weboldalon \u00e9s e-mailben kap t\u00e1j\u00e9koztat\u00e1st.<\/p>\n<div class=\"sharedaddy sd-sharing-enabled\"><div class=\"robots-nocontent sd-block sd-social sd-social-icon sd-sharing\"><h3 class=\"sd-title\">Share this:<\/h3><div class=\"sd-content\"><ul><li class=\"share-facebook\"><a rel=\"nofollow noopener noreferrer\" data-shared=\"sharing-facebook-308\" class=\"share-facebook sd-button share-icon no-text\" href=\"https:\/\/bukkleader.hu\/old\/az-emva-iv-leader-program-harmadik-benyujtasi-korenek-koncepcioja\/?share=facebook\" target=\"_blank\" title=\"Click to share on Facebook\"><span><\/span><span class=\"sharing-screen-reader-text\">Click to share on Facebook (Opens in new window)<\/span><\/a><\/li><li class=\"share-twitter\"><a rel=\"nofollow noopener noreferrer\" data-shared=\"sharing-twitter-308\" class=\"share-twitter sd-button share-icon no-text\" href=\"https:\/\/bukkleader.hu\/old\/az-emva-iv-leader-program-harmadik-benyujtasi-korenek-koncepcioja\/?share=twitter\" target=\"_blank\" title=\"Click to share on Twitter\"><span><\/span><span class=\"sharing-screen-reader-text\">Click to share on Twitter (Opens in new window)<\/span><\/a><\/li><li class=\"share-print\"><a rel=\"nofollow noopener noreferrer\" data-shared=\"\" class=\"share-print sd-button share-icon no-text\" href=\"https:\/\/bukkleader.hu\/old\/az-emva-iv-leader-program-harmadik-benyujtasi-korenek-koncepcioja\/\" target=\"_blank\" title=\"Click to print\"><span><\/span><span class=\"sharing-screen-reader-text\">Click to print (Opens in new window)<\/span><\/a><\/li><li class=\"share-email\"><a rel=\"nofollow noopener noreferrer\" data-shared=\"\" class=\"share-email sd-button share-icon no-text\" href=\"https:\/\/bukkleader.hu\/old\/az-emva-iv-leader-program-harmadik-benyujtasi-korenek-koncepcioja\/?share=email\" target=\"_blank\" title=\"Click to email this to a friend\"><span><\/span><span class=\"sharing-screen-reader-text\">Click to email this to a friend (Opens in new window)<\/span><\/a><\/li><li class=\"share-end\"><\/li><\/ul><\/div><\/div><\/div>","protected":false},"excerpt":{"rendered":"<p>2013. tavasz\u00e1t\u00f3l, a Dar\u00e1nyi Ign\u00e1c Terv \u2013 \u00daj Magyarorsz\u00e1g Vid\u00e9kfejleszt\u00e9si Program keret\u00e9ben \u00fajabb EMVA IV. &#8211; LEADER vid\u00e9kfejleszt\u00e9si t\u00e1mogat\u00e1sok elnyer\u00e9s\u00e9re ny\u00edlnak lehet\u0151s\u00e9gek.<\/p>\n<div class=\"sharedaddy sd-sharing-enabled\"><div class=\"robots-nocontent sd-block sd-social sd-social-icon sd-sharing\"><h3 class=\"sd-title\">Share this:<\/h3><div class=\"sd-content\"><ul><li class=\"share-facebook\"><a rel=\"nofollow noopener noreferrer\" data-shared=\"sharing-facebook-308\" class=\"share-facebook sd-button share-icon no-text\" href=\"https:\/\/bukkleader.hu\/old\/az-emva-iv-leader-program-harmadik-benyujtasi-korenek-koncepcioja\/?share=facebook\" target=\"_blank\" title=\"Click to share on Facebook\"><span><\/span><span class=\"sharing-screen-reader-text\">Click to share on Facebook (Opens in new window)<\/span><\/a><\/li><li class=\"share-twitter\"><a rel=\"nofollow noopener noreferrer\" data-shared=\"sharing-twitter-308\" class=\"share-twitter sd-button share-icon no-text\" href=\"https:\/\/bukkleader.hu\/old\/az-emva-iv-leader-program-harmadik-benyujtasi-korenek-koncepcioja\/?share=twitter\" target=\"_blank\" title=\"Click to share on Twitter\"><span><\/span><span class=\"sharing-screen-reader-text\">Click to share on Twitter (Opens in new window)<\/span><\/a><\/li><li class=\"share-print\"><a rel=\"nofollow noopener noreferrer\" data-shared=\"\" class=\"share-print sd-button share-icon no-text\" href=\"https:\/\/bukkleader.hu\/old\/az-emva-iv-leader-program-harmadik-benyujtasi-korenek-koncepcioja\/\" target=\"_blank\" title=\"Click to print\"><span><\/span><span class=\"sharing-screen-reader-text\">Click to print (Opens in new window)<\/span><\/a><\/li><li class=\"share-email\"><a rel=\"nofollow noopener noreferrer\" data-shared=\"\" class=\"share-email sd-button share-icon no-text\" href=\"https:\/\/bukkleader.hu\/old\/az-emva-iv-leader-program-harmadik-benyujtasi-korenek-koncepcioja\/?share=email\" target=\"_blank\" title=\"Click to email this to a friend\"><span><\/span><span class=\"sharing-screen-reader-text\">Click to email this to a friend (Opens in new window)<\/span><\/a><\/li><li class=\"share-end\"><\/li><\/ul><\/div><\/div><\/div>","protected":false},"author":1,"featured_media":291,"comment_status":"open","ping_status":"closed","sticky":false,"template":"","format":"standard","meta":{"_bbp_topic_count":0,"_bbp_reply_count":0,"_bbp_total_topic_count":0,"_bbp_total_reply_count":0,"_bbp_voice_count":0,"_bbp_anonymous_reply_count":0,"_bbp_topic_count_hidden":0,"_bbp_reply_count_hidden":0,"_bbp_forum_subforum_count":0,"spay_email":"","jetpack_publicize_message":"","jetpack_is_tweetstorm":false,"jetpack_publicize_feature_enabled":true},"categories":[1],"tags":[],"jetpack_featured_media_url":"https:\/\/bukkleader.hu\/old\/wp-content\/uploads\/2015\/09\/bukk-leader-logo-w.jpg","jetpack_publicize_connections":[],"jetpack_sharing_enabled":true,"jetpack-related-posts":[{"id":273,"url":"https:\/\/bukkleader.hu\/old\/2012-masodik-felevi-palyazati-lehetosegek\/","url_meta":{"origin":308,"position":0},"title":"2012. m\u00e1sodik f\u00e9l\u00e9vi p\u00e1ly\u00e1zati lehet\u0151s\u00e9gek","date":"2012-11-30","format":false,"excerpt":"2012. m\u00e1sodik f\u00e9l\u00e9v\u00e9ben a Dar\u00e1nyi Ign\u00e1c Terv \u2013 \u00daj Magyarorsz\u00e1g Vid\u00e9kfejleszt\u00e9si Program keret\u00e9ben \u00fajabb EMVA III. \u00e9s LEADER vid\u00e9kfejleszt\u00e9si t\u00e1mogat\u00e1sok elnyer\u00e9s\u00e9re ny\u00edlnak lehet\u0151s\u00e9gek. A B\u00fckk-T\u00e9rs\u00e9gi LEADER Egyes\u00fclet ter\u00fclet\u00e9r\u0151l a 2012. okt\u00f3ber 15. \u2013 november 30. id\u0151szakban EMVA III. falumeg\u00faj\u00edt\u00e1s \u00e9s \u2013fejleszt\u00e9sre, valamint \u00e9v v\u00e9g\u00e9n \u2013 2013. elej\u00e9n a Helyi Vid\u00e9kfejleszt\u00e9si\u2026","rel":"","context":"In &quot;H\u00edreink, k\u00f6zlem\u00e9nyeink&quot;","img":{"alt_text":"384-1-daranyi-ignac-terv","src":"https:\/\/i1.wp.com\/bukkleader.hu\/old\/wp-content\/uploads\/2015\/09\/384-1-daranyi-ignac-terv.jpg?resize=350%2C200&ssl=1","width":350,"height":200},"classes":[]},{"id":102,"url":"https:\/\/bukkleader.hu\/old\/2012-julius-01-2012-szeptember-30-idoszak\/","url_meta":{"origin":308,"position":1},"title":"2012. j\u00falius 01. \u2013 2012. szeptember 30. id\u0151szak","date":"2012-10-01","format":false,"excerpt":"A B\u00fckk-T\u00e9rs\u00e9gi LEADER Egyes\u00fclet legfontosabb feladatai a 2012.07.01. \u2013 09.30. id\u0151szakban az EMVA III. falumeg\u00faj\u00edt\u00e1s \u00e9s \u2013fejleszt\u00e9s jogc\u00edm el\u0151k\u00e9sz\u00edt\u00e9se, a szakmai kapcsolat\u00e9p\u00edt\u00e9s \u00e9s az 2014-2020 id\u0151szak EU-s tervez\u00e9s\u00e9be val\u00f3 bekapcsol\u00f3d\u00e1s voltak. Munk\u00e1nkr\u00f3l 1 t\u00e9rs\u00e9gi \u00fajs\u00e1gban, 2 szakmai kiadv\u00e1nyban \u00e9s 3 weboldalon jelent meg tud\u00f3s\u00edt\u00e1s.A t\u00e1mogat\u00e1si id\u0151szakban t\u00e1rgyal\u00e1sokat folytattunk a Nemzeti\u2026","rel":"","context":"In &quot;Munkabesz\u00e1mol\u00f3k&quot;","img":{"alt_text":"","src":"","width":0,"height":0},"classes":[]},{"id":315,"url":"https:\/\/bukkleader.hu\/old\/indul-a-leader-iii-tamogatasi-idoszaka\/","url_meta":{"origin":308,"position":2},"title":"Indul a LEADER III. t\u00e1mogat\u00e1si id\u0151szaka","date":"2013-03-26","format":false,"excerpt":"A Vid\u00e9kfejleszt\u00e9si Miniszt\u00e9rium harmadszor is megnyitja a LEADER Program p\u00e1ly\u00e1zat\u00e1t. A p\u00e1ly\u00e1z\u00f3k a LEADER k\u00f6z\u00f6ss\u00e9gi vagy v\u00e1llalkoz\u00e1si c\u00e9l\u00fa helyi fejleszt\u00e9seikhez 2013. m\u00e1just\u00f3l a forr\u00e1s kimer\u00fcl\u00e9s\u00e9ig, de legk\u00e9s\u0151bb 2013. \u0151sz\u00e9igegyszer\u0171bb felt\u00e9telekkel ig\u00e9nyelhetnek t\u00e1mogat\u00e1st.A rendelkez\u00e9sre \u00e1ll\u00f3 forr\u00e1sok hat\u00e9kony felhaszn\u00e1l\u00e1sa \u00e9rdek\u00e9ben a t\u00e1rca egyszer\u0171s\u00edtette \u00e9s gyors\u00edtotta a p\u00e1ly\u00e1zati elj\u00e1r\u00e1st. Az egyszer\u0171s\u00edt\u00e9ssel megsz\u0171ntek a\u2026","rel":"","context":"In &quot;H\u00edreink, k\u00f6zlem\u00e9nyeink&quot;","img":{"alt_text":"bukk-leader-logo-w","src":"https:\/\/i2.wp.com\/bukkleader.hu\/old\/wp-content\/uploads\/2015\/09\/bukk-leader-logo-w.jpg?resize=350%2C200&ssl=1","width":350,"height":200},"classes":[]},{"id":356,"url":"https:\/\/bukkleader.hu\/old\/emva-iii-iv-palyazati-eredmenyeink-es-tovabbi-palyazati-lehetosegek-a-2013-evben\/","url_meta":{"origin":308,"position":3},"title":"EMVA III-IV. p\u00e1ly\u00e1zati eredm\u00e9nyeink \u00e9s tov\u00e1bbi p\u00e1ly\u00e1zati lehet\u0151s\u00e9gek a 2013. \u00e9vben","date":"2013-11-14","format":false,"excerpt":"A \u201eNyertes p\u00e1ly\u00e1z\u00f3ink\u201d men\u00fcpontban el\u00e9rhet\u0151k a 2013. \u00e9vben az EMVA III. Falumeg\u00faj\u00edt\u00e1s \u00e9s \u2013 fejleszt\u00e9s jogc\u00edmen \u00e9s az EMVA IV. LEADER idei fordul\u00f3j\u00e1ban t\u00e1mogat\u00e1st nyert p\u00e1ly\u00e1z\u00f3ink list\u00e1ja, melyek szerint 16 db falufejleszt\u00e9si p\u00e1ly\u00e1zat ker\u00fclt t\u00e1mogat\u00e1sra, 142.153.203,- Ft lek\u00f6t\u00f6tt forr\u00e1ssal, valamint a LEADER 2013. \u00e9vi fordul\u00f3j\u00e1ban (2013.06.17-i beny\u00fajt\u00e1si id\u0151szak) eddig 45\u2026","rel":"","context":"In &quot;H\u00edreink, k\u00f6zlem\u00e9nyeink&quot;","img":{"alt_text":"bukk-leader-logo-w","src":"https:\/\/i2.wp.com\/bukkleader.hu\/old\/wp-content\/uploads\/2015\/09\/bukk-leader-logo-w.jpg?resize=350%2C200&ssl=1","width":350,"height":200},"classes":[]},{"id":325,"url":"https:\/\/bukkleader.hu\/old\/leader-palyazati-lehetosegek-2013\/","url_meta":{"origin":308,"position":4},"title":"LEADER P\u00c1LY\u00c1ZATI LEHET\u0150S\u00c9GEK 2013.","date":"2013-06-06","format":false,"excerpt":"FIGYELEM! MEGJELENT AZ EMVA T\u00c1RSFINANSZ\u00cdROZ\u00c1S\u00da INT\u00c9ZKED\u00c9SEK IR\u00c1NY\u00cdT\u00d3 HAT\u00d3S\u00c1G\u00c1NAK K\u00d6ZLEM\u00c9NYE A LEADER PROGRAM HARMADIK, 2013-BAN MEGHIRDETETT P\u00c1LY\u00c1ZATI K\u00d6R\u00c9HEZ KAPCSOL\u00d3D\u00d3 LEADER INT\u00c9ZKED\u00c9SI TERVEK K\u00d6ZZ\u00c9T\u00c9TEL\u00c9R\u0150L, MELY ALAPJ\u00c1N A B\u00dcKK-T\u00c9RS\u00c9GI LEADER EGYES\u00dcLETHEZ BENY\u00daJTHAT\u00d3K A PROJEKT ADATLAPOK.A B\u00fckk-T\u00e9rs\u00e9gi LEADER Egyes\u00fclet (HACS) k\u00f6zgy\u0171l\u00e9se \u00e1ltal j\u00f3v\u00e1hagyott int\u00e9zked\u00e9seket (fejleszt\u00e9si t\u00e9m\u00e1kat), valamint az el\u0151p\u00e1ly\u00e1zati szakaszra vonatkoz\u00f3 r\u00e9szletes t\u00e1mogat\u00e1si felt\u00e9teleket\u2026","rel":"","context":"In &quot;H\u00edreink, k\u00f6zlem\u00e9nyeink&quot;","img":{"alt_text":"bukk-leader-logo-w","src":"https:\/\/i2.wp.com\/bukkleader.hu\/old\/wp-content\/uploads\/2015\/09\/bukk-leader-logo-w.jpg?resize=350%2C200&ssl=1","width":350,"height":200},"classes":[]},{"id":106,"url":"https:\/\/bukkleader.hu\/old\/2013-januar-01-2013-marcius-31-idoszak\/","url_meta":{"origin":308,"position":5},"title":"2013. janu\u00e1r 01. &#8211; 2013. m\u00e1rcius 31. id\u0151szak","date":"2013-04-01","format":false,"excerpt":"A B\u00fckk-T\u00e9rs\u00e9gi LEADER Egyes\u00fclet munkaszervezet\u00e9nek legfontosabb feladatai a 2013.01.01. \u2013 03.31. id\u0151szakban a HACS-hoz be\u00e9rkezett EMVA III. falumeg\u00faj\u00edt\u00e1s \u00e9s \u2013fejleszt\u00e9s p\u00e1ly\u00e1zatok \u00fcgyint\u00e9z\u00e9se, a szakmai kapcsolat\u00e9p\u00edt\u00e9s \u00e9s az 2014-2020 id\u0151szak EU-s tervez\u00e9s\u00e9vel kapcsolatos egyeztet\u00e9seken val\u00f3 r\u00e9szv\u00e9tel voltak.A vid\u00e9kfejleszt\u00e9si k\u00f6z\u00f6ss\u00e9g min\u00e9l sz\u00e9lesebb k\u00f6r\u0171 t\u00e1j\u00e9koztat\u00e1sa \u00e9rdek\u00e9ben a t\u00e1mogat\u00e1si id\u0151szakban t\u00f6bb szakmai f\u00f3rumot tartottunk,\u2026","rel":"","context":"In &quot;Munkabesz\u00e1mol\u00f3k&quot;","img":{"alt_text":"","src":"","width":0,"height":0},"classes":[]}],"_links":{"self":[{"href":"https:\/\/bukkleader.hu\/old\/wp-json\/wp\/v2\/posts\/308"}],"collection":[{"href":"https:\/\/bukkleader.hu\/old\/wp-json\/wp\/v2\/posts"}],"about":[{"href":"https:\/\/bukkleader.hu\/old\/wp-json\/wp\/v2\/types\/post"}],"author":[{"embeddable":true,"href":"https:\/\/bukkleader.hu\/old\/wp-json\/wp\/v2\/users\/1"}],"replies":[{"embeddable":true,"href":"https:\/\/bukkleader.hu\/old\/wp-json\/wp\/v2\/comments?post=308"}],"version-history":[{"count":1,"href":"https:\/\/bukkleader.hu\/old\/wp-json\/wp\/v2\/posts\/308\/revisions"}],"predecessor-version":[{"id":309,"href":"https:\/\/bukkleader.hu\/old\/wp-json\/wp\/v2\/posts\/308\/revisions\/309"}],"wp:featuredmedia":[{"embeddable":true,"href":"https:\/\/bukkleader.hu\/old\/wp-json\/wp\/v2\/media\/291"}],"wp:attachment":[{"href":"https:\/\/bukkleader.hu\/old\/wp-json\/wp\/v2\/media?parent=308"}],"wp:term":[{"taxonomy":"category","embeddable":true,"href":"https:\/\/bukkleader.hu\/old\/wp-json\/wp\/v2\/categories?post=308"},{"taxonomy":"post_tag","embeddable":true,"href":"https:\/\/bukkleader.hu\/old\/wp-json\/wp\/v2\/tags?post=308"}],"curies":[{"name":"wp","href":"https:\/\/api.w.org\/{rel}","templated":true}]}}