{"id":305,"date":"2013-02-15T13:35:02","date_gmt":"2013-02-15T12:35:02","guid":{"rendered":"https:\/\/bukkleader.hu\/old\/new\/?p=305"},"modified":"2015-09-22T13:37:15","modified_gmt":"2015-09-22T11:37:15","slug":"kozlemenyek-a-nem-mezogazdasagi-tevekenysegge-torteno-diverzifikalasra-nyujtando-tamogatasokhoz","status":"publish","type":"post","link":"https:\/\/bukkleader.hu\/old\/kozlemenyek-a-nem-mezogazdasagi-tevekenysegge-torteno-diverzifikalasra-nyujtando-tamogatasokhoz\/","title":{"rendered":"K\u00f6zlem\u00e9nyek a nem mez\u0151gazdas\u00e1gi tev\u00e9kenys\u00e9gg\u00e9 t\u00f6rt\u00e9n\u0151 diverzifik\u00e1l\u00e1sra ny\u00fajtand\u00f3 t\u00e1mogat\u00e1sokhoz"},"content":{"rendered":"<p style=\"text-align: justify;\">A <a href=\"http:\/\/www.umvp.eu\/files\/MK_12_171.pdf\" target=\"_blank\">129\/2012. (XII. 17.) VM rendelet<\/a>tel meghirdetett, az Eur\u00f3pai Mez\u0151gazdas\u00e1gi Vid\u00e9kfejleszt\u00e9si Alapb\u00f3l a <strong class=\"style212\">nem mez\u0151gazdas\u00e1gi tev\u00e9kenys\u00e9gg\u00e9 t\u00f6rt\u00e9n\u0151 diverzifik\u00e1l\u00e1sra ny\u00fajtand\u00f3 t\u00e1mogat\u00e1sok<\/strong> ig\u00e9nyl\u00e9s\u00e9vel kapcsolatban megjelent a <a href=\"http:\/\/mvh.gov.hu\/portal\/MVHPortal\/default\/mainmenu\/kozlemenyek\/mvhk352013\" target=\"_blank\">35\/2013. (II. 5.) MVH K\u00f6zlem\u00e9ny<\/a>, valamint a <a href=\"http:\/\/www.kormany.hu\/download\/6\/2a\/c0000\/14-2013%20IH%20kozlemeny.pdf#!DocumentBrowse\" target=\"_blank\">14\/2013 (II. 11.) IH k\u00f6zlem\u00e9ny<\/a>.<!--more-->\u00a0Az MVH k\u00f6zlem\u00e9nye <strong>a t\u00e1mogat\u00e1si felt\u00e9teleket r\u00e9szletezi, valamint a sz\u00fcks\u00e9ges formanyomtatv\u00e1nyokat teszi k\u00f6zz\u00e9, az IH k\u00f6zlem\u00e9ny a jogc\u00edmrendeletet \u00e9rtelmez\u00e9s\u00e9hez ad seg\u00edts\u00e9get<\/strong>.<\/p>\n<p style=\"text-align: justify;\">A k\u00f6zlem\u00e9nyek el\u00e9rhet\u0151k az al\u00e1bbi linkeken:<\/p>\n<ul style=\"list-style-type: disc;\">\n<li style=\"text-align: justify;\"><a href=\"http:\/\/mvh.gov.hu\/portal\/MVHPortal\/default\/mainmenu\/kozlemenyek\/mvhk352013\" target=\"_blank\">MVH k\u00f6zlem\u00e9ny &gt;&gt;<\/a><\/li>\n<li style=\"text-align: justify;\"><a href=\"http:\/\/www.kormany.hu\/download\/6\/2a\/c0000\/14-2013%20IH%20kozlemeny.pdf#!DocumentBrowse\" target=\"_blank\">IH k\u00f6zlem\u00e9ny &gt;&gt;<\/a><\/li>\n<\/ul>\n<div class=\"sharedaddy sd-sharing-enabled\"><div class=\"robots-nocontent sd-block sd-social sd-social-icon sd-sharing\"><h3 class=\"sd-title\">Share this:<\/h3><div class=\"sd-content\"><ul><li class=\"share-facebook\"><a rel=\"nofollow noopener noreferrer\" data-shared=\"sharing-facebook-305\" class=\"share-facebook sd-button share-icon no-text\" href=\"https:\/\/bukkleader.hu\/old\/kozlemenyek-a-nem-mezogazdasagi-tevekenysegge-torteno-diverzifikalasra-nyujtando-tamogatasokhoz\/?share=facebook\" target=\"_blank\" title=\"Click to share on Facebook\"><span><\/span><span class=\"sharing-screen-reader-text\">Click to share on Facebook (Opens in new window)<\/span><\/a><\/li><li class=\"share-twitter\"><a rel=\"nofollow noopener noreferrer\" data-shared=\"sharing-twitter-305\" class=\"share-twitter sd-button share-icon no-text\" href=\"https:\/\/bukkleader.hu\/old\/kozlemenyek-a-nem-mezogazdasagi-tevekenysegge-torteno-diverzifikalasra-nyujtando-tamogatasokhoz\/?share=twitter\" target=\"_blank\" title=\"Click to share on Twitter\"><span><\/span><span class=\"sharing-screen-reader-text\">Click to share on Twitter (Opens in new window)<\/span><\/a><\/li><li class=\"share-print\"><a rel=\"nofollow noopener noreferrer\" data-shared=\"\" class=\"share-print sd-button share-icon no-text\" href=\"https:\/\/bukkleader.hu\/old\/kozlemenyek-a-nem-mezogazdasagi-tevekenysegge-torteno-diverzifikalasra-nyujtando-tamogatasokhoz\/\" target=\"_blank\" title=\"Click to print\"><span><\/span><span class=\"sharing-screen-reader-text\">Click to print (Opens in new window)<\/span><\/a><\/li><li class=\"share-email\"><a rel=\"nofollow noopener noreferrer\" data-shared=\"\" class=\"share-email sd-button share-icon no-text\" href=\"https:\/\/bukkleader.hu\/old\/kozlemenyek-a-nem-mezogazdasagi-tevekenysegge-torteno-diverzifikalasra-nyujtando-tamogatasokhoz\/?share=email\" target=\"_blank\" title=\"Click to email this to a friend\"><span><\/span><span class=\"sharing-screen-reader-text\">Click to email this to a friend (Opens in new window)<\/span><\/a><\/li><li class=\"share-end\"><\/li><\/ul><\/div><\/div><\/div>","protected":false},"excerpt":{"rendered":"<p>A 129\/2012. (XII. 17.) VM rendelettel meghirdetett, az Eur\u00f3pai Mez\u0151gazdas\u00e1gi Vid\u00e9kfejleszt\u00e9si Alapb\u00f3l a nem mez\u0151gazdas\u00e1gi tev\u00e9kenys\u00e9gg\u00e9 t\u00f6rt\u00e9n\u0151 diverzifik\u00e1l\u00e1sra ny\u00fajtand\u00f3 t\u00e1mogat\u00e1sok ig\u00e9nyl\u00e9s\u00e9vel kapcsolatban megjelent a 35\/2013. (II. 5.) MVH K\u00f6zlem\u00e9ny, valamint a 14\/2013 (II. 11.) IH k\u00f6zlem\u00e9ny.<\/p>\n<div class=\"sharedaddy sd-sharing-enabled\"><div class=\"robots-nocontent sd-block sd-social sd-social-icon sd-sharing\"><h3 class=\"sd-title\">Share this:<\/h3><div class=\"sd-content\"><ul><li class=\"share-facebook\"><a rel=\"nofollow noopener noreferrer\" data-shared=\"sharing-facebook-305\" class=\"share-facebook sd-button share-icon no-text\" href=\"https:\/\/bukkleader.hu\/old\/kozlemenyek-a-nem-mezogazdasagi-tevekenysegge-torteno-diverzifikalasra-nyujtando-tamogatasokhoz\/?share=facebook\" target=\"_blank\" title=\"Click to share on Facebook\"><span><\/span><span class=\"sharing-screen-reader-text\">Click to share on Facebook (Opens in new window)<\/span><\/a><\/li><li class=\"share-twitter\"><a rel=\"nofollow noopener noreferrer\" data-shared=\"sharing-twitter-305\" class=\"share-twitter sd-button share-icon no-text\" href=\"https:\/\/bukkleader.hu\/old\/kozlemenyek-a-nem-mezogazdasagi-tevekenysegge-torteno-diverzifikalasra-nyujtando-tamogatasokhoz\/?share=twitter\" target=\"_blank\" title=\"Click to share on Twitter\"><span><\/span><span class=\"sharing-screen-reader-text\">Click to share on Twitter (Opens in new window)<\/span><\/a><\/li><li class=\"share-print\"><a rel=\"nofollow noopener noreferrer\" data-shared=\"\" class=\"share-print sd-button share-icon no-text\" href=\"https:\/\/bukkleader.hu\/old\/kozlemenyek-a-nem-mezogazdasagi-tevekenysegge-torteno-diverzifikalasra-nyujtando-tamogatasokhoz\/\" target=\"_blank\" title=\"Click to print\"><span><\/span><span class=\"sharing-screen-reader-text\">Click to print (Opens in new window)<\/span><\/a><\/li><li class=\"share-email\"><a rel=\"nofollow noopener noreferrer\" data-shared=\"\" class=\"share-email sd-button share-icon no-text\" href=\"https:\/\/bukkleader.hu\/old\/kozlemenyek-a-nem-mezogazdasagi-tevekenysegge-torteno-diverzifikalasra-nyujtando-tamogatasokhoz\/?share=email\" target=\"_blank\" title=\"Click to email this to a friend\"><span><\/span><span class=\"sharing-screen-reader-text\">Click to email this to a friend (Opens in new window)<\/span><\/a><\/li><li class=\"share-end\"><\/li><\/ul><\/div><\/div><\/div>","protected":false},"author":1,"featured_media":230,"comment_status":"open","ping_status":"closed","sticky":false,"template":"","format":"standard","meta":{"_bbp_topic_count":0,"_bbp_reply_count":0,"_bbp_total_topic_count":0,"_bbp_total_reply_count":0,"_bbp_voice_count":0,"_bbp_anonymous_reply_count":0,"_bbp_topic_count_hidden":0,"_bbp_reply_count_hidden":0,"_bbp_forum_subforum_count":0,"spay_email":"","jetpack_publicize_message":"","jetpack_is_tweetstorm":false,"jetpack_publicize_feature_enabled":true},"categories":[1],"tags":[],"jetpack_featured_media_url":"https:\/\/bukkleader.hu\/old\/wp-content\/uploads\/2012\/06\/paragrafus384w.jpg","jetpack_publicize_connections":[],"jetpack_sharing_enabled":true,"jetpack-related-posts":[{"id":293,"url":"https:\/\/bukkleader.hu\/old\/2013-februar-15-tol-palyazhatok\/","url_meta":{"origin":305,"position":0},"title":"2013. febru\u00e1r 15-t\u0151l p\u00e1ly\u00e1zhat\u00f3k&#8230;","date":"2013-01-30","format":false,"excerpt":"Febru\u00e1r 15-t\u0151l p\u00e1ly\u00e1zhat\u00f3k a nem mez\u0151gazdas\u00e1gi tev\u00e9kenys\u00e9gg\u00e9 t\u00f6rt\u00e9n\u0151 diverzifik\u00e1l\u00e1sra ny\u00fajtand\u00f3 t\u00e1mogat\u00e1sokMegjelent a 129\/2012. (XII. 17.) VM rendelet az Eur\u00f3pai Mez\u0151gazdas\u00e1gi Vid\u00e9kfejleszt\u00e9si Alapb\u00f3l a nem mez\u0151gazdas\u00e1gi tev\u00e9kenys\u00e9gg\u00e9 t\u00f6rt\u00e9n\u0151 diverzifik\u00e1l\u00e1sra ny\u00fajtand\u00f3 t\u00e1mogat\u00e1sok r\u00e9szletes felt\u00e9teleir\u0151l. A jogszab\u00e1ly \u00e9rtelm\u00e9ben a c\u00e9lra\u00f6sszesen 7,8 milli\u00e1rd forint \u00e1ll rendelkez\u00e9sre. A t\u00e1mogat\u00e1si k\u00e9relmeket 2013. febru\u00e1r 15-\u00e9t\u0151l forr\u00e1skimer\u00fcl\u00e9sig, de\u2026","rel":"","context":"In &quot;H\u00edreink, k\u00f6zlem\u00e9nyeink&quot;","img":{"alt_text":"eu z\u00e1szl\u00f3","src":"https:\/\/i0.wp.com\/bukkleader.hu\/old\/wp-content\/uploads\/2012\/06\/eu-zaszlo384w.jpg?resize=350%2C200&ssl=1","width":350,"height":200},"classes":[]},{"id":367,"url":"https:\/\/bukkleader.hu\/old\/2014-januar-15-ig-nyujthatok-be-a-turisztikai-palyazatok\/","url_meta":{"origin":305,"position":1},"title":"2014. janu\u00e1r 15-ig ny\u00fajthat\u00f3k be a turisztikai p\u00e1ly\u00e1zatok","date":"2013-12-18","format":false,"excerpt":"Az EMVA t\u00e1rsfinansz\u00edroz\u00e1s\u00fa int\u00e9zked\u00e9sek Ir\u00e1ny\u00edt\u00f3 Hat\u00f3s\u00e1g\u00e1nak 304\/2013. (XII. 16.) k\u00f6zlem\u00e9nye szerint \u201eAz Eur\u00f3pai Mez\u0151gazdas\u00e1gi Vid\u00e9kfejleszt\u00e9si Alapb\u00f3l a turisztikai tev\u00e9kenys\u00e9gek \u00f6szt\u00f6nz\u00e9s\u00e9hez a LEADER Helyi Akci\u00f3csoportok k\u00f6zrem\u0171k\u00f6d\u00e9s\u00e9vel 2013-ban ny\u00fajtand\u00f3 t\u00e1mogat\u00e1sok r\u00e9szletes felt\u00e9teleir\u0151l sz\u00f3l\u00f3 104\/2013. (XI. 14.) VM rendelet 11. \u00a7 (1) bekezd\u00e9s\u00e9nek folyamatban l\u00e9v\u0151 m\u00f3dos\u00edt\u00e1sa alapj\u00e1nt\u00e1mogat\u00e1si k\u00e9relmet \u2013 2013. december 20. helyett\u2026","rel":"","context":"In &quot;H\u00edreink, k\u00f6zlem\u00e9nyeink&quot;","img":{"alt_text":"felki\u00e1llt\u00f3 jel","src":"https:\/\/i0.wp.com\/bukkleader.hu\/old\/wp-content\/uploads\/2012\/06\/felkialto-jel384w.jpg?resize=350%2C200&ssl=1","width":350,"height":200},"classes":[]},{"id":363,"url":"https:\/\/bukkleader.hu\/old\/megjelent-a-kistersegi-kozlekedesi-szolgaltatasok-fejlesztese-soran-alkalmazando-gepjarmu-katalogusrol-szolo-ih-kozlemeny\/","url_meta":{"origin":305,"position":2},"title":"Megjelent a kist\u00e9rs\u00e9gi k\u00f6zleked\u00e9si szolg\u00e1ltat\u00e1sok fejleszt\u00e9se sor\u00e1n alkalmazand\u00f3 g\u00e9pj\u00e1rm\u0171 katal\u00f3gusr\u00f3l sz\u00f3l\u00f3 IH k\u00f6zlem\u00e9ny","date":"2013-11-18","format":false,"excerpt":"Megjelent az EMVA t\u00e1rsfinansz\u00edroz\u00e1s\u00fa int\u00e9zked\u00e9sek Ir\u00e1ny\u00edt\u00f3 Hat\u00f3s\u00e1g\u00e1nak a 289\/2013. (XI. 14.) k\u00f6zlem\u00e9nye az Eur\u00f3pai Mez\u0151gazdas\u00e1gi Vid\u00e9kfejleszt\u00e9si Alapb\u00f3l ny\u00fajtand\u00f3, a vid\u00e9ki gazdas\u00e1g \u00e9s a lakoss\u00e1g sz\u00e1m\u00e1ra ny\u00fajtott alapszolg\u00e1ltat\u00e1sok fejleszt\u00e9s\u00e9re 2013-t\u00f3l ig\u00e9nybe vehet\u0151 t\u00e1mogat\u00e1sok r\u00e9szletes felt\u00e9teleir\u0151l sz\u00f3l\u00f3 103\/2013. (XI. 08.) VM rendeletr\u0151l, valamint a kist\u00e9rs\u00e9gi k\u00f6zleked\u00e9si szolg\u00e1ltat\u00e1sok fejleszt\u00e9se keret\u00e9ben a k\u00f6telez\u0151 arculati\u2026","rel":"","context":"In &quot;H\u00edreink, k\u00f6zlem\u00e9nyeink&quot;","img":{"alt_text":"384-1-daranyi-ignac-terv","src":"https:\/\/i1.wp.com\/bukkleader.hu\/old\/wp-content\/uploads\/2015\/09\/384-1-daranyi-ignac-terv.jpg?resize=350%2C200&ssl=1","width":350,"height":200},"classes":[]},{"id":303,"url":"https:\/\/bukkleader.hu\/old\/2013-februar-01-tol-2013-majus-31-ig-nyujthatok-be-a-leader-kifizetesi-kerelmek\/","url_meta":{"origin":305,"position":3},"title":"2013. febru\u00e1r 01-t\u0151l 2013. m\u00e1jus 31-ig ny\u00fajthat\u00f3k be a LEADER kifizet\u00e9si k\u00e9relmek","date":"2013-01-31","format":false,"excerpt":"Megjelent a 19\/2013. (I.22.) sz\u00e1m\u00fa MVH k\u00f6zlem\u00e9ny az Eur\u00f3pai Mez\u0151gazdas\u00e1gi Vid\u00e9kfejleszt\u00e9si Alapb\u00f3l a Helyi Vid\u00e9kfejleszt\u00e9si Strat\u00e9gi\u00e1k LEADER fejezet\u00e9nek v\u00e9grehajt\u00e1s\u00e1hoz ny\u00fajtand\u00f3 t\u00e1mogat\u00e1s kifizet\u00e9s\u00e9nek ig\u00e9nyl\u00e9s\u00e9r\u0151l. A k\u00f6zlem\u00e9ny szerint az EMVA IV. \u2013 LEADER kifizet\u00e9si k\u00e9relmek 2013. febru\u00e1r 01. \u2013 2013. m\u00e1jus 31. id\u0151szakban elektronikus \u00faton ny\u00fajthat\u00f3k be.Az MVH k\u00f6zlem\u00e9ny \u00e9s az azzal\u2026","rel":"","context":"In &quot;H\u00edreink, k\u00f6zlem\u00e9nyeink&quot;","img":{"alt_text":"mhv-logo","src":"https:\/\/i2.wp.com\/bukkleader.hu\/old\/wp-content\/uploads\/2015\/09\/mvh-logo-w.jpg?resize=350%2C200&ssl=1","width":350,"height":200},"classes":[]},{"id":222,"url":"https:\/\/bukkleader.hu\/old\/elektronikus-uton-is-benyujthatok-a-leader-kifizetesi-kerelmek\/","url_meta":{"origin":305,"position":4},"title":"Elektronikus \u00faton is beny\u00fajthat\u00f3k a LEADER kifizet\u00e9si k\u00e9relmek","date":"2012-08-22","format":false,"excerpt":"Megjelent a 128\/2012. (VIII. 06.) MVH k\u00f6zlem\u00e9ny az Eur\u00f3pai Mez\u0151gazdas\u00e1gi Vid\u00e9kfejleszt\u00e9si Alapb\u00f3l a Helyi Vid\u00e9kfejleszt\u00e9si Strat\u00e9gi\u00e1k LEADER fejezet\u00e9nek v\u00e9grehajt\u00e1s\u00e1hoz ny\u00fajtand\u00f3 t\u00e1mogat\u00e1s kifizet\u00e9s\u00e9nek ig\u00e9nyl\u00e9s\u00e9r\u0151l sz\u00f3l\u00f3 107\/2012. (VII. 20.) sz\u00e1m\u00fa MVH k\u00f6zlem\u00e9ny m\u00f3dos\u00edt\u00e1s\u00e1r\u00f3l. A k\u00f6zlem\u00e9ny szerint a kifizet\u00e9si k\u00e9relmek elektronikus m\u00f3don t\u00f6rt\u00e9n\u0151 beny\u00fajt\u00e1s\u00e1hoz rendelkez\u00e9sre \u00e1ll a megfelel\u0151 fel\u00fclet, \u00edgy a kifizet\u00e9si k\u00e9relmek\u2026","rel":"","context":"In &quot;H\u00edreink, k\u00f6zlem\u00e9nyeink&quot;","img":{"alt_text":"mhv-logo","src":"https:\/\/i2.wp.com\/bukkleader.hu\/old\/wp-content\/uploads\/2015\/09\/mvh-logo-w.jpg?resize=350%2C200&ssl=1","width":350,"height":200},"classes":[]},{"id":202,"url":"https:\/\/bukkleader.hu\/old\/mvh-kozlemeny\/","url_meta":{"origin":305,"position":5},"title":"MVH k\u00f6zlem\u00e9ny","date":"2012-08-01","format":false,"excerpt":"Megjelent a LEADER p\u00e1ly\u00e1zatok elsz\u00e1mol\u00e1s\u00e1ra vonatkoz\u00f3 MVH k\u00f6zlem\u00e9nyMegjelent a 107\/2012. (VII. 20.) sz\u00e1m\u00fa MVH K\u00f6zlem\u00e9ny az Eur\u00f3pai Mez\u0151gazdas\u00e1gi Vid\u00e9kfejleszt\u00e9si Alapb\u00f3l a Helyi Vid\u00e9kfejleszt\u00e9si Strat\u00e9gi\u00e1k LEADER fejezet\u00e9nek v\u00e9grehajt\u00e1s\u00e1hoz ny\u00fajtand\u00f3 t\u00e1mogat\u00e1s kifizet\u00e9s\u00e9nek ig\u00e9nyl\u00e9s\u00e9r\u0151l.A k\u00f6zlem\u00e9ny \u00e9s mell\u00e9kleteinek let\u00f6lt\u00e9se >>\u00a0 A k\u00f6zlem\u00e9ny m\u00f3dos\u00edt\u00e1s\u00e1nak let\u00f6lt\u00e9se >>","rel":"","context":"In &quot;H\u00edreink, k\u00f6zlem\u00e9nyeink&quot;","img":{"alt_text":"","src":"","width":0,"height":0},"classes":[]}],"_links":{"self":[{"href":"https:\/\/bukkleader.hu\/old\/wp-json\/wp\/v2\/posts\/305"}],"collection":[{"href":"https:\/\/bukkleader.hu\/old\/wp-json\/wp\/v2\/posts"}],"about":[{"href":"https:\/\/bukkleader.hu\/old\/wp-json\/wp\/v2\/types\/post"}],"author":[{"embeddable":true,"href":"https:\/\/bukkleader.hu\/old\/wp-json\/wp\/v2\/users\/1"}],"replies":[{"embeddable":true,"href":"https:\/\/bukkleader.hu\/old\/wp-json\/wp\/v2\/comments?post=305"}],"version-history":[{"count":2,"href":"https:\/\/bukkleader.hu\/old\/wp-json\/wp\/v2\/posts\/305\/revisions"}],"predecessor-version":[{"id":307,"href":"https:\/\/bukkleader.hu\/old\/wp-json\/wp\/v2\/posts\/305\/revisions\/307"}],"wp:featuredmedia":[{"embeddable":true,"href":"https:\/\/bukkleader.hu\/old\/wp-json\/wp\/v2\/media\/230"}],"wp:attachment":[{"href":"https:\/\/bukkleader.hu\/old\/wp-json\/wp\/v2\/media?parent=305"}],"wp:term":[{"taxonomy":"category","embeddable":true,"href":"https:\/\/bukkleader.hu\/old\/wp-json\/wp\/v2\/categories?post=305"},{"taxonomy":"post_tag","embeddable":true,"href":"https:\/\/bukkleader.hu\/old\/wp-json\/wp\/v2\/tags?post=305"}],"curies":[{"name":"wp","href":"https:\/\/api.w.org\/{rel}","templated":true}]}}