{"id":301,"date":"2013-01-31T13:19:59","date_gmt":"2013-01-31T12:19:59","guid":{"rendered":"https:\/\/bukkleader.hu\/old\/new\/?p=301"},"modified":"2015-09-23T08:31:33","modified_gmt":"2015-09-23T06:31:33","slug":"megujulo-energiaforras-kihelyezett-tanszek-alakul-a-hacs-kozpontjaban","status":"publish","type":"post","link":"https:\/\/bukkleader.hu\/old\/megujulo-energiaforras-kihelyezett-tanszek-alakul-a-hacs-kozpontjaban\/","title":{"rendered":"\u201eMeg\u00fajul\u00f3 Energiaforr\u00e1s Kihelyezett Tansz\u00e9k\u201d alakul a HACS k\u00f6zpontj\u00e1ban"},"content":{"rendered":"<p style=\"text-align: justify;\">Az eddigi t\u00f6bb \u00e9ves szakmai egy\u00fcttm\u0171k\u00f6d\u00e9s kisz\u00e9les\u00edt\u00e9sek\u00e9nt a <strong>Debreceni Egyetem <\/strong>Agr\u00e1r- \u00e9s Gazd\u00e1lkod\u00e1studom\u00e1nyok Centruma, Mez\u0151gazdas\u00e1gi-, \u00c9lelmiszertudom\u00e1nyi \u00e9s K\u00f6rnyezetgazd\u00e1lkod\u00e1si Kar \u00e9s <strong>B\u00fckk-T\u00e9rs\u00e9gi LEADER Egyes\u00fclet<\/strong> az Egyes\u00fclet 2013. janu\u00e1r 24-i k\u00f6zgy\u0171l\u00e9se keret\u00e9ben, sajt\u00f3nyilv\u00e1noss\u00e1g mellett meg\u00e1llapod\u00e1st k\u00f6t\u00f6ttek <strong class=\"style212\">\u201eMeg\u00fajul\u00f3 Energiaforr\u00e1s Kihelyezett Tansz\u00e9k\u201d<\/strong> l\u00e9trehoz\u00e1s\u00e1ra.<\/p>\n<p style=\"text-align: justify;\"><!--more-->A B\u00fckkaranyosra kihelyezett tansz\u00e9k r\u00e9szt vesz a Debreceni Egyetem MSc szakos hallgat\u00f3inak gradu\u00e1lis k\u00e9pz\u00e9s\u00e9ben. A HACS v\u00e1llalta, hogy <strong>a hallgat\u00f3k r\u00e9sz\u00e9re betekint\u00e9st enged a munkaszervezet munk\u00e1j\u00e1ba, a tanulm\u00e1nyutakon szakmai vezet\u00e9st ad, fogadja az Egyetem gyakornokait \u00e9s diplomadolgozatukhoz seg\u00edts\u00e9get ny\u00fajt<\/strong>. Ezen t\u00fal a felek <strong>g\u00e9p\u00e9szeti- \u00e9s a meg\u00fajul\u00f3 energiaforr\u00e1sok hasznos\u00edt\u00e1s\u00e1t \u00e9rint\u0151 kutat\u00e1s \u2013 fejleszt\u00e9s ter\u00e9n<\/strong> is er\u0151s\u00edteni k\u00edv\u00e1nj\u00e1k egy\u00fcttm\u0171k\u00f6d\u00e9s\u00fcket, a vid\u00e9kfejleszt\u00e9si k\u00f6z\u00f6ss\u00e9g \u00e9s az Egyetem sz\u00e1m\u00e1ra is hasznos <strong>k\u00f6z\u00f6s projektekkel, p\u00e1ly\u00e1zatokon val\u00f3 k\u00f6z\u00f6s r\u00e9szv\u00e9tellel<\/strong>.<\/p>\n<p style=\"text-align: justify;\"><em>Kapcsol\u00f3d\u00f3 let\u00f6lt\u00e9sek: <\/em><a href=\"https:\/\/bukkleader.hu\/old\/downloads\/de_btle_megallapodas.pdf\" target=\"_blank\">A DE \u00e9s a BTLE k\u00f6z\u00f6tt megk\u00f6t\u00f6tt meg\u00e1llapod\u00e1s &gt;&gt;<\/a><\/p>\n<p style=\"text-align: justify;\"><em>Sajt\u00f3megjelen\u00e9sek:<\/em><\/p>\n<p style=\"text-align: justify;\"><a href=\"http:\/\/www.boon.hu\/agrar-muszaki-tanszek-lesz-bukkaranyoson\/2176429\" target=\"_blank\">Borsod Online (cikk) &gt;&gt;<\/a><\/p>\n<p style=\"text-align: justify;\"><a href=\"http:\/\/minap.hu\/mivid.php?ext.a36626\" target=\"_blank\">MiNap Online (vide\u00f3) &gt;&gt;<\/a><\/p>\n<p style=\"text-align: justify;\"><a href=\"http:\/\/minap.hu\/news.php?extend.63539.3\" target=\"_blank\">Minap Online (cikk) &gt;&gt;<\/a><\/p>\n<p style=\"text-align: justify;\"><a href=\"https:\/\/bukkleader.hu\/old\/downloads\/europa_radio_riport.MP3\" target=\"_blank\">Eur\u00f3pa R\u00e1di\u00f3 (riport) &gt;&gt;<\/a><\/p>\n<p style=\"text-align: justify;\"><em>A h\u00edr megjelen\u00e9se tov\u00e1bbi weboldalakon:<\/em><\/p>\n<p style=\"text-align: justify;\"><a href=\"http:\/\/umvp.eu\/?q=sajtoszemle\/tanszek-bukkaranyoson\" target=\"_blank\">\u00daMVP.eu &gt;&gt;<\/a><\/p>\n<p style=\"text-align: justify;\"><a href=\"http:\/\/hirek.ma\/hirek\/agrarmuszaki-tanszek-lesz-bukkaranyoson\" target=\"_blank\">\u201eh\u00edrek.ma\u201d &gt;&gt;<\/a><\/p>\n<p style=\"text-align: justify;\"><a href=\"http:\/\/nyirhir.com\/index.php?option=com_content&amp;view=article&amp;id=284392:agrar-mszaki-tanszek-lesz-buekkaranyoson&amp;catid=146:szonhu&amp;Itemid=106\" target=\"_blank\">\u201enyirhir.com\u201d &gt;&gt;<\/a><\/p>\n<p style=\"text-align: justify;\"><a href=\"http:\/\/www.agrarkutatas.net\/hirek\/20512\/Agr%C3%A1r-m%C5%B1szaki-tansz%C3%A9k-lesz-B%C3%BCkkaranyoson\" target=\"_blank\">\u201eagr\u00e1rkutat\u00e1s.net\u201d &gt;&gt;<\/a><\/p>\n<p style=\"text-align: justify;\"><a href=\"http:\/\/www.haon.hu\/agrar-muszaki-tanszek-lesz-bukkaranyoson\/2176429?utm_source=feedburner&amp;utm_medium=feed&amp;utm_campaign=Feed%3A+haon%2Fmegye+%28Hajd%C3%BA+Online+Megyei+h%C3%ADrek%29\" target=\"_blank\">Hajd\u00fa Online &gt;&gt;<\/a><\/p>\n<p style=\"text-align: justify;\"><a href=\"http:\/\/www.mon.hu\/agrar-muszaki-tanszek-lesz-bukkaranyoson\/2176429?utm_source=feedburner&amp;utm_medium=feed&amp;utm_campaign=Feed%3A+mon%2Forszagos+%28Magyar+Online+Orsz%C3%A1gos%29\" target=\"_blank\">Magyar Online &gt;&gt;<\/a><\/p>\n<div class=\"sharedaddy sd-sharing-enabled\"><div class=\"robots-nocontent sd-block sd-social sd-social-icon sd-sharing\"><h3 class=\"sd-title\">Share this:<\/h3><div class=\"sd-content\"><ul><li class=\"share-facebook\"><a rel=\"nofollow noopener noreferrer\" data-shared=\"sharing-facebook-301\" class=\"share-facebook sd-button share-icon no-text\" href=\"https:\/\/bukkleader.hu\/old\/megujulo-energiaforras-kihelyezett-tanszek-alakul-a-hacs-kozpontjaban\/?share=facebook\" target=\"_blank\" title=\"Click to share on Facebook\"><span><\/span><span class=\"sharing-screen-reader-text\">Click to share on Facebook (Opens in new window)<\/span><\/a><\/li><li class=\"share-twitter\"><a rel=\"nofollow noopener noreferrer\" data-shared=\"sharing-twitter-301\" class=\"share-twitter sd-button share-icon no-text\" href=\"https:\/\/bukkleader.hu\/old\/megujulo-energiaforras-kihelyezett-tanszek-alakul-a-hacs-kozpontjaban\/?share=twitter\" target=\"_blank\" title=\"Click to share on Twitter\"><span><\/span><span class=\"sharing-screen-reader-text\">Click to share on Twitter (Opens in new window)<\/span><\/a><\/li><li class=\"share-print\"><a rel=\"nofollow noopener noreferrer\" data-shared=\"\" class=\"share-print sd-button share-icon no-text\" href=\"https:\/\/bukkleader.hu\/old\/megujulo-energiaforras-kihelyezett-tanszek-alakul-a-hacs-kozpontjaban\/\" target=\"_blank\" title=\"Click to print\"><span><\/span><span class=\"sharing-screen-reader-text\">Click to print (Opens in new window)<\/span><\/a><\/li><li class=\"share-email\"><a rel=\"nofollow noopener noreferrer\" data-shared=\"\" class=\"share-email sd-button share-icon no-text\" href=\"https:\/\/bukkleader.hu\/old\/megujulo-energiaforras-kihelyezett-tanszek-alakul-a-hacs-kozpontjaban\/?share=email\" target=\"_blank\" title=\"Click to email this to a friend\"><span><\/span><span class=\"sharing-screen-reader-text\">Click to email this to a friend (Opens in new window)<\/span><\/a><\/li><li class=\"share-end\"><\/li><\/ul><\/div><\/div><\/div>","protected":false},"excerpt":{"rendered":"<p>Az eddigi t\u00f6bb \u00e9ves szakmai egy\u00fcttm\u0171k\u00f6d\u00e9s kisz\u00e9les\u00edt\u00e9sek\u00e9nt a Debreceni Egyetem Agr\u00e1r- \u00e9s Gazd\u00e1lkod\u00e1studom\u00e1nyok Centruma, Mez\u0151gazdas\u00e1gi-, \u00c9lelmiszertudom\u00e1nyi \u00e9s K\u00f6rnyezetgazd\u00e1lkod\u00e1si Kar \u00e9s B\u00fckk-T\u00e9rs\u00e9gi LEADER Egyes\u00fclet az Egyes\u00fclet 2013. janu\u00e1r 24-i k\u00f6zgy\u0171l\u00e9se keret\u00e9ben, sajt\u00f3nyilv\u00e1noss\u00e1g mellett meg\u00e1llapod\u00e1st k\u00f6t\u00f6ttek \u201eMeg\u00fajul\u00f3 Energiaforr\u00e1s Kihelyezett Tansz\u00e9k\u201d l\u00e9trehoz\u00e1s\u00e1ra.<\/p>\n<div class=\"sharedaddy sd-sharing-enabled\"><div class=\"robots-nocontent sd-block sd-social sd-social-icon sd-sharing\"><h3 class=\"sd-title\">Share this:<\/h3><div class=\"sd-content\"><ul><li class=\"share-facebook\"><a rel=\"nofollow noopener noreferrer\" data-shared=\"sharing-facebook-301\" class=\"share-facebook sd-button share-icon no-text\" href=\"https:\/\/bukkleader.hu\/old\/megujulo-energiaforras-kihelyezett-tanszek-alakul-a-hacs-kozpontjaban\/?share=facebook\" target=\"_blank\" title=\"Click to share on Facebook\"><span><\/span><span class=\"sharing-screen-reader-text\">Click to share on Facebook (Opens in new window)<\/span><\/a><\/li><li class=\"share-twitter\"><a rel=\"nofollow noopener noreferrer\" data-shared=\"sharing-twitter-301\" class=\"share-twitter sd-button share-icon no-text\" href=\"https:\/\/bukkleader.hu\/old\/megujulo-energiaforras-kihelyezett-tanszek-alakul-a-hacs-kozpontjaban\/?share=twitter\" target=\"_blank\" title=\"Click to share on Twitter\"><span><\/span><span class=\"sharing-screen-reader-text\">Click to share on Twitter (Opens in new window)<\/span><\/a><\/li><li class=\"share-print\"><a rel=\"nofollow noopener noreferrer\" data-shared=\"\" class=\"share-print sd-button share-icon no-text\" href=\"https:\/\/bukkleader.hu\/old\/megujulo-energiaforras-kihelyezett-tanszek-alakul-a-hacs-kozpontjaban\/\" target=\"_blank\" title=\"Click to print\"><span><\/span><span class=\"sharing-screen-reader-text\">Click to print (Opens in new window)<\/span><\/a><\/li><li class=\"share-email\"><a rel=\"nofollow noopener noreferrer\" data-shared=\"\" class=\"share-email sd-button share-icon no-text\" href=\"https:\/\/bukkleader.hu\/old\/megujulo-energiaforras-kihelyezett-tanszek-alakul-a-hacs-kozpontjaban\/?share=email\" target=\"_blank\" title=\"Click to email this to a friend\"><span><\/span><span class=\"sharing-screen-reader-text\">Click to email this to a friend (Opens in new window)<\/span><\/a><\/li><li class=\"share-end\"><\/li><\/ul><\/div><\/div><\/div>","protected":false},"author":1,"featured_media":129,"comment_status":"open","ping_status":"closed","sticky":false,"template":"","format":"standard","meta":{"_bbp_topic_count":0,"_bbp_reply_count":0,"_bbp_total_topic_count":0,"_bbp_total_reply_count":0,"_bbp_voice_count":0,"_bbp_anonymous_reply_count":0,"_bbp_topic_count_hidden":0,"_bbp_reply_count_hidden":0,"_bbp_forum_subforum_count":0,"spay_email":"","jetpack_publicize_message":"","jetpack_is_tweetstorm":false,"jetpack_publicize_feature_enabled":true},"categories":[6,1],"tags":[],"jetpack_featured_media_url":"https:\/\/bukkleader.hu\/old\/wp-content\/uploads\/2015\/08\/384-9-debreceni-egyetem-logo.jpg","jetpack_publicize_connections":[],"jetpack_sharing_enabled":true,"jetpack-related-posts":[{"id":106,"url":"https:\/\/bukkleader.hu\/old\/2013-januar-01-2013-marcius-31-idoszak\/","url_meta":{"origin":301,"position":0},"title":"2013. janu\u00e1r 01. &#8211; 2013. m\u00e1rcius 31. id\u0151szak","date":"2013-04-01","format":false,"excerpt":"A B\u00fckk-T\u00e9rs\u00e9gi LEADER Egyes\u00fclet munkaszervezet\u00e9nek legfontosabb feladatai a 2013.01.01. \u2013 03.31. id\u0151szakban a HACS-hoz be\u00e9rkezett EMVA III. falumeg\u00faj\u00edt\u00e1s \u00e9s \u2013fejleszt\u00e9s p\u00e1ly\u00e1zatok \u00fcgyint\u00e9z\u00e9se, a szakmai kapcsolat\u00e9p\u00edt\u00e9s \u00e9s az 2014-2020 id\u0151szak EU-s tervez\u00e9s\u00e9vel kapcsolatos egyeztet\u00e9seken val\u00f3 r\u00e9szv\u00e9tel voltak.A vid\u00e9kfejleszt\u00e9si k\u00f6z\u00f6ss\u00e9g min\u00e9l sz\u00e9lesebb k\u00f6r\u0171 t\u00e1j\u00e9koztat\u00e1sa \u00e9rdek\u00e9ben a t\u00e1mogat\u00e1si id\u0151szakban t\u00f6bb szakmai f\u00f3rumot tartottunk,\u2026","rel":"","context":"In &quot;Munkabesz\u00e1mol\u00f3k&quot;","img":{"alt_text":"","src":"","width":0,"height":0},"classes":[]},{"id":422,"url":"https:\/\/bukkleader.hu\/old\/felvetel-mezogazdasagi-mernok-dualis-alapkepzesi-programra\/","url_meta":{"origin":301,"position":1},"title":"Felv\u00e9tel mez\u0151gazdas\u00e1gi m\u00e9rn\u00f6k du\u00e1lis alapk\u00e9pz\u00e9si programra","date":"2015-03-31","format":false,"excerpt":"A B\u00fckk-T\u00e9rs\u00e9gi LEADER Egyes\u00fclet, \u00fagy is, mint a Debreceni Egyetem Mez\u0151gazdas\u00e1g-, \u00c9lelmiszertudom\u00e1nyi \u00e9s K\u00f6rnyezetgazd\u00e1lkod\u00e1si Kar\u00e1nak (DE-M\u00c9K) Meg\u00fajul\u00f3 Energiaforr\u00e1s Kihelyezett Tansz\u00e9ke felv\u00e9telt hirdet mez\u0151gazdas\u00e1gi m\u00e9rn\u00f6k du\u00e1lis alapk\u00e9pz\u00e9si programra. Gyakorlati k\u00e9pz\u0151hely: B\u00fckk-T\u00e9rs\u00e9gi LEADER Egyes\u00fclet, kor\u00e1bban B\u00dcKK-MAK LEADER Nonprofit Kft.A munkav\u00e9gz\u00e9s telephelye: 3554 B\u00fckkaranyos, Nagy-ferenczi tanya, mint a B\u00fckk-T\u00e9rs\u00e9gi LEADER K\u00f6z\u00f6ss\u00e9g Munkaszervezeti K\u00f6zpontja\u2026","rel":"","context":"In &quot;H\u00edreink, k\u00f6zlem\u00e9nyeink&quot;","img":{"alt_text":"Debreceni Egyetem","src":"https:\/\/i1.wp.com\/bukkleader.hu\/old\/wp-content\/uploads\/2015\/08\/384-9-debreceni-egyetem-logo.jpg?resize=350%2C200&ssl=1","width":350,"height":200},"classes":[]},{"id":418,"url":"https:\/\/bukkleader.hu\/old\/egyetemi-dualis-kepzes-gyakorlati-kepzese-indulhat-a-bukk-tersegi-leader-egyesuletnel\/","url_meta":{"origin":301,"position":2},"title":"Egyetemi du\u00e1lis k\u00e9pz\u00e9s gyakorlati k\u00e9pz\u00e9se indulhat a B\u00fckk-T\u00e9rs\u00e9gi LEADER Egyes\u00fcletn\u00e9l","date":"2015-02-11","format":false,"excerpt":"A B\u00fckk-T\u00e9rs\u00e9gi LEADER Egyes\u00fclet \u00fagy is, mint a Debreceni Egyetem Mez\u0151gazdas\u00e1g-, \u00c9lelmiszertudom\u00e1nyi \u00e9s K\u00f6rnyezetgazd\u00e1lkod\u00e1si Kar\u00e1nak (DE-M\u00c9K) Meg\u00fajul\u00f3 Energiaforr\u00e1s Kihelyezett Tansz\u00e9ke egy\u00fcttm\u0171k\u00f6d\u00e9si meg\u00e1llapod\u00e1st k\u00f6t\u00f6tt a Debreceni Egyetemmel du\u00e1lis k\u00e9pz\u00e9s gyakorlati k\u00e9pz\u00e9s\u00e9nek biztos\u00edt\u00e1s\u00e1r\u00f3l.A meg\u00e1llapod\u00e1s beny\u00fajt\u00e1sra ker\u00fclt a Du\u00e1lis K\u00e9pz\u00e9si Tan\u00e1cshoz, mely azt elfogadta \u2013 a du\u00e1lis k\u00e9pz\u00e9s gyakorlati k\u00e9pz\u00e9s\u00e9nek ind\u00edt\u00e1sa a ter\u00fclet\u00fcnk\u00f6n\u2026","rel":"","context":"In &quot;H\u00edreink, k\u00f6zlem\u00e9nyeink&quot;","img":{"alt_text":"Debreceni Egyetem","src":"https:\/\/i1.wp.com\/bukkleader.hu\/old\/wp-content\/uploads\/2015\/08\/384-9-debreceni-egyetem-logo.jpg?resize=350%2C200&ssl=1","width":350,"height":200},"classes":[]},{"id":342,"url":"https:\/\/bukkleader.hu\/old\/egyuttmukodesi-megallapodast-kotott-a-magyar-tudomanyos-akademia-energiatudomanyi-kutatokozpontja-es-a-bukk-tersegi-leader-egyesulet\/","url_meta":{"origin":301,"position":3},"title":"Egy\u00fcttm\u0171k\u00f6d\u00e9si meg\u00e1llapod\u00e1st k\u00f6t\u00f6tt a Magyar Tudom\u00e1nyos Akad\u00e9mia Energiatudom\u00e1nyi Kutat\u00f3k\u00f6zpontja \u00e9s a B\u00fckk-T\u00e9rs\u00e9gi LEADER Egyes\u00fclet","date":"2013-10-31","format":false,"excerpt":"2013. okt\u00f3ber 03-\u00e1n, \u00fcnnep\u00e9lyes k\u00f6zgy\u0171l\u00e9s keret\u00e9ben egy\u00fcttm\u0171k\u00f6d\u00e9si meg\u00e1llapod\u00e1st k\u00f6t\u00f6tt a decentraliz\u00e1lt villamosenergia-h\u00e1l\u00f3zatok ter\u00fclet\u00e9n folytatott kutat\u00e1si, fejleszt\u00e9si valamint innov\u00e1ci\u00f3s tev\u00e9kenys\u00e9geik \u00f6sszehangol\u00e1s\u00e1ra a Magyar Tudom\u00e1nyos Akad\u00e9mia Energiatudom\u00e1nyi Kutat\u00f3k\u00f6zpontja (MTA EK)\u00a0\u00e9s a B\u00fckk-T\u00e9rs\u00e9gi LEADER Egyes\u00fclet (BTLE), amely egyben a Debreceni Egyetem AGTC M\u00c9K Meg\u00fajul\u00f3 Energia Forr\u00e1s Kihelyezett Tansz\u00e9ke is. Az egy\u00fcttm\u0171k\u00f6d\u00e9s keret\u00e9ben a\u2026","rel":"","context":"In &quot;H\u00edreink, k\u00f6zlem\u00e9nyeink&quot;","img":{"alt_text":"","src":"https:\/\/i1.wp.com\/bukkleader.hu\/old\/wp-content\/uploads\/2015\/09\/mtaek1-w.jpg?resize=350%2C200&ssl=1","width":350,"height":200},"classes":[]},{"id":424,"url":"https:\/\/bukkleader.hu\/old\/szaguldas-a-szel-erejebol-nyert-villamos-energiaval\/","url_meta":{"origin":301,"position":4},"title":"Sz\u00e1guld\u00e1s a sz\u00e9l erej\u00e9b\u0151l nyert villamos energi\u00e1val","date":"2015-03-31","format":false,"excerpt":"\"Sikeres volt B\u00fckkaranyoson a sz\u00e9ler\u0151m\u0171 rendszer\u00e9re kapcsolt villanyaut\u00f3 gyorst\u00f6lt\u0151 berendez\u00e9s m\u0171szaki f\u0151pr\u00f3b\u00e1ja. Az egyen\u00e1ram\u00fa CHAdeMO rendszer\u0171 csatlakoz\u00f3n kereszt\u00fcl alig t\u00f6bb mint egy \u00f3ra alatt \u201ef\u00fajta tele\u201d a n\u00e9ha viharos erej\u0171 sz\u00e9l a Tesla Model S villanyaut\u00f3 akkumul\u00e1tor\u00e1t. \u00a0\u201eA B\u00fckkaranyos k\u00f6zpont\u00fa, 42 telep\u00fcl\u00e9st csoportos\u00edt\u00f3 B\u00fckk-T\u00e9rs\u00e9gi LEADER (kor\u00e1bban B\u00dcKK \u2013 MAK LEADER)\u2026","rel":"","context":"In &quot;H\u00edreink, k\u00f6zlem\u00e9nyeink&quot;","img":{"alt_text":"Tesla","src":"https:\/\/i2.wp.com\/bukkleader.hu\/old\/wp-content\/uploads\/2015\/09\/tesla_foto.jpg?resize=350%2C200&ssl=1","width":350,"height":200},"classes":[]},{"id":420,"url":"https:\/\/bukkleader.hu\/old\/letolthetok-a-2015-januar-30-i-kozgyulesunkon-tartott-eloadasok-prezentacioi\/","url_meta":{"origin":301,"position":5},"title":"Let\u00f6lthet\u0151k a 2015. janu\u00e1r 30-i k\u00f6zgy\u0171l\u00e9s\u00fcnk\u00f6n tartott el\u0151ad\u00e1sok prezent\u00e1ci\u00f3i","date":"2015-02-15","format":false,"excerpt":"Az al\u00e1bbiakban let\u00f6lthet\u0151k a B\u00fckk-T\u00e9rs\u00e9gi LEADER Egyes\u00fclet 2015. janu\u00e1r 30-i, Tibolddar\u00f3con megtartott (megism\u00e9telt) k\u00f6zgy\u0171l\u00e9s\u00e9n elhangzott el\u0151ad\u00e1sok prezent\u00e1ci\u00f3i, a k\u00f6zgy\u0171l\u00e9si napirendi pontok szerint:Besz\u00e1mol\u00f3 a 2014\/2. f\u00e9l\u00e9v eredm\u00e9nyeir\u0151l. Dr. Nagy J\u00f3zsef el\u0151ad\u00e1s\u00e1nak let\u00f6lt\u00e9se >>P\u00e1ly\u00e1zati \u00e9s egy\u00fcttm\u0171k\u00f6d\u00e9si lehet\u0151s\u00e9gek a 2014-2020 t\u00e1mogat\u00e1si id\u0151szakban.T\u00e1j\u00e9koztat\u00f3 a LEADER program folytat\u00e1s\u00e1r\u00f3l a 2014.12.10-i, budapesti Fejleszt\u00e9spolitikai F\u00f3rumon elhangzottak alapj\u00e1n.\u2026","rel":"","context":"In &quot;H\u00edreink, k\u00f6zlem\u00e9nyeink&quot;","img":{"alt_text":"bukk-leader-logo-w","src":"https:\/\/i2.wp.com\/bukkleader.hu\/old\/wp-content\/uploads\/2015\/09\/bukk-leader-logo-w.jpg?resize=350%2C200&ssl=1","width":350,"height":200},"classes":[]}],"_links":{"self":[{"href":"https:\/\/bukkleader.hu\/old\/wp-json\/wp\/v2\/posts\/301"}],"collection":[{"href":"https:\/\/bukkleader.hu\/old\/wp-json\/wp\/v2\/posts"}],"about":[{"href":"https:\/\/bukkleader.hu\/old\/wp-json\/wp\/v2\/types\/post"}],"author":[{"embeddable":true,"href":"https:\/\/bukkleader.hu\/old\/wp-json\/wp\/v2\/users\/1"}],"replies":[{"embeddable":true,"href":"https:\/\/bukkleader.hu\/old\/wp-json\/wp\/v2\/comments?post=301"}],"version-history":[{"count":1,"href":"https:\/\/bukkleader.hu\/old\/wp-json\/wp\/v2\/posts\/301\/revisions"}],"predecessor-version":[{"id":302,"href":"https:\/\/bukkleader.hu\/old\/wp-json\/wp\/v2\/posts\/301\/revisions\/302"}],"wp:featuredmedia":[{"embeddable":true,"href":"https:\/\/bukkleader.hu\/old\/wp-json\/wp\/v2\/media\/129"}],"wp:attachment":[{"href":"https:\/\/bukkleader.hu\/old\/wp-json\/wp\/v2\/media?parent=301"}],"wp:term":[{"taxonomy":"category","embeddable":true,"href":"https:\/\/bukkleader.hu\/old\/wp-json\/wp\/v2\/categories?post=301"},{"taxonomy":"post_tag","embeddable":true,"href":"https:\/\/bukkleader.hu\/old\/wp-json\/wp\/v2\/tags?post=301"}],"curies":[{"name":"wp","href":"https:\/\/api.w.org\/{rel}","templated":true}]}}