{"id":296,"date":"2013-01-30T13:11:23","date_gmt":"2013-01-30T12:11:23","guid":{"rendered":"https:\/\/bukkleader.hu\/old\/new\/?p=296"},"modified":"2015-09-23T08:31:58","modified_gmt":"2015-09-23T06:31:58","slug":"sajtoszemle-fejlesztesek-a-miskolci-kistersegben","status":"publish","type":"post","link":"https:\/\/bukkleader.hu\/old\/sajtoszemle-fejlesztesek-a-miskolci-kistersegben\/","title":{"rendered":"Sajt\u00f3szemle: Fejleszt\u00e9sek a miskolci kist\u00e9rs\u00e9gben"},"content":{"rendered":"<p style=\"text-align: justify;\">\u201e<strong class=\"style212\">A meg\u00fajul\u00f3 energiaforr\u00e1sok hasznos\u00edt\u00e1sa mellett a j\u00f6v\u0151ben kulcsszerepet kap a v\u00edz- \u00e9s az \u00e9lelmiszerprogram<\/strong> is a Vid\u00e9kfejleszt\u00e9si K\u00f6z\u00f6ss\u00e9g strat\u00e9giai fejleszt\u00e9s\u00e9ben. Az \u00faj beruh\u00e1z\u00e1sok nem csak a kisebb t\u00e9rs\u00e9gekre, hanem Miskolcra is hat\u00e1ssal lesznek \u2013 hangzott el a<strong> 44 telep\u00fcl\u00e9st \u00f6sszefog\u00f3 B\u00fckk-T\u00e9rs\u00e9gi Leader Egyes\u00fclet cs\u00fct\u00f6rt\u00f6ki k\u00f6zgy\u0171l\u00e9s\u00e9n<\/strong>.\u201d<\/p>\n<p style=\"text-align: justify;\">Tov\u00e1bb a teljes cikkhez a <a href=\"http:\/\/minap.hu\/news.php?extend.63539.3\" target=\"_blank\">MiNap Online weboldal\u00e1ra &gt;&gt;<\/a><\/p>\n<div class=\"sharedaddy sd-sharing-enabled\"><div class=\"robots-nocontent sd-block sd-social sd-social-icon sd-sharing\"><h3 class=\"sd-title\">Share this:<\/h3><div class=\"sd-content\"><ul><li class=\"share-facebook\"><a rel=\"nofollow noopener noreferrer\" data-shared=\"sharing-facebook-296\" class=\"share-facebook sd-button share-icon no-text\" href=\"https:\/\/bukkleader.hu\/old\/sajtoszemle-fejlesztesek-a-miskolci-kistersegben\/?share=facebook\" target=\"_blank\" title=\"Click to share on Facebook\"><span><\/span><span class=\"sharing-screen-reader-text\">Click to share on Facebook (Opens in new window)<\/span><\/a><\/li><li class=\"share-twitter\"><a rel=\"nofollow noopener noreferrer\" data-shared=\"sharing-twitter-296\" class=\"share-twitter sd-button share-icon no-text\" href=\"https:\/\/bukkleader.hu\/old\/sajtoszemle-fejlesztesek-a-miskolci-kistersegben\/?share=twitter\" target=\"_blank\" title=\"Click to share on Twitter\"><span><\/span><span class=\"sharing-screen-reader-text\">Click to share on Twitter (Opens in new window)<\/span><\/a><\/li><li class=\"share-print\"><a rel=\"nofollow noopener noreferrer\" data-shared=\"\" class=\"share-print sd-button share-icon no-text\" href=\"https:\/\/bukkleader.hu\/old\/sajtoszemle-fejlesztesek-a-miskolci-kistersegben\/\" target=\"_blank\" title=\"Click to print\"><span><\/span><span class=\"sharing-screen-reader-text\">Click to print (Opens in new window)<\/span><\/a><\/li><li class=\"share-email\"><a rel=\"nofollow noopener noreferrer\" data-shared=\"\" class=\"share-email sd-button share-icon no-text\" href=\"https:\/\/bukkleader.hu\/old\/sajtoszemle-fejlesztesek-a-miskolci-kistersegben\/?share=email\" target=\"_blank\" title=\"Click to email this to a friend\"><span><\/span><span class=\"sharing-screen-reader-text\">Click to email this to a friend (Opens in new window)<\/span><\/a><\/li><li class=\"share-end\"><\/li><\/ul><\/div><\/div><\/div>","protected":false},"excerpt":{"rendered":"<p>\u201eA meg\u00fajul\u00f3 energiaforr\u00e1sok hasznos\u00edt\u00e1sa mellett a j\u00f6v\u0151ben kulcsszerepet kap a v\u00edz- \u00e9s az \u00e9lelmiszerprogram is a Vid\u00e9kfejleszt\u00e9si K\u00f6z\u00f6ss\u00e9g strat\u00e9giai fejleszt\u00e9s\u00e9ben. Az \u00faj beruh\u00e1z\u00e1sok nem csak a kisebb t\u00e9rs\u00e9gekre, hanem Miskolcra is hat\u00e1ssal lesznek \u2013 hangzott el a 44 telep\u00fcl\u00e9st \u00f6sszefog\u00f3 B\u00fckk-T\u00e9rs\u00e9gi Leader Egyes\u00fclet cs\u00fct\u00f6rt\u00f6ki k\u00f6zgy\u0171l\u00e9s\u00e9n.\u201d Tov\u00e1bb a teljes cikkhez a MiNap Online weboldal\u00e1ra &gt;&gt;<\/p>\n<div class=\"sharedaddy sd-sharing-enabled\"><div class=\"robots-nocontent sd-block sd-social sd-social-icon sd-sharing\"><h3 class=\"sd-title\">Share this:<\/h3><div class=\"sd-content\"><ul><li class=\"share-facebook\"><a rel=\"nofollow noopener noreferrer\" data-shared=\"sharing-facebook-296\" class=\"share-facebook sd-button share-icon no-text\" href=\"https:\/\/bukkleader.hu\/old\/sajtoszemle-fejlesztesek-a-miskolci-kistersegben\/?share=facebook\" target=\"_blank\" title=\"Click to share on Facebook\"><span><\/span><span class=\"sharing-screen-reader-text\">Click to share on Facebook (Opens in new window)<\/span><\/a><\/li><li class=\"share-twitter\"><a rel=\"nofollow noopener noreferrer\" data-shared=\"sharing-twitter-296\" class=\"share-twitter sd-button share-icon no-text\" href=\"https:\/\/bukkleader.hu\/old\/sajtoszemle-fejlesztesek-a-miskolci-kistersegben\/?share=twitter\" target=\"_blank\" title=\"Click to share on Twitter\"><span><\/span><span class=\"sharing-screen-reader-text\">Click to share on Twitter (Opens in new window)<\/span><\/a><\/li><li class=\"share-print\"><a rel=\"nofollow noopener noreferrer\" data-shared=\"\" class=\"share-print sd-button share-icon no-text\" href=\"https:\/\/bukkleader.hu\/old\/sajtoszemle-fejlesztesek-a-miskolci-kistersegben\/\" target=\"_blank\" title=\"Click to print\"><span><\/span><span class=\"sharing-screen-reader-text\">Click to print (Opens in new window)<\/span><\/a><\/li><li class=\"share-email\"><a rel=\"nofollow noopener noreferrer\" data-shared=\"\" class=\"share-email sd-button share-icon no-text\" href=\"https:\/\/bukkleader.hu\/old\/sajtoszemle-fejlesztesek-a-miskolci-kistersegben\/?share=email\" target=\"_blank\" title=\"Click to email this to a friend\"><span><\/span><span class=\"sharing-screen-reader-text\">Click to email this to a friend (Opens in new window)<\/span><\/a><\/li><li class=\"share-end\"><\/li><\/ul><\/div><\/div><\/div>","protected":false},"author":1,"featured_media":297,"comment_status":"open","ping_status":"closed","sticky":false,"template":"","format":"standard","meta":{"_bbp_topic_count":0,"_bbp_reply_count":0,"_bbp_total_topic_count":0,"_bbp_total_reply_count":0,"_bbp_voice_count":0,"_bbp_anonymous_reply_count":0,"_bbp_topic_count_hidden":0,"_bbp_reply_count_hidden":0,"_bbp_forum_subforum_count":0,"spay_email":"","jetpack_publicize_message":"","jetpack_is_tweetstorm":false,"jetpack_publicize_feature_enabled":true},"categories":[6,1],"tags":[],"jetpack_featured_media_url":"https:\/\/bukkleader.hu\/old\/wp-content\/uploads\/2015\/09\/sajtoszemle-w.jpg","jetpack_publicize_connections":[],"jetpack_sharing_enabled":true,"jetpack-related-posts":[{"id":8441,"url":"https:\/\/bukkleader.hu\/old\/nem-motorizalt-turizmus-fejlesztese-a-bukk-miskolc-tersegi-leader-egyesulet-teruleten2021-09-11-kisgyor\/","url_meta":{"origin":296,"position":0},"title":"&#8220;Nem motoriz\u00e1lt turizmus fejleszt\u00e9se a B\u00fckk-Miskolc T\u00e9rs\u00e9gi LEADER Egyes\u00fclet ter\u00fclet\u00e9n&#8221;2021.09.11. Kisgy\u0151r","date":"2021-09-09","format":false,"excerpt":"Veress \u00c9va Anik\u00f3 a B\u00fckki Lovas Postakocsi Egyes\u00fclet eln\u00f6ke tisztelettel megh\u00edvja \u00d6n\u00f6ket \"Nem motoriz\u00e1lt turizmus fejleszt\u00e9se a B\u00fckk-Miskolc T\u00e9rs\u00e9gi LEADER Egyes\u00fclet ter\u00fclet\u00e9n\" megnevez\u00e9s\u0171 rendezv\u00e9nyre. A megh\u00edv\u00f3 pdf-ben let\u00f6lthet\u0151 itt.","rel":"","context":"In &quot;H\u00edreink, k\u00f6zlem\u00e9nyeink&quot;","img":{"alt_text":"","src":"https:\/\/i2.wp.com\/bukkleader.hu\/old\/wp-content\/uploads\/2020\/10\/l\u00f3.jpg?resize=350%2C200&ssl=1","width":350,"height":200},"classes":[]},{"id":8397,"url":"https:\/\/bukkleader.hu\/old\/nem-motorizalt-turizmus-fejlesztese-a-bukk-miskolc-tersegi-leader-egyesulet-teruleten-2021-08-28-bocs\/","url_meta":{"origin":296,"position":1},"title":"&#8220;Nem motoriz\u00e1lt turizmus fejleszt\u00e9se a B\u00fckk-Miskolc T\u00e9rs\u00e9gi LEADER Egyes\u00fclet Ter\u00fclet\u00e9n&#8221; 2021. 08. 28. B\u0151cs","date":"2021-08-25","format":false,"excerpt":"Veress \u00c9va Anik\u00f3, a B\u00fckki Lovas Postakocsi Egyes\u00fclet eln\u00f6ke tisztelettel megh\u00edvja \u00d6n\u00f6ket a \"Nem motoriz\u00e1lt turizmus fejleszt\u00e9se a B\u00fckk-Miskolc T\u00e9rs\u00e9gi LEADER Egyes\u00fclet ter\u00fclet\u00e9n\" megnevez\u00e9s\u0171 rendezv\u00e9nyre. A megh\u00edv\u00f3 let\u00f6lthet\u0151 pdf-ben itt.","rel":"","context":"In &quot;H\u00edreink, k\u00f6zlem\u00e9nyeink&quot;","img":{"alt_text":"","src":"https:\/\/i2.wp.com\/bukkleader.hu\/old\/wp-content\/uploads\/2020\/10\/l\u00f3.jpg?resize=350%2C200&ssl=1","width":350,"height":200},"classes":[]},{"id":8328,"url":"https:\/\/bukkleader.hu\/old\/nem-motorizalt-turizmus-fejlesztese-a-bukk-miskolc-tersegi-leader-egyesulet-teruleten-rendezveny-2021-08-28-kisgyor\/","url_meta":{"origin":296,"position":2},"title":"\u201cNem motoriz\u00e1lt turizmus fejleszt\u00e9se a B\u00fckk-Miskolc T\u00e9rs\u00e9gi LEADER Egyes\u00fclet ter\u00fclet\u00e9n\u201d rendezv\u00e9ny \u2013 2021.08.28. Kisgy\u0151r","date":"2021-07-28","format":false,"excerpt":"A\u00a0B\u00fckki Lovas Postakocsi Egyes\u00fclet\u00a0tisztelettel megh\u00edvja \u00d6n\u00f6ket\u00a02021. 08. 28-\u00e1n Kisgy\u0151rben\u00a0tartand\u00f3, LEADER t\u00e1mogat\u00e1ssal megval\u00f3sul\u00f3\u00a0\u201cNem motoriz\u00e1lt turizmus fejleszt\u00e9se a B\u00fckk-Miskolc T\u00e9rs\u00e9gi LEADER Egyes\u00fclet ter\u00fclet\u00e9n\u201d\u00a0c\u00edm\u0171 rendezv\u00e9ny\u00e9re. A r\u00e9szletes program (a megh\u00edv\u00f3 \u00e9s a program PDF-ben let\u00f6lthet\u0151 itt):","rel":"","context":"In &quot;H\u00edreink, k\u00f6zlem\u00e9nyeink&quot;","img":{"alt_text":"","src":"https:\/\/i2.wp.com\/bukkleader.hu\/old\/wp-content\/uploads\/2020\/10\/l\u00f3.jpg?resize=350%2C200&ssl=1","width":350,"height":200},"classes":[]},{"id":5977,"url":"https:\/\/bukkleader.hu\/old\/nem-motorizalt-turizmus-fejlesztese-a-bukk-miskolc-tersegi-leader-egyesulet-teruleten-rendezveny-bukkabranyban-leader-tamogatassal-2021-07-24\/","url_meta":{"origin":296,"position":3},"title":"\u201cNem motoriz\u00e1lt turizmus fejleszt\u00e9se a B\u00fckk-Miskolc T\u00e9rs\u00e9gi LEADER Egyes\u00fclet ter\u00fclet\u00e9n\u201d rendezv\u00e9ny B\u00fckk\u00e1br\u00e1nyban LEADER t\u00e1mogat\u00e1ssal \u2013 2021.07.24.","date":"2021-06-24","format":false,"excerpt":"A B\u00fckki Lovas Postakocsi Egyes\u00fclet tisztelettel megh\u00edvja \u00d6n\u00f6ket\u00a02021. j\u00falius 24-\u00e9n\u00a0(szombat) B\u00fckk\u00e1br\u00e1nyban tartand\u00f3, LEADER t\u00e1mogat\u00e1ssal megval\u00f3sul\u00f3\u00a0\u201cNem motoriz\u00e1lt turizmus fejleszt\u00e9se a B\u00fckk-Miskolc T\u00e9rs\u00e9gi LEADER Egyes\u00fclet ter\u00fclet\u00e9n\u201d\u00a0c\u00edm\u0171 rendezv\u00e9ny\u00e9re. A r\u00e9szletes program (a megh\u00edv\u00f3 \u00e9s a program PDF-ben let\u00f6lthet\u0151 itt):","rel":"","context":"In &quot;H\u00edreink, k\u00f6zlem\u00e9nyeink&quot;","img":{"alt_text":"","src":"https:\/\/i2.wp.com\/bukkleader.hu\/old\/wp-content\/uploads\/2020\/10\/l\u00f3.jpg?resize=350%2C200&ssl=1","width":350,"height":200},"classes":[]},{"id":389,"url":"https:\/\/bukkleader.hu\/old\/egy-igazan-tokeletes-csaladi-nap-miskolcon\/","url_meta":{"origin":296,"position":4},"title":"&#8220;Egy igaz\u00e1n t\u00f6k\u00e9letes csal\u00e1di nap Miskolcon&#8221;","date":"2014-06-07","format":false,"excerpt":"\"Els\u0151 alkalommal rendezik meg a Fitness-, Eg\u00e9szs\u00e9g-, Sz\u00e9ps\u00e9g- \u00e9s Divatfesztiv\u00e1lt szombaton Miskolc \u00e9s t\u00e9rs\u00e9g\u00e9nek lak\u00f3i sz\u00e1m\u00e1ra a J\u00e9gcsarnok \u00e9s a Gener\u00e1li Ar\u00e9na el\u0151tti ter\u00fcleten. A \u201eFamily perfect day\u201d rendezv\u00e9ny a k\u00f6z\u00f6s sportol\u00e1si lehet\u0151s\u00e9gek mellett rengeteg tov\u00e1bbi programmal v\u00e1rja az \u00e9rdekl\u0151d\u0151ket eg\u00e9sz nap.A fesztiv\u00e1lt Miskolc \u00f6nkorm\u00e1nyzat\u00e1val k\u00f6z\u00f6sen a B\u00fckk-t\u00e9rs\u00e9gi Leader Egyes\u00fclet\u2026","rel":"","context":"In &quot;H\u00edreink, k\u00f6zlem\u00e9nyeink&quot;","img":{"alt_text":"perfect-day-w","src":"https:\/\/i1.wp.com\/bukkleader.hu\/old\/wp-content\/uploads\/2015\/09\/perfect-day-w.jpg?resize=350%2C200&ssl=1","width":350,"height":200},"classes":[]},{"id":8674,"url":"https:\/\/bukkleader.hu\/old\/leader-tematikus-kozpont-rendezvenye-repashuta-2022-02-03\/","url_meta":{"origin":296,"position":5},"title":"LEADER TEMATIKUS K\u00d6ZPONT rendezv\u00e9nye \u2013 R\u00e9p\u00e1shuta, 2022.02.03.","date":"2022-02-01","format":false,"excerpt":"A B\u00fckki Lovas Postakocsi Egyes\u00fclet tisztelettel megh\u00edvja \u00d6n\u00f6ket a \u201eNem motoriz\u00e1lt turizmus fejleszt\u00e9se a B\u00fckk-Miskolc T\u00e9rs\u00e9gi LEADER Egyes\u00fclet ter\u00fclet\u00e9n\u201d megnevez\u00e9s\u0171 rendezv\u00e9ny\u00e9re. A megh\u00edv\u00f3 pdf-ben let\u00f6lthet\u0151 itt.","rel":"","context":"In &quot;H\u00edreink, k\u00f6zlem\u00e9nyeink&quot;","img":{"alt_text":"","src":"https:\/\/i2.wp.com\/bukkleader.hu\/old\/wp-content\/uploads\/2020\/10\/l\u00f3.jpg?resize=350%2C200&ssl=1","width":350,"height":200},"classes":[]}],"_links":{"self":[{"href":"https:\/\/bukkleader.hu\/old\/wp-json\/wp\/v2\/posts\/296"}],"collection":[{"href":"https:\/\/bukkleader.hu\/old\/wp-json\/wp\/v2\/posts"}],"about":[{"href":"https:\/\/bukkleader.hu\/old\/wp-json\/wp\/v2\/types\/post"}],"author":[{"embeddable":true,"href":"https:\/\/bukkleader.hu\/old\/wp-json\/wp\/v2\/users\/1"}],"replies":[{"embeddable":true,"href":"https:\/\/bukkleader.hu\/old\/wp-json\/wp\/v2\/comments?post=296"}],"version-history":[{"count":1,"href":"https:\/\/bukkleader.hu\/old\/wp-json\/wp\/v2\/posts\/296\/revisions"}],"predecessor-version":[{"id":298,"href":"https:\/\/bukkleader.hu\/old\/wp-json\/wp\/v2\/posts\/296\/revisions\/298"}],"wp:featuredmedia":[{"embeddable":true,"href":"https:\/\/bukkleader.hu\/old\/wp-json\/wp\/v2\/media\/297"}],"wp:attachment":[{"href":"https:\/\/bukkleader.hu\/old\/wp-json\/wp\/v2\/media?parent=296"}],"wp:term":[{"taxonomy":"category","embeddable":true,"href":"https:\/\/bukkleader.hu\/old\/wp-json\/wp\/v2\/categories?post=296"},{"taxonomy":"post_tag","embeddable":true,"href":"https:\/\/bukkleader.hu\/old\/wp-json\/wp\/v2\/tags?post=296"}],"curies":[{"name":"wp","href":"https:\/\/api.w.org\/{rel}","templated":true}]}}