{"id":2931,"date":"2020-09-16T14:52:17","date_gmt":"2020-09-16T12:52:17","guid":{"rendered":"https:\/\/bukkleader.hu\/old\/?p=2931"},"modified":"2020-09-17T14:59:17","modified_gmt":"2020-09-17T12:59:17","slug":"mestersegek-haza-rendezveny-cserepvaraljan-leader-tamogatassal-2020-10-17","status":"publish","type":"post","link":"https:\/\/bukkleader.hu\/old\/mestersegek-haza-rendezveny-cserepvaraljan-leader-tamogatassal-2020-10-17\/","title":{"rendered":"\u201cMesters\u00e9gek h\u00e1za\u201d rendezv\u00e9ny Cser\u00e9pv\u00e1ralj\u00e1n LEADER t\u00e1mogat\u00e1ssal \u2013 2020.10.17."},"content":{"rendered":"<p>A <strong>Cser\u00e9pv\u00e1ralja J\u00f6v\u0151j\u00e9\u00e9rt Alap\u00edtv\u00e1ny<\/strong> tisztelettel megh\u00edvja \u00d6n\u00f6ket <strong>2020. okt\u00f3ber 17-\u00e9n<\/strong> (szombat) <strong>Cser\u00e9pv\u00e1ralj\u00e1n<\/strong> tartand\u00f3, LEADER t\u00e1mogat\u00e1ssal megval\u00f3sul\u00f3 <strong>\u201cMesters\u00e9gek h\u00e1za\u201d<\/strong> c\u00edm\u0171 rendezv\u00e9ny\u00e9re. A r\u00e9szletes program:<\/p>\n<p><em><img data-attachment-id=\"2932\" data-permalink=\"https:\/\/bukkleader.hu\/old\/mestersegek-haza-rendezveny-cserepvaraljan-leader-tamogatassal-2020-10-17\/meghivo_20201017re_mestersegek_haza_cserepvaraljajovert_a_page-0001\/\" data-orig-file=\"https:\/\/bukkleader.hu\/old\/wp-content\/uploads\/2020\/09\/Megh\u00edv\u00f3_20201017re_Mesters\u00e9gek_H\u00e1za_Cser\u00e9pv\u00e1raljaJ\u00f6v\u00e9rt_A_page-0001.jpg\" data-orig-size=\"1241,1754\" data-comments-opened=\"1\" data-image-meta=\"{&quot;aperture&quot;:&quot;0&quot;,&quot;credit&quot;:&quot;&quot;,&quot;camera&quot;:&quot;&quot;,&quot;caption&quot;:&quot;&quot;,&quot;created_timestamp&quot;:&quot;0&quot;,&quot;copyright&quot;:&quot;&quot;,&quot;focal_length&quot;:&quot;0&quot;,&quot;iso&quot;:&quot;0&quot;,&quot;shutter_speed&quot;:&quot;0&quot;,&quot;title&quot;:&quot;&quot;,&quot;orientation&quot;:&quot;0&quot;}\" data-image-title=\"Megh\u00edv\u00f3_20201017re_Mesters\u00e9gek_H\u00e1za_Cser\u00e9pv\u00e1raljaJ\u00f6v\u00e9rt_A_page-0001\" data-image-description=\"\" data-image-caption=\"\" data-medium-file=\"https:\/\/bukkleader.hu\/old\/wp-content\/uploads\/2020\/09\/Megh\u00edv\u00f3_20201017re_Mesters\u00e9gek_H\u00e1za_Cser\u00e9pv\u00e1raljaJ\u00f6v\u00e9rt_A_page-0001-212x300.jpg\" data-large-file=\"https:\/\/bukkleader.hu\/old\/wp-content\/uploads\/2020\/09\/Megh\u00edv\u00f3_20201017re_Mesters\u00e9gek_H\u00e1za_Cser\u00e9pv\u00e1raljaJ\u00f6v\u00e9rt_A_page-0001-725x1024.jpg\" loading=\"lazy\" class=\"aligncenter size-full wp-image-2932\" src=\"https:\/\/bukkleader.hu\/old\/wp-content\/uploads\/2020\/09\/Megh\u00edv\u00f3_20201017re_Mesters\u00e9gek_H\u00e1za_Cser\u00e9pv\u00e1raljaJ\u00f6v\u00e9rt_A_page-0001.jpg\" alt=\"\" width=\"1241\" height=\"1754\" srcset=\"https:\/\/bukkleader.hu\/old\/wp-content\/uploads\/2020\/09\/Megh\u00edv\u00f3_20201017re_Mesters\u00e9gek_H\u00e1za_Cser\u00e9pv\u00e1raljaJ\u00f6v\u00e9rt_A_page-0001.jpg 1241w, https:\/\/bukkleader.hu\/old\/wp-content\/uploads\/2020\/09\/Megh\u00edv\u00f3_20201017re_Mesters\u00e9gek_H\u00e1za_Cser\u00e9pv\u00e1raljaJ\u00f6v\u00e9rt_A_page-0001-212x300.jpg 212w, https:\/\/bukkleader.hu\/old\/wp-content\/uploads\/2020\/09\/Megh\u00edv\u00f3_20201017re_Mesters\u00e9gek_H\u00e1za_Cser\u00e9pv\u00e1raljaJ\u00f6v\u00e9rt_A_page-0001-768x1085.jpg 768w, https:\/\/bukkleader.hu\/old\/wp-content\/uploads\/2020\/09\/Megh\u00edv\u00f3_20201017re_Mesters\u00e9gek_H\u00e1za_Cser\u00e9pv\u00e1raljaJ\u00f6v\u00e9rt_A_page-0001-725x1024.jpg 725w\" sizes=\"(max-width: 1241px) 100vw, 1241px\" \/><\/em><img data-attachment-id=\"2933\" data-permalink=\"https:\/\/bukkleader.hu\/old\/mestersegek-haza-rendezveny-cserepvaraljan-leader-tamogatassal-2020-10-17\/program_mestersegek_haza_cserepvaralja_jovojeert_a_page-0001\/\" data-orig-file=\"https:\/\/bukkleader.hu\/old\/wp-content\/uploads\/2020\/09\/Program_Mesters\u00e9gek_H\u00e1za_Cser\u00e9pv\u00e1ralja_J\u00f6v\u0151j\u00e9\u00e9rt_A_page-0001.jpg\" data-orig-size=\"1241,1754\" data-comments-opened=\"1\" data-image-meta=\"{&quot;aperture&quot;:&quot;0&quot;,&quot;credit&quot;:&quot;&quot;,&quot;camera&quot;:&quot;&quot;,&quot;caption&quot;:&quot;&quot;,&quot;created_timestamp&quot;:&quot;0&quot;,&quot;copyright&quot;:&quot;&quot;,&quot;focal_length&quot;:&quot;0&quot;,&quot;iso&quot;:&quot;0&quot;,&quot;shutter_speed&quot;:&quot;0&quot;,&quot;title&quot;:&quot;&quot;,&quot;orientation&quot;:&quot;0&quot;}\" data-image-title=\"Program_Mesters\u00e9gek_H\u00e1za_Cser\u00e9pv\u00e1ralja_J\u00f6v\u0151j\u00e9\u00e9rt_A_page-0001\" data-image-description=\"\" data-image-caption=\"\" data-medium-file=\"https:\/\/bukkleader.hu\/old\/wp-content\/uploads\/2020\/09\/Program_Mesters\u00e9gek_H\u00e1za_Cser\u00e9pv\u00e1ralja_J\u00f6v\u0151j\u00e9\u00e9rt_A_page-0001-212x300.jpg\" data-large-file=\"https:\/\/bukkleader.hu\/old\/wp-content\/uploads\/2020\/09\/Program_Mesters\u00e9gek_H\u00e1za_Cser\u00e9pv\u00e1ralja_J\u00f6v\u0151j\u00e9\u00e9rt_A_page-0001-725x1024.jpg\" loading=\"lazy\" class=\"aligncenter size-full wp-image-2933\" src=\"https:\/\/bukkleader.hu\/old\/wp-content\/uploads\/2020\/09\/Program_Mesters\u00e9gek_H\u00e1za_Cser\u00e9pv\u00e1ralja_J\u00f6v\u0151j\u00e9\u00e9rt_A_page-0001.jpg\" alt=\"\" width=\"1241\" height=\"1754\" srcset=\"https:\/\/bukkleader.hu\/old\/wp-content\/uploads\/2020\/09\/Program_Mesters\u00e9gek_H\u00e1za_Cser\u00e9pv\u00e1ralja_J\u00f6v\u0151j\u00e9\u00e9rt_A_page-0001.jpg 1241w, https:\/\/bukkleader.hu\/old\/wp-content\/uploads\/2020\/09\/Program_Mesters\u00e9gek_H\u00e1za_Cser\u00e9pv\u00e1ralja_J\u00f6v\u0151j\u00e9\u00e9rt_A_page-0001-212x300.jpg 212w, https:\/\/bukkleader.hu\/old\/wp-content\/uploads\/2020\/09\/Program_Mesters\u00e9gek_H\u00e1za_Cser\u00e9pv\u00e1ralja_J\u00f6v\u0151j\u00e9\u00e9rt_A_page-0001-768x1085.jpg 768w, https:\/\/bukkleader.hu\/old\/wp-content\/uploads\/2020\/09\/Program_Mesters\u00e9gek_H\u00e1za_Cser\u00e9pv\u00e1ralja_J\u00f6v\u0151j\u00e9\u00e9rt_A_page-0001-725x1024.jpg 725w\" sizes=\"(max-width: 1241px) 100vw, 1241px\" \/><\/p>\n<p><img data-attachment-id=\"2934\" data-permalink=\"https:\/\/bukkleader.hu\/old\/mestersegek-haza-rendezveny-cserepvaraljan-leader-tamogatassal-2020-10-17\/program_mestersegek_haza_cserepvaralja_jovojeert_a_page-0002\/\" data-orig-file=\"https:\/\/bukkleader.hu\/old\/wp-content\/uploads\/2020\/09\/Program_Mesters\u00e9gek_H\u00e1za_Cser\u00e9pv\u00e1ralja_J\u00f6v\u0151j\u00e9\u00e9rt_A_page-0002.jpg\" data-orig-size=\"1241,1754\" data-comments-opened=\"1\" data-image-meta=\"{&quot;aperture&quot;:&quot;0&quot;,&quot;credit&quot;:&quot;&quot;,&quot;camera&quot;:&quot;&quot;,&quot;caption&quot;:&quot;&quot;,&quot;created_timestamp&quot;:&quot;0&quot;,&quot;copyright&quot;:&quot;&quot;,&quot;focal_length&quot;:&quot;0&quot;,&quot;iso&quot;:&quot;0&quot;,&quot;shutter_speed&quot;:&quot;0&quot;,&quot;title&quot;:&quot;&quot;,&quot;orientation&quot;:&quot;0&quot;}\" data-image-title=\"Program_Mesters\u00e9gek_H\u00e1za_Cser\u00e9pv\u00e1ralja_J\u00f6v\u0151j\u00e9\u00e9rt_A_page-0002\" data-image-description=\"\" data-image-caption=\"\" data-medium-file=\"https:\/\/bukkleader.hu\/old\/wp-content\/uploads\/2020\/09\/Program_Mesters\u00e9gek_H\u00e1za_Cser\u00e9pv\u00e1ralja_J\u00f6v\u0151j\u00e9\u00e9rt_A_page-0002-212x300.jpg\" data-large-file=\"https:\/\/bukkleader.hu\/old\/wp-content\/uploads\/2020\/09\/Program_Mesters\u00e9gek_H\u00e1za_Cser\u00e9pv\u00e1ralja_J\u00f6v\u0151j\u00e9\u00e9rt_A_page-0002-725x1024.jpg\" loading=\"lazy\" class=\"aligncenter size-full wp-image-2934\" src=\"https:\/\/bukkleader.hu\/old\/wp-content\/uploads\/2020\/09\/Program_Mesters\u00e9gek_H\u00e1za_Cser\u00e9pv\u00e1ralja_J\u00f6v\u0151j\u00e9\u00e9rt_A_page-0002.jpg\" alt=\"\" width=\"1241\" height=\"1754\" srcset=\"https:\/\/bukkleader.hu\/old\/wp-content\/uploads\/2020\/09\/Program_Mesters\u00e9gek_H\u00e1za_Cser\u00e9pv\u00e1ralja_J\u00f6v\u0151j\u00e9\u00e9rt_A_page-0002.jpg 1241w, https:\/\/bukkleader.hu\/old\/wp-content\/uploads\/2020\/09\/Program_Mesters\u00e9gek_H\u00e1za_Cser\u00e9pv\u00e1ralja_J\u00f6v\u0151j\u00e9\u00e9rt_A_page-0002-212x300.jpg 212w, https:\/\/bukkleader.hu\/old\/wp-content\/uploads\/2020\/09\/Program_Mesters\u00e9gek_H\u00e1za_Cser\u00e9pv\u00e1ralja_J\u00f6v\u0151j\u00e9\u00e9rt_A_page-0002-768x1085.jpg 768w, https:\/\/bukkleader.hu\/old\/wp-content\/uploads\/2020\/09\/Program_Mesters\u00e9gek_H\u00e1za_Cser\u00e9pv\u00e1ralja_J\u00f6v\u0151j\u00e9\u00e9rt_A_page-0002-725x1024.jpg 725w\" sizes=\"(max-width: 1241px) 100vw, 1241px\" \/><\/p>\n<div class=\"sharedaddy sd-sharing-enabled\"><div class=\"robots-nocontent sd-block sd-social sd-social-icon sd-sharing\"><h3 class=\"sd-title\">Share this:<\/h3><div class=\"sd-content\"><ul><li class=\"share-facebook\"><a rel=\"nofollow noopener noreferrer\" data-shared=\"sharing-facebook-2931\" class=\"share-facebook sd-button share-icon no-text\" href=\"https:\/\/bukkleader.hu\/old\/mestersegek-haza-rendezveny-cserepvaraljan-leader-tamogatassal-2020-10-17\/?share=facebook\" target=\"_blank\" title=\"Click to share on Facebook\"><span><\/span><span class=\"sharing-screen-reader-text\">Click to share on Facebook (Opens in new window)<\/span><\/a><\/li><li class=\"share-twitter\"><a rel=\"nofollow noopener noreferrer\" data-shared=\"sharing-twitter-2931\" class=\"share-twitter sd-button share-icon no-text\" href=\"https:\/\/bukkleader.hu\/old\/mestersegek-haza-rendezveny-cserepvaraljan-leader-tamogatassal-2020-10-17\/?share=twitter\" target=\"_blank\" title=\"Click to share on Twitter\"><span><\/span><span class=\"sharing-screen-reader-text\">Click to share on Twitter (Opens in new window)<\/span><\/a><\/li><li class=\"share-print\"><a rel=\"nofollow noopener noreferrer\" data-shared=\"\" class=\"share-print sd-button share-icon no-text\" href=\"https:\/\/bukkleader.hu\/old\/mestersegek-haza-rendezveny-cserepvaraljan-leader-tamogatassal-2020-10-17\/\" target=\"_blank\" title=\"Click to print\"><span><\/span><span class=\"sharing-screen-reader-text\">Click to print (Opens in new window)<\/span><\/a><\/li><li class=\"share-email\"><a rel=\"nofollow noopener noreferrer\" data-shared=\"\" class=\"share-email sd-button share-icon no-text\" href=\"https:\/\/bukkleader.hu\/old\/mestersegek-haza-rendezveny-cserepvaraljan-leader-tamogatassal-2020-10-17\/?share=email\" target=\"_blank\" title=\"Click to email this to a friend\"><span><\/span><span class=\"sharing-screen-reader-text\">Click to email this to a friend (Opens in new window)<\/span><\/a><\/li><li class=\"share-end\"><\/li><\/ul><\/div><\/div><\/div>","protected":false},"excerpt":{"rendered":"<p>A Cser\u00e9pv\u00e1ralja J\u00f6v\u0151j\u00e9\u00e9rt Alap\u00edtv\u00e1ny tisztelettel megh\u00edvja \u00d6n\u00f6ket 2020. okt\u00f3ber 17-\u00e9n (szombat) Cser\u00e9pv\u00e1ralj\u00e1n tartand\u00f3, LEADER t\u00e1mogat\u00e1ssal megval\u00f3sul\u00f3 \u201cMesters\u00e9gek h\u00e1za\u201d c\u00edm\u0171 rendezv\u00e9ny\u00e9re. A r\u00e9szletes program:<\/p>\n<div class=\"sharedaddy sd-sharing-enabled\"><div class=\"robots-nocontent sd-block sd-social sd-social-icon sd-sharing\"><h3 class=\"sd-title\">Share this:<\/h3><div class=\"sd-content\"><ul><li class=\"share-facebook\"><a rel=\"nofollow noopener noreferrer\" data-shared=\"sharing-facebook-2931\" class=\"share-facebook sd-button share-icon no-text\" href=\"https:\/\/bukkleader.hu\/old\/mestersegek-haza-rendezveny-cserepvaraljan-leader-tamogatassal-2020-10-17\/?share=facebook\" target=\"_blank\" title=\"Click to share on Facebook\"><span><\/span><span class=\"sharing-screen-reader-text\">Click to share on Facebook (Opens in new window)<\/span><\/a><\/li><li class=\"share-twitter\"><a rel=\"nofollow noopener noreferrer\" data-shared=\"sharing-twitter-2931\" class=\"share-twitter sd-button share-icon no-text\" href=\"https:\/\/bukkleader.hu\/old\/mestersegek-haza-rendezveny-cserepvaraljan-leader-tamogatassal-2020-10-17\/?share=twitter\" target=\"_blank\" title=\"Click to share on Twitter\"><span><\/span><span class=\"sharing-screen-reader-text\">Click to share on Twitter (Opens in new window)<\/span><\/a><\/li><li class=\"share-print\"><a rel=\"nofollow noopener noreferrer\" data-shared=\"\" class=\"share-print sd-button share-icon no-text\" href=\"https:\/\/bukkleader.hu\/old\/mestersegek-haza-rendezveny-cserepvaraljan-leader-tamogatassal-2020-10-17\/\" target=\"_blank\" title=\"Click to print\"><span><\/span><span class=\"sharing-screen-reader-text\">Click to print (Opens in new window)<\/span><\/a><\/li><li class=\"share-email\"><a rel=\"nofollow noopener noreferrer\" data-shared=\"\" class=\"share-email sd-button share-icon no-text\" href=\"https:\/\/bukkleader.hu\/old\/mestersegek-haza-rendezveny-cserepvaraljan-leader-tamogatassal-2020-10-17\/?share=email\" target=\"_blank\" title=\"Click to email this to a friend\"><span><\/span><span class=\"sharing-screen-reader-text\">Click to email this to a friend (Opens in new window)<\/span><\/a><\/li><li class=\"share-end\"><\/li><\/ul><\/div><\/div><\/div>","protected":false},"author":4,"featured_media":2935,"comment_status":"open","ping_status":"closed","sticky":false,"template":"","format":"standard","meta":{"_bbp_topic_count":0,"_bbp_reply_count":0,"_bbp_total_topic_count":0,"_bbp_total_reply_count":0,"_bbp_voice_count":0,"_bbp_anonymous_reply_count":0,"_bbp_topic_count_hidden":0,"_bbp_reply_count_hidden":0,"_bbp_forum_subforum_count":0,"spay_email":"","jetpack_publicize_message":"","jetpack_is_tweetstorm":false,"jetpack_publicize_feature_enabled":true},"categories":[1,30,29],"tags":[],"jetpack_featured_media_url":"https:\/\/bukkleader.hu\/old\/wp-content\/uploads\/2020\/09\/fazekas.jpg","jetpack_publicize_connections":[],"jetpack_sharing_enabled":true,"jetpack-related-posts":[{"id":5963,"url":"https:\/\/bukkleader.hu\/old\/mestersegek-haza-rendezveny-cserepvaraljan-leader-tamogatassal-masodik-interaktiv-bemutato-2021-07-24\/","url_meta":{"origin":2931,"position":0},"title":"\u201cMesters\u00e9gek h\u00e1za\u201d rendezv\u00e9ny Cser\u00e9pv\u00e1ralj\u00e1n LEADER t\u00e1mogat\u00e1ssal (m\u00e1sodik interakt\u00edv bemutat\u00f3) \u2013 2021.07.24.","date":"2021-06-22","format":false,"excerpt":"A\u00a0Cser\u00e9pv\u00e1ralja J\u00f6v\u0151j\u00e9\u00e9rt Alap\u00edtv\u00e1ny\u00a0tisztelettel megh\u00edvja \u00d6n\u00f6ket\u00a02021. j\u00falius 24-\u00e9n\u00a0(szombat)\u00a0Cser\u00e9pv\u00e1ralj\u00e1n\u00a0tartand\u00f3, LEADER t\u00e1mogat\u00e1ssal megval\u00f3sul\u00f3\u00a0\u201cMesters\u00e9gek h\u00e1za\u201d\u00a0c\u00edm\u0171 rendezv\u00e9nysorozata m\u00e1sodik interakt\u00edv bemutat\u00f3j\u00e1ra. A r\u00e9szletes program (a megh\u00edv\u00f3 \u00e9s a program PDF-ben let\u00f6lthet\u0151 itt \u00e9s itt): \u00a0","rel":"","context":"In &quot;H\u00edreink, k\u00f6zlem\u00e9nyeink&quot;","img":{"alt_text":"","src":"https:\/\/i1.wp.com\/bukkleader.hu\/old\/wp-content\/uploads\/2020\/09\/fazekas.jpg?resize=350%2C200&ssl=1","width":350,"height":200},"classes":[]},{"id":5970,"url":"https:\/\/bukkleader.hu\/old\/mestersegek-haza-rendezveny-cserepvaraljan-leader-tamogatassal-harmadik-interaktiv-bemutato-2021-07-31\/","url_meta":{"origin":2931,"position":1},"title":"\u201cMesters\u00e9gek h\u00e1za\u201d rendezv\u00e9ny Cser\u00e9pv\u00e1ralj\u00e1n LEADER t\u00e1mogat\u00e1ssal (harmadik interakt\u00edv bemutat\u00f3) \u2013 2021.07.31.","date":"2021-06-22","format":false,"excerpt":"A\u00a0Cser\u00e9pv\u00e1ralja J\u00f6v\u0151j\u00e9\u00e9rt Alap\u00edtv\u00e1ny\u00a0tisztelettel megh\u00edvja \u00d6n\u00f6ket\u00a02021. j\u00falius 31-\u00e9n\u00a0(szombat)\u00a0Cser\u00e9pv\u00e1ralj\u00e1n\u00a0tartand\u00f3, LEADER t\u00e1mogat\u00e1ssal megval\u00f3sul\u00f3\u00a0\u201cMesters\u00e9gek h\u00e1za\u201d\u00a0c\u00edm\u0171 rendezv\u00e9nysorozata harmadik interakt\u00edv bemutat\u00f3j\u00e1ra. A r\u00e9szletes program (a megh\u00edv\u00f3 \u00e9s a program PDF-ben let\u00f6lthet\u0151 itt \u00e9s itt):","rel":"","context":"In &quot;H\u00edreink, k\u00f6zlem\u00e9nyeink&quot;","img":{"alt_text":"","src":"https:\/\/i0.wp.com\/bukkleader.hu\/old\/wp-content\/uploads\/2020\/10\/szoves.jpg?resize=350%2C200&ssl=1","width":350,"height":200},"classes":[]},{"id":3519,"url":"https:\/\/bukkleader.hu\/old\/mestersegek-haza-rendezveny-cserepvaraljan-leader-tamogatassal-masodik-interaktiv-bemutato-2020-11-14\/","url_meta":{"origin":2931,"position":2},"title":"\u201cMesters\u00e9gek h\u00e1za\u201d rendezv\u00e9ny Cser\u00e9pv\u00e1ralj\u00e1n LEADER t\u00e1mogat\u00e1ssal (m\u00e1sodik interakt\u00edv bemutat\u00f3) \u2013 2020.11.14. (ELMARAD)","date":"2020-10-14","format":false,"excerpt":"Figyelem! A 2020. november 11-\u00e9n \u00e9letbe l\u00e9p\u0151, a Covid-19 j\u00e1rv\u00e1nnyal kapcsolatos int\u00e9zked\u00e9sek miatt az al\u00e1bbi program elmarad. K\u00e9rem, hogy tov\u00e1bbi inform\u00e1ci\u00f3\u00e9rt\u00a0 a programmal kapcsolatban k\u00eds\u00e9rj\u00e9k figyelemmel honlapunkat! *** A\u00a0Cser\u00e9pv\u00e1ralja J\u00f6v\u0151j\u00e9\u00e9rt Alap\u00edtv\u00e1ny\u00a0tisztelettel megh\u00edvja \u00d6n\u00f6ket\u00a02020. november 14-\u00e9n\u00a0(szombat)\u00a0Cser\u00e9pv\u00e1ralj\u00e1n\u00a0tartand\u00f3, LEADER t\u00e1mogat\u00e1ssal megval\u00f3sul\u00f3\u00a0\u201cMesters\u00e9gek h\u00e1za\u201d\u00a0c\u00edm\u0171 rendezv\u00e9nysorozata m\u00e1sodik interakt\u00edv bemutat\u00f3j\u00e1ra. A r\u00e9szletes program:","rel":"","context":"In &quot;H\u00edreink, k\u00f6zlem\u00e9nyeink&quot;","img":{"alt_text":"","src":"https:\/\/i1.wp.com\/bukkleader.hu\/old\/wp-content\/uploads\/2020\/10\/elmarad.jpg?resize=350%2C200&ssl=1","width":350,"height":200},"classes":[]},{"id":3522,"url":"https:\/\/bukkleader.hu\/old\/mestersegek-haza-rendezveny-cserepvaraljan-leader-tamogatassal-harmadik-interaktiv-bemutato-2020-12-12\/","url_meta":{"origin":2931,"position":3},"title":"\u201cMesters\u00e9gek h\u00e1za\u201d rendezv\u00e9ny Cser\u00e9pv\u00e1ralj\u00e1n LEADER t\u00e1mogat\u00e1ssal (harmadik interakt\u00edv bemutat\u00f3) \u2013 2020.12.12. (ELMARAD)","date":"2020-10-14","format":false,"excerpt":"Figyelem! A 2020. november 11-\u00e9n \u00e9letbe l\u00e9p\u0151, a Covid-19 j\u00e1rv\u00e1nnyal kapcsolatos int\u00e9zked\u00e9sek miatt az al\u00e1bbi program elmarad. K\u00e9rem, hogy tov\u00e1bbi inform\u00e1ci\u00f3\u00e9rt\u00a0 a programmal kapcsolatban k\u00eds\u00e9rj\u00e9k figyelemmel honlapunkat! *** A\u00a0Cser\u00e9pv\u00e1ralja J\u00f6v\u0151j\u00e9\u00e9rt Alap\u00edtv\u00e1ny\u00a0tisztelettel megh\u00edvja \u00d6n\u00f6ket\u00a02020. december 12-\u00e9n\u00a0(szombat)\u00a0Cser\u00e9pv\u00e1ralj\u00e1n\u00a0tartand\u00f3, LEADER t\u00e1mogat\u00e1ssal megval\u00f3sul\u00f3\u00a0\u201cMesters\u00e9gek h\u00e1za\u201d\u00a0c\u00edm\u0171 rendezv\u00e9nysorozata harmadik interakt\u00edv bemutat\u00f3j\u00e1ra. A r\u00e9szletes program:","rel":"","context":"In &quot;H\u00edreink, k\u00f6zlem\u00e9nyeink&quot;","img":{"alt_text":"","src":"https:\/\/i1.wp.com\/bukkleader.hu\/old\/wp-content\/uploads\/2020\/10\/elmarad.jpg?resize=350%2C200&ssl=1","width":350,"height":200},"classes":[]},{"id":2927,"url":"https:\/\/bukkleader.hu\/old\/gazdalkodj-okosan-rendezveny-cserepvaraljan-leader-tamogatassal-2020-10-17\/","url_meta":{"origin":2931,"position":4},"title":"\u201cGazd\u00e1lkodj okosan\u201d rendezv\u00e9ny Cser\u00e9pv\u00e1ralj\u00e1n LEADER t\u00e1mogat\u00e1ssal \u2013 2020.10.17.","date":"2020-09-16","format":false,"excerpt":"A Cser\u00e9pv\u00e1ralj\u00e1\u00e9rt Alap\u00edtv\u00e1ny tisztelettel megh\u00edvja \u00d6n\u00f6ket 2020. okt\u00f3ber 17-\u00e9n (szombat) Cser\u00e9pv\u00e1ralj\u00e1n tartand\u00f3, LEADER t\u00e1mogat\u00e1ssal megval\u00f3sul\u00f3 \u201cGazd\u00e1lkodj okosan\u201d c\u00edm\u0171 rendezv\u00e9ny\u00e9re. A r\u00e9szletes program: \u00a0","rel":"","context":"In &quot;H\u00edreink, k\u00f6zlem\u00e9nyeink&quot;","img":{"alt_text":"","src":"https:\/\/i2.wp.com\/bukkleader.hu\/old\/wp-content\/uploads\/2017\/11\/Cser\u00e9pv\u00e1ralja-1-1.jpg?resize=350%2C200&ssl=1","width":350,"height":200},"classes":[]},{"id":2206,"url":"https:\/\/bukkleader.hu\/old\/multat-a-jelennek-rendezveny-cserepvaraljan-leader-tamogatassal\/","url_meta":{"origin":2931,"position":5},"title":"&#8220;M\u00faltat A Jelennek!&#8221; rendezv\u00e9ny Cser\u00e9pv\u00e1ralj\u00e1n LEADER t\u00e1mogat\u00e1ssal","date":"2019-08-29","format":false,"excerpt":"Cser\u00e9pv\u00e1ralja K\u00f6zs\u00e9g \u00d6nkorm\u00e1nyzata tisztelettel megh\u00edvja \u00d6n\u00f6ket 2019. szeptember 28-\u00e1n (szombat) tartand\u00f3, LEADER t\u00e1mogat\u00e1ssal megval\u00f3sul\u00f3 \u201cM\u00faltat A Jelennek!\u201d c\u00edm\u0171 rendezv\u00e9ny\u00e9re. A r\u00e9szletes program innen let\u00f6lthet\u0151.","rel":"","context":"In &quot;H\u00edreink, k\u00f6zlem\u00e9nyeink&quot;","img":{"alt_text":"","src":"https:\/\/i0.wp.com\/bukkleader.hu\/old\/wp-content\/uploads\/2019\/08\/Cserepvaralja2-1.jpg?resize=350%2C200&ssl=1","width":350,"height":200},"classes":[]}],"_links":{"self":[{"href":"https:\/\/bukkleader.hu\/old\/wp-json\/wp\/v2\/posts\/2931"}],"collection":[{"href":"https:\/\/bukkleader.hu\/old\/wp-json\/wp\/v2\/posts"}],"about":[{"href":"https:\/\/bukkleader.hu\/old\/wp-json\/wp\/v2\/types\/post"}],"author":[{"embeddable":true,"href":"https:\/\/bukkleader.hu\/old\/wp-json\/wp\/v2\/users\/4"}],"replies":[{"embeddable":true,"href":"https:\/\/bukkleader.hu\/old\/wp-json\/wp\/v2\/comments?post=2931"}],"version-history":[{"count":1,"href":"https:\/\/bukkleader.hu\/old\/wp-json\/wp\/v2\/posts\/2931\/revisions"}],"predecessor-version":[{"id":2936,"href":"https:\/\/bukkleader.hu\/old\/wp-json\/wp\/v2\/posts\/2931\/revisions\/2936"}],"wp:featuredmedia":[{"embeddable":true,"href":"https:\/\/bukkleader.hu\/old\/wp-json\/wp\/v2\/media\/2935"}],"wp:attachment":[{"href":"https:\/\/bukkleader.hu\/old\/wp-json\/wp\/v2\/media?parent=2931"}],"wp:term":[{"taxonomy":"category","embeddable":true,"href":"https:\/\/bukkleader.hu\/old\/wp-json\/wp\/v2\/categories?post=2931"},{"taxonomy":"post_tag","embeddable":true,"href":"https:\/\/bukkleader.hu\/old\/wp-json\/wp\/v2\/tags?post=2931"}],"curies":[{"name":"wp","href":"https:\/\/api.w.org\/{rel}","templated":true}]}}