{"id":293,"date":"2013-01-30T13:08:44","date_gmt":"2013-01-30T12:08:44","guid":{"rendered":"https:\/\/bukkleader.hu\/old\/new\/?p=293"},"modified":"2015-09-22T13:10:40","modified_gmt":"2015-09-22T11:10:40","slug":"2013-februar-15-tol-palyazhatok","status":"publish","type":"post","link":"https:\/\/bukkleader.hu\/old\/2013-februar-15-tol-palyazhatok\/","title":{"rendered":"2013. febru\u00e1r 15-t\u0151l p\u00e1ly\u00e1zhat\u00f3k&#8230;"},"content":{"rendered":"<p style=\"text-align: justify;\"><strong>Febru\u00e1r 15-t\u0151l p\u00e1ly\u00e1zhat\u00f3k a nem mez\u0151gazdas\u00e1gi tev\u00e9kenys\u00e9gg\u00e9 t\u00f6rt\u00e9n\u0151 diverzifik\u00e1l\u00e1sra ny\u00fajtand\u00f3 t\u00e1mogat\u00e1sok<\/strong><!--more--><\/p>\n<p style=\"text-align: justify;\">Megjelent a <strong>129\/2012. (XII. 17.) VM rendelet<\/strong> az Eur\u00f3pai Mez\u0151gazdas\u00e1gi Vid\u00e9kfejleszt\u00e9si Alapb\u00f3l a <strong class=\"style212\">nem mez\u0151gazdas\u00e1gi tev\u00e9kenys\u00e9gg\u00e9 t\u00f6rt\u00e9n\u0151 diverzifik\u00e1l\u00e1sra<\/strong> ny\u00fajtand\u00f3 t\u00e1mogat\u00e1sok r\u00e9szletes felt\u00e9teleir\u0151l. A jogszab\u00e1ly \u00e9rtelm\u00e9ben a c\u00e9lra<strong>\u00f6sszesen 7,8 milli\u00e1rd forint \u00e1ll rendelkez\u00e9sre<\/strong>. A t\u00e1mogat\u00e1si k\u00e9relmeket <strong class=\"style212\">2013. febru\u00e1r 15-\u00e9t\u0151l forr\u00e1skimer\u00fcl\u00e9sig, de legk\u00e9s\u0151bb 2013. j\u00falius 2-\u00e1ig lehet beny\u00fajtani<\/strong> a Mez\u0151gazdas\u00e1gi \u00e9s Vid\u00e9kfejleszt\u00e9si Hivatalhoz. A rendelet teljes sz\u00f6vege a Magyar K\u00f6zl\u00f6ny 2012. \u00e9vi 171. sz\u00e1m\u00e1ban, a 28266-28299. oldalon olvashat\u00f3.<\/p>\n<p style=\"text-align: justify;\"><em>A rendelet let\u00f6lt\u00e9se:<\/em> <a href=\"http:\/\/www.umvp.eu\/files\/MK_12_171.pdf\" target=\"_blank\">http:\/\/www.umvp.eu\/files\/MK_12_171.pdf<\/a><\/p>\n<div class=\"sharedaddy sd-sharing-enabled\"><div class=\"robots-nocontent sd-block sd-social sd-social-icon sd-sharing\"><h3 class=\"sd-title\">Share this:<\/h3><div class=\"sd-content\"><ul><li class=\"share-facebook\"><a rel=\"nofollow noopener noreferrer\" data-shared=\"sharing-facebook-293\" class=\"share-facebook sd-button share-icon no-text\" href=\"https:\/\/bukkleader.hu\/old\/2013-februar-15-tol-palyazhatok\/?share=facebook\" target=\"_blank\" title=\"Click to share on Facebook\"><span><\/span><span class=\"sharing-screen-reader-text\">Click to share on Facebook (Opens in new window)<\/span><\/a><\/li><li class=\"share-twitter\"><a rel=\"nofollow noopener noreferrer\" data-shared=\"sharing-twitter-293\" class=\"share-twitter sd-button share-icon no-text\" href=\"https:\/\/bukkleader.hu\/old\/2013-februar-15-tol-palyazhatok\/?share=twitter\" target=\"_blank\" title=\"Click to share on Twitter\"><span><\/span><span class=\"sharing-screen-reader-text\">Click to share on Twitter (Opens in new window)<\/span><\/a><\/li><li class=\"share-print\"><a rel=\"nofollow noopener noreferrer\" data-shared=\"\" class=\"share-print sd-button share-icon no-text\" href=\"https:\/\/bukkleader.hu\/old\/2013-februar-15-tol-palyazhatok\/\" target=\"_blank\" title=\"Click to print\"><span><\/span><span class=\"sharing-screen-reader-text\">Click to print (Opens in new window)<\/span><\/a><\/li><li class=\"share-email\"><a rel=\"nofollow noopener noreferrer\" data-shared=\"\" class=\"share-email sd-button share-icon no-text\" href=\"https:\/\/bukkleader.hu\/old\/2013-februar-15-tol-palyazhatok\/?share=email\" target=\"_blank\" title=\"Click to email this to a friend\"><span><\/span><span class=\"sharing-screen-reader-text\">Click to email this to a friend (Opens in new window)<\/span><\/a><\/li><li class=\"share-end\"><\/li><\/ul><\/div><\/div><\/div>","protected":false},"excerpt":{"rendered":"<p>Febru\u00e1r 15-t\u0151l p\u00e1ly\u00e1zhat\u00f3k a nem mez\u0151gazdas\u00e1gi tev\u00e9kenys\u00e9gg\u00e9 t\u00f6rt\u00e9n\u0151 diverzifik\u00e1l\u00e1sra ny\u00fajtand\u00f3 t\u00e1mogat\u00e1sok<\/p>\n<div class=\"sharedaddy sd-sharing-enabled\"><div class=\"robots-nocontent sd-block sd-social sd-social-icon sd-sharing\"><h3 class=\"sd-title\">Share this:<\/h3><div class=\"sd-content\"><ul><li class=\"share-facebook\"><a rel=\"nofollow noopener noreferrer\" data-shared=\"sharing-facebook-293\" class=\"share-facebook sd-button share-icon no-text\" href=\"https:\/\/bukkleader.hu\/old\/2013-februar-15-tol-palyazhatok\/?share=facebook\" target=\"_blank\" title=\"Click to share on Facebook\"><span><\/span><span class=\"sharing-screen-reader-text\">Click to share on Facebook (Opens in new window)<\/span><\/a><\/li><li class=\"share-twitter\"><a rel=\"nofollow noopener noreferrer\" data-shared=\"sharing-twitter-293\" class=\"share-twitter sd-button share-icon no-text\" href=\"https:\/\/bukkleader.hu\/old\/2013-februar-15-tol-palyazhatok\/?share=twitter\" target=\"_blank\" title=\"Click to share on Twitter\"><span><\/span><span class=\"sharing-screen-reader-text\">Click to share on Twitter (Opens in new window)<\/span><\/a><\/li><li class=\"share-print\"><a rel=\"nofollow noopener noreferrer\" data-shared=\"\" class=\"share-print sd-button share-icon no-text\" href=\"https:\/\/bukkleader.hu\/old\/2013-februar-15-tol-palyazhatok\/\" target=\"_blank\" title=\"Click to print\"><span><\/span><span class=\"sharing-screen-reader-text\">Click to print (Opens in new window)<\/span><\/a><\/li><li class=\"share-email\"><a rel=\"nofollow noopener noreferrer\" data-shared=\"\" class=\"share-email sd-button share-icon no-text\" href=\"https:\/\/bukkleader.hu\/old\/2013-februar-15-tol-palyazhatok\/?share=email\" target=\"_blank\" title=\"Click to email this to a friend\"><span><\/span><span class=\"sharing-screen-reader-text\">Click to email this to a friend (Opens in new window)<\/span><\/a><\/li><li class=\"share-end\"><\/li><\/ul><\/div><\/div><\/div>","protected":false},"author":1,"featured_media":228,"comment_status":"open","ping_status":"closed","sticky":false,"template":"","format":"standard","meta":{"_bbp_topic_count":0,"_bbp_reply_count":0,"_bbp_total_topic_count":0,"_bbp_total_reply_count":0,"_bbp_voice_count":0,"_bbp_anonymous_reply_count":0,"_bbp_topic_count_hidden":0,"_bbp_reply_count_hidden":0,"_bbp_forum_subforum_count":0,"spay_email":"","jetpack_publicize_message":"","jetpack_is_tweetstorm":false,"jetpack_publicize_feature_enabled":true},"categories":[1],"tags":[],"jetpack_featured_media_url":"https:\/\/bukkleader.hu\/old\/wp-content\/uploads\/2012\/06\/eu-zaszlo384w.jpg","jetpack_publicize_connections":[],"jetpack_sharing_enabled":true,"jetpack-related-posts":[{"id":303,"url":"https:\/\/bukkleader.hu\/old\/2013-februar-01-tol-2013-majus-31-ig-nyujthatok-be-a-leader-kifizetesi-kerelmek\/","url_meta":{"origin":293,"position":0},"title":"2013. febru\u00e1r 01-t\u0151l 2013. m\u00e1jus 31-ig ny\u00fajthat\u00f3k be a LEADER kifizet\u00e9si k\u00e9relmek","date":"2013-01-31","format":false,"excerpt":"Megjelent a 19\/2013. (I.22.) sz\u00e1m\u00fa MVH k\u00f6zlem\u00e9ny az Eur\u00f3pai Mez\u0151gazdas\u00e1gi Vid\u00e9kfejleszt\u00e9si Alapb\u00f3l a Helyi Vid\u00e9kfejleszt\u00e9si Strat\u00e9gi\u00e1k LEADER fejezet\u00e9nek v\u00e9grehajt\u00e1s\u00e1hoz ny\u00fajtand\u00f3 t\u00e1mogat\u00e1s kifizet\u00e9s\u00e9nek ig\u00e9nyl\u00e9s\u00e9r\u0151l. A k\u00f6zlem\u00e9ny szerint az EMVA IV. \u2013 LEADER kifizet\u00e9si k\u00e9relmek 2013. febru\u00e1r 01. \u2013 2013. m\u00e1jus 31. id\u0151szakban elektronikus \u00faton ny\u00fajthat\u00f3k be.Az MVH k\u00f6zlem\u00e9ny \u00e9s az azzal\u2026","rel":"","context":"In &quot;H\u00edreink, k\u00f6zlem\u00e9nyeink&quot;","img":{"alt_text":"mhv-logo","src":"https:\/\/i2.wp.com\/bukkleader.hu\/old\/wp-content\/uploads\/2015\/09\/mvh-logo-w.jpg?resize=350%2C200&ssl=1","width":350,"height":200},"classes":[]},{"id":398,"url":"https:\/\/bukkleader.hu\/old\/figyelem-tobb-emva-jogcimrendelet-modositasra-kerult\/","url_meta":{"origin":293,"position":1},"title":"Figyelem! T\u00f6bb EMVA jogc\u00edmrendelet m\u00f3dos\u00edt\u00e1sra ker\u00fclt","date":"2014-09-23","format":false,"excerpt":"2014. szeptember 15-\u00e9n megjelent az 1\/2014. (IX. 15.) MVM\u00a0rendelet Az Eur\u00f3pai Mez\u0151gazdas\u00e1gi Vid\u00e9kfejleszt\u00e9si Alapb\u00f3l finansz\u00edrozott egyes agr\u00e1rt\u00e1mogat\u00e1si t\u00e1rgy\u00fa miniszteri rendeletek m\u00f3dos\u00edt\u00e1s\u00e1r\u00f3l. A rendelet t\u00f6bbek k\u00f6z\u00f6tt tartalmazza:\u00a0A\u00a0LEADER Helyi Akci\u00f3csoportok feladat ell\u00e1t\u00e1s\u00e1hoz az\u00a0Eur\u00f3pai Mez\u0151gazdas\u00e1gi Vid\u00e9kfejleszt\u00e9si Alapb\u00f3l ny\u00fajtand\u00f3 vid\u00e9kfejleszt\u00e9si t\u00e1mogat\u00e1s r\u00e9szletes felt\u00e9teleir\u0151l sz\u00f3l\u00f330\/2012. (III. 24.) VM\u00a0rendelet m\u00f3dos\u00edt\u00e1s\u00e1t, az\u00a0Eur\u00f3pai Mez\u0151gazdas\u00e1gi Vid\u00e9kfejleszt\u00e9si Alapb\u00f3l a\u00a0mikrov\u00e1llalkoz\u00e1sok l\u00e9trehoz\u00e1s\u00e1ra\u2026","rel":"","context":"In &quot;H\u00edreink, k\u00f6zlem\u00e9nyeink&quot;","img":{"alt_text":"paragrafus","src":"https:\/\/i0.wp.com\/bukkleader.hu\/old\/wp-content\/uploads\/2012\/06\/paragrafus384w.jpg?resize=350%2C200&ssl=1","width":350,"height":200},"classes":[]},{"id":305,"url":"https:\/\/bukkleader.hu\/old\/kozlemenyek-a-nem-mezogazdasagi-tevekenysegge-torteno-diverzifikalasra-nyujtando-tamogatasokhoz\/","url_meta":{"origin":293,"position":2},"title":"K\u00f6zlem\u00e9nyek a nem mez\u0151gazdas\u00e1gi tev\u00e9kenys\u00e9gg\u00e9 t\u00f6rt\u00e9n\u0151 diverzifik\u00e1l\u00e1sra ny\u00fajtand\u00f3 t\u00e1mogat\u00e1sokhoz","date":"2013-02-15","format":false,"excerpt":"A 129\/2012. (XII. 17.) VM rendelettel meghirdetett, az Eur\u00f3pai Mez\u0151gazdas\u00e1gi Vid\u00e9kfejleszt\u00e9si Alapb\u00f3l a nem mez\u0151gazdas\u00e1gi tev\u00e9kenys\u00e9gg\u00e9 t\u00f6rt\u00e9n\u0151 diverzifik\u00e1l\u00e1sra ny\u00fajtand\u00f3 t\u00e1mogat\u00e1sok ig\u00e9nyl\u00e9s\u00e9vel kapcsolatban megjelent a 35\/2013. (II. 5.) MVH K\u00f6zlem\u00e9ny, valamint a 14\/2013 (II. 11.) IH k\u00f6zlem\u00e9ny.\u00a0Az MVH k\u00f6zlem\u00e9nye a t\u00e1mogat\u00e1si felt\u00e9teleket r\u00e9szletezi, valamint a sz\u00fcks\u00e9ges formanyomtatv\u00e1nyokat teszi k\u00f6zz\u00e9, az IH\u2026","rel":"","context":"In &quot;H\u00edreink, k\u00f6zlem\u00e9nyeink&quot;","img":{"alt_text":"paragrafus","src":"https:\/\/i0.wp.com\/bukkleader.hu\/old\/wp-content\/uploads\/2012\/06\/paragrafus384w.jpg?resize=350%2C200&ssl=1","width":350,"height":200},"classes":[]},{"id":379,"url":"https:\/\/bukkleader.hu\/old\/figyelem-jogszabaly-modositasok\/","url_meta":{"origin":293,"position":3},"title":"FIGYELEM! Jogszab\u00e1ly m\u00f3dos\u00edt\u00e1sok","date":"2014-04-07","format":false,"excerpt":"2014. \u00e1prilis 03-ai d\u00e1tummal megjelent a Magyar K\u00f6zl\u00f6ny 2014. \u00e9vi 50. sz\u00e1m\u00e1ban az agr\u00e1r-szaktan\u00e1csad\u00e1ssal kapcsolatos \u00e9s az Eur\u00f3pai Mez\u0151gazdas\u00e1gi Vid\u00e9kfejleszt\u00e9si Alapb\u00f3l finansz\u00edrozott egyes agr\u00e1rt\u00e1mogat\u00e1si t\u00e1rgy\u00fa miniszteri rendeletek m\u00f3dos\u00edt\u00e1s\u00e1r\u00f3l sz\u00f3l\u00f3 32\/2014. (IV. 3.) VM rendelet, amely t\u00f6bbek k\u00f6z\u00f6tt tartalmazza: az Eur\u00f3pai Mez\u0151gazdas\u00e1gi Vid\u00e9kfejleszt\u00e9si Alapb\u00f3l a Helyi Vid\u00e9kfejleszt\u00e9si Strat\u00e9gi\u00e1k LEADER fejezet\u00e9nek v\u00e9grehajt\u00e1s\u00e1hoz\u2026","rel":"","context":"In &quot;H\u00edreink, k\u00f6zlem\u00e9nyeink&quot;","img":{"alt_text":"paragrafus","src":"https:\/\/i0.wp.com\/bukkleader.hu\/old\/wp-content\/uploads\/2012\/06\/paragrafus384w.jpg?resize=350%2C200&ssl=1","width":350,"height":200},"classes":[]},{"id":191,"url":"https:\/\/bukkleader.hu\/old\/turisztikai-tevekenysegek-osztonzese\/","url_meta":{"origin":293,"position":4},"title":"Turisztikai tev\u00e9kenys\u00e9gek \u00f6szt\u00f6nz\u00e9se","date":"2012-06-12","format":false,"excerpt":"Megjelent a turisztikai tev\u00e9kenys\u00e9gek \u00f6szt\u00f6nz\u00e9s\u00e9hez az EMVA-b\u00f3l ny\u00fajtand\u00f3 t\u00e1mogat\u00e1sokr\u00f3l sz\u00f3l\u00f3 rendelet, valamint m\u00f3dosult a mikrov\u00e1llalkoz\u00e1sok fejleszt\u00e9s\u00e9re vonatkoz\u00f3 jogc\u00edmrendelet.Megjelent a 52\/2012. (VI. 8.) VM rendelet az Eur\u00f3pai Mez\u0151gazdas\u00e1gi Vid\u00e9kfejleszt\u00e9si Alapb\u00f3l a turisztikai tev\u00e9kenys\u00e9gek \u00f6szt\u00f6nz\u00e9s\u00e9heza LEADER Helyi Akci\u00f3csoportok k\u00f6zrem\u0171k\u00f6d\u00e9s\u00e9vel 2012-t\u00f5l ny\u00fajtand\u00f3 t\u00e1mogat\u00e1sok r\u00e9szletes felt\u00e9teleir\u00f5l. A rendelet 7. mell\u00e9klete szerinta B\u00fckk-T\u00e9rs\u00e9gi LEADER Egyes\u00fclet\u2026","rel":"","context":"In &quot;H\u00edreink, k\u00f6zlem\u00e9nyeink&quot;","img":{"alt_text":"paragrafus","src":"https:\/\/i0.wp.com\/bukkleader.hu\/old\/wp-content\/uploads\/2012\/06\/paragrafus384w.jpg?resize=350%2C200&ssl=1","width":350,"height":200},"classes":[]},{"id":367,"url":"https:\/\/bukkleader.hu\/old\/2014-januar-15-ig-nyujthatok-be-a-turisztikai-palyazatok\/","url_meta":{"origin":293,"position":5},"title":"2014. janu\u00e1r 15-ig ny\u00fajthat\u00f3k be a turisztikai p\u00e1ly\u00e1zatok","date":"2013-12-18","format":false,"excerpt":"Az EMVA t\u00e1rsfinansz\u00edroz\u00e1s\u00fa int\u00e9zked\u00e9sek Ir\u00e1ny\u00edt\u00f3 Hat\u00f3s\u00e1g\u00e1nak 304\/2013. (XII. 16.) k\u00f6zlem\u00e9nye szerint \u201eAz Eur\u00f3pai Mez\u0151gazdas\u00e1gi Vid\u00e9kfejleszt\u00e9si Alapb\u00f3l a turisztikai tev\u00e9kenys\u00e9gek \u00f6szt\u00f6nz\u00e9s\u00e9hez a LEADER Helyi Akci\u00f3csoportok k\u00f6zrem\u0171k\u00f6d\u00e9s\u00e9vel 2013-ban ny\u00fajtand\u00f3 t\u00e1mogat\u00e1sok r\u00e9szletes felt\u00e9teleir\u0151l sz\u00f3l\u00f3 104\/2013. (XI. 14.) VM rendelet 11. \u00a7 (1) bekezd\u00e9s\u00e9nek folyamatban l\u00e9v\u0151 m\u00f3dos\u00edt\u00e1sa alapj\u00e1nt\u00e1mogat\u00e1si k\u00e9relmet \u2013 2013. december 20. helyett\u2026","rel":"","context":"In &quot;H\u00edreink, k\u00f6zlem\u00e9nyeink&quot;","img":{"alt_text":"felki\u00e1llt\u00f3 jel","src":"https:\/\/i0.wp.com\/bukkleader.hu\/old\/wp-content\/uploads\/2012\/06\/felkialto-jel384w.jpg?resize=350%2C200&ssl=1","width":350,"height":200},"classes":[]}],"_links":{"self":[{"href":"https:\/\/bukkleader.hu\/old\/wp-json\/wp\/v2\/posts\/293"}],"collection":[{"href":"https:\/\/bukkleader.hu\/old\/wp-json\/wp\/v2\/posts"}],"about":[{"href":"https:\/\/bukkleader.hu\/old\/wp-json\/wp\/v2\/types\/post"}],"author":[{"embeddable":true,"href":"https:\/\/bukkleader.hu\/old\/wp-json\/wp\/v2\/users\/1"}],"replies":[{"embeddable":true,"href":"https:\/\/bukkleader.hu\/old\/wp-json\/wp\/v2\/comments?post=293"}],"version-history":[{"count":2,"href":"https:\/\/bukkleader.hu\/old\/wp-json\/wp\/v2\/posts\/293\/revisions"}],"predecessor-version":[{"id":295,"href":"https:\/\/bukkleader.hu\/old\/wp-json\/wp\/v2\/posts\/293\/revisions\/295"}],"wp:featuredmedia":[{"embeddable":true,"href":"https:\/\/bukkleader.hu\/old\/wp-json\/wp\/v2\/media\/228"}],"wp:attachment":[{"href":"https:\/\/bukkleader.hu\/old\/wp-json\/wp\/v2\/media?parent=293"}],"wp:term":[{"taxonomy":"category","embeddable":true,"href":"https:\/\/bukkleader.hu\/old\/wp-json\/wp\/v2\/categories?post=293"},{"taxonomy":"post_tag","embeddable":true,"href":"https:\/\/bukkleader.hu\/old\/wp-json\/wp\/v2\/tags?post=293"}],"curies":[{"name":"wp","href":"https:\/\/api.w.org\/{rel}","templated":true}]}}