{"id":290,"date":"2013-01-30T13:04:17","date_gmt":"2013-01-30T12:04:17","guid":{"rendered":"https:\/\/bukkleader.hu\/old\/new\/?p=290"},"modified":"2015-09-22T13:07:12","modified_gmt":"2015-09-22T11:07:12","slug":"a-hacs-felhivasa-a-2014-2020-idoszak-elokeszitesevel-kapcsolatban","status":"publish","type":"post","link":"https:\/\/bukkleader.hu\/old\/a-hacs-felhivasa-a-2014-2020-idoszak-elokeszitesevel-kapcsolatban\/","title":{"rendered":"A HACS felh\u00edv\u00e1sa a 2014-2020 id\u0151szak el\u0151k\u00e9sz\u00edt\u00e9s\u00e9vel kapcsolatban"},"content":{"rendered":"<p class=\"style6\" style=\"text-align: justify;\">Az al\u00e1bbiakban k\u00f6zz\u00e9tessz\u00fck a HACS a 2014-2020 id\u0151szak tervez\u00e9s\u00e9nek el\u0151k\u00e9sz\u00edt\u00e9s\u00e9vel kapcsolatos<span class=\"style212\"> <strong>felh\u00edv\u00e1s\u00e1t<\/strong> <strong>\u00e9s annak mell\u00e9kleteit<\/strong><\/span>, melyeket aj\u00e1nlunk tagjaink \u00e9s leend\u0151 tagjaink sz\u00edves figyelm\u00e9be.<\/p>\n<p class=\"style6\" style=\"text-align: justify;\"><!--more-->A dokumentumok az al\u00e1bbi linkeken \u00e9rhet\u0151k el:<\/p>\n<ul style=\"list-style-type: disc;\">\n<li class=\"style6\">Felh\u00edv\u00e1s, megkeres\u0151 lev\u00e9l: <a href=\"https:\/\/bukkleader.hu\/old\/downloads\/01_14_megkereso_level.pdf\" target=\"_blank\">www.bukkleader.hu\/downloads\/01_14_megkereso_level.pdf<\/a><\/li>\n<li class=\"style6\">mell\u00e9klet: <a href=\"https:\/\/bukkleader.hu\/old\/downloads\/01_14_1_melleklet.zip\" target=\"_blank\">www.bukkleader.hu\/downloads\/01_14_1_melleklet.zip<\/a><\/li>\n<li class=\"style6\">mell\u00e9klet: <a href=\"https:\/\/bukkleader.hu\/old\/downloads\/01_14_2_melleklet.zip\" target=\"_blank\">www.bukkleader.hu\/downloads\/01_14_2_melleklet.zip<\/a><\/li>\n<li class=\"style6\">mell\u00e9klet: <a href=\"https:\/\/bukkleader.hu\/old\/downloads\/01_14_3_melleklet_szandeknyilatkozat.doc\" target=\"_blank\">www.bukkleader.hu\/downloads\/01_14_3_melleklet_szandeknyilatkozat.doc<\/a><\/li>\n<\/ul>\n<div class=\"sharedaddy sd-sharing-enabled\"><div class=\"robots-nocontent sd-block sd-social sd-social-icon sd-sharing\"><h3 class=\"sd-title\">Share this:<\/h3><div class=\"sd-content\"><ul><li class=\"share-facebook\"><a rel=\"nofollow noopener noreferrer\" data-shared=\"sharing-facebook-290\" class=\"share-facebook sd-button share-icon no-text\" href=\"https:\/\/bukkleader.hu\/old\/a-hacs-felhivasa-a-2014-2020-idoszak-elokeszitesevel-kapcsolatban\/?share=facebook\" target=\"_blank\" title=\"Click to share on Facebook\"><span><\/span><span class=\"sharing-screen-reader-text\">Click to share on Facebook (Opens in new window)<\/span><\/a><\/li><li class=\"share-twitter\"><a rel=\"nofollow noopener noreferrer\" data-shared=\"sharing-twitter-290\" class=\"share-twitter sd-button share-icon no-text\" href=\"https:\/\/bukkleader.hu\/old\/a-hacs-felhivasa-a-2014-2020-idoszak-elokeszitesevel-kapcsolatban\/?share=twitter\" target=\"_blank\" title=\"Click to share on Twitter\"><span><\/span><span class=\"sharing-screen-reader-text\">Click to share on Twitter (Opens in new window)<\/span><\/a><\/li><li class=\"share-print\"><a rel=\"nofollow noopener noreferrer\" data-shared=\"\" class=\"share-print sd-button share-icon no-text\" href=\"https:\/\/bukkleader.hu\/old\/a-hacs-felhivasa-a-2014-2020-idoszak-elokeszitesevel-kapcsolatban\/\" target=\"_blank\" title=\"Click to print\"><span><\/span><span class=\"sharing-screen-reader-text\">Click to print (Opens in new window)<\/span><\/a><\/li><li class=\"share-email\"><a rel=\"nofollow noopener noreferrer\" data-shared=\"\" class=\"share-email sd-button share-icon no-text\" href=\"https:\/\/bukkleader.hu\/old\/a-hacs-felhivasa-a-2014-2020-idoszak-elokeszitesevel-kapcsolatban\/?share=email\" target=\"_blank\" title=\"Click to email this to a friend\"><span><\/span><span class=\"sharing-screen-reader-text\">Click to email this to a friend (Opens in new window)<\/span><\/a><\/li><li class=\"share-end\"><\/li><\/ul><\/div><\/div><\/div>","protected":false},"excerpt":{"rendered":"<p>Az al\u00e1bbiakban k\u00f6zz\u00e9tessz\u00fck a HACS a 2014-2020 id\u0151szak tervez\u00e9s\u00e9nek el\u0151k\u00e9sz\u00edt\u00e9s\u00e9vel kapcsolatos felh\u00edv\u00e1s\u00e1t \u00e9s annak mell\u00e9kleteit, melyeket aj\u00e1nlunk tagjaink \u00e9s leend\u0151 tagjaink sz\u00edves figyelm\u00e9be.<\/p>\n<div class=\"sharedaddy sd-sharing-enabled\"><div class=\"robots-nocontent sd-block sd-social sd-social-icon sd-sharing\"><h3 class=\"sd-title\">Share this:<\/h3><div class=\"sd-content\"><ul><li class=\"share-facebook\"><a rel=\"nofollow noopener noreferrer\" data-shared=\"sharing-facebook-290\" class=\"share-facebook sd-button share-icon no-text\" href=\"https:\/\/bukkleader.hu\/old\/a-hacs-felhivasa-a-2014-2020-idoszak-elokeszitesevel-kapcsolatban\/?share=facebook\" target=\"_blank\" title=\"Click to share on Facebook\"><span><\/span><span class=\"sharing-screen-reader-text\">Click to share on Facebook (Opens in new window)<\/span><\/a><\/li><li class=\"share-twitter\"><a rel=\"nofollow noopener noreferrer\" data-shared=\"sharing-twitter-290\" class=\"share-twitter sd-button share-icon no-text\" href=\"https:\/\/bukkleader.hu\/old\/a-hacs-felhivasa-a-2014-2020-idoszak-elokeszitesevel-kapcsolatban\/?share=twitter\" target=\"_blank\" title=\"Click to share on Twitter\"><span><\/span><span class=\"sharing-screen-reader-text\">Click to share on Twitter (Opens in new window)<\/span><\/a><\/li><li class=\"share-print\"><a rel=\"nofollow noopener noreferrer\" data-shared=\"\" class=\"share-print sd-button share-icon no-text\" href=\"https:\/\/bukkleader.hu\/old\/a-hacs-felhivasa-a-2014-2020-idoszak-elokeszitesevel-kapcsolatban\/\" target=\"_blank\" title=\"Click to print\"><span><\/span><span class=\"sharing-screen-reader-text\">Click to print (Opens in new window)<\/span><\/a><\/li><li class=\"share-email\"><a rel=\"nofollow noopener noreferrer\" data-shared=\"\" class=\"share-email sd-button share-icon no-text\" href=\"https:\/\/bukkleader.hu\/old\/a-hacs-felhivasa-a-2014-2020-idoszak-elokeszitesevel-kapcsolatban\/?share=email\" target=\"_blank\" title=\"Click to email this to a friend\"><span><\/span><span class=\"sharing-screen-reader-text\">Click to email this to a friend (Opens in new window)<\/span><\/a><\/li><li class=\"share-end\"><\/li><\/ul><\/div><\/div><\/div>","protected":false},"author":1,"featured_media":291,"comment_status":"open","ping_status":"closed","sticky":false,"template":"","format":"standard","meta":{"_bbp_topic_count":0,"_bbp_reply_count":0,"_bbp_total_topic_count":0,"_bbp_total_reply_count":0,"_bbp_voice_count":0,"_bbp_anonymous_reply_count":0,"_bbp_topic_count_hidden":0,"_bbp_reply_count_hidden":0,"_bbp_forum_subforum_count":0,"spay_email":"","jetpack_publicize_message":"","jetpack_is_tweetstorm":false,"jetpack_publicize_feature_enabled":true},"categories":[1],"tags":[],"jetpack_featured_media_url":"https:\/\/bukkleader.hu\/old\/wp-content\/uploads\/2015\/09\/bukk-leader-logo-w.jpg","jetpack_publicize_connections":[],"jetpack_sharing_enabled":true,"jetpack-related-posts":[{"id":112,"url":"https:\/\/bukkleader.hu\/old\/2013-oktober-01-2013-december-31-idoszak\/","url_meta":{"origin":290,"position":0},"title":"2013. okt\u00f3ber 01. &#8211; 2013. december 31. id\u0151szak","date":"2014-01-02","format":false,"excerpt":"A B\u00fckk-T\u00e9rs\u00e9gi LEADER Egyes\u00fclet munkaszervezet\u00e9nek legfontosabb feladatai a 2013.10.01. \u2013 12.31. id\u0151szakban a 2013. \u00e9vben beny\u00fajtott LEADER p\u00e1ly\u00e1zatok v\u00e9gs\u0151 t\u00e1mogat\u00e1si rangsorainak \u00f6ssze\u00e1ll\u00edt\u00e1sa, a p\u00e1ly\u00e1z\u00f3k tan\u00e1csol\u00e1sa a turisztikai p\u00e1ly\u00e1zataik el\u0151k\u00e9sz\u00edt\u00e9s\u00e9hez, a LEADER t\u00e9rs\u00e9gek k\u00f6z\u00f6tti egy\u00fcttm\u0171k\u00f6d\u00e9si p\u00e1ly\u00e1zatok beny\u00fajt\u00e1sa \u00e9s a 2014-2020 id\u0151szaki \u00faj Vid\u00e9kfejleszt\u00e9si Program megval\u00f3s\u00edt\u00e1s\u00e1nak el\u0151k\u00e9sz\u00edt\u00e9se voltak. Tov\u00e1bb\u00e1 a HACS a\u2026","rel":"","context":"In &quot;Munkabesz\u00e1mol\u00f3k&quot;","img":{"alt_text":"","src":"","width":0,"height":0},"classes":[]},{"id":104,"url":"https:\/\/bukkleader.hu\/old\/2012-oktober-01-2012-december-31-idoszak\/","url_meta":{"origin":290,"position":1},"title":"2012. okt\u00f3ber 01. \u2013 2012. december 31. id\u0151szak","date":"2013-01-02","format":false,"excerpt":"A B\u00fckk-T\u00e9rs\u00e9gi LEADER Egyes\u00fclet munkaszervezet\u00e9nek legfontosabb feladatai a 2012.10.01. \u2013 12.31. id\u0151szakban az EMVA III. falumeg\u00faj\u00edt\u00e1s \u00e9s \u2013fejleszt\u00e9s p\u00e1ly\u00e1zati id\u0151szak el\u0151k\u00e9sz\u00edt\u00e9se, a szakmai kapcsolat\u00e9p\u00edt\u00e9s \u00e9s az 2014-2020 id\u0151szak EU-s tervez\u00e9s\u00e9vel kapcsolatos egyeztet\u00e9seken val\u00f3 r\u00e9szv\u00e9tel voltak.A vid\u00e9kfejleszt\u00e9si k\u00f6z\u00f6ss\u00e9g min\u00e9l sz\u00e9lesebb k\u00f6r\u0171 t\u00e1j\u00e9koztat\u00e1sa \u00e9rdek\u00e9ben a t\u00e1mogat\u00e1si id\u0151szakban \u00f6sszesen 9 szakmai f\u00f3rumot tartottunk,\u2026","rel":"","context":"In &quot;Munkabesz\u00e1mol\u00f3k&quot;","img":{"alt_text":"","src":"","width":0,"height":0},"classes":[]},{"id":266,"url":"https:\/\/bukkleader.hu\/old\/2012-oktober-25-i-hacs-eloadasok-bemutatoi\/","url_meta":{"origin":290,"position":2},"title":"2012. okt\u00f3ber 25-i HACS el\u0151ad\u00e1sok bemutat\u00f3i","date":"2012-10-30","format":false,"excerpt":"Let\u00f6lthet\u0151k az okt\u00f3ber 25-i HACS szakmai f\u00f3rumon elhangzott el\u0151ad\u00e1sok bemutat\u00f3iA B\u00fckk-T\u00e9rs\u00e9gi LEADER Egyes\u00fclet a 2012. okt\u00f3ber 25-\u00e9n a b\u0151csi Faluh\u00e1zban szakmai f\u00f3rumot tartott a tagjai \u00e9s potenci\u00e1lis p\u00e1ly\u00e1z\u00f3i r\u00e9sz\u00e9re (megh\u00edv\u00f3 let\u00f6lt\u00e9se >>). A f\u00f3rumon a HACS munkat\u00e1rsai bemutatt\u00e1k a 2012. november 15-ig p\u00e1ly\u00e1zhat\u00f3 EMVA III. falumeg\u00faj\u00edt\u00e1s \u00e9s \u2013fejleszt\u00e9s jogc\u00edm t\u00e1mogat\u00e1si\u2026","rel":"","context":"In &quot;H\u00edreink, k\u00f6zlem\u00e9nyeink&quot;","img":{"alt_text":"eu-kohezio-w","src":"https:\/\/i2.wp.com\/bukkleader.hu\/old\/wp-content\/uploads\/2015\/09\/eu-kohezio-w.jpg?resize=350%2C200&ssl=1","width":350,"height":200},"classes":[]},{"id":317,"url":"https:\/\/bukkleader.hu\/old\/felhivas-a-helyi-videkfejlesztesi-strategia-felulvizsgalataban-valo-reszvetelre\/","url_meta":{"origin":290,"position":3},"title":"FELH\u00cdV\u00c1S a Helyi Vid\u00e9kfejleszt\u00e9si Strat\u00e9gia fel\u00fclvizsg\u00e1lat\u00e1ban val\u00f3 r\u00e9szv\u00e9telre","date":"2013-03-27","format":false,"excerpt":"A B\u00fckk-T\u00e9rs\u00e9gi LEADER Egyes\u00fclet a Vid\u00e9kfejleszt\u00e9si Miniszt\u00e9rium el\u0151\u00edr\u00e1sai alapj\u00e1n a 2013. m\u00e1rcius 26. - 2013. \u00e1prilis 05. id\u0151szakban meghirdeti a Helyi Vid\u00e9kfejleszt\u00e9si Strat\u00e9gia (HVS) 2013. \u00e9vi fel\u00fclvizsg\u00e1lat\u00e1t. A fel\u00fclvizsg\u00e1lat c\u00e9lja a LEADER III. t\u00e1mogat\u00e1si id\u0151szak\u00e1nak el\u0151k\u00e9sz\u00edt\u00e9se, mely el\u0151rel\u00e1that\u00f3lag 2013. m\u00e1jus h\u00f3napban indul (projektjavaslatok beny\u00fajt\u00e1s\u00e1val).Tov\u00e1bb:\u00a0a TELJES FELH\u00cdV\u00c1S LET\u00d6LT\u00c9SE WORD FORM\u00c1TUMBAN >>Mell\u00e9kletek:HPME\u2026","rel":"","context":"In &quot;H\u00edreink, k\u00f6zlem\u00e9nyeink&quot;","img":{"alt_text":"felki\u00e1llt\u00f3 jel","src":"https:\/\/i0.wp.com\/bukkleader.hu\/old\/wp-content\/uploads\/2012\/06\/felkialto-jel384w.jpg?resize=350%2C200&ssl=1","width":350,"height":200},"classes":[]},{"id":102,"url":"https:\/\/bukkleader.hu\/old\/2012-julius-01-2012-szeptember-30-idoszak\/","url_meta":{"origin":290,"position":4},"title":"2012. j\u00falius 01. \u2013 2012. szeptember 30. id\u0151szak","date":"2012-10-01","format":false,"excerpt":"A B\u00fckk-T\u00e9rs\u00e9gi LEADER Egyes\u00fclet legfontosabb feladatai a 2012.07.01. \u2013 09.30. id\u0151szakban az EMVA III. falumeg\u00faj\u00edt\u00e1s \u00e9s \u2013fejleszt\u00e9s jogc\u00edm el\u0151k\u00e9sz\u00edt\u00e9se, a szakmai kapcsolat\u00e9p\u00edt\u00e9s \u00e9s az 2014-2020 id\u0151szak EU-s tervez\u00e9s\u00e9be val\u00f3 bekapcsol\u00f3d\u00e1s voltak. Munk\u00e1nkr\u00f3l 1 t\u00e9rs\u00e9gi \u00fajs\u00e1gban, 2 szakmai kiadv\u00e1nyban \u00e9s 3 weboldalon jelent meg tud\u00f3s\u00edt\u00e1s.A t\u00e1mogat\u00e1si id\u0151szakban t\u00e1rgyal\u00e1sokat folytattunk a Nemzeti\u2026","rel":"","context":"In &quot;Munkabesz\u00e1mol\u00f3k&quot;","img":{"alt_text":"","src":"","width":0,"height":0},"classes":[]},{"id":405,"url":"https:\/\/bukkleader.hu\/old\/figyelem-uj-vallalkozas-fejlesztesi-tamogatasok-elerhetoek\/","url_meta":{"origin":290,"position":5},"title":"FIGYELEM! \u00daj v\u00e1llalkoz\u00e1s-fejleszt\u00e9si t\u00e1mogat\u00e1sok el\u00e9rhet\u0151ek!","date":"2014-10-21","format":false,"excerpt":"Megjelent a Mikro-, kis- \u00e9s k\u00f6z\u00e9pv\u00e1llalkoz\u00e1sok termel\u00e9si kapacit\u00e1sainak b\u0151v\u00edt\u00e9se \u00e9s a Fiatalok v\u00e1llalkoz\u00f3v\u00e1 v\u00e1l\u00e1s\u00e1nak t\u00e1mogat\u00e1sa\u00a0p\u00e1ly\u00e1zati felh\u00edv\u00e1s.\u00a0Mivel a 2007-2013-as programoz\u00e1si id\u0151szak mikr\u00f3v\u00e1llalkoz\u00e1sok fejleszt\u00e9se \u00e9s l\u00e9trehoz\u00e1sa t\u00e1mogat\u00e1si jogc\u00edme nem ker\u00fclt neves\u00edt\u00e9sre a 2014-2020 k\u00f6z\u00f6tti Vid\u00e9kfejleszt\u00e9si Programban, ez\u00e9rt a vid\u00e9ki v\u00e1llalkoz\u00e1sok a Gazdas\u00e1gfejleszt\u00e9si \u00e9s Innov\u00e1ci\u00f3s Operat\u00edv Program (GINOP) keret\u00e9n bel\u00fcl tudnak fejleszt\u00e9si forr\u00e1shoz\u2026","rel":"","context":"In &quot;H\u00edreink, k\u00f6zlem\u00e9nyeink&quot;","img":{"alt_text":"felki\u00e1llt\u00f3 jel","src":"https:\/\/i0.wp.com\/bukkleader.hu\/old\/wp-content\/uploads\/2012\/06\/felkialto-jel384w.jpg?resize=350%2C200&ssl=1","width":350,"height":200},"classes":[]}],"_links":{"self":[{"href":"https:\/\/bukkleader.hu\/old\/wp-json\/wp\/v2\/posts\/290"}],"collection":[{"href":"https:\/\/bukkleader.hu\/old\/wp-json\/wp\/v2\/posts"}],"about":[{"href":"https:\/\/bukkleader.hu\/old\/wp-json\/wp\/v2\/types\/post"}],"author":[{"embeddable":true,"href":"https:\/\/bukkleader.hu\/old\/wp-json\/wp\/v2\/users\/1"}],"replies":[{"embeddable":true,"href":"https:\/\/bukkleader.hu\/old\/wp-json\/wp\/v2\/comments?post=290"}],"version-history":[{"count":1,"href":"https:\/\/bukkleader.hu\/old\/wp-json\/wp\/v2\/posts\/290\/revisions"}],"predecessor-version":[{"id":292,"href":"https:\/\/bukkleader.hu\/old\/wp-json\/wp\/v2\/posts\/290\/revisions\/292"}],"wp:featuredmedia":[{"embeddable":true,"href":"https:\/\/bukkleader.hu\/old\/wp-json\/wp\/v2\/media\/291"}],"wp:attachment":[{"href":"https:\/\/bukkleader.hu\/old\/wp-json\/wp\/v2\/media?parent=290"}],"wp:term":[{"taxonomy":"category","embeddable":true,"href":"https:\/\/bukkleader.hu\/old\/wp-json\/wp\/v2\/categories?post=290"},{"taxonomy":"post_tag","embeddable":true,"href":"https:\/\/bukkleader.hu\/old\/wp-json\/wp\/v2\/tags?post=290"}],"curies":[{"name":"wp","href":"https:\/\/api.w.org\/{rel}","templated":true}]}}