{"id":288,"date":"2012-12-12T13:00:13","date_gmt":"2012-12-12T12:00:13","guid":{"rendered":"https:\/\/bukkleader.hu\/old\/new\/?p=288"},"modified":"2015-09-22T13:02:06","modified_gmt":"2015-09-22T11:02:06","slug":"figyelem-december-31-en-lejar-az-egyes-kifizetesi-kerelmek-benyujtasanak-modositott-hatarideje","status":"publish","type":"post","link":"https:\/\/bukkleader.hu\/old\/figyelem-december-31-en-lejar-az-egyes-kifizetesi-kerelmek-benyujtasanak-modositott-hatarideje\/","title":{"rendered":"FIGYELEM! December 31-\u00e9n lej\u00e1r az egyes kifizet\u00e9si k\u00e9relmek beny\u00fajt\u00e1s\u00e1nak m\u00f3dos\u00edtott hat\u00e1rideje"},"content":{"rendered":"<p class=\"style6\">A <a href=\"http:\/\/www.kormany.hu\/download\/9\/01\/a0000\/MR_2012_076_%28VII_27%29_VM_rendelet.pdf\" target=\"_blank\">76\/2012. (VII. 27.) VM rendelet<\/a> alapj\u00e1n az egyes jogc\u00edmeken megv\u00e1ltoztak az els\u0151 kifizet\u00e9si k\u00e9relem beny\u00fajt\u00e1s\u00e1ra vonatkoz\u00f3 szab\u00e1lyok az el\u0151\u00edrt felt\u00e9telek teljes\u00fcl\u00e9se mellett. <!--more-->\u00a0A m\u00f3dos\u00edt\u00e1s \u00e9rtelm\u00e9ben<strong class=\"style212\"> az \u00fcgyf\u00e9l 2012. december 31-\u00e9ig ny\u00fajthatja be els\u0151 kifizet\u00e9si k\u00e9relmet<\/strong>, amellyel olyan kiad\u00e1s is elsz\u00e1mol\u00e1sra ker\u00fcl, amely nem min\u0151s\u00fcl egy\u00e9b elsz\u00e1molhat\u00f3 kiad\u00e1snak, amennyiben az<strong>els\u0151 kifizet\u00e9si k\u00e9relem beny\u00fajt\u00e1s\u00e1ra nyitva \u00e1ll\u00f3 hat\u00e1rid\u0151 megs\u00e9rt\u00e9se miatt, <a href=\"http:\/\/www.kormany.hu\/download\/9\/01\/a0000\/MR_2012_076_%28VII_27%29_VM_rendelet.pdf\" target=\"_blank\">a m\u00f3dos\u00edt\u00f3 rendelet<\/a> hat\u00e1lyba l\u00e9p\u00e9sekor<\/strong><\/p>\n<p>a t\u00e1mogat\u00e1shoz val\u00f3 jogosults\u00e1g megsz\u00fcntet\u00e9s\u00e9nek, tov\u00e1bb\u00e1 az \u00fcgyf\u00e9l a hat\u00e1rozat joger\u0151re emelked\u00e9s\u00e9t k\u00f6vet\u0151 h\u00e1rom \u00e9vre a 2007-2013-as id\u0151szakban EMVA t\u00e1rsfinansz\u00edroz\u00e1s\u00e1ban <strong>nem ter\u00fclet- \u00e9s \u00e1llatl\u00e9tsz\u00e1m alap\u00fa t\u00e1mogat\u00e1sokra vonatkoz\u00f3 kiz\u00e1r\u00e1s\u00e1nak lenne helye<\/strong>\u00a0 (a kor\u00e1bbi szab\u00e1lyoz\u00e1s alapj\u00e1n) vagy<\/p>\n<p><strong>az els\u0151 pont szerinti d\u00f6nt\u00e9seket az MVH meghozta, de azok m\u00e9g nem emelkedtek joger\u0151re<\/strong> vagy<\/p>\n<p>az els\u0151 pont szerinti d\u00f6nt\u00e9sek kapcs\u00e1n<strong class=\"style6\"> b\u00edr\u00f3s\u00e1gi fel\u00fclvizsg\u00e1lat van folyamatban<\/strong>.<\/p>\n<p class=\"style6\"><em>Az EMVA III-IV. tengely eset\u00e9ben a v\u00e1ltoz\u00e1s az al\u00e1bbi jogc\u00edmeket, \u00fcgyeket \u00e9rinti:<\/em><\/p>\n<p>EMVA III. <strong>falumeg\u00faj\u00edt\u00e1s \u00e9s \u2013fejleszt\u00e9s \u2013 135\/2008. (X. 18.) FVM rendelet<\/strong> keret\u00e9ben folyamatban l\u00e9v\u0151 azon \u00fcgyek, amelyek eset\u00e9n a t\u00e1mogat\u00e1si k\u00e9relmet <strong>2009. december 21-ig<\/strong> ny\u00fajtott\u00e1k be.<\/p>\n<p>EMVA III. <strong>mikrov\u00e1llalkoz\u00e1sok l\u00e9trehoz\u00e1sa \u00e9s fejleszt\u00e9se &#8211; 136\/2008. (X. 18.) FVM rendelet<\/strong> keret\u00e9ben folyamatban l\u00e9v\u0151 azon \u00fcgyek, amelyek eset\u00e9n a t\u00e1mogat\u00e1si k\u00e9relmet <strong>2009. december 21-ig<\/strong>ny\u00fajtott\u00e1k be.<\/p>\n<p>EMVA III. <strong>turisztikai tev\u00e9kenys\u00e9gek \u00f6szt\u00f6nz\u00e9se &#8211; 137\/2008. (X. 18.) FVM rendelet<\/strong> keret\u00e9ben folyamatban l\u00e9v\u0151 azon \u00fcgyek, amelyek eset\u00e9n a t\u00e1mogat\u00e1si k\u00e9relmet <strong>2009. janu\u00e1r 12-ig<\/strong> ny\u00fajtott\u00e1k be.<\/p>\n<p>EMVA III. <strong>vid\u00e9ki \u00f6r\u00f6ks\u00e9g meg\u0151rz\u00e9se &#8211; 138\/2008. (X. 18.) FVM rendelet <\/strong>keret\u00e9ben folyamatban l\u00e9v\u0151 azon \u00fcgyek, amelyek eset\u00e9n a t\u00e1mogat\u00e1si k\u00e9relmet <strong>2009. december 21-ig<\/strong> ny\u00fajtott\u00e1k be.<\/p>\n<p>EMVA IV. <strong>LEADER &#8211; 122\/2009. (IX. 17.) FVM rendelet <\/strong>keret\u00e9ben folyamatban l\u00e9v\u0151 azon \u00fcgyek, amelyek eset\u00e9n a t\u00e1mogat\u00e1si k\u00e9relmet <strong>2009. november 16-ig <\/strong>ny\u00fajtott\u00e1k be.<\/p>\n<p class=\"style6\"><a href=\"http:\/\/www.mvh.gov.hu\/portal\/MVHPortal\/default\/mainmenu\/hirek\/modosultak_az_europai_mezogazd_20120730_1032361\" target=\"_blank\">Tov\u00e1bbi r\u00e9szletes inform\u00e1ci\u00f3k az MVH honlapj\u00e1n &gt;&gt;<\/a><\/p>\n<div class=\"sharedaddy sd-sharing-enabled\"><div class=\"robots-nocontent sd-block sd-social sd-social-icon sd-sharing\"><h3 class=\"sd-title\">Share this:<\/h3><div class=\"sd-content\"><ul><li class=\"share-facebook\"><a rel=\"nofollow noopener noreferrer\" data-shared=\"sharing-facebook-288\" class=\"share-facebook sd-button share-icon no-text\" href=\"https:\/\/bukkleader.hu\/old\/figyelem-december-31-en-lejar-az-egyes-kifizetesi-kerelmek-benyujtasanak-modositott-hatarideje\/?share=facebook\" target=\"_blank\" title=\"Click to share on Facebook\"><span><\/span><span class=\"sharing-screen-reader-text\">Click to share on Facebook (Opens in new window)<\/span><\/a><\/li><li class=\"share-twitter\"><a rel=\"nofollow noopener noreferrer\" data-shared=\"sharing-twitter-288\" class=\"share-twitter sd-button share-icon no-text\" href=\"https:\/\/bukkleader.hu\/old\/figyelem-december-31-en-lejar-az-egyes-kifizetesi-kerelmek-benyujtasanak-modositott-hatarideje\/?share=twitter\" target=\"_blank\" title=\"Click to share on Twitter\"><span><\/span><span class=\"sharing-screen-reader-text\">Click to share on Twitter (Opens in new window)<\/span><\/a><\/li><li class=\"share-print\"><a rel=\"nofollow noopener noreferrer\" data-shared=\"\" class=\"share-print sd-button share-icon no-text\" href=\"https:\/\/bukkleader.hu\/old\/figyelem-december-31-en-lejar-az-egyes-kifizetesi-kerelmek-benyujtasanak-modositott-hatarideje\/\" target=\"_blank\" title=\"Click to print\"><span><\/span><span class=\"sharing-screen-reader-text\">Click to print (Opens in new window)<\/span><\/a><\/li><li class=\"share-email\"><a rel=\"nofollow noopener noreferrer\" data-shared=\"\" class=\"share-email sd-button share-icon no-text\" href=\"https:\/\/bukkleader.hu\/old\/figyelem-december-31-en-lejar-az-egyes-kifizetesi-kerelmek-benyujtasanak-modositott-hatarideje\/?share=email\" target=\"_blank\" title=\"Click to email this to a friend\"><span><\/span><span class=\"sharing-screen-reader-text\">Click to email this to a friend (Opens in new window)<\/span><\/a><\/li><li class=\"share-end\"><\/li><\/ul><\/div><\/div><\/div>","protected":false},"excerpt":{"rendered":"<p>A 76\/2012. (VII. 27.) VM rendelet alapj\u00e1n az egyes jogc\u00edmeken megv\u00e1ltoztak az els\u0151 kifizet\u00e9si k\u00e9relem beny\u00fajt\u00e1s\u00e1ra vonatkoz\u00f3 szab\u00e1lyok az el\u0151\u00edrt felt\u00e9telek teljes\u00fcl\u00e9se mellett.<\/p>\n<div class=\"sharedaddy sd-sharing-enabled\"><div class=\"robots-nocontent sd-block sd-social sd-social-icon sd-sharing\"><h3 class=\"sd-title\">Share this:<\/h3><div class=\"sd-content\"><ul><li class=\"share-facebook\"><a rel=\"nofollow noopener noreferrer\" data-shared=\"sharing-facebook-288\" class=\"share-facebook sd-button share-icon no-text\" href=\"https:\/\/bukkleader.hu\/old\/figyelem-december-31-en-lejar-az-egyes-kifizetesi-kerelmek-benyujtasanak-modositott-hatarideje\/?share=facebook\" target=\"_blank\" title=\"Click to share on Facebook\"><span><\/span><span class=\"sharing-screen-reader-text\">Click to share on Facebook (Opens in new window)<\/span><\/a><\/li><li class=\"share-twitter\"><a rel=\"nofollow noopener noreferrer\" data-shared=\"sharing-twitter-288\" class=\"share-twitter sd-button share-icon no-text\" href=\"https:\/\/bukkleader.hu\/old\/figyelem-december-31-en-lejar-az-egyes-kifizetesi-kerelmek-benyujtasanak-modositott-hatarideje\/?share=twitter\" target=\"_blank\" title=\"Click to share on Twitter\"><span><\/span><span class=\"sharing-screen-reader-text\">Click to share on Twitter (Opens in new window)<\/span><\/a><\/li><li class=\"share-print\"><a rel=\"nofollow noopener noreferrer\" data-shared=\"\" class=\"share-print sd-button share-icon no-text\" href=\"https:\/\/bukkleader.hu\/old\/figyelem-december-31-en-lejar-az-egyes-kifizetesi-kerelmek-benyujtasanak-modositott-hatarideje\/\" target=\"_blank\" title=\"Click to print\"><span><\/span><span class=\"sharing-screen-reader-text\">Click to print (Opens in new window)<\/span><\/a><\/li><li class=\"share-email\"><a rel=\"nofollow noopener noreferrer\" data-shared=\"\" class=\"share-email sd-button share-icon no-text\" href=\"https:\/\/bukkleader.hu\/old\/figyelem-december-31-en-lejar-az-egyes-kifizetesi-kerelmek-benyujtasanak-modositott-hatarideje\/?share=email\" target=\"_blank\" title=\"Click to email this to a friend\"><span><\/span><span class=\"sharing-screen-reader-text\">Click to email this to a friend (Opens in new window)<\/span><\/a><\/li><li class=\"share-end\"><\/li><\/ul><\/div><\/div><\/div>","protected":false},"author":1,"featured_media":229,"comment_status":"open","ping_status":"closed","sticky":false,"template":"","format":"standard","meta":{"_bbp_topic_count":0,"_bbp_reply_count":0,"_bbp_total_topic_count":0,"_bbp_total_reply_count":0,"_bbp_voice_count":0,"_bbp_anonymous_reply_count":0,"_bbp_topic_count_hidden":0,"_bbp_reply_count_hidden":0,"_bbp_forum_subforum_count":0,"spay_email":"","jetpack_publicize_message":"","jetpack_is_tweetstorm":false,"jetpack_publicize_feature_enabled":true},"categories":[1],"tags":[],"jetpack_featured_media_url":"https:\/\/bukkleader.hu\/old\/wp-content\/uploads\/2012\/06\/felkialto-jel384w.jpg","jetpack_publicize_connections":[],"jetpack_sharing_enabled":true,"jetpack-related-posts":[{"id":371,"url":"https:\/\/bukkleader.hu\/old\/kifizetesi-kerelem-benyujtasi-idoszak-2014-februar-01-2014-majus-31\/","url_meta":{"origin":288,"position":0},"title":"Kifizet\u00e9si k\u00e9relem beny\u00fajt\u00e1si id\u0151szak: 2014. febru\u00e1r 01. \u2013 2014. m\u00e1jus 31.","date":"2014-02-28","format":false,"excerpt":"A HACS illet\u00e9kess\u00e9gi k\u00f6r\u00e9be tartoz\u00f3, t\u00e1mogatott int\u00e9zked\u00e9sek vonatkoz\u00e1s\u00e1ban a 2014. febru\u00e1r 01. \u2013 2014. m\u00e1jus 31. id\u0151szakban beny\u00fajthat\u00f3k a megval\u00f3s\u00edtott vagy megval\u00f3s\u00edt\u00e1s alatt \u00e1ll\u00f3 projektek kifizet\u00e9si k\u00e9relmei, az al\u00e1bbi el\u0151\u00edr\u00e1sok alapj\u00e1n:A Helyi Vid\u00e9kfejleszt\u00e9si Strat\u00e9gi\u00e1k LEADER fejezet\u00e9nek v\u00e9grehajt\u00e1s\u00e1hoz ny\u00fajtand\u00f3 t\u00e1mogat\u00e1s: 13\/2014. (I.22.) sz\u00e1m\u00fa MVH K\u00f6zlem\u00e9ny >>A turisztikai tev\u00e9kenys\u00e9gek \u00f6szt\u00f6nz\u00e9s\u00e9hez ny\u00fajtand\u00f3 t\u00e1mogat\u00e1s:\u2026","rel":"","context":"In &quot;H\u00edreink, k\u00f6zlem\u00e9nyeink&quot;","img":{"alt_text":"felki\u00e1llt\u00f3 jel","src":"https:\/\/i0.wp.com\/bukkleader.hu\/old\/wp-content\/uploads\/2012\/06\/felkialto-jel384w.jpg?resize=350%2C200&ssl=1","width":350,"height":200},"classes":[]},{"id":269,"url":"https:\/\/bukkleader.hu\/old\/emva-iii-benyujtasi-hatarideje-modosult\/","url_meta":{"origin":288,"position":1},"title":"EMVA III. beny\u00fajt\u00e1si hat\u00e1rideje m\u00f3dosult","date":"2012-11-13","format":false,"excerpt":"FIGYELEM! Az EMVA III. falumeg\u00faj\u00edt\u00e1s \u00e9s \u2013fejleszt\u00e9s p\u00e1ly\u00e1zatok beny\u00fajt\u00e1si hat\u00e1rideje 2012. november 30-ra m\u00f3dosultMegjelent a vid\u00e9kfejleszt\u00e9si miniszter 113\/2012. (XI. 09.) VM rendelete az egyes agr\u00e1r- \u00e9s vid\u00e9kfejleszt\u00e9si t\u00e1mogat\u00e1si t\u00e1rgy\u00fa miniszteri rendeletek m\u00f3dos\u00edt\u00e1s\u00e1r\u00f3l, melynek 2. \u00a7 (7) bekezd\u00e9s d) pontja szerint a 102\/2012. (X. 1.) VM rendelet 5. \u00a7 (1) bekezd\u00e9s\u00e9ben\u2026","rel":"","context":"In &quot;H\u00edreink, k\u00f6zlem\u00e9nyeink&quot;","img":{"alt_text":"felki\u00e1llt\u00f3 jel","src":"https:\/\/i0.wp.com\/bukkleader.hu\/old\/wp-content\/uploads\/2012\/06\/felkialto-jel384w.jpg?resize=350%2C200&ssl=1","width":350,"height":200},"classes":[]},{"id":436,"url":"https:\/\/bukkleader.hu\/old\/projektgazdak-figyelem\/","url_meta":{"origin":288,"position":2},"title":"PROJEKTGAZD\u00c1K, FIGYELEM!","date":"2015-08-14","format":false,"excerpt":"Hamarosan lej\u00e1rnak az Eur\u00f3pai Mez\u0151gazdas\u00e1gi Vid\u00e9kfejleszt\u00e9si Alapb\u00f3l t\u00e1rsfinansz\u00edrozott, egyes beruh\u00e1z\u00e1si jogc\u00edmekre vonatkoz\u00f3\u00a0megval\u00f3s\u00edt\u00e1si, illetve kifizet\u00e9si k\u00e9relem beny\u00fajt\u00e1si hat\u00e1rid\u0151k. A vonatkoz\u00f3 jogc\u00edmekr\u0151l \u00e9s hat\u00e1rid\u0151kr\u0151l az MVH kimutat\u00e1st, t\u00e1j\u00e9koztat\u00f3t k\u00e9sz\u00edtett, melyet aj\u00e1nlunk minden projektgazda figyelm\u00e9be. A t\u00e1j\u00e9koztat\u00f3 let\u00f6lt\u00e9se >>","rel":"","context":"In &quot;H\u00edreink, k\u00f6zlem\u00e9nyeink&quot;","img":{"alt_text":"felki\u00e1llt\u00f3 jel","src":"https:\/\/i0.wp.com\/bukkleader.hu\/old\/wp-content\/uploads\/2012\/06\/felkialto-jel384w.jpg?resize=350%2C200&ssl=1","width":350,"height":200},"classes":[]},{"id":222,"url":"https:\/\/bukkleader.hu\/old\/elektronikus-uton-is-benyujthatok-a-leader-kifizetesi-kerelmek\/","url_meta":{"origin":288,"position":3},"title":"Elektronikus \u00faton is beny\u00fajthat\u00f3k a LEADER kifizet\u00e9si k\u00e9relmek","date":"2012-08-22","format":false,"excerpt":"Megjelent a 128\/2012. (VIII. 06.) MVH k\u00f6zlem\u00e9ny az Eur\u00f3pai Mez\u0151gazdas\u00e1gi Vid\u00e9kfejleszt\u00e9si Alapb\u00f3l a Helyi Vid\u00e9kfejleszt\u00e9si Strat\u00e9gi\u00e1k LEADER fejezet\u00e9nek v\u00e9grehajt\u00e1s\u00e1hoz ny\u00fajtand\u00f3 t\u00e1mogat\u00e1s kifizet\u00e9s\u00e9nek ig\u00e9nyl\u00e9s\u00e9r\u0151l sz\u00f3l\u00f3 107\/2012. (VII. 20.) sz\u00e1m\u00fa MVH k\u00f6zlem\u00e9ny m\u00f3dos\u00edt\u00e1s\u00e1r\u00f3l. A k\u00f6zlem\u00e9ny szerint a kifizet\u00e9si k\u00e9relmek elektronikus m\u00f3don t\u00f6rt\u00e9n\u0151 beny\u00fajt\u00e1s\u00e1hoz rendelkez\u00e9sre \u00e1ll a megfelel\u0151 fel\u00fclet, \u00edgy a kifizet\u00e9si k\u00e9relmek\u2026","rel":"","context":"In &quot;H\u00edreink, k\u00f6zlem\u00e9nyeink&quot;","img":{"alt_text":"mhv-logo","src":"https:\/\/i2.wp.com\/bukkleader.hu\/old\/wp-content\/uploads\/2015\/09\/mvh-logo-w.jpg?resize=350%2C200&ssl=1","width":350,"height":200},"classes":[]},{"id":2077,"url":"https:\/\/bukkleader.hu\/old\/tajekoztatas-eloleg-es-kifizetesi-kerelem-benyujtasanak-lehetosegerol\/","url_meta":{"origin":288,"position":4},"title":"T\u00e1j\u00e9koztat\u00e1s el\u0151leg- \u00e9s kifizet\u00e9si k\u00e9relem beny\u00fajt\u00e1s\u00e1nak lehet\u0151s\u00e9g\u00e9r\u0151l","date":"2019-06-14","format":false,"excerpt":"Tisztelt P\u00e1ly\u00e1z\u00f3k! T\u00e1j\u00e9koztatjuk \u00d6n\u00f6ket, hogy a LEADER helyi felh\u00edv\u00e1sok kapcs\u00e1n lehet\u0151s\u00e9g van el\u0151leg- \u00e9s kifizet\u00e9si k\u00e9relem beny\u00fajt\u00e1s\u00e1ra, melyhez a seg\u00e9dletek az al\u00e1bbi linken \u00e9rhet\u0151ek el: https:\/\/www.mvh.allamkincstar.gov.hu\/tamogatasok-listazo\/-\/tamogatas\/5746072\/tajekoztatok.","rel":"","context":"In &quot;Dokumentumok&quot;","img":{"alt_text":"","src":"https:\/\/i2.wp.com\/bukkleader.hu\/old\/wp-content\/uploads\/2017\/12\/danger.png?resize=350%2C200&ssl=1","width":350,"height":200},"classes":[]},{"id":303,"url":"https:\/\/bukkleader.hu\/old\/2013-februar-01-tol-2013-majus-31-ig-nyujthatok-be-a-leader-kifizetesi-kerelmek\/","url_meta":{"origin":288,"position":5},"title":"2013. febru\u00e1r 01-t\u0151l 2013. m\u00e1jus 31-ig ny\u00fajthat\u00f3k be a LEADER kifizet\u00e9si k\u00e9relmek","date":"2013-01-31","format":false,"excerpt":"Megjelent a 19\/2013. (I.22.) sz\u00e1m\u00fa MVH k\u00f6zlem\u00e9ny az Eur\u00f3pai Mez\u0151gazdas\u00e1gi Vid\u00e9kfejleszt\u00e9si Alapb\u00f3l a Helyi Vid\u00e9kfejleszt\u00e9si Strat\u00e9gi\u00e1k LEADER fejezet\u00e9nek v\u00e9grehajt\u00e1s\u00e1hoz ny\u00fajtand\u00f3 t\u00e1mogat\u00e1s kifizet\u00e9s\u00e9nek ig\u00e9nyl\u00e9s\u00e9r\u0151l. A k\u00f6zlem\u00e9ny szerint az EMVA IV. \u2013 LEADER kifizet\u00e9si k\u00e9relmek 2013. febru\u00e1r 01. \u2013 2013. m\u00e1jus 31. id\u0151szakban elektronikus \u00faton ny\u00fajthat\u00f3k be.Az MVH k\u00f6zlem\u00e9ny \u00e9s az azzal\u2026","rel":"","context":"In &quot;H\u00edreink, k\u00f6zlem\u00e9nyeink&quot;","img":{"alt_text":"mhv-logo","src":"https:\/\/i2.wp.com\/bukkleader.hu\/old\/wp-content\/uploads\/2015\/09\/mvh-logo-w.jpg?resize=350%2C200&ssl=1","width":350,"height":200},"classes":[]}],"_links":{"self":[{"href":"https:\/\/bukkleader.hu\/old\/wp-json\/wp\/v2\/posts\/288"}],"collection":[{"href":"https:\/\/bukkleader.hu\/old\/wp-json\/wp\/v2\/posts"}],"about":[{"href":"https:\/\/bukkleader.hu\/old\/wp-json\/wp\/v2\/types\/post"}],"author":[{"embeddable":true,"href":"https:\/\/bukkleader.hu\/old\/wp-json\/wp\/v2\/users\/1"}],"replies":[{"embeddable":true,"href":"https:\/\/bukkleader.hu\/old\/wp-json\/wp\/v2\/comments?post=288"}],"version-history":[{"count":1,"href":"https:\/\/bukkleader.hu\/old\/wp-json\/wp\/v2\/posts\/288\/revisions"}],"predecessor-version":[{"id":289,"href":"https:\/\/bukkleader.hu\/old\/wp-json\/wp\/v2\/posts\/288\/revisions\/289"}],"wp:featuredmedia":[{"embeddable":true,"href":"https:\/\/bukkleader.hu\/old\/wp-json\/wp\/v2\/media\/229"}],"wp:attachment":[{"href":"https:\/\/bukkleader.hu\/old\/wp-json\/wp\/v2\/media?parent=288"}],"wp:term":[{"taxonomy":"category","embeddable":true,"href":"https:\/\/bukkleader.hu\/old\/wp-json\/wp\/v2\/categories?post=288"},{"taxonomy":"post_tag","embeddable":true,"href":"https:\/\/bukkleader.hu\/old\/wp-json\/wp\/v2\/tags?post=288"}],"curies":[{"name":"wp","href":"https:\/\/api.w.org\/{rel}","templated":true}]}}