{"id":285,"date":"2012-12-12T12:57:41","date_gmt":"2012-12-12T11:57:41","guid":{"rendered":"https:\/\/bukkleader.hu\/old\/new\/?p=285"},"modified":"2015-09-23T08:32:23","modified_gmt":"2015-09-23T06:32:23","slug":"beerkeztek-az-emva-iii-falumegujitas-es-fejlesztes-palyazatok","status":"publish","type":"post","link":"https:\/\/bukkleader.hu\/old\/beerkeztek-az-emva-iii-falumegujitas-es-fejlesztes-palyazatok\/","title":{"rendered":"Be\u00e9rkeztek az EMVA III. Falumeg\u00faj\u00edt\u00e1s \u00e9s \u2013fejleszt\u00e9s p\u00e1ly\u00e1zatok"},"content":{"rendered":"<p style=\"text-align: justify;\">2012. november 30-i hat\u00e1rid\u0151ig a B\u00fckk-T\u00e9rs\u00e9gi LEADER Egyes\u00fclethez <strong>\u00f6sszesen 27 db EMVA III. falumeg\u00faj\u00edt\u00e1s \u00e9s -fejleszt\u00e9si p\u00e1ly\u00e1zat \u00e9rkezett be, mintegy 260 milli\u00f3 Ft-os t\u00e1mogat\u00e1si ig\u00e9nnyel<\/strong>. A p\u00e1ly\u00e1zatok \u00fcgyint\u00e9z\u00e9s\u00e9t a HACS munkat\u00e1rsai megkezdt\u00e9k. A jogc\u00edmben a HACS <strong class=\"style212\">rendelkez\u00e9s\u00e9re \u00e1ll\u00f3 keret 134 milli\u00f3 Ft<\/strong>, teh\u00e1t &#8211; amennyiben tov\u00e1bbi forr\u00e1sok nem szabadulnak fel &#8211; el\u0151rel\u00e1that\u00f3lag a p\u00e1ly\u00e1zatok fel\u00e9nek t\u00e1mogat\u00e1s\u00e1ra ny\u00edlik majd lehet\u0151s\u00e9ge a k\u00f6z\u00f6ss\u00e9gnek.<\/p>\n<div class=\"sharedaddy sd-sharing-enabled\"><div class=\"robots-nocontent sd-block sd-social sd-social-icon sd-sharing\"><h3 class=\"sd-title\">Share this:<\/h3><div class=\"sd-content\"><ul><li class=\"share-facebook\"><a rel=\"nofollow noopener noreferrer\" data-shared=\"sharing-facebook-285\" class=\"share-facebook sd-button share-icon no-text\" href=\"https:\/\/bukkleader.hu\/old\/beerkeztek-az-emva-iii-falumegujitas-es-fejlesztes-palyazatok\/?share=facebook\" target=\"_blank\" title=\"Click to share on Facebook\"><span><\/span><span class=\"sharing-screen-reader-text\">Click to share on Facebook (Opens in new window)<\/span><\/a><\/li><li class=\"share-twitter\"><a rel=\"nofollow noopener noreferrer\" data-shared=\"sharing-twitter-285\" class=\"share-twitter sd-button share-icon no-text\" href=\"https:\/\/bukkleader.hu\/old\/beerkeztek-az-emva-iii-falumegujitas-es-fejlesztes-palyazatok\/?share=twitter\" target=\"_blank\" title=\"Click to share on Twitter\"><span><\/span><span class=\"sharing-screen-reader-text\">Click to share on Twitter (Opens in new window)<\/span><\/a><\/li><li class=\"share-print\"><a rel=\"nofollow noopener noreferrer\" data-shared=\"\" class=\"share-print sd-button share-icon no-text\" href=\"https:\/\/bukkleader.hu\/old\/beerkeztek-az-emva-iii-falumegujitas-es-fejlesztes-palyazatok\/\" target=\"_blank\" title=\"Click to print\"><span><\/span><span class=\"sharing-screen-reader-text\">Click to print (Opens in new window)<\/span><\/a><\/li><li class=\"share-email\"><a rel=\"nofollow noopener noreferrer\" data-shared=\"\" class=\"share-email sd-button share-icon no-text\" href=\"https:\/\/bukkleader.hu\/old\/beerkeztek-az-emva-iii-falumegujitas-es-fejlesztes-palyazatok\/?share=email\" target=\"_blank\" title=\"Click to email this to a friend\"><span><\/span><span class=\"sharing-screen-reader-text\">Click to email this to a friend (Opens in new window)<\/span><\/a><\/li><li class=\"share-end\"><\/li><\/ul><\/div><\/div><\/div>","protected":false},"excerpt":{"rendered":"<p>2012. november 30-i hat\u00e1rid\u0151ig a B\u00fckk-T\u00e9rs\u00e9gi LEADER Egyes\u00fclethez \u00f6sszesen 27 db EMVA III. falumeg\u00faj\u00edt\u00e1s \u00e9s -fejleszt\u00e9si p\u00e1ly\u00e1zat \u00e9rkezett be, mintegy 260 milli\u00f3 Ft-os t\u00e1mogat\u00e1si ig\u00e9nnyel. A p\u00e1ly\u00e1zatok \u00fcgyint\u00e9z\u00e9s\u00e9t a HACS munkat\u00e1rsai megkezdt\u00e9k. A jogc\u00edmben a HACS rendelkez\u00e9s\u00e9re \u00e1ll\u00f3 keret 134 milli\u00f3 Ft, teh\u00e1t &#8211; amennyiben tov\u00e1bbi forr\u00e1sok nem szabadulnak fel &#8211; el\u0151rel\u00e1that\u00f3lag a p\u00e1ly\u00e1zatok fel\u00e9nek [&hellip;]<\/p>\n<div class=\"sharedaddy sd-sharing-enabled\"><div class=\"robots-nocontent sd-block sd-social sd-social-icon sd-sharing\"><h3 class=\"sd-title\">Share this:<\/h3><div class=\"sd-content\"><ul><li class=\"share-facebook\"><a rel=\"nofollow noopener noreferrer\" data-shared=\"sharing-facebook-285\" class=\"share-facebook sd-button share-icon no-text\" href=\"https:\/\/bukkleader.hu\/old\/beerkeztek-az-emva-iii-falumegujitas-es-fejlesztes-palyazatok\/?share=facebook\" target=\"_blank\" title=\"Click to share on Facebook\"><span><\/span><span class=\"sharing-screen-reader-text\">Click to share on Facebook (Opens in new window)<\/span><\/a><\/li><li class=\"share-twitter\"><a rel=\"nofollow noopener noreferrer\" data-shared=\"sharing-twitter-285\" class=\"share-twitter sd-button share-icon no-text\" href=\"https:\/\/bukkleader.hu\/old\/beerkeztek-az-emva-iii-falumegujitas-es-fejlesztes-palyazatok\/?share=twitter\" target=\"_blank\" title=\"Click to share on Twitter\"><span><\/span><span class=\"sharing-screen-reader-text\">Click to share on Twitter (Opens in new window)<\/span><\/a><\/li><li class=\"share-print\"><a rel=\"nofollow noopener noreferrer\" data-shared=\"\" class=\"share-print sd-button share-icon no-text\" href=\"https:\/\/bukkleader.hu\/old\/beerkeztek-az-emva-iii-falumegujitas-es-fejlesztes-palyazatok\/\" target=\"_blank\" title=\"Click to print\"><span><\/span><span class=\"sharing-screen-reader-text\">Click to print (Opens in new window)<\/span><\/a><\/li><li class=\"share-email\"><a rel=\"nofollow noopener noreferrer\" data-shared=\"\" class=\"share-email sd-button share-icon no-text\" href=\"https:\/\/bukkleader.hu\/old\/beerkeztek-az-emva-iii-falumegujitas-es-fejlesztes-palyazatok\/?share=email\" target=\"_blank\" title=\"Click to email this to a friend\"><span><\/span><span class=\"sharing-screen-reader-text\">Click to email this to a friend (Opens in new window)<\/span><\/a><\/li><li class=\"share-end\"><\/li><\/ul><\/div><\/div><\/div>","protected":false},"author":1,"featured_media":286,"comment_status":"open","ping_status":"closed","sticky":false,"template":"","format":"standard","meta":{"_bbp_topic_count":0,"_bbp_reply_count":0,"_bbp_total_topic_count":0,"_bbp_total_reply_count":0,"_bbp_voice_count":0,"_bbp_anonymous_reply_count":0,"_bbp_topic_count_hidden":0,"_bbp_reply_count_hidden":0,"_bbp_forum_subforum_count":0,"spay_email":"","jetpack_publicize_message":"","jetpack_is_tweetstorm":false,"jetpack_publicize_feature_enabled":true},"categories":[6,1],"tags":[],"jetpack_featured_media_url":"https:\/\/bukkleader.hu\/old\/wp-content\/uploads\/2015\/09\/boritek-w.jpg","jetpack_publicize_connections":[],"jetpack_sharing_enabled":true,"jetpack-related-posts":[{"id":356,"url":"https:\/\/bukkleader.hu\/old\/emva-iii-iv-palyazati-eredmenyeink-es-tovabbi-palyazati-lehetosegek-a-2013-evben\/","url_meta":{"origin":285,"position":0},"title":"EMVA III-IV. p\u00e1ly\u00e1zati eredm\u00e9nyeink \u00e9s tov\u00e1bbi p\u00e1ly\u00e1zati lehet\u0151s\u00e9gek a 2013. \u00e9vben","date":"2013-11-14","format":false,"excerpt":"A \u201eNyertes p\u00e1ly\u00e1z\u00f3ink\u201d men\u00fcpontban el\u00e9rhet\u0151k a 2013. \u00e9vben az EMVA III. Falumeg\u00faj\u00edt\u00e1s \u00e9s \u2013 fejleszt\u00e9s jogc\u00edmen \u00e9s az EMVA IV. LEADER idei fordul\u00f3j\u00e1ban t\u00e1mogat\u00e1st nyert p\u00e1ly\u00e1z\u00f3ink list\u00e1ja, melyek szerint 16 db falufejleszt\u00e9si p\u00e1ly\u00e1zat ker\u00fclt t\u00e1mogat\u00e1sra, 142.153.203,- Ft lek\u00f6t\u00f6tt forr\u00e1ssal, valamint a LEADER 2013. \u00e9vi fordul\u00f3j\u00e1ban (2013.06.17-i beny\u00fajt\u00e1si id\u0151szak) eddig 45\u2026","rel":"","context":"In &quot;H\u00edreink, k\u00f6zlem\u00e9nyeink&quot;","img":{"alt_text":"bukk-leader-logo-w","src":"https:\/\/i2.wp.com\/bukkleader.hu\/old\/wp-content\/uploads\/2015\/09\/bukk-leader-logo-w.jpg?resize=350%2C200&ssl=1","width":350,"height":200},"classes":[]},{"id":266,"url":"https:\/\/bukkleader.hu\/old\/2012-oktober-25-i-hacs-eloadasok-bemutatoi\/","url_meta":{"origin":285,"position":1},"title":"2012. okt\u00f3ber 25-i HACS el\u0151ad\u00e1sok bemutat\u00f3i","date":"2012-10-30","format":false,"excerpt":"Let\u00f6lthet\u0151k az okt\u00f3ber 25-i HACS szakmai f\u00f3rumon elhangzott el\u0151ad\u00e1sok bemutat\u00f3iA B\u00fckk-T\u00e9rs\u00e9gi LEADER Egyes\u00fclet a 2012. okt\u00f3ber 25-\u00e9n a b\u0151csi Faluh\u00e1zban szakmai f\u00f3rumot tartott a tagjai \u00e9s potenci\u00e1lis p\u00e1ly\u00e1z\u00f3i r\u00e9sz\u00e9re (megh\u00edv\u00f3 let\u00f6lt\u00e9se >>). A f\u00f3rumon a HACS munkat\u00e1rsai bemutatt\u00e1k a 2012. november 15-ig p\u00e1ly\u00e1zhat\u00f3 EMVA III. falumeg\u00faj\u00edt\u00e1s \u00e9s \u2013fejleszt\u00e9s jogc\u00edm t\u00e1mogat\u00e1si\u2026","rel":"","context":"In &quot;H\u00edreink, k\u00f6zlem\u00e9nyeink&quot;","img":{"alt_text":"eu-kohezio-w","src":"https:\/\/i2.wp.com\/bukkleader.hu\/old\/wp-content\/uploads\/2015\/09\/eu-kohezio-w.jpg?resize=350%2C200&ssl=1","width":350,"height":200},"classes":[]},{"id":104,"url":"https:\/\/bukkleader.hu\/old\/2012-oktober-01-2012-december-31-idoszak\/","url_meta":{"origin":285,"position":2},"title":"2012. okt\u00f3ber 01. \u2013 2012. december 31. id\u0151szak","date":"2013-01-02","format":false,"excerpt":"A B\u00fckk-T\u00e9rs\u00e9gi LEADER Egyes\u00fclet munkaszervezet\u00e9nek legfontosabb feladatai a 2012.10.01. \u2013 12.31. id\u0151szakban az EMVA III. falumeg\u00faj\u00edt\u00e1s \u00e9s \u2013fejleszt\u00e9s p\u00e1ly\u00e1zati id\u0151szak el\u0151k\u00e9sz\u00edt\u00e9se, a szakmai kapcsolat\u00e9p\u00edt\u00e9s \u00e9s az 2014-2020 id\u0151szak EU-s tervez\u00e9s\u00e9vel kapcsolatos egyeztet\u00e9seken val\u00f3 r\u00e9szv\u00e9tel voltak.A vid\u00e9kfejleszt\u00e9si k\u00f6z\u00f6ss\u00e9g min\u00e9l sz\u00e9lesebb k\u00f6r\u0171 t\u00e1j\u00e9koztat\u00e1sa \u00e9rdek\u00e9ben a t\u00e1mogat\u00e1si id\u0151szakban \u00f6sszesen 9 szakmai f\u00f3rumot tartottunk,\u2026","rel":"","context":"In &quot;Munkabesz\u00e1mol\u00f3k&quot;","img":{"alt_text":"","src":"","width":0,"height":0},"classes":[]},{"id":108,"url":"https:\/\/bukkleader.hu\/old\/2013-aprilis-01-2013-junius-30-idoszak\/","url_meta":{"origin":285,"position":3},"title":"2013. \u00e1prilis 01. &#8211; 2013. j\u00fanius 30. id\u0151szak","date":"2013-07-01","format":false,"excerpt":"A B\u00fckk-T\u00e9rs\u00e9gi LEADER Egyes\u00fclet munkaszervezet\u00e9nek legfontosabb feladatai a 2013.03.01. \u2013 06.30. id\u0151szakban a HACS-hoz be\u00e9rkezett EMVA III. falumeg\u00faj\u00edt\u00e1s \u00e9s \u2013fejleszt\u00e9s p\u00e1ly\u00e1zatok rangsor\u00e1nak kialak\u00edt\u00e1sa \u00e9s t\u00e1mogat\u00e1si hat\u00e1rozataik ki\u00e1ll\u00edt\u00e1sa, a LEADER III. t\u00e1mogat\u00e1si id\u0151szak\u00e1nak el\u0151k\u00e9sz\u00edt\u00e9se, a HVS fel\u00fclvizsg\u00e1lata \u00e9s a LEADER el\u0151p\u00e1ly\u00e1zatok befogad\u00e1sa, a p\u00e1ly\u00e1zatok \u00fcgyint\u00e9z\u00e9s\u00e9nek megkezd\u00e9se voltak.Az EMVA III. falumeg\u00faj\u00edt\u00e1s \u00e9s\u2026","rel":"","context":"In &quot;Munkabesz\u00e1mol\u00f3k&quot;","img":{"alt_text":"","src":"","width":0,"height":0},"classes":[]},{"id":273,"url":"https:\/\/bukkleader.hu\/old\/2012-masodik-felevi-palyazati-lehetosegek\/","url_meta":{"origin":285,"position":4},"title":"2012. m\u00e1sodik f\u00e9l\u00e9vi p\u00e1ly\u00e1zati lehet\u0151s\u00e9gek","date":"2012-11-30","format":false,"excerpt":"2012. m\u00e1sodik f\u00e9l\u00e9v\u00e9ben a Dar\u00e1nyi Ign\u00e1c Terv \u2013 \u00daj Magyarorsz\u00e1g Vid\u00e9kfejleszt\u00e9si Program keret\u00e9ben \u00fajabb EMVA III. \u00e9s LEADER vid\u00e9kfejleszt\u00e9si t\u00e1mogat\u00e1sok elnyer\u00e9s\u00e9re ny\u00edlnak lehet\u0151s\u00e9gek. A B\u00fckk-T\u00e9rs\u00e9gi LEADER Egyes\u00fclet ter\u00fclet\u00e9r\u0151l a 2012. okt\u00f3ber 15. \u2013 november 30. id\u0151szakban EMVA III. falumeg\u00faj\u00edt\u00e1s \u00e9s \u2013fejleszt\u00e9sre, valamint \u00e9v v\u00e9g\u00e9n \u2013 2013. elej\u00e9n a Helyi Vid\u00e9kfejleszt\u00e9si\u2026","rel":"","context":"In &quot;H\u00edreink, k\u00f6zlem\u00e9nyeink&quot;","img":{"alt_text":"384-1-daranyi-ignac-terv","src":"https:\/\/i1.wp.com\/bukkleader.hu\/old\/wp-content\/uploads\/2015\/09\/384-1-daranyi-ignac-terv.jpg?resize=350%2C200&ssl=1","width":350,"height":200},"classes":[]},{"id":259,"url":"https:\/\/bukkleader.hu\/old\/2012-oktober-15-en-nyilik-az-emva-iii\/","url_meta":{"origin":285,"position":5},"title":"2012. okt\u00f3ber 15-\u00e9n ny\u00edlik az EMVA III","date":"2012-10-03","format":false,"excerpt":"2012. okt\u00f3ber 15-\u00e9n ny\u00edlik az EMVA III. falumeg\u00faj\u00edt\u00e1s \u00e9s \u2013fejleszt\u00e9s t\u00e1mogat\u00e1si id\u0151szakaMegjelent a 102\/2012. (X. 01.) VM rendelet az Eur\u00f3pai Mez\u0151gazdas\u00e1gi Vid\u00e9kfejleszt\u00e9si Alapb\u00f3l a falumeg\u00faj\u00edt\u00e1sra \u00e9s -fejleszt\u00e9sreLEADER Helyi Akci\u00f3csoportok k\u00f6zrem\u0171k\u00f6d\u00e9s\u00e9vel 2012-t\u0151l ig\u00e9nybe vehet\u0151 t\u00e1mogat\u00e1sok r\u00e9szletes felt\u00e9teleir\u0151l. A rendelet szerint \u201ea t\u00e1mogat\u00e1si k\u00e9relmet postai \u00faton 2012-ben okt\u00f3ber 15. \u00e9s november 15.\u2026","rel":"","context":"In &quot;H\u00edreink, k\u00f6zlem\u00e9nyeink&quot;","img":{"alt_text":"felki\u00e1llt\u00f3 jel","src":"https:\/\/i0.wp.com\/bukkleader.hu\/old\/wp-content\/uploads\/2012\/06\/felkialto-jel384w.jpg?resize=350%2C200&ssl=1","width":350,"height":200},"classes":[]}],"_links":{"self":[{"href":"https:\/\/bukkleader.hu\/old\/wp-json\/wp\/v2\/posts\/285"}],"collection":[{"href":"https:\/\/bukkleader.hu\/old\/wp-json\/wp\/v2\/posts"}],"about":[{"href":"https:\/\/bukkleader.hu\/old\/wp-json\/wp\/v2\/types\/post"}],"author":[{"embeddable":true,"href":"https:\/\/bukkleader.hu\/old\/wp-json\/wp\/v2\/users\/1"}],"replies":[{"embeddable":true,"href":"https:\/\/bukkleader.hu\/old\/wp-json\/wp\/v2\/comments?post=285"}],"version-history":[{"count":1,"href":"https:\/\/bukkleader.hu\/old\/wp-json\/wp\/v2\/posts\/285\/revisions"}],"predecessor-version":[{"id":287,"href":"https:\/\/bukkleader.hu\/old\/wp-json\/wp\/v2\/posts\/285\/revisions\/287"}],"wp:featuredmedia":[{"embeddable":true,"href":"https:\/\/bukkleader.hu\/old\/wp-json\/wp\/v2\/media\/286"}],"wp:attachment":[{"href":"https:\/\/bukkleader.hu\/old\/wp-json\/wp\/v2\/media?parent=285"}],"wp:term":[{"taxonomy":"category","embeddable":true,"href":"https:\/\/bukkleader.hu\/old\/wp-json\/wp\/v2\/categories?post=285"},{"taxonomy":"post_tag","embeddable":true,"href":"https:\/\/bukkleader.hu\/old\/wp-json\/wp\/v2\/tags?post=285"}],"curies":[{"name":"wp","href":"https:\/\/api.w.org\/{rel}","templated":true}]}}