{"id":2825,"date":"2020-08-26T13:12:22","date_gmt":"2020-08-26T11:12:22","guid":{"rendered":"https:\/\/bukkleader.hu\/old\/?p=2825"},"modified":"2020-09-01T09:29:58","modified_gmt":"2020-09-01T07:29:58","slug":"hogy-oroksegunk-ne-vesszen-el-rendezveny-tardon-leader-tamogatassal-2020-09-26","status":"publish","type":"post","link":"https:\/\/bukkleader.hu\/old\/hogy-oroksegunk-ne-vesszen-el-rendezveny-tardon-leader-tamogatassal-2020-09-26\/","title":{"rendered":"&#8220;Hogy \u00f6r\u00f6ks\u00e9g\u00fcnk ne vesszen el&#8221; rendezv\u00e9ny Tardon LEADER t\u00e1mogat\u00e1ssal &#8211; 2020.09.26."},"content":{"rendered":"<p>A <strong>Forr\u00e1s Kereszt\u00e9ny \u00d3voda, \u00c1ltal\u00e1nos Iskola, Szakk\u00f6z\u00e9piskola \u00e9s Alapfok\u00fa M\u0171v\u00e9szeti Iskola (Forr\u00e1s Oktat\u00e1si K\u00f6zpont)\u00a0<\/strong>tisztelettel megh\u00edvja \u00d6n\u00f6ket\u00a0<strong>2020. szeptember 26-\u00e1n<\/strong>\u00a0(szombat) <strong>Tardon<\/strong> tartand\u00f3, LEADER t\u00e1mogat\u00e1ssal megval\u00f3sul\u00f3 <strong>&#8220;&#8230;hogy \u00f6r\u00f6ks\u00e9g\u00fcnk ne vesszen el&#8221;<\/strong> c\u00edm\u0171 rendezv\u00e9ny\u00e9re. A r\u00e9szletes program:<\/p>\n<p><del><img data-attachment-id=\"2826\" data-permalink=\"https:\/\/bukkleader.hu\/old\/hogy-oroksegunk-ne-vesszen-el-rendezveny-tardon-leader-tamogatassal-2020-09-26\/meghivo_page-0001\/\" data-orig-file=\"https:\/\/bukkleader.hu\/old\/wp-content\/uploads\/2020\/09\/Meghivo_page-0001.jpg\" data-orig-size=\"1240,1754\" data-comments-opened=\"1\" data-image-meta=\"{&quot;aperture&quot;:&quot;0&quot;,&quot;credit&quot;:&quot;&quot;,&quot;camera&quot;:&quot;&quot;,&quot;caption&quot;:&quot;&quot;,&quot;created_timestamp&quot;:&quot;0&quot;,&quot;copyright&quot;:&quot;&quot;,&quot;focal_length&quot;:&quot;0&quot;,&quot;iso&quot;:&quot;0&quot;,&quot;shutter_speed&quot;:&quot;0&quot;,&quot;title&quot;:&quot;&quot;,&quot;orientation&quot;:&quot;0&quot;}\" data-image-title=\"Meghivo_page-0001\" data-image-description=\"\" data-image-caption=\"\" data-medium-file=\"https:\/\/bukkleader.hu\/old\/wp-content\/uploads\/2020\/09\/Meghivo_page-0001-212x300.jpg\" data-large-file=\"https:\/\/bukkleader.hu\/old\/wp-content\/uploads\/2020\/09\/Meghivo_page-0001-724x1024.jpg\" loading=\"lazy\" class=\"aligncenter size-full wp-image-2826\" src=\"https:\/\/bukkleader.hu\/old\/wp-content\/uploads\/2020\/09\/Meghivo_page-0001.jpg\" alt=\"\" width=\"1240\" height=\"1754\" srcset=\"https:\/\/bukkleader.hu\/old\/wp-content\/uploads\/2020\/09\/Meghivo_page-0001.jpg 1240w, https:\/\/bukkleader.hu\/old\/wp-content\/uploads\/2020\/09\/Meghivo_page-0001-212x300.jpg 212w, https:\/\/bukkleader.hu\/old\/wp-content\/uploads\/2020\/09\/Meghivo_page-0001-768x1086.jpg 768w, https:\/\/bukkleader.hu\/old\/wp-content\/uploads\/2020\/09\/Meghivo_page-0001-724x1024.jpg 724w\" sizes=\"(max-width: 1240px) 100vw, 1240px\" \/><\/del><\/p>\n<div class=\"sharedaddy sd-sharing-enabled\"><div class=\"robots-nocontent sd-block sd-social sd-social-icon sd-sharing\"><h3 class=\"sd-title\">Share this:<\/h3><div class=\"sd-content\"><ul><li class=\"share-facebook\"><a rel=\"nofollow noopener noreferrer\" data-shared=\"sharing-facebook-2825\" class=\"share-facebook sd-button share-icon no-text\" href=\"https:\/\/bukkleader.hu\/old\/hogy-oroksegunk-ne-vesszen-el-rendezveny-tardon-leader-tamogatassal-2020-09-26\/?share=facebook\" target=\"_blank\" title=\"Click to share on Facebook\"><span><\/span><span class=\"sharing-screen-reader-text\">Click to share on Facebook (Opens in new window)<\/span><\/a><\/li><li class=\"share-twitter\"><a rel=\"nofollow noopener noreferrer\" data-shared=\"sharing-twitter-2825\" class=\"share-twitter sd-button share-icon no-text\" href=\"https:\/\/bukkleader.hu\/old\/hogy-oroksegunk-ne-vesszen-el-rendezveny-tardon-leader-tamogatassal-2020-09-26\/?share=twitter\" target=\"_blank\" title=\"Click to share on Twitter\"><span><\/span><span class=\"sharing-screen-reader-text\">Click to share on Twitter (Opens in new window)<\/span><\/a><\/li><li class=\"share-print\"><a rel=\"nofollow noopener noreferrer\" data-shared=\"\" class=\"share-print sd-button share-icon no-text\" href=\"https:\/\/bukkleader.hu\/old\/hogy-oroksegunk-ne-vesszen-el-rendezveny-tardon-leader-tamogatassal-2020-09-26\/\" target=\"_blank\" title=\"Click to print\"><span><\/span><span class=\"sharing-screen-reader-text\">Click to print (Opens in new window)<\/span><\/a><\/li><li class=\"share-email\"><a rel=\"nofollow noopener noreferrer\" data-shared=\"\" class=\"share-email sd-button share-icon no-text\" href=\"https:\/\/bukkleader.hu\/old\/hogy-oroksegunk-ne-vesszen-el-rendezveny-tardon-leader-tamogatassal-2020-09-26\/?share=email\" target=\"_blank\" title=\"Click to email this to a friend\"><span><\/span><span class=\"sharing-screen-reader-text\">Click to email this to a friend (Opens in new window)<\/span><\/a><\/li><li class=\"share-end\"><\/li><\/ul><\/div><\/div><\/div>","protected":false},"excerpt":{"rendered":"<p>A Forr\u00e1s Kereszt\u00e9ny \u00d3voda, \u00c1ltal\u00e1nos Iskola, Szakk\u00f6z\u00e9piskola \u00e9s Alapfok\u00fa M\u0171v\u00e9szeti Iskola (Forr\u00e1s Oktat\u00e1si K\u00f6zpont)\u00a0tisztelettel megh\u00edvja \u00d6n\u00f6ket\u00a02020. szeptember 26-\u00e1n\u00a0(szombat) Tardon tartand\u00f3, LEADER t\u00e1mogat\u00e1ssal megval\u00f3sul\u00f3 &#8220;&#8230;hogy \u00f6r\u00f6ks\u00e9g\u00fcnk ne vesszen el&#8221; c\u00edm\u0171 rendezv\u00e9ny\u00e9re. A r\u00e9szletes program:<\/p>\n<div class=\"sharedaddy sd-sharing-enabled\"><div class=\"robots-nocontent sd-block sd-social sd-social-icon sd-sharing\"><h3 class=\"sd-title\">Share this:<\/h3><div class=\"sd-content\"><ul><li class=\"share-facebook\"><a rel=\"nofollow noopener noreferrer\" data-shared=\"sharing-facebook-2825\" class=\"share-facebook sd-button share-icon no-text\" href=\"https:\/\/bukkleader.hu\/old\/hogy-oroksegunk-ne-vesszen-el-rendezveny-tardon-leader-tamogatassal-2020-09-26\/?share=facebook\" target=\"_blank\" title=\"Click to share on Facebook\"><span><\/span><span class=\"sharing-screen-reader-text\">Click to share on Facebook (Opens in new window)<\/span><\/a><\/li><li class=\"share-twitter\"><a rel=\"nofollow noopener noreferrer\" data-shared=\"sharing-twitter-2825\" class=\"share-twitter sd-button share-icon no-text\" href=\"https:\/\/bukkleader.hu\/old\/hogy-oroksegunk-ne-vesszen-el-rendezveny-tardon-leader-tamogatassal-2020-09-26\/?share=twitter\" target=\"_blank\" title=\"Click to share on Twitter\"><span><\/span><span class=\"sharing-screen-reader-text\">Click to share on Twitter (Opens in new window)<\/span><\/a><\/li><li class=\"share-print\"><a rel=\"nofollow noopener noreferrer\" data-shared=\"\" class=\"share-print sd-button share-icon no-text\" href=\"https:\/\/bukkleader.hu\/old\/hogy-oroksegunk-ne-vesszen-el-rendezveny-tardon-leader-tamogatassal-2020-09-26\/\" target=\"_blank\" title=\"Click to print\"><span><\/span><span class=\"sharing-screen-reader-text\">Click to print (Opens in new window)<\/span><\/a><\/li><li class=\"share-email\"><a rel=\"nofollow noopener noreferrer\" data-shared=\"\" class=\"share-email sd-button share-icon no-text\" href=\"https:\/\/bukkleader.hu\/old\/hogy-oroksegunk-ne-vesszen-el-rendezveny-tardon-leader-tamogatassal-2020-09-26\/?share=email\" target=\"_blank\" title=\"Click to email this to a friend\"><span><\/span><span class=\"sharing-screen-reader-text\">Click to email this to a friend (Opens in new window)<\/span><\/a><\/li><li class=\"share-end\"><\/li><\/ul><\/div><\/div><\/div>","protected":false},"author":4,"featured_media":2827,"comment_status":"open","ping_status":"closed","sticky":false,"template":"","format":"standard","meta":{"_bbp_topic_count":0,"_bbp_reply_count":0,"_bbp_total_topic_count":0,"_bbp_total_reply_count":0,"_bbp_voice_count":0,"_bbp_anonymous_reply_count":0,"_bbp_topic_count_hidden":0,"_bbp_reply_count_hidden":0,"_bbp_forum_subforum_count":0,"spay_email":"","jetpack_publicize_message":"","jetpack_is_tweetstorm":false,"jetpack_publicize_feature_enabled":true},"categories":[1,31,29],"tags":[],"jetpack_featured_media_url":"https:\/\/bukkleader.hu\/old\/wp-content\/uploads\/2020\/09\/Tard2.jpg","jetpack_publicize_connections":[],"jetpack_sharing_enabled":true,"jetpack-related-posts":[{"id":2280,"url":"https:\/\/bukkleader.hu\/old\/lekvarfozes-bemutato-tardon-leader-tamogatassal\/","url_meta":{"origin":2825,"position":0},"title":"Lekv\u00e1rf\u0151z\u00e9s bemutat\u00f3 Tardon LEADER t\u00e1mogat\u00e1ssal","date":"2019-11-01","format":false,"excerpt":"A Forr\u00e1sfakaszt\u00f3 Nonprofit Kft (Tard) tisztelettel megh\u00edvja \u00d6n\u00f6ket 2019. december 2-\u00e1n (h\u00e9tf\u0151) tartand\u00f3, LEADER t\u00e1mogat\u00e1ssal megval\u00f3sul\u00f3 interakt\u00edv bemutat\u00f3 el\u0151ad\u00e1s\u00e1ra, melynek t\u00e9m\u00e1ja a lekv\u00e1rf\u0151z\u00e9s. A program egy t\u00f6bbr\u00e9szes sorozat els\u0151 rendezv\u00e9nye, melynek tov\u00e1bbi rendezv\u00e9nyeit a mell\u00e9kelt plak\u00e1ton felt\u00fcntetett id\u0151pontokban tervezik megtartani. \u00a0","rel":"","context":"In &quot;H\u00edreink, k\u00f6zlem\u00e9nyeink&quot;","img":{"alt_text":"","src":"https:\/\/i1.wp.com\/bukkleader.hu\/old\/wp-content\/uploads\/2019\/11\/prospektushatlap.jpg?resize=350%2C200&ssl=1","width":350,"height":200},"classes":[]},{"id":2295,"url":"https:\/\/bukkleader.hu\/old\/aszalas-bemutato-tardon-leader-tamogatassal\/","url_meta":{"origin":2825,"position":1},"title":"Aszal\u00e1s bemutat\u00f3 Tardon LEADER t\u00e1mogat\u00e1ssal","date":"2019-11-06","format":false,"excerpt":"A Forr\u00e1sfakaszt\u00f3 Nonprofit Kft (Tard) tisztelettel megh\u00edvja \u00d6n\u00f6ket 2019. december 7-\u00e9n (szombat) tartand\u00f3, LEADER t\u00e1mogat\u00e1ssal megval\u00f3sul\u00f3 interakt\u00edv bemutat\u00f3 el\u0151ad\u00e1s\u00e1ra, melynek t\u00e9m\u00e1ja az aszal\u00e1s. A program egy t\u00f6bbr\u00e9szes sorozat m\u00e1sodik rendezv\u00e9nye, melynek tov\u00e1bbi rendezv\u00e9nyeit a mell\u00e9kelt plak\u00e1ton felt\u00fcntetett id\u0151pontokban tervezik megtartani. \u00a0","rel":"","context":"In &quot;H\u00edreink, k\u00f6zlem\u00e9nyeink&quot;","img":{"alt_text":"","src":"https:\/\/i0.wp.com\/bukkleader.hu\/old\/wp-content\/uploads\/2019\/11\/aszalasmeghivo.jpg?resize=350%2C200&ssl=1","width":350,"height":200},"classes":[]},{"id":2470,"url":"https:\/\/bukkleader.hu\/old\/faismereti-bemutato-faapolasi-es-oltasi-ismeretek-tardon-leader-tamogatassal\/","url_meta":{"origin":2825,"position":2},"title":"Faismereti bemutat\u00f3 (Fa\u00e1pol\u00e1si \u00e9s olt\u00e1si ismeretek) Tardon LEADER t\u00e1mogat\u00e1ssal","date":"2020-03-03","format":false,"excerpt":"A Forr\u00e1sfakaszt\u00f3 Nonprofit Kft (Tard) tisztelettel megh\u00edvja \u00d6n\u00f6ket 2020. \u00e1prilis 16-\u00e1n (cs\u00fct\u00f6rt\u00f6k) tartand\u00f3, LEADER t\u00e1mogat\u00e1ssal megval\u00f3sul\u00f3 interakt\u00edv bemutat\u00f3 el\u0151ad\u00e1s\u00e1ra, melynek t\u00e9m\u00e1ja a faismeret - Fa\u00e1pol\u00e1si \u00e9s olt\u00e1si ismeretek. A program egy t\u00f6bbr\u00e9szes sorozat \u00f6t\u00f6dik rendezv\u00e9nye, melynek tov\u00e1bbi rendezv\u00e9nyeit a mell\u00e9kelt plak\u00e1ton felt\u00fcntetett id\u0151pontokban tervezik megtartani.","rel":"","context":"In &quot;H\u00edreink, k\u00f6zlem\u00e9nyeink&quot;","img":{"alt_text":"","src":"https:\/\/i1.wp.com\/bukkleader.hu\/old\/wp-content\/uploads\/2020\/03\/rsz_fa3.jpg?resize=350%2C200&ssl=1","width":350,"height":200},"classes":[]},{"id":2461,"url":"https:\/\/bukkleader.hu\/old\/faismereti-bemutato-bukkaljai-gyumolcsfak-ultetese-szemzese-tardon-leader-tamogatassal\/","url_meta":{"origin":2825,"position":3},"title":"Faismereti bemutat\u00f3 (B\u00fckkaljai gy\u00fcm\u00f6lcsf\u00e1k \u00fcltet\u00e9se, szemz\u00e9se) Tardon LEADER t\u00e1mogat\u00e1ssal","date":"2020-03-03","format":false,"excerpt":"A Forr\u00e1sfakaszt\u00f3 Nonprofit Kft (Tard) tisztelettel megh\u00edvja \u00d6n\u00f6ket 2020. m\u00e1rcius 26-\u00e1n (cs\u00fct\u00f6rt\u00f6k) tartand\u00f3, LEADER t\u00e1mogat\u00e1ssal megval\u00f3sul\u00f3 interakt\u00edv bemutat\u00f3 el\u0151ad\u00e1s\u00e1ra, melynek t\u00e9m\u00e1ja a faismeret - B\u00fckkaljai gy\u00fcm\u00f6lcsf\u00e1k \u00fcltet\u00e9se, szemz\u00e9se a gyakorlatban is. A program egy t\u00f6bbr\u00e9szes sorozat harmadik rendezv\u00e9nye, melynek tov\u00e1bbi rendezv\u00e9nyeit a mell\u00e9kelt plak\u00e1ton felt\u00fcntetett id\u0151pontokban tervezik megtartani.","rel":"","context":"In &quot;H\u00edreink, k\u00f6zlem\u00e9nyeink&quot;","img":{"alt_text":"","src":"https:\/\/i1.wp.com\/bukkleader.hu\/old\/wp-content\/uploads\/2020\/03\/rsz_fa1.jpg?resize=350%2C200&ssl=1","width":350,"height":200},"classes":[]},{"id":2467,"url":"https:\/\/bukkleader.hu\/old\/faismereti-bemutato-hagyomanyos-es-modern-metszes-tardon-leader-tamogatassal\/","url_meta":{"origin":2825,"position":4},"title":"Faismereti bemutat\u00f3 (Hagyom\u00e1nyos \u00e9s modern metsz\u00e9s) Tardon LEADER t\u00e1mogat\u00e1ssal","date":"2020-03-03","format":false,"excerpt":"A Forr\u00e1sfakaszt\u00f3 Nonprofit Kft (Tard) tisztelettel megh\u00edvja \u00d6n\u00f6ket 2020. \u00e1prilis 2-\u00e1n (cs\u00fct\u00f6rt\u00f6k) tartand\u00f3, LEADER t\u00e1mogat\u00e1ssal megval\u00f3sul\u00f3 interakt\u00edv bemutat\u00f3 el\u0151ad\u00e1s\u00e1ra, melynek t\u00e9m\u00e1ja a faismeret - Hagyom\u00e1nyos \u00e9s modern metsz\u00e9s gyakorlata \u00e9s jelent\u0151s\u00e9ge. A program egy t\u00f6bbr\u00e9szes sorozat negyedik rendezv\u00e9nye, melynek tov\u00e1bbi rendezv\u00e9nyeit a mell\u00e9kelt plak\u00e1ton felt\u00fcntetett id\u0151pontokban tervezik megtartani.","rel":"","context":"In &quot;H\u00edreink, k\u00f6zlem\u00e9nyeink&quot;","img":{"alt_text":"","src":"https:\/\/i2.wp.com\/bukkleader.hu\/old\/wp-content\/uploads\/2020\/03\/rsz_fa2.jpg?resize=350%2C200&ssl=1","width":350,"height":200},"classes":[]},{"id":2625,"url":"https:\/\/bukkleader.hu\/old\/faismereti-eloadasok-es-bemutatok-okologiai-faapolasi-eloadas-gyogynovenyismereti-eloadas-tardon-leader-tamogatassal\/","url_meta":{"origin":2825,"position":5},"title":"Faismereti el\u0151ad\u00e1sok \u00e9s bemutat\u00f3k, \u00f6kol\u00f3giai fa\u00e1pol\u00e1si el\u0151ad\u00e1s, gy\u00f3gyn\u00f6v\u00e9nyismereti el\u0151ad\u00e1s Tardon LEADER t\u00e1mogat\u00e1ssal","date":"2020-06-11","format":false,"excerpt":"A Forr\u00e1sfakaszt\u00f3 Nonprofit Kft (Tard) tisztelettel megh\u00edvja \u00d6n\u00f6ket az al\u00e1bbi, LEADER t\u00e1mogat\u00e1ssal megval\u00f3sul\u00f3 interakt\u00edv bemutat\u00f3 el\u0151ad\u00e1sokra, amely programok eredetileg 2020. m\u00e1rcius-\u00e1prilisban ker\u00fcltek volna megval\u00f3s\u00edt\u00e1sra, azonban a koronav\u00edrus j\u00e1rv\u00e1ny miatt elhalaszt\u00e1sra ker\u00fcltek. A programok egy h\u00e9tr\u00e9szes sorozat rendezv\u00e9nyei, melynek els\u0151 k\u00e9t rendezv\u00e9ny\u00e9re 2019. december\u00e9ben ker\u00fclt sor.","rel":"","context":"In &quot;H\u00edreink, k\u00f6zlem\u00e9nyeink&quot;","img":{"alt_text":"","src":"https:\/\/i2.wp.com\/bukkleader.hu\/old\/wp-content\/uploads\/2020\/03\/rsz_fa2.jpg?resize=350%2C200&ssl=1","width":350,"height":200},"classes":[]}],"_links":{"self":[{"href":"https:\/\/bukkleader.hu\/old\/wp-json\/wp\/v2\/posts\/2825"}],"collection":[{"href":"https:\/\/bukkleader.hu\/old\/wp-json\/wp\/v2\/posts"}],"about":[{"href":"https:\/\/bukkleader.hu\/old\/wp-json\/wp\/v2\/types\/post"}],"author":[{"embeddable":true,"href":"https:\/\/bukkleader.hu\/old\/wp-json\/wp\/v2\/users\/4"}],"replies":[{"embeddable":true,"href":"https:\/\/bukkleader.hu\/old\/wp-json\/wp\/v2\/comments?post=2825"}],"version-history":[{"count":1,"href":"https:\/\/bukkleader.hu\/old\/wp-json\/wp\/v2\/posts\/2825\/revisions"}],"predecessor-version":[{"id":2828,"href":"https:\/\/bukkleader.hu\/old\/wp-json\/wp\/v2\/posts\/2825\/revisions\/2828"}],"wp:featuredmedia":[{"embeddable":true,"href":"https:\/\/bukkleader.hu\/old\/wp-json\/wp\/v2\/media\/2827"}],"wp:attachment":[{"href":"https:\/\/bukkleader.hu\/old\/wp-json\/wp\/v2\/media?parent=2825"}],"wp:term":[{"taxonomy":"category","embeddable":true,"href":"https:\/\/bukkleader.hu\/old\/wp-json\/wp\/v2\/categories?post=2825"},{"taxonomy":"post_tag","embeddable":true,"href":"https:\/\/bukkleader.hu\/old\/wp-json\/wp\/v2\/tags?post=2825"}],"curies":[{"name":"wp","href":"https:\/\/api.w.org\/{rel}","templated":true}]}}