{"id":280,"date":"2012-12-12T12:49:32","date_gmt":"2012-12-12T11:49:32","guid":{"rendered":"https:\/\/bukkleader.hu\/old\/new\/?p=280"},"modified":"2015-09-22T12:50:34","modified_gmt":"2015-09-22T10:50:34","slug":"eloleg-veheto-igenybe-az-emva-egyes-beruhazasi-jogcimei-kereteben","status":"publish","type":"post","link":"https:\/\/bukkleader.hu\/old\/eloleg-veheto-igenybe-az-emva-egyes-beruhazasi-jogcimei-kereteben\/","title":{"rendered":"El\u0151leg vehet\u0151 ig\u00e9nybe az EMVA egyes beruh\u00e1z\u00e1si jogc\u00edmei keret\u00e9ben"},"content":{"rendered":"<p style=\"text-align: justify;\">Megjelent a <a href=\"http:\/\/www.kormany.hu\/download\/1\/3c\/b0000\/MR_2012_118_%28XI_22%29_VM_rendelet.pdf\" target=\"_blank\">118\/2012. (XI.22.) VM rendelet<\/a> Az Eur\u00f3pai Mez\u0151gazdas\u00e1gi Vid\u00e9kfejleszt\u00e9si Alapb\u00f3l az egyes beruh\u00e1z\u00e1si jogc\u00edmek eset\u00e9n ny\u00fajtand\u00f3<span class=\"style212\"> t\u00e1mogat\u00e1si el\u0151legfizet\u00e9sr\u0151l<\/span>, mely 2012. december 07-\u00e9n l\u00e9pett hat\u00e1lyba. <a href=\"http:\/\/www.kormany.hu\/download\/1\/3c\/b0000\/MR_2012_118_%28XI_22%29_VM_rendelet.pdf\" target=\"_blank\">A rendelet let\u00f6lt\u00e9se &gt;&gt;<\/a><\/p>\n<div class=\"sharedaddy sd-sharing-enabled\"><div class=\"robots-nocontent sd-block sd-social sd-social-icon sd-sharing\"><h3 class=\"sd-title\">Share this:<\/h3><div class=\"sd-content\"><ul><li class=\"share-facebook\"><a rel=\"nofollow noopener noreferrer\" data-shared=\"sharing-facebook-280\" class=\"share-facebook sd-button share-icon no-text\" href=\"https:\/\/bukkleader.hu\/old\/eloleg-veheto-igenybe-az-emva-egyes-beruhazasi-jogcimei-kereteben\/?share=facebook\" target=\"_blank\" title=\"Click to share on Facebook\"><span><\/span><span class=\"sharing-screen-reader-text\">Click to share on Facebook (Opens in new window)<\/span><\/a><\/li><li class=\"share-twitter\"><a rel=\"nofollow noopener noreferrer\" data-shared=\"sharing-twitter-280\" class=\"share-twitter sd-button share-icon no-text\" href=\"https:\/\/bukkleader.hu\/old\/eloleg-veheto-igenybe-az-emva-egyes-beruhazasi-jogcimei-kereteben\/?share=twitter\" target=\"_blank\" title=\"Click to share on Twitter\"><span><\/span><span class=\"sharing-screen-reader-text\">Click to share on Twitter (Opens in new window)<\/span><\/a><\/li><li class=\"share-print\"><a rel=\"nofollow noopener noreferrer\" data-shared=\"\" class=\"share-print sd-button share-icon no-text\" href=\"https:\/\/bukkleader.hu\/old\/eloleg-veheto-igenybe-az-emva-egyes-beruhazasi-jogcimei-kereteben\/\" target=\"_blank\" title=\"Click to print\"><span><\/span><span class=\"sharing-screen-reader-text\">Click to print (Opens in new window)<\/span><\/a><\/li><li class=\"share-email\"><a rel=\"nofollow noopener noreferrer\" data-shared=\"\" class=\"share-email sd-button share-icon no-text\" href=\"https:\/\/bukkleader.hu\/old\/eloleg-veheto-igenybe-az-emva-egyes-beruhazasi-jogcimei-kereteben\/?share=email\" target=\"_blank\" title=\"Click to email this to a friend\"><span><\/span><span class=\"sharing-screen-reader-text\">Click to email this to a friend (Opens in new window)<\/span><\/a><\/li><li class=\"share-end\"><\/li><\/ul><\/div><\/div><\/div>","protected":false},"excerpt":{"rendered":"<p>Megjelent a 118\/2012. (XI.22.) VM rendelet Az Eur\u00f3pai Mez\u0151gazdas\u00e1gi Vid\u00e9kfejleszt\u00e9si Alapb\u00f3l az egyes beruh\u00e1z\u00e1si jogc\u00edmek eset\u00e9n ny\u00fajtand\u00f3 t\u00e1mogat\u00e1si el\u0151legfizet\u00e9sr\u0151l, mely 2012. december 07-\u00e9n l\u00e9pett hat\u00e1lyba. A rendelet let\u00f6lt\u00e9se &gt;&gt;<\/p>\n<div class=\"sharedaddy sd-sharing-enabled\"><div class=\"robots-nocontent sd-block sd-social sd-social-icon sd-sharing\"><h3 class=\"sd-title\">Share this:<\/h3><div class=\"sd-content\"><ul><li class=\"share-facebook\"><a rel=\"nofollow noopener noreferrer\" data-shared=\"sharing-facebook-280\" class=\"share-facebook sd-button share-icon no-text\" href=\"https:\/\/bukkleader.hu\/old\/eloleg-veheto-igenybe-az-emva-egyes-beruhazasi-jogcimei-kereteben\/?share=facebook\" target=\"_blank\" title=\"Click to share on Facebook\"><span><\/span><span class=\"sharing-screen-reader-text\">Click to share on Facebook (Opens in new window)<\/span><\/a><\/li><li class=\"share-twitter\"><a rel=\"nofollow noopener noreferrer\" data-shared=\"sharing-twitter-280\" class=\"share-twitter sd-button share-icon no-text\" href=\"https:\/\/bukkleader.hu\/old\/eloleg-veheto-igenybe-az-emva-egyes-beruhazasi-jogcimei-kereteben\/?share=twitter\" target=\"_blank\" title=\"Click to share on Twitter\"><span><\/span><span class=\"sharing-screen-reader-text\">Click to share on Twitter (Opens in new window)<\/span><\/a><\/li><li class=\"share-print\"><a rel=\"nofollow noopener noreferrer\" data-shared=\"\" class=\"share-print sd-button share-icon no-text\" href=\"https:\/\/bukkleader.hu\/old\/eloleg-veheto-igenybe-az-emva-egyes-beruhazasi-jogcimei-kereteben\/\" target=\"_blank\" title=\"Click to print\"><span><\/span><span class=\"sharing-screen-reader-text\">Click to print (Opens in new window)<\/span><\/a><\/li><li class=\"share-email\"><a rel=\"nofollow noopener noreferrer\" data-shared=\"\" class=\"share-email sd-button share-icon no-text\" href=\"https:\/\/bukkleader.hu\/old\/eloleg-veheto-igenybe-az-emva-egyes-beruhazasi-jogcimei-kereteben\/?share=email\" target=\"_blank\" title=\"Click to email this to a friend\"><span><\/span><span class=\"sharing-screen-reader-text\">Click to email this to a friend (Opens in new window)<\/span><\/a><\/li><li class=\"share-end\"><\/li><\/ul><\/div><\/div><\/div>","protected":false},"author":1,"featured_media":0,"comment_status":"open","ping_status":"closed","sticky":false,"template":"","format":"standard","meta":{"_bbp_topic_count":0,"_bbp_reply_count":0,"_bbp_total_topic_count":0,"_bbp_total_reply_count":0,"_bbp_voice_count":0,"_bbp_anonymous_reply_count":0,"_bbp_topic_count_hidden":0,"_bbp_reply_count_hidden":0,"_bbp_forum_subforum_count":0,"spay_email":"","jetpack_publicize_message":"","jetpack_is_tweetstorm":false,"jetpack_publicize_feature_enabled":true},"categories":[1],"tags":[],"jetpack_featured_media_url":"","jetpack_publicize_connections":[],"jetpack_sharing_enabled":true,"jetpack-related-posts":[{"id":288,"url":"https:\/\/bukkleader.hu\/old\/figyelem-december-31-en-lejar-az-egyes-kifizetesi-kerelmek-benyujtasanak-modositott-hatarideje\/","url_meta":{"origin":280,"position":0},"title":"FIGYELEM! December 31-\u00e9n lej\u00e1r az egyes kifizet\u00e9si k\u00e9relmek beny\u00fajt\u00e1s\u00e1nak m\u00f3dos\u00edtott hat\u00e1rideje","date":"2012-12-12","format":false,"excerpt":"A 76\/2012. (VII. 27.) VM rendelet alapj\u00e1n az egyes jogc\u00edmeken megv\u00e1ltoztak az els\u0151 kifizet\u00e9si k\u00e9relem beny\u00fajt\u00e1s\u00e1ra vonatkoz\u00f3 szab\u00e1lyok az el\u0151\u00edrt felt\u00e9telek teljes\u00fcl\u00e9se mellett. \u00a0A m\u00f3dos\u00edt\u00e1s \u00e9rtelm\u00e9ben az \u00fcgyf\u00e9l 2012. december 31-\u00e9ig ny\u00fajthatja be els\u0151 kifizet\u00e9si k\u00e9relmet, amellyel olyan kiad\u00e1s is elsz\u00e1mol\u00e1sra ker\u00fcl, amely nem min\u0151s\u00fcl egy\u00e9b elsz\u00e1molhat\u00f3 kiad\u00e1snak, amennyiben azels\u0151\u2026","rel":"","context":"In &quot;H\u00edreink, k\u00f6zlem\u00e9nyeink&quot;","img":{"alt_text":"felki\u00e1llt\u00f3 jel","src":"https:\/\/i0.wp.com\/bukkleader.hu\/old\/wp-content\/uploads\/2012\/06\/felkialto-jel384w.jpg?resize=350%2C200&ssl=1","width":350,"height":200},"classes":[]},{"id":436,"url":"https:\/\/bukkleader.hu\/old\/projektgazdak-figyelem\/","url_meta":{"origin":280,"position":1},"title":"PROJEKTGAZD\u00c1K, FIGYELEM!","date":"2015-08-14","format":false,"excerpt":"Hamarosan lej\u00e1rnak az Eur\u00f3pai Mez\u0151gazdas\u00e1gi Vid\u00e9kfejleszt\u00e9si Alapb\u00f3l t\u00e1rsfinansz\u00edrozott, egyes beruh\u00e1z\u00e1si jogc\u00edmekre vonatkoz\u00f3\u00a0megval\u00f3s\u00edt\u00e1si, illetve kifizet\u00e9si k\u00e9relem beny\u00fajt\u00e1si hat\u00e1rid\u0151k. A vonatkoz\u00f3 jogc\u00edmekr\u0151l \u00e9s hat\u00e1rid\u0151kr\u0151l az MVH kimutat\u00e1st, t\u00e1j\u00e9koztat\u00f3t k\u00e9sz\u00edtett, melyet aj\u00e1nlunk minden projektgazda figyelm\u00e9be. A t\u00e1j\u00e9koztat\u00f3 let\u00f6lt\u00e9se >>","rel":"","context":"In &quot;H\u00edreink, k\u00f6zlem\u00e9nyeink&quot;","img":{"alt_text":"felki\u00e1llt\u00f3 jel","src":"https:\/\/i0.wp.com\/bukkleader.hu\/old\/wp-content\/uploads\/2012\/06\/felkialto-jel384w.jpg?resize=350%2C200&ssl=1","width":350,"height":200},"classes":[]},{"id":259,"url":"https:\/\/bukkleader.hu\/old\/2012-oktober-15-en-nyilik-az-emva-iii\/","url_meta":{"origin":280,"position":2},"title":"2012. okt\u00f3ber 15-\u00e9n ny\u00edlik az EMVA III","date":"2012-10-03","format":false,"excerpt":"2012. okt\u00f3ber 15-\u00e9n ny\u00edlik az EMVA III. falumeg\u00faj\u00edt\u00e1s \u00e9s \u2013fejleszt\u00e9s t\u00e1mogat\u00e1si id\u0151szakaMegjelent a 102\/2012. (X. 01.) VM rendelet az Eur\u00f3pai Mez\u0151gazdas\u00e1gi Vid\u00e9kfejleszt\u00e9si Alapb\u00f3l a falumeg\u00faj\u00edt\u00e1sra \u00e9s -fejleszt\u00e9sreLEADER Helyi Akci\u00f3csoportok k\u00f6zrem\u0171k\u00f6d\u00e9s\u00e9vel 2012-t\u0151l ig\u00e9nybe vehet\u0151 t\u00e1mogat\u00e1sok r\u00e9szletes felt\u00e9teleir\u0151l. A rendelet szerint \u201ea t\u00e1mogat\u00e1si k\u00e9relmet postai \u00faton 2012-ben okt\u00f3ber 15. \u00e9s november 15.\u2026","rel":"","context":"In &quot;H\u00edreink, k\u00f6zlem\u00e9nyeink&quot;","img":{"alt_text":"felki\u00e1llt\u00f3 jel","src":"https:\/\/i0.wp.com\/bukkleader.hu\/old\/wp-content\/uploads\/2012\/06\/felkialto-jel384w.jpg?resize=350%2C200&ssl=1","width":350,"height":200},"classes":[]},{"id":225,"url":"https:\/\/bukkleader.hu\/old\/mvh-ertesites\/","url_meta":{"origin":280,"position":3},"title":"MVH \u00e9rtes\u00edt\u00e9s &#8211; enged\u00e9lyek beny\u00fajt\u00e1si hat\u00e1rideje 2015.09.30.","date":"2015-09-22","format":false,"excerpt":"Tisztelt P\u00e1ly\u00e1z\u00f3! Felh\u00edvjuk sz\u00edves figyelm\u00e9t, hogy az EMVA-b\u00f3l t\u00e1rsfinansz\u00edrozott beruh\u00e1z\u00e1si jogc\u00edmek eset\u00e9n a j\u00f3v\u00e1hagyott, enged\u00e9lyk\u00f6teles tev\u00e9kenys\u00e9ghez kapcsol\u00f3d\u00f3 beruh\u00e1z\u00e1sokhoz sz\u00fcks\u00e9ges joger\u0151s enged\u00e9lyeket (haszn\u00e1latbav\u00e9teli enged\u00e9ly, m\u0171k\u00f6d\u00e9si enged\u00e9ly, egy\u00e9b, a jogszab\u00e1ly \u00e1ltal k\u00f6telez\u0151en beny\u00fajtand\u00f3 enged\u00e9ly) \u00e9s min\u0151s\u00edt\u00e9st igazol\u00f3 dokumentumokat (falusi sz\u00e1ll\u00e1shelyek 4 napraforg\u00f3s min\u0151s\u00edt\u00e9se, lovas szolg\u00e1ltat\u00f3k 3 patk\u00f3s min\u0151s\u00edt\u00e9se) 2015. szeptember 30-ig be\u2026","rel":"","context":"In &quot;H\u00edreink, k\u00f6zlem\u00e9nyeink&quot;","img":{"alt_text":"mhv-logo","src":"https:\/\/i2.wp.com\/bukkleader.hu\/old\/wp-content\/uploads\/2015\/09\/mvh-logo-w.jpg?resize=350%2C200&ssl=1","width":350,"height":200},"classes":[]},{"id":271,"url":"https:\/\/bukkleader.hu\/old\/uj-ih-kozlemeny-a-falumegujitas-es-fejlesztes-palyazattal-kapcsolatban\/","url_meta":{"origin":280,"position":4},"title":"\u00daj IH k\u00f6zlem\u00e9ny a falumeg\u00faj\u00edt\u00e1s \u00e9s \u2013fejleszt\u00e9s p\u00e1ly\u00e1zattal kapcsolatban","date":"2012-11-28","format":false,"excerpt":"FIGYELEM: \u00faj IH k\u00f6zlem\u00e9ny a falumeg\u00faj\u00edt\u00e1s \u00e9s \u2013fejleszt\u00e9s p\u00e1ly\u00e1zattal kapcsolatbanA 114\/2012. (XI. 27.) IH k\u00f6zlem\u00e9ny szerint: \"Az 1. c\u00e9lter\u00fclet (2. \u00a7 (1) bekezd\u00e9s) eset\u00e9ben bels\u0151 fel\u00faj\u00edt\u00e1s is t\u00e1mogathat\u00f3, ak\u00e1r \u00f6n\u00e1ll\u00f3an is, amennyiben az \u00fcgyf\u00e9l legal\u00e1bb heti k\u00e9t napon biztos\u00edtja a fel\u00faj\u00edtott ingatlan Falu rendelet 6. \u00a7 (11) bekezd\u00e9s szerinti l\u00e1togathat\u00f3s\u00e1g\u00e1t.\u2026","rel":"","context":"In &quot;H\u00edreink, k\u00f6zlem\u00e9nyeink&quot;","img":{"alt_text":"felki\u00e1llt\u00f3 jel","src":"https:\/\/i0.wp.com\/bukkleader.hu\/old\/wp-content\/uploads\/2012\/06\/felkialto-jel384w.jpg?resize=350%2C200&ssl=1","width":350,"height":200},"classes":[]},{"id":312,"url":"https:\/\/bukkleader.hu\/old\/felhivas-emva-projektgazdak-reszere-monitoring-adatszolgaltatasi-kotelezettseggel-kapcsolatban\/","url_meta":{"origin":280,"position":5},"title":"Felh\u00edv\u00e1s EMVA projektgazd\u00e1k r\u00e9sz\u00e9re monitoring adatszolg\u00e1ltat\u00e1si k\u00f6telezetts\u00e9ggel kapcsolatban","date":"2013-03-05","format":false,"excerpt":"Az 18\/2009. (III. 6.) FVM rendelet szerinti, az Eur\u00f3pai Mez\u0151gazdas\u00e1gi Vid\u00e9kfejleszt\u00e9si Alapb\u00f3l (EMVA) \u00e9s az Eur\u00f3pai Hal\u00e1szati Alapb\u00f3l (EHA) t\u00e1mogatott int\u00e9zked\u00e9sek 2013. \u00e9vi, m\u00e1rcius 12-i hat\u00e1ridej\u0171 monitoring adatszolg\u00e1ltat\u00e1s teljes\u00edt\u00e9s\u00e9nek r\u00e9szletes szab\u00e1lyait a\u00a041\/2013. (II. 12.) sz\u00e1m\u00fa MVH k\u00f6zlem\u00e9ny \u00e1llap\u00edtja meg. A k\u00f6zlem\u00e9ny let\u00f6lt\u00e9se >> Mivel a k\u00f6zlem\u00e9ny II.5. pontja (2. oldal)\u2026","rel":"","context":"In &quot;H\u00edreink, k\u00f6zlem\u00e9nyeink&quot;","img":{"alt_text":"elektronikus-ugyintezes-w","src":"https:\/\/i2.wp.com\/bukkleader.hu\/old\/wp-content\/uploads\/2015\/09\/elektronikus-ugyintezes-w.jpg?resize=350%2C200&ssl=1","width":350,"height":200},"classes":[]}],"_links":{"self":[{"href":"https:\/\/bukkleader.hu\/old\/wp-json\/wp\/v2\/posts\/280"}],"collection":[{"href":"https:\/\/bukkleader.hu\/old\/wp-json\/wp\/v2\/posts"}],"about":[{"href":"https:\/\/bukkleader.hu\/old\/wp-json\/wp\/v2\/types\/post"}],"author":[{"embeddable":true,"href":"https:\/\/bukkleader.hu\/old\/wp-json\/wp\/v2\/users\/1"}],"replies":[{"embeddable":true,"href":"https:\/\/bukkleader.hu\/old\/wp-json\/wp\/v2\/comments?post=280"}],"version-history":[{"count":1,"href":"https:\/\/bukkleader.hu\/old\/wp-json\/wp\/v2\/posts\/280\/revisions"}],"predecessor-version":[{"id":281,"href":"https:\/\/bukkleader.hu\/old\/wp-json\/wp\/v2\/posts\/280\/revisions\/281"}],"wp:attachment":[{"href":"https:\/\/bukkleader.hu\/old\/wp-json\/wp\/v2\/media?parent=280"}],"wp:term":[{"taxonomy":"category","embeddable":true,"href":"https:\/\/bukkleader.hu\/old\/wp-json\/wp\/v2\/categories?post=280"},{"taxonomy":"post_tag","embeddable":true,"href":"https:\/\/bukkleader.hu\/old\/wp-json\/wp\/v2\/tags?post=280"}],"curies":[{"name":"wp","href":"https:\/\/api.w.org\/{rel}","templated":true}]}}