{"id":277,"date":"2012-12-11T12:46:47","date_gmt":"2012-12-11T11:46:47","guid":{"rendered":"https:\/\/bukkleader.hu\/old\/new\/?p=277"},"modified":"2015-09-22T12:48:24","modified_gmt":"2015-09-22T10:48:24","slug":"palyazat-ikszt-k-szolgaltatas-bovitesere","status":"publish","type":"post","link":"https:\/\/bukkleader.hu\/old\/palyazat-ikszt-k-szolgaltatas-bovitesere\/","title":{"rendered":"P\u00e1ly\u00e1zat IKSZT-k szolg\u00e1ltat\u00e1s-b\u0151v\u00edt\u00e9s\u00e9re"},"content":{"rendered":"<p style=\"text-align: justify;\">A Nemzeti Fejleszt\u00e9si \u00dcgyn\u00f6ks\u00e9g (NF\u00dc) gondoz\u00e1s\u00e1ban megjelent az IKSZT-k szolg\u00e1ltat\u00e1sb\u0151v\u00edt\u00e9s\u00e9hez kapcsol\u00f3d\u00f3 <span class=\"style212\"><strong>T\u00c1MOP 3.2.3.B-12\/1<\/strong><\/span><strong> jel\u0171 \u201e\u00c9p\u00edt\u0151 k\u00f6z\u00f6ss\u00e9gek\u201d &#8211; B) A korszer\u0171, t\u00f6bbfunkci\u00f3s (multifunkcion\u00e1lis) k\u00f6zm\u0171vel\u0151d\u00e9si fejleszt\u00e9seket szolg\u00e1l\u00f3 k\u00f6z\u00f6ss\u00e9gi programok, egy\u00fcttm\u0171k\u00f6d\u00e9sek, \u00faj tanul\u00e1si form\u00e1k kialakul\u00e1s\u00e1nak el\u0151seg\u00edt\u00e9se<\/strong> c\u00edm\u0171 \u00daj Sz\u00e9chenyi Terv p\u00e1ly\u00e1zat. A p\u00e1ly\u00e1zattal kapcsolatban r\u00e9szletes inform\u00e1ci\u00f3k az al\u00e1bbi <a href=\"http:\/\/www.ikszt.hu\/hirek\/palyazat-a-tobbfunkcios-kozmuvelodesi-intezmenyek-szolgaltatasi-kinalatanak-bovitesere.html\" target=\"_blank\">linken olvashat\u00f3ak &gt;&gt;<\/a><\/p>\n<div class=\"sharedaddy sd-sharing-enabled\"><div class=\"robots-nocontent sd-block sd-social sd-social-icon sd-sharing\"><h3 class=\"sd-title\">Share this:<\/h3><div class=\"sd-content\"><ul><li class=\"share-facebook\"><a rel=\"nofollow noopener noreferrer\" data-shared=\"sharing-facebook-277\" class=\"share-facebook sd-button share-icon no-text\" href=\"https:\/\/bukkleader.hu\/old\/palyazat-ikszt-k-szolgaltatas-bovitesere\/?share=facebook\" target=\"_blank\" title=\"Click to share on Facebook\"><span><\/span><span class=\"sharing-screen-reader-text\">Click to share on Facebook (Opens in new window)<\/span><\/a><\/li><li class=\"share-twitter\"><a rel=\"nofollow noopener noreferrer\" data-shared=\"sharing-twitter-277\" class=\"share-twitter sd-button share-icon no-text\" href=\"https:\/\/bukkleader.hu\/old\/palyazat-ikszt-k-szolgaltatas-bovitesere\/?share=twitter\" target=\"_blank\" title=\"Click to share on Twitter\"><span><\/span><span class=\"sharing-screen-reader-text\">Click to share on Twitter (Opens in new window)<\/span><\/a><\/li><li class=\"share-print\"><a rel=\"nofollow noopener noreferrer\" data-shared=\"\" class=\"share-print sd-button share-icon no-text\" href=\"https:\/\/bukkleader.hu\/old\/palyazat-ikszt-k-szolgaltatas-bovitesere\/\" target=\"_blank\" title=\"Click to print\"><span><\/span><span class=\"sharing-screen-reader-text\">Click to print (Opens in new window)<\/span><\/a><\/li><li class=\"share-email\"><a rel=\"nofollow noopener noreferrer\" data-shared=\"\" class=\"share-email sd-button share-icon no-text\" href=\"https:\/\/bukkleader.hu\/old\/palyazat-ikszt-k-szolgaltatas-bovitesere\/?share=email\" target=\"_blank\" title=\"Click to email this to a friend\"><span><\/span><span class=\"sharing-screen-reader-text\">Click to email this to a friend (Opens in new window)<\/span><\/a><\/li><li class=\"share-end\"><\/li><\/ul><\/div><\/div><\/div>","protected":false},"excerpt":{"rendered":"<p>A Nemzeti Fejleszt\u00e9si \u00dcgyn\u00f6ks\u00e9g (NF\u00dc) gondoz\u00e1s\u00e1ban megjelent az IKSZT-k szolg\u00e1ltat\u00e1sb\u0151v\u00edt\u00e9s\u00e9hez kapcsol\u00f3d\u00f3 T\u00c1MOP 3.2.3.B-12\/1 jel\u0171 \u201e\u00c9p\u00edt\u0151 k\u00f6z\u00f6ss\u00e9gek\u201d &#8211; B) A korszer\u0171, t\u00f6bbfunkci\u00f3s (multifunkcion\u00e1lis) k\u00f6zm\u0171vel\u0151d\u00e9si fejleszt\u00e9seket szolg\u00e1l\u00f3 k\u00f6z\u00f6ss\u00e9gi programok, egy\u00fcttm\u0171k\u00f6d\u00e9sek, \u00faj tanul\u00e1si form\u00e1k kialakul\u00e1s\u00e1nak el\u0151seg\u00edt\u00e9se c\u00edm\u0171 \u00daj Sz\u00e9chenyi Terv p\u00e1ly\u00e1zat. A p\u00e1ly\u00e1zattal kapcsolatban r\u00e9szletes inform\u00e1ci\u00f3k az al\u00e1bbi linken olvashat\u00f3ak &gt;&gt;<\/p>\n<div class=\"sharedaddy sd-sharing-enabled\"><div class=\"robots-nocontent sd-block sd-social sd-social-icon sd-sharing\"><h3 class=\"sd-title\">Share this:<\/h3><div class=\"sd-content\"><ul><li class=\"share-facebook\"><a rel=\"nofollow noopener noreferrer\" data-shared=\"sharing-facebook-277\" class=\"share-facebook sd-button share-icon no-text\" href=\"https:\/\/bukkleader.hu\/old\/palyazat-ikszt-k-szolgaltatas-bovitesere\/?share=facebook\" target=\"_blank\" title=\"Click to share on Facebook\"><span><\/span><span class=\"sharing-screen-reader-text\">Click to share on Facebook (Opens in new window)<\/span><\/a><\/li><li class=\"share-twitter\"><a rel=\"nofollow noopener noreferrer\" data-shared=\"sharing-twitter-277\" class=\"share-twitter sd-button share-icon no-text\" href=\"https:\/\/bukkleader.hu\/old\/palyazat-ikszt-k-szolgaltatas-bovitesere\/?share=twitter\" target=\"_blank\" title=\"Click to share on Twitter\"><span><\/span><span class=\"sharing-screen-reader-text\">Click to share on Twitter (Opens in new window)<\/span><\/a><\/li><li class=\"share-print\"><a rel=\"nofollow noopener noreferrer\" data-shared=\"\" class=\"share-print sd-button share-icon no-text\" href=\"https:\/\/bukkleader.hu\/old\/palyazat-ikszt-k-szolgaltatas-bovitesere\/\" target=\"_blank\" title=\"Click to print\"><span><\/span><span class=\"sharing-screen-reader-text\">Click to print (Opens in new window)<\/span><\/a><\/li><li class=\"share-email\"><a rel=\"nofollow noopener noreferrer\" data-shared=\"\" class=\"share-email sd-button share-icon no-text\" href=\"https:\/\/bukkleader.hu\/old\/palyazat-ikszt-k-szolgaltatas-bovitesere\/?share=email\" target=\"_blank\" title=\"Click to email this to a friend\"><span><\/span><span class=\"sharing-screen-reader-text\">Click to email this to a friend (Opens in new window)<\/span><\/a><\/li><li class=\"share-end\"><\/li><\/ul><\/div><\/div><\/div>","protected":false},"author":1,"featured_media":278,"comment_status":"open","ping_status":"closed","sticky":false,"template":"","format":"standard","meta":{"_bbp_topic_count":0,"_bbp_reply_count":0,"_bbp_total_topic_count":0,"_bbp_total_reply_count":0,"_bbp_voice_count":0,"_bbp_anonymous_reply_count":0,"_bbp_topic_count_hidden":0,"_bbp_reply_count_hidden":0,"_bbp_forum_subforum_count":0,"spay_email":"","jetpack_publicize_message":"","jetpack_is_tweetstorm":false,"jetpack_publicize_feature_enabled":true},"categories":[1],"tags":[],"jetpack_featured_media_url":"https:\/\/bukkleader.hu\/old\/wp-content\/uploads\/2015\/09\/ikszt.logo_1.jpg","jetpack_publicize_connections":[],"jetpack_sharing_enabled":true,"jetpack-related-posts":[{"id":392,"url":"https:\/\/bukkleader.hu\/old\/kozossegi-animator-kepzes-indul\/","url_meta":{"origin":277,"position":0},"title":"K\u00f6z\u00f6ss\u00e9gi anim\u00e1tor k\u00e9pz\u00e9s indul","date":"2014-07-03","format":false,"excerpt":"A Nemzeti Agr\u00e1rszaktan\u00e1csad\u00e1si, K\u00e9pz\u00e9si \u00e9s Vid\u00e9kfejleszt\u00e9si Int\u00e9zet (NAKVI) helyi k\u00f6z\u00f6ss\u00e9g- \u00e9s vid\u00e9kfejleszt\u0151 szakemberek,az \u00fajonnan l\u00e9trej\u00f6v\u0151 t\u00f6bbfunkci\u00f3s szolg\u00e1ltat\u00f3 k\u00f6zpontok, illetve az Integr\u00e1lt K\u00f6z\u00f6ss\u00e9gi \u00e9s Szolg\u00e1ltat\u00f3 Terek (IKSZT-k) munkat\u00e1rsai r\u00e9sz\u00e9re akkredit\u00e1lt 40 \u00f3r\u00e1s k\u00f6z\u00f6ss\u00e9gi anim\u00e1tor k\u00e9pz\u00e9st ind\u00edt 2014. j\u00falius-augusztus h\u00f3nap folyam\u00e1n.Tov\u00e1bbi inform\u00e1ci\u00f3k az umvp.eu weboldalon>>","rel":"","context":"In &quot;H\u00edreink, k\u00f6zlem\u00e9nyeink&quot;","img":{"alt_text":"ikszt.logo","src":"https:\/\/i2.wp.com\/bukkleader.hu\/old\/wp-content\/uploads\/2015\/09\/ikszt.logo_1.jpg?resize=350%2C200&ssl=1","width":350,"height":200},"classes":[]},{"id":212,"url":"https:\/\/bukkleader.hu\/old\/uj-ikszt-jogcimrendelet\/","url_meta":{"origin":277,"position":1},"title":"\u00daj IKSZT jogc\u00edmrendelet","date":"2012-08-22","format":false,"excerpt":"Megjelent az \u00faj IKSZT jogc\u00edmrendeletMagyar K\u00f6zl\u00f6ny 104. sz\u00e1m\u00e1ban megjelent az Eur\u00f3pai Mez\u0151gazdas\u00e1gi Vid\u00e9kfejleszt\u00e9si Alapb\u00f3l ny\u00fajtand\u00f3, a vid\u00e9ki gazdas\u00e1g \u00e9s lakoss\u00e1g sz\u00e1m\u00e1ra ny\u00fajtott alapszolg\u00e1ltat\u00e1sok k\u00f6r\u00e9ben,\u00a0az integr\u00e1lt k\u00f6z\u00f6ss\u00e9gi \u00e9s szolg\u00e1ltat\u00f3 t\u00e9r\u00a0kialak\u00edt\u00e1s\u00e1ra \u00e9s m\u0171k\u00f6dtet\u00e9s\u00e9re ig\u00e9nybe vehet\u0151 t\u00e1mogat\u00e1sok r\u00e9szletes felt\u00e9teleir\u0151l sz\u00f3l\u00f3...112\/2009. (VIII. 29.) FVM rendelet m\u00f3dos\u00edt\u00e1s\u00e1r\u00f3l sz\u00f3l\u00f3 84\/2012. (VIII. 02.) VM rendelet (IKSZT jogc\u00edmrendelet).A\u2026","rel":"","context":"In &quot;H\u00edreink, k\u00f6zlem\u00e9nyeink&quot;","img":{"alt_text":"","src":"","width":0,"height":0},"classes":[]},{"id":806,"url":"https:\/\/bukkleader.hu\/old\/megjelent-az-ikszt-tamogato-palyazat\/","url_meta":{"origin":277,"position":2},"title":"Megjelent a telep\u00fcl\u00e9sk\u00e9pet meghat\u00e1roz\u00f3 \u00e9p\u00fcletek fel\u00faj\u00edt\u00e1s\u00e1t \u00e9s az  IKSZT- t t\u00e1mogat\u00f3 p\u00e1ly\u00e1zat","date":"2016-02-11","format":false,"excerpt":"LET\u00d6LT\u00c9S itt >>","rel":"","context":"In &quot;H\u00edreink, k\u00f6zlem\u00e9nyeink&quot;","img":{"alt_text":"","src":"https:\/\/i1.wp.com\/bukkleader.hu\/old\/wp-content\/uploads\/2016\/02\/telep\u00fcl\u00e9sk\u00e9p.jpg?resize=350%2C200&ssl=1","width":350,"height":200},"classes":[]},{"id":198,"url":"https:\/\/bukkleader.hu\/old\/kozossegi-energiaudvar\/","url_meta":{"origin":277,"position":3},"title":"K\u00f6z\u00f6ss\u00e9gi Energiaudvar","date":"2012-07-23","format":false,"excerpt":"Besz\u00e1mol\u00f3 a K\u00f6z\u00f6ss\u00e9gi Energiaudvar projektgazd\u00e1k szakmai f\u00f3rum\u00e1r\u00f3l.A B\u00fckk-T\u00e9rs\u00e9gi LEADER Egyes\u00fclet 2012. j\u00fanius 29-\u00e9n a kistokaji IKSZT \u00e9p\u00fclet\u00e9ben f\u00f3rumot tartott, els\u0151sorban a 2012. m\u00e1jusban LEADER t\u00e1mogat\u00e1st nyert K\u00f6z\u00f6ss\u00e9gi Energiaudvar projektgazd\u00e1k r\u00e9sz\u00e9re (megh\u00edv\u00f3 let\u00f6lt\u00e9se >>). A f\u00f3rum c\u00e9lja volt, hogy a p\u00e1ly\u00e1z\u00f3k megismerj\u00e9k a projektjeik megval\u00f3s\u00edt\u00e1s\u00e1ra vonatkoz\u00f3 el\u0151\u00edr\u00e1sokat, a fontosabb hat\u00e1rid\u0151ket, valamint\u2026","rel":"","context":"In &quot;H\u00edreink, k\u00f6zlem\u00e9nyeink&quot;","img":{"alt_text":"","src":"https:\/\/i2.wp.com\/bukkleader.hu\/old\/wp-content\/uploads\/2012\/07\/ChargePoint-polemount-clean-web.jpg?resize=350%2C200&ssl=1","width":350,"height":200},"classes":[]},{"id":1483,"url":"https:\/\/bukkleader.hu\/old\/tisztelt-palyazok-modosultak-2018-01-02-tol-benyujthato-helyi-felhivasok\/","url_meta":{"origin":277,"position":4},"title":"Tisztelt P\u00e1ly\u00e1z\u00f3k! M\u00f3dosultak a 2018.01.02-t\u00f3l beny\u00fajthat\u00f3 helyi felh\u00edv\u00e1sok.","date":"2017-12-21","format":false,"excerpt":"A M\u00daLT, JELEN, \u00c9S A J\u00d6V\u0150 MESTERS\u00c9GEINEK FEJLESZT\u00c9SE (VP6-19.2.1.-15-5-17) helyi felh\u00edv\u00e1s eset\u00e9ben:\u00a0\u00a04.1. T\u00e1mogat\u00e1st ig\u00e9nyl\u0151k k\u00f6re\u00a01.b. alpontja m\u00f3dosult, a 4.2. T\u00e1mogat\u00e1sban nem r\u00e9szes\u00edthet\u0151k k\u00f6re kieg\u00e9sz\u00fclt az e) alponttal valamint a 6.1. Csatoland\u00f3 mell\u00e9kletek k\u00f6z\u00fcl\u00a0 \"A felh\u00edv\u00e1s\u00a04.4.2.\/3. pontj\u00e1hoz tartoz\u00f3 Tartalmi \u00e9rt\u00e9kel\u00e9si szempontokat al\u00e1t\u00e1maszt\u00f3 igazol\u00e1sok, nyilatkozatok, dokumentumok\" e) alpontja m\u00f3dosult. A B\u00dcKKI \u00c9S\u2026","rel":"","context":"In &quot;H\u00edreink, k\u00f6zlem\u00e9nyeink&quot;","img":{"alt_text":"","src":"https:\/\/i2.wp.com\/bukkleader.hu\/old\/wp-content\/uploads\/2017\/12\/danger.png?resize=350%2C200&ssl=1","width":350,"height":200},"classes":[]},{"id":308,"url":"https:\/\/bukkleader.hu\/old\/az-emva-iv-leader-program-harmadik-benyujtasi-korenek-koncepcioja\/","url_meta":{"origin":277,"position":5},"title":"Az EMVA IV. LEADER Program harmadik beny\u00fajt\u00e1si k\u00f6r\u00e9nek koncepci\u00f3ja","date":"2013-02-19","format":false,"excerpt":"2013. tavasz\u00e1t\u00f3l, a Dar\u00e1nyi Ign\u00e1c Terv \u2013 \u00daj Magyarorsz\u00e1g Vid\u00e9kfejleszt\u00e9si Program keret\u00e9ben \u00fajabb EMVA IV. - LEADER vid\u00e9kfejleszt\u00e9si t\u00e1mogat\u00e1sok elnyer\u00e9s\u00e9re ny\u00edlnak lehet\u0151s\u00e9gek.A B\u00fckk-T\u00e9rs\u00e9gi LEADER Egyes\u00fclet ter\u00fclet\u00e9r\u0151l a Helyi Vid\u00e9kfejleszt\u00e9si Strat\u00e9gia k\u00f6z\u00f6s fel\u00fclvizsg\u00e1lata sor\u00e1n kialak\u00edtand\u00f3 LEADER c\u00e9lter\u00fcletekre ny\u00fajthat\u00f3k be p\u00e1ly\u00e1zatok. A program v\u00e9grehajt\u00e1s\u00e1ban az Ir\u00e1ny\u00edt\u00f3 Hat\u00f3s\u00e1g el\u0151zetes t\u00e1j\u00e9koztat\u00e1sa szerint az al\u00e1bbi\u2026","rel":"","context":"In &quot;H\u00edreink, k\u00f6zlem\u00e9nyeink&quot;","img":{"alt_text":"bukk-leader-logo-w","src":"https:\/\/i2.wp.com\/bukkleader.hu\/old\/wp-content\/uploads\/2015\/09\/bukk-leader-logo-w.jpg?resize=350%2C200&ssl=1","width":350,"height":200},"classes":[]}],"_links":{"self":[{"href":"https:\/\/bukkleader.hu\/old\/wp-json\/wp\/v2\/posts\/277"}],"collection":[{"href":"https:\/\/bukkleader.hu\/old\/wp-json\/wp\/v2\/posts"}],"about":[{"href":"https:\/\/bukkleader.hu\/old\/wp-json\/wp\/v2\/types\/post"}],"author":[{"embeddable":true,"href":"https:\/\/bukkleader.hu\/old\/wp-json\/wp\/v2\/users\/1"}],"replies":[{"embeddable":true,"href":"https:\/\/bukkleader.hu\/old\/wp-json\/wp\/v2\/comments?post=277"}],"version-history":[{"count":1,"href":"https:\/\/bukkleader.hu\/old\/wp-json\/wp\/v2\/posts\/277\/revisions"}],"predecessor-version":[{"id":279,"href":"https:\/\/bukkleader.hu\/old\/wp-json\/wp\/v2\/posts\/277\/revisions\/279"}],"wp:featuredmedia":[{"embeddable":true,"href":"https:\/\/bukkleader.hu\/old\/wp-json\/wp\/v2\/media\/278"}],"wp:attachment":[{"href":"https:\/\/bukkleader.hu\/old\/wp-json\/wp\/v2\/media?parent=277"}],"wp:term":[{"taxonomy":"category","embeddable":true,"href":"https:\/\/bukkleader.hu\/old\/wp-json\/wp\/v2\/categories?post=277"},{"taxonomy":"post_tag","embeddable":true,"href":"https:\/\/bukkleader.hu\/old\/wp-json\/wp\/v2\/tags?post=277"}],"curies":[{"name":"wp","href":"https:\/\/api.w.org\/{rel}","templated":true}]}}