{"id":2732,"date":"2020-08-19T09:12:05","date_gmt":"2020-08-19T07:12:05","guid":{"rendered":"https:\/\/bukkleader.hu\/old\/?p=2732"},"modified":"2020-08-19T09:12:05","modified_gmt":"2020-08-19T07:12:05","slug":"negy-evszak-a-venhegyen-osz-tematikus-nap-hernadnemetiben-leader-tamogatassal-2020-09-19","status":"publish","type":"post","link":"https:\/\/bukkleader.hu\/old\/negy-evszak-a-venhegyen-osz-tematikus-nap-hernadnemetiben-leader-tamogatassal-2020-09-19\/","title":{"rendered":"N\u00e9gy \u00e9vszak a V\u00e9nhegyen &#8211; \u0150SZ tematikus nap Hern\u00e1dn\u00e9metiben LEADER t\u00e1mogat\u00e1ssal &#8211; 2020.09.19."},"content":{"rendered":"<p>Az <strong>&#8220;\u00c1ltal\u00e1nos Iskol\u00e1\u00e9rt&#8221; Alap\u00edtv\u00e1ny<\/strong>\u00a0tisztelettel megh\u00edvja \u00d6n\u00f6ket\u00a0<strong>2020. szeptember 19-\u00e9n<\/strong>\u00a0(szombat) <strong>Hern\u00e1dn\u00e9metiben<\/strong> tartand\u00f3, LEADER t\u00e1mogat\u00e1ssal megval\u00f3sul\u00f3 <strong>N\u00e9gy \u00e9vszak a V\u00e9nhegyen<\/strong> programsorozata <strong>\u0150SZ<\/strong> tematikus napj\u00e1ra. A r\u00e9szletes program:<\/p>\n<p><img data-attachment-id=\"2722\" data-permalink=\"https:\/\/bukkleader.hu\/old\/negy-evszak-a-venhegyen-tavasz-tematikus-nap-hernadnemetiben-leader-tamogatassal\/meghivo_programismerteto_negy-evszak-a-venhegyen_osz_page-0001\/\" data-orig-file=\"https:\/\/bukkleader.hu\/old\/wp-content\/uploads\/2020\/08\/Megh\u00edv\u00f3_programismertet\u0151_N\u00e9gy-\u00e9vszak-a-V\u00e9nhegyen_\u0150sz_page-0001.jpg\" data-orig-size=\"1240,1755\" data-comments-opened=\"1\" data-image-meta=\"{&quot;aperture&quot;:&quot;0&quot;,&quot;credit&quot;:&quot;&quot;,&quot;camera&quot;:&quot;&quot;,&quot;caption&quot;:&quot;&quot;,&quot;created_timestamp&quot;:&quot;0&quot;,&quot;copyright&quot;:&quot;&quot;,&quot;focal_length&quot;:&quot;0&quot;,&quot;iso&quot;:&quot;0&quot;,&quot;shutter_speed&quot;:&quot;0&quot;,&quot;title&quot;:&quot;&quot;,&quot;orientation&quot;:&quot;0&quot;}\" data-image-title=\"Megh\u00edv\u00f3_programismertet\u0151_N\u00e9gy \u00e9vszak a V\u00e9nhegyen_\u0150sz_page-0001\" data-image-description=\"\" data-image-caption=\"\" data-medium-file=\"https:\/\/bukkleader.hu\/old\/wp-content\/uploads\/2020\/08\/Megh\u00edv\u00f3_programismertet\u0151_N\u00e9gy-\u00e9vszak-a-V\u00e9nhegyen_\u0150sz_page-0001-212x300.jpg\" data-large-file=\"https:\/\/bukkleader.hu\/old\/wp-content\/uploads\/2020\/08\/Megh\u00edv\u00f3_programismertet\u0151_N\u00e9gy-\u00e9vszak-a-V\u00e9nhegyen_\u0150sz_page-0001-724x1024.jpg\" loading=\"lazy\" class=\"aligncenter size-full wp-image-2722\" src=\"https:\/\/bukkleader.hu\/old\/wp-content\/uploads\/2020\/08\/Megh\u00edv\u00f3_programismertet\u0151_N\u00e9gy-\u00e9vszak-a-V\u00e9nhegyen_\u0150sz_page-0001.jpg\" alt=\"\" width=\"1240\" height=\"1755\" srcset=\"https:\/\/bukkleader.hu\/old\/wp-content\/uploads\/2020\/08\/Megh\u00edv\u00f3_programismertet\u0151_N\u00e9gy-\u00e9vszak-a-V\u00e9nhegyen_\u0150sz_page-0001.jpg 1240w, https:\/\/bukkleader.hu\/old\/wp-content\/uploads\/2020\/08\/Megh\u00edv\u00f3_programismertet\u0151_N\u00e9gy-\u00e9vszak-a-V\u00e9nhegyen_\u0150sz_page-0001-212x300.jpg 212w, https:\/\/bukkleader.hu\/old\/wp-content\/uploads\/2020\/08\/Megh\u00edv\u00f3_programismertet\u0151_N\u00e9gy-\u00e9vszak-a-V\u00e9nhegyen_\u0150sz_page-0001-768x1087.jpg 768w, https:\/\/bukkleader.hu\/old\/wp-content\/uploads\/2020\/08\/Megh\u00edv\u00f3_programismertet\u0151_N\u00e9gy-\u00e9vszak-a-V\u00e9nhegyen_\u0150sz_page-0001-724x1024.jpg 724w\" sizes=\"(max-width: 1240px) 100vw, 1240px\" \/><\/p>\n<p><img data-attachment-id=\"2723\" data-permalink=\"https:\/\/bukkleader.hu\/old\/negy-evszak-a-venhegyen-tavasz-tematikus-nap-hernadnemetiben-leader-tamogatassal\/meghivo_programismerteto_negy-evszak-a-venhegyen_osz_page-0002\/\" data-orig-file=\"https:\/\/bukkleader.hu\/old\/wp-content\/uploads\/2020\/08\/Megh\u00edv\u00f3_programismertet\u0151_N\u00e9gy-\u00e9vszak-a-V\u00e9nhegyen_\u0150sz_page-0002.jpg\" data-orig-size=\"1240,1755\" data-comments-opened=\"1\" data-image-meta=\"{&quot;aperture&quot;:&quot;0&quot;,&quot;credit&quot;:&quot;&quot;,&quot;camera&quot;:&quot;&quot;,&quot;caption&quot;:&quot;&quot;,&quot;created_timestamp&quot;:&quot;0&quot;,&quot;copyright&quot;:&quot;&quot;,&quot;focal_length&quot;:&quot;0&quot;,&quot;iso&quot;:&quot;0&quot;,&quot;shutter_speed&quot;:&quot;0&quot;,&quot;title&quot;:&quot;&quot;,&quot;orientation&quot;:&quot;0&quot;}\" data-image-title=\"Megh\u00edv\u00f3_programismertet\u0151_N\u00e9gy \u00e9vszak a V\u00e9nhegyen_\u0150sz_page-0002\" data-image-description=\"\" data-image-caption=\"\" data-medium-file=\"https:\/\/bukkleader.hu\/old\/wp-content\/uploads\/2020\/08\/Megh\u00edv\u00f3_programismertet\u0151_N\u00e9gy-\u00e9vszak-a-V\u00e9nhegyen_\u0150sz_page-0002-212x300.jpg\" data-large-file=\"https:\/\/bukkleader.hu\/old\/wp-content\/uploads\/2020\/08\/Megh\u00edv\u00f3_programismertet\u0151_N\u00e9gy-\u00e9vszak-a-V\u00e9nhegyen_\u0150sz_page-0002-724x1024.jpg\" loading=\"lazy\" class=\"aligncenter size-full wp-image-2723\" src=\"https:\/\/bukkleader.hu\/old\/wp-content\/uploads\/2020\/08\/Megh\u00edv\u00f3_programismertet\u0151_N\u00e9gy-\u00e9vszak-a-V\u00e9nhegyen_\u0150sz_page-0002.jpg\" alt=\"\" width=\"1240\" height=\"1755\" srcset=\"https:\/\/bukkleader.hu\/old\/wp-content\/uploads\/2020\/08\/Megh\u00edv\u00f3_programismertet\u0151_N\u00e9gy-\u00e9vszak-a-V\u00e9nhegyen_\u0150sz_page-0002.jpg 1240w, https:\/\/bukkleader.hu\/old\/wp-content\/uploads\/2020\/08\/Megh\u00edv\u00f3_programismertet\u0151_N\u00e9gy-\u00e9vszak-a-V\u00e9nhegyen_\u0150sz_page-0002-212x300.jpg 212w, https:\/\/bukkleader.hu\/old\/wp-content\/uploads\/2020\/08\/Megh\u00edv\u00f3_programismertet\u0151_N\u00e9gy-\u00e9vszak-a-V\u00e9nhegyen_\u0150sz_page-0002-768x1087.jpg 768w, https:\/\/bukkleader.hu\/old\/wp-content\/uploads\/2020\/08\/Megh\u00edv\u00f3_programismertet\u0151_N\u00e9gy-\u00e9vszak-a-V\u00e9nhegyen_\u0150sz_page-0002-724x1024.jpg 724w\" sizes=\"(max-width: 1240px) 100vw, 1240px\" \/><\/p>\n<div class=\"sharedaddy sd-sharing-enabled\"><div class=\"robots-nocontent sd-block sd-social sd-social-icon sd-sharing\"><h3 class=\"sd-title\">Share this:<\/h3><div class=\"sd-content\"><ul><li class=\"share-facebook\"><a rel=\"nofollow noopener noreferrer\" data-shared=\"sharing-facebook-2732\" class=\"share-facebook sd-button share-icon no-text\" href=\"https:\/\/bukkleader.hu\/old\/negy-evszak-a-venhegyen-osz-tematikus-nap-hernadnemetiben-leader-tamogatassal-2020-09-19\/?share=facebook\" target=\"_blank\" title=\"Click to share on Facebook\"><span><\/span><span class=\"sharing-screen-reader-text\">Click to share on Facebook (Opens in new window)<\/span><\/a><\/li><li class=\"share-twitter\"><a rel=\"nofollow noopener noreferrer\" data-shared=\"sharing-twitter-2732\" class=\"share-twitter sd-button share-icon no-text\" href=\"https:\/\/bukkleader.hu\/old\/negy-evszak-a-venhegyen-osz-tematikus-nap-hernadnemetiben-leader-tamogatassal-2020-09-19\/?share=twitter\" target=\"_blank\" title=\"Click to share on Twitter\"><span><\/span><span class=\"sharing-screen-reader-text\">Click to share on Twitter (Opens in new window)<\/span><\/a><\/li><li class=\"share-print\"><a rel=\"nofollow noopener noreferrer\" data-shared=\"\" class=\"share-print sd-button share-icon no-text\" href=\"https:\/\/bukkleader.hu\/old\/negy-evszak-a-venhegyen-osz-tematikus-nap-hernadnemetiben-leader-tamogatassal-2020-09-19\/\" target=\"_blank\" title=\"Click to print\"><span><\/span><span class=\"sharing-screen-reader-text\">Click to print (Opens in new window)<\/span><\/a><\/li><li class=\"share-email\"><a rel=\"nofollow noopener noreferrer\" data-shared=\"\" class=\"share-email sd-button share-icon no-text\" href=\"https:\/\/bukkleader.hu\/old\/negy-evszak-a-venhegyen-osz-tematikus-nap-hernadnemetiben-leader-tamogatassal-2020-09-19\/?share=email\" target=\"_blank\" title=\"Click to email this to a friend\"><span><\/span><span class=\"sharing-screen-reader-text\">Click to email this to a friend (Opens in new window)<\/span><\/a><\/li><li class=\"share-end\"><\/li><\/ul><\/div><\/div><\/div>","protected":false},"excerpt":{"rendered":"<p>Az &#8220;\u00c1ltal\u00e1nos Iskol\u00e1\u00e9rt&#8221; Alap\u00edtv\u00e1ny\u00a0tisztelettel megh\u00edvja \u00d6n\u00f6ket\u00a02020. szeptember 19-\u00e9n\u00a0(szombat) Hern\u00e1dn\u00e9metiben tartand\u00f3, LEADER t\u00e1mogat\u00e1ssal megval\u00f3sul\u00f3 N\u00e9gy \u00e9vszak a V\u00e9nhegyen programsorozata \u0150SZ tematikus napj\u00e1ra. A r\u00e9szletes program:<\/p>\n<div class=\"sharedaddy sd-sharing-enabled\"><div class=\"robots-nocontent sd-block sd-social sd-social-icon sd-sharing\"><h3 class=\"sd-title\">Share this:<\/h3><div class=\"sd-content\"><ul><li class=\"share-facebook\"><a rel=\"nofollow noopener noreferrer\" data-shared=\"sharing-facebook-2732\" class=\"share-facebook sd-button share-icon no-text\" href=\"https:\/\/bukkleader.hu\/old\/negy-evszak-a-venhegyen-osz-tematikus-nap-hernadnemetiben-leader-tamogatassal-2020-09-19\/?share=facebook\" target=\"_blank\" title=\"Click to share on Facebook\"><span><\/span><span class=\"sharing-screen-reader-text\">Click to share on Facebook (Opens in new window)<\/span><\/a><\/li><li class=\"share-twitter\"><a rel=\"nofollow noopener noreferrer\" data-shared=\"sharing-twitter-2732\" class=\"share-twitter sd-button share-icon no-text\" href=\"https:\/\/bukkleader.hu\/old\/negy-evszak-a-venhegyen-osz-tematikus-nap-hernadnemetiben-leader-tamogatassal-2020-09-19\/?share=twitter\" target=\"_blank\" title=\"Click to share on Twitter\"><span><\/span><span class=\"sharing-screen-reader-text\">Click to share on Twitter (Opens in new window)<\/span><\/a><\/li><li class=\"share-print\"><a rel=\"nofollow noopener noreferrer\" data-shared=\"\" class=\"share-print sd-button share-icon no-text\" href=\"https:\/\/bukkleader.hu\/old\/negy-evszak-a-venhegyen-osz-tematikus-nap-hernadnemetiben-leader-tamogatassal-2020-09-19\/\" target=\"_blank\" title=\"Click to print\"><span><\/span><span class=\"sharing-screen-reader-text\">Click to print (Opens in new window)<\/span><\/a><\/li><li class=\"share-email\"><a rel=\"nofollow noopener noreferrer\" data-shared=\"\" class=\"share-email sd-button share-icon no-text\" href=\"https:\/\/bukkleader.hu\/old\/negy-evszak-a-venhegyen-osz-tematikus-nap-hernadnemetiben-leader-tamogatassal-2020-09-19\/?share=email\" target=\"_blank\" title=\"Click to email this to a friend\"><span><\/span><span class=\"sharing-screen-reader-text\">Click to email this to a friend (Opens in new window)<\/span><\/a><\/li><li class=\"share-end\"><\/li><\/ul><\/div><\/div><\/div>","protected":false},"author":4,"featured_media":2733,"comment_status":"open","ping_status":"closed","sticky":false,"template":"","format":"standard","meta":{"_bbp_topic_count":0,"_bbp_reply_count":0,"_bbp_total_topic_count":0,"_bbp_total_reply_count":0,"_bbp_voice_count":0,"_bbp_anonymous_reply_count":0,"_bbp_topic_count_hidden":0,"_bbp_reply_count_hidden":0,"_bbp_forum_subforum_count":0,"spay_email":"","jetpack_publicize_message":"","jetpack_is_tweetstorm":false,"jetpack_publicize_feature_enabled":true},"categories":[1,31,29],"tags":[],"jetpack_featured_media_url":"https:\/\/bukkleader.hu\/old\/wp-content\/uploads\/2020\/08\/osz.jpg","jetpack_publicize_connections":[],"jetpack_sharing_enabled":true,"jetpack-related-posts":[{"id":2719,"url":"https:\/\/bukkleader.hu\/old\/negy-evszak-a-venhegyen-tavasz-tematikus-nap-hernadnemetiben-leader-tamogatassal\/","url_meta":{"origin":2732,"position":0},"title":"N\u00e9gy \u00e9vszak a V\u00e9nhegyen &#8211; TAVASZ tematikus nap Hern\u00e1dn\u00e9metiben LEADER t\u00e1mogat\u00e1ssal &#8211; 2020.09.01.","date":"2020-08-19","format":false,"excerpt":"Az \"\u00c1ltal\u00e1nos Iskol\u00e1\u00e9rt\" Alap\u00edtv\u00e1ny\u00a0tisztelettel megh\u00edvja \u00d6n\u00f6ket\u00a02020. szeptember 1-j\u00e9n\u00a0(kedd) Hern\u00e1dn\u00e9metiben tartand\u00f3, LEADER t\u00e1mogat\u00e1ssal megval\u00f3sul\u00f3 N\u00e9gy \u00e9vszak a V\u00e9nhegyen programsorozata TAVASZ tematikus napj\u00e1ra. A r\u00e9szletes program:","rel":"","context":"In &quot;H\u00edreink, k\u00f6zlem\u00e9nyeink&quot;","img":{"alt_text":"","src":"https:\/\/i1.wp.com\/bukkleader.hu\/old\/wp-content\/uploads\/2020\/08\/tavasz.jpg?resize=350%2C200&ssl=1","width":350,"height":200},"classes":[]},{"id":2729,"url":"https:\/\/bukkleader.hu\/old\/negy-evszak-a-venhegyen-nyar-tematikus-nap-hernadnemetiben-leader-tamogatassal-2020-09-01\/","url_meta":{"origin":2732,"position":1},"title":"N\u00e9gy \u00e9vszak a V\u00e9nhegyen &#8211; NY\u00c1R tematikus nap Hern\u00e1dn\u00e9metiben LEADER t\u00e1mogat\u00e1ssal &#8211; 2020.09.01.","date":"2020-08-19","format":false,"excerpt":"Az \"\u00c1ltal\u00e1nos Iskol\u00e1\u00e9rt\" Alap\u00edtv\u00e1ny\u00a0tisztelettel megh\u00edvja \u00d6n\u00f6ket\u00a02020. szeptember 1-j\u00e9n\u00a0(kedd) Hern\u00e1dn\u00e9metiben tartand\u00f3, LEADER t\u00e1mogat\u00e1ssal megval\u00f3sul\u00f3 N\u00e9gy \u00e9vszak a V\u00e9nhegyen programsorozata NY\u00c1R tematikus napj\u00e1ra. A r\u00e9szletes program:","rel":"","context":"In &quot;H\u00edreink, k\u00f6zlem\u00e9nyeink&quot;","img":{"alt_text":"","src":"https:\/\/i2.wp.com\/bukkleader.hu\/old\/wp-content\/uploads\/2020\/08\/nyar.jpg?resize=350%2C200&ssl=1","width":350,"height":200},"classes":[]},{"id":2378,"url":"https:\/\/bukkleader.hu\/old\/negy-evszak-a-venhegyen-programsorozat-tel-tematikus-nap-hernadnemetiben\/","url_meta":{"origin":2732,"position":2},"title":"&#8220;N\u00e9gy \u00e9vszak a V\u00e9nhegyen&#8221; programsorozat &#8220;T\u00c9L&#8221; tematikus nap Hern\u00e1dn\u00e9metiben","date":"2020-01-08","format":false,"excerpt":"Az \"\u00c1ltal\u00e1nos Iskol\u00e1\u00e9rt\" Alap\u00edtv\u00e1ny\u00a0(Hern\u00e1dn\u00e9meti) tisztelettel megh\u00edvja \u00d6n\u00f6ket\u00a02020. febru\u00e1r 7-\u00e9n (p\u00e9ntek)\u00a0tartand\u00f3, LEADER t\u00e1mogat\u00e1ssal megval\u00f3sul\u00f3 \"a\u00a0N\u00e9gy \u00e9vszak a V\u00e9nhegyen\" programsorozat \"T\u00c9L\" tematikus napj\u00e1ra, melynek r\u00e9szletes programja al\u00e1bb olvashat\u00f3. \u00a0","rel":"","context":"In &quot;H\u00edreink, k\u00f6zlem\u00e9nyeink&quot;","img":{"alt_text":"","src":"https:\/\/i2.wp.com\/bukkleader.hu\/old\/wp-content\/uploads\/2020\/01\/Negyevszakpic.jpg?resize=350%2C200&ssl=1","width":350,"height":200},"classes":[]},{"id":8428,"url":"https:\/\/bukkleader.hu\/old\/leader-tudomka-pont-kialakitasa-rendezveny-2021-09-03-hernadnemeti\/","url_meta":{"origin":2732,"position":3},"title":"LEADER Tudomka Pont kialak\u00edt\u00e1sa rendezv\u00e9ny 2021. 09. 03. Hern\u00e1dn\u00e9meti","date":"2021-09-02","format":false,"excerpt":"A Hagyom\u00e1nyteremt\u0151 M\u0171v\u00e9szeti \u00e9s Oktat\u00e1si Nonprofit Kft. tisztelettel megh\u00edvja \u00d6n\u00f6ket a LEADER Tudomka Pont kialak\u00edt\u00e1sa megnevez\u00e9s\u0171 rendezv\u00e9ny\u00e9re. A megh\u00edv\u00f3 \u00e9s a program let\u00f6lthet\u0151 pdf-ben itt.\u00a0","rel":"","context":"In &quot;H\u00edreink, k\u00f6zlem\u00e9nyeink&quot;","img":{"alt_text":"","src":"https:\/\/i1.wp.com\/bukkleader.hu\/old\/wp-content\/uploads\/2021\/09\/gy\u00f3gyn\u00f6v\u00e9ny-2.jpg?resize=350%2C200&ssl=1","width":350,"height":200},"classes":[]},{"id":5989,"url":"https:\/\/bukkleader.hu\/old\/bukk-leader-tudomka-egeszsegtudatos-prevencios-tematikus-kozpont-rendezveny-bukkabranyban-leader-tamogatassal-2021-07-24\/","url_meta":{"origin":2732,"position":4},"title":"\u201cB\u00fckk LEADER Tudomka-Eg\u00e9szs\u00e9gtudatos Prevenci\u00f3s-Tematikus K\u00f6zpont\u201d rendezv\u00e9ny B\u00fckk\u00e1br\u00e1nyban LEADER t\u00e1mogat\u00e1ssal \u2013 2021.07.24.","date":"2021-06-24","format":false,"excerpt":"A BRAIN-SURGE Eg\u00e9szs\u00e9g\u00fcgyi Szolg\u00e1ltat\u00f3 Kft. tisztelettel megh\u00edvja \u00d6n\u00f6ket\u00a02021. j\u00falius 24-\u00e9n\u00a0(szombat) B\u00fckk\u00e1br\u00e1nyban tartand\u00f3, LEADER t\u00e1mogat\u00e1ssal megval\u00f3sul\u00f3\u00a0\u201cB\u00fckk LEADER Tudomka-Eg\u00e9szs\u00e9gtudatos Prevenci\u00f3s-Tematikus K\u00f6zpont\u201d\u00a0c\u00edm\u0171 rendezv\u00e9ny\u00e9re. A r\u00e9szletes program (a megh\u00edv\u00f3 \u00e9s a program PDF-ben let\u00f6lthet\u0151 itt):","rel":"","context":"In &quot;H\u00edreink, k\u00f6zlem\u00e9nyeink&quot;","img":{"alt_text":"","src":"https:\/\/i0.wp.com\/bukkleader.hu\/old\/wp-content\/uploads\/2021\/06\/verny.jpg?resize=350%2C200&ssl=1","width":350,"height":200},"classes":[]},{"id":5982,"url":"https:\/\/bukkleader.hu\/old\/res-hasznositas-a-videki-lakokornyezetben-tematikus-tudaskozpont-kialakitasa-malyi-kozsegben-rendezveny-bukkabranyban-leader-tamogatassal-2021-07-24\/","url_meta":{"origin":2732,"position":5},"title":"&#8220;RES hasznos\u00edt\u00e1s a vid\u00e9ki lak\u00f3k\u00f6rnyezetben, tematikus tud\u00e1sk\u00f6zpont kialak\u00edt\u00e1sa\u201d rendezv\u00e9ny B\u00fckk\u00e1br\u00e1nyban LEADER t\u00e1mogat\u00e1ssal \u2013 2021.07.24.","date":"2021-06-24","format":false,"excerpt":"\u00a0 A BEITI-B\u00fckkaljai Kft. tisztelettel megh\u00edvja \u00d6n\u00f6ket\u00a02021. j\u00falius 24-\u00e9n\u00a0(szombat) B\u00fckk\u00e1br\u00e1nyban tartand\u00f3, LEADER t\u00e1mogat\u00e1ssal megval\u00f3sul\u00f3\u00a0\u201cRES hasznos\u00edt\u00e1s a vid\u00e9ki lak\u00f3k\u00f6rnyezetben, tematikus tud\u00e1sk\u00f6zpont kialak\u00edt\u00e1sa\u201d\u00a0c\u00edm\u0171 rendezv\u00e9ny\u00e9re. A r\u00e9szletes program (a megh\u00edv\u00f3 \u00e9s a program PDF-ben let\u00f6lthet\u0151 itt):","rel":"","context":"In &quot;H\u00edreink, k\u00f6zlem\u00e9nyeink&quot;","img":{"alt_text":"","src":"https:\/\/i1.wp.com\/bukkleader.hu\/old\/wp-content\/uploads\/2015\/11\/operat\u00edv-programok-2..jpg?resize=350%2C200&ssl=1","width":350,"height":200},"classes":[]}],"_links":{"self":[{"href":"https:\/\/bukkleader.hu\/old\/wp-json\/wp\/v2\/posts\/2732"}],"collection":[{"href":"https:\/\/bukkleader.hu\/old\/wp-json\/wp\/v2\/posts"}],"about":[{"href":"https:\/\/bukkleader.hu\/old\/wp-json\/wp\/v2\/types\/post"}],"author":[{"embeddable":true,"href":"https:\/\/bukkleader.hu\/old\/wp-json\/wp\/v2\/users\/4"}],"replies":[{"embeddable":true,"href":"https:\/\/bukkleader.hu\/old\/wp-json\/wp\/v2\/comments?post=2732"}],"version-history":[{"count":1,"href":"https:\/\/bukkleader.hu\/old\/wp-json\/wp\/v2\/posts\/2732\/revisions"}],"predecessor-version":[{"id":2734,"href":"https:\/\/bukkleader.hu\/old\/wp-json\/wp\/v2\/posts\/2732\/revisions\/2734"}],"wp:featuredmedia":[{"embeddable":true,"href":"https:\/\/bukkleader.hu\/old\/wp-json\/wp\/v2\/media\/2733"}],"wp:attachment":[{"href":"https:\/\/bukkleader.hu\/old\/wp-json\/wp\/v2\/media?parent=2732"}],"wp:term":[{"taxonomy":"category","embeddable":true,"href":"https:\/\/bukkleader.hu\/old\/wp-json\/wp\/v2\/categories?post=2732"},{"taxonomy":"post_tag","embeddable":true,"href":"https:\/\/bukkleader.hu\/old\/wp-json\/wp\/v2\/tags?post=2732"}],"curies":[{"name":"wp","href":"https:\/\/api.w.org\/{rel}","templated":true}]}}